{"id":10069,"date":"2022-12-27T12:03:19","date_gmt":"2022-12-27T12:03:19","guid":{"rendered":"https:\/\/confesionario.co\/w\/le-amputaron-la-mano-por-la-gravedad-de-las-heridas-producidas-con-polvora\/"},"modified":"2022-12-27T12:03:19","modified_gmt":"2022-12-27T12:03:19","slug":"le-amputaron-la-mano-por-la-gravedad-de-las-heridas-producidas-con-polvora","status":"publish","type":"post","link":"https:\/\/confesionario.co\/w\/le-amputaron-la-mano-por-la-gravedad-de-las-heridas-producidas-con-polvora\/","title":{"rendered":"Le amputaron la mano por la gravedad de las heridas producidas con p\u00f3lvora"},"content":{"rendered":"<p class=\\\"MsoNormal\\\" style=\\\"text-align: justify;\\\"><span style=\\\"font-size: 12.0pt; line-height: 107%; font-family: \\'Arial\\',sans-serif;\\\">El Tolima acumula hoy un total de 27 lesionados por p\u00f3lvora en la temporada de fin de a\u00f1o.<\/span><\/p>\n<p><!--more--><\/p>\n<p class=\\\"MsoNormal\\\" style=\\\"text-align: justify;\\\"><span style=\\\"font-size: 12.0pt; line-height: 107%; font-family: \\'Arial\\',sans-serif;\\\">Desde el Hospital Federico Lleras la secretaria de Salud de los tolimenses, Martha Palacios Uribe, entreg\u00f3 el balance final sobre el n\u00famero de personas afectadas por p\u00f3lvora despu\u00e9s de Navidad y, al mismo tiempo, se hizo un reporte sobre el menor de edad de Ataco quien result\u00f3 gravemente afectado por quemadura con p\u00f3lvora.<\/span><\/p>\n<p class=\\\"MsoNormal\\\" style=\\\"text-align: justify;\\\"><span style=\\\"font-size: 12.0pt; line-height: 107%; font-family: \\'Arial\\',sans-serif;\\\">La funcionaria lament\u00f3 el aumento de casos por p\u00f3lvora en la noche de Navidad, a pesar de las acciones de prevenci\u00f3n adelantadas por el gobierno departamental con la campa\u00f1a \\\u00bbFiestas de Fin de A\u00f1o Seguras y Saludables\\\u00bb. Mostr\u00f3 su preocupaci\u00f3n por el aumento de menores de edad afectados, especialmente el caso procedente de Ataco, donde un ni\u00f1o de 6 a\u00f1os se vio involucrado por la manipulaci\u00f3n de un volador. Este menor de edad fue remitido al Hospital Federico Lleras Acosta.<span style=\\\"mso-spacerun: yes;\\\">\u00a0 <\/span><\/span><\/p>\n<p class=\\\"MsoNormal\\\" style=\\\"text-align: justify;\\\"><span style=\\\"font-size: 12.0pt; line-height: 107%; font-family: \\'Arial\\',sans-serif;\\\">De acuerdo con el subgerente cient\u00edfico del Hospital Federico Lleras, Hern\u00e1n Moreno, \u201cel menor de 6 a\u00f1os de edad procedente de Ataco presenta lesiones por p\u00f3lvora con amputaci\u00f3n de la mano derecha y lesiones en mano izquierda y otras superficiales en el cuerpo como abdomen y cara con quemaduras del 3 %. En la tarde de este lunes fue intervenido quir\u00fargicamente en conjunto con las especialidades de cirug\u00eda pl\u00e1stica y de mano. Su condici\u00f3n es estable, sin embargo, las consecuencias de este incidente son graves\u201d, precis\u00f3. <\/span><\/p>\n<p class=\\\"MsoNormal\\\" style=\\\"text-align: justify;\\\"><span style=\\\"font-size: 12.0pt; line-height: 107%; font-family: \\'Arial\\',sans-serif;\\\">La secretaria confirm\u00f3 que el n\u00famero de personas afectadas por p\u00f3lvora la noche de Navidad pas\u00f3 de 12 a 14 personas, cifra que preocupa a todas las autoridades a pesar que, en comparaci\u00f3n con la temporada anterior, el n\u00famero fue menor.<\/span><\/p>\n<p class=\\\"MsoNormal\\\" style=\\\"text-align: justify;\\\"><span style=\\\"font-size: 12.0pt; line-height: 107%; font-family: \\'Arial\\',sans-serif;\\\">En total son 27<span style=\\\"mso-spacerun: yes;\\\">\u00a0 <\/span>lesionados por p\u00f3lvora en la temporada de fin de a\u00f1o 2022-2023. \u201cInvitamos a todos los tolimenses para que el pr\u00f3ximo fin de semana estas cifras no aumenten en el Tolima. Recordamos a todos los padres de familia, a todos los acudientes y responsables de los menores que cualquier ni\u00f1o que se vea involucrado por quemadura asociada a la manipulaci\u00f3n por artefacto explosivo quedar\u00e1 bajo el cuidado y la protecci\u00f3n del ICBF\u201d, expres\u00f3 la funcionaria.<\/span><\/p>\n","protected":false},"excerpt":{"rendered":"<p>El Tolima acumula hoy un total de 27 lesionados por p\u00f3lvora en la temporada de fin de a\u00f1o.<\/p>\n","protected":false},"author":1,"featured_media":0,"comment_status":"open","ping_status":"open","sticky":false,"template":"","format":"standard","meta":{"site-sidebar-layout":"default","site-content-layout":"","ast-site-content-layout":"default","site-content-style":"default","site-sidebar-style":"default","ast-global-header-display":"","ast-banner-title-visibility":"","ast-main-header-display":"","ast-hfb-above-header-display":"","ast-hfb-below-header-display":"","ast-hfb-mobile-header-display":"","site-post-title":"","ast-breadcrumbs-content":"","ast-featured-img":"","footer-sml-layout":"","ast-disable-related-posts":"","theme-transparent-header-meta":"","adv-header-id-meta":"","stick-header-meta":"","header-above-stick-meta":"","header-main-stick-meta":"","header-below-stick-meta":"","astra-migrate-meta-layouts":"default","ast-page-background-enabled":"default","ast-page-background-meta":{"desktop":{"background-color":"var(--ast-global-color-4)","background-image":"","background-repeat":"repeat","background-position":"center center","background-size":"auto","background-attachment":"scroll","background-type":"","background-media":"","overlay-type":"","overlay-color":"","overlay-opacity":"","overlay-gradient":""},"tablet":{"background-color":"","background-image":"","background-repeat":"repeat","background-position":"center center","background-size":"auto","background-attachment":"scroll","background-type":"","background-media":"","overlay-type":"","overlay-color":"","overlay-opacity":"","overlay-gradient":""},"mobile":{"background-color":"","background-image":"","background-repeat":"repeat","background-position":"center center","background-size":"auto","background-attachment":"scroll","background-type":"","background-media":"","overlay-type":"","overlay-color":"","overlay-opacity":"","overlay-gradient":""}},"ast-content-background-meta":{"desktop":{"background-color":"var(--ast-global-color-5)","background-image":"","background-repeat":"repeat","background-position":"center center","background-size":"auto","background-attachment":"scroll","background-type":"","background-media":"","overlay-type":"","overlay-color":"","overlay-opacity":"","overlay-gradient":""},"tablet":{"background-color":"var(--ast-global-color-5)","background-image":"","background-repeat":"repeat","background-position":"center center","background-size":"auto","background-attachment":"scroll","background-type":"","background-media":"","overlay-type":"","overlay-color":"","overlay-opacity":"","overlay-gradient":""},"mobile":{"background-color":"var(--ast-global-color-5)","background-image":"","background-repeat":"repeat","background-position":"center center","background-size":"auto","background-attachment":"scroll","background-type":"","background-media":"","overlay-type":"","overlay-color":"","overlay-opacity":"","overlay-gradient":""}},"footnotes":""},"categories":[20],"tags":[],"class_list":["post-10069","post","type-post","status-publish","format-standard","hentry","category-los-pecados"],"yoast_head":"<!-- This site is optimized with the Yoast SEO plugin v27.4 - https:\/\/yoast.com\/product\/yoast-seo-wordpress\/ -->\n<title>Le amputaron la mano por la gravedad de las heridas producidas con p\u00f3lvora - El Confesionario<\/title>\n<meta name=\"robots\" content=\"index, follow, max-snippet:-1, max-image-preview:large, max-video-preview:-1\" \/>\n<link rel=\"canonical\" href=\"https:\/\/confesionario.co\/w\/le-amputaron-la-mano-por-la-gravedad-de-las-heridas-producidas-con-polvora\/\" \/>\n<meta property=\"og:locale\" content=\"es_ES\" \/>\n<meta property=\"og:type\" content=\"article\" \/>\n<meta property=\"og:title\" content=\"Le amputaron la mano por la gravedad de las heridas producidas con p\u00f3lvora - El Confesionario\" \/>\n<meta property=\"og:description\" content=\"El Tolima acumula hoy un total de 27 lesionados por p\u00f3lvora en la temporada de fin de a\u00f1o.\" \/>\n<meta property=\"og:url\" content=\"https:\/\/confesionario.co\/w\/le-amputaron-la-mano-por-la-gravedad-de-las-heridas-producidas-con-polvora\/\" \/>\n<meta property=\"og:site_name\" content=\"El Confesionario\" \/>\n<meta property=\"article:published_time\" content=\"2022-12-27T12:03:19+00:00\" \/>\n<meta name=\"author\" content=\"admin\" \/>\n<meta name=\"twitter:card\" content=\"summary_large_image\" \/>\n<meta name=\"twitter:label1\" content=\"Escrito por\" \/>\n\t<meta name=\"twitter:data1\" content=\"admin\" \/>\n\t<meta name=\"twitter:label2\" content=\"Tiempo de lectura\" \/>\n\t<meta name=\"twitter:data2\" content=\"2 minutos\" \/>\n<script type=\"application\/ld+json\" class=\"yoast-schema-graph\">{\"@context\":\"https:\\\/\\\/schema.org\",\"@graph\":[{\"@type\":\"Article\",\"@id\":\"https:\\\/\\\/confesionario.co\\\/w\\\/le-amputaron-la-mano-por-la-gravedad-de-las-heridas-producidas-con-polvora\\\/#article\",\"isPartOf\":{\"@id\":\"https:\\\/\\\/confesionario.co\\\/w\\\/le-amputaron-la-mano-por-la-gravedad-de-las-heridas-producidas-con-polvora\\\/\"},\"author\":{\"name\":\"admin\",\"@id\":\"https:\\\/\\\/confesionario.co\\\/w\\\/#\\\/schema\\\/person\\\/85e99333497749318afab96ea0cc2342\"},\"headline\":\"Le amputaron la mano por la gravedad de las heridas producidas con p\u00f3lvora\",\"datePublished\":\"2022-12-27T12:03:19+00:00\",\"mainEntityOfPage\":{\"@id\":\"https:\\\/\\\/confesionario.co\\\/w\\\/le-amputaron-la-mano-por-la-gravedad-de-las-heridas-producidas-con-polvora\\\/\"},\"wordCount\":395,\"commentCount\":0,\"publisher\":{\"@id\":\"https:\\\/\\\/confesionario.co\\\/w\\\/#organization\"},\"articleSection\":[\"Los pecados\"],\"inLanguage\":\"es\",\"potentialAction\":[{\"@type\":\"CommentAction\",\"name\":\"Comment\",\"target\":[\"https:\\\/\\\/confesionario.co\\\/w\\\/le-amputaron-la-mano-por-la-gravedad-de-las-heridas-producidas-con-polvora\\\/#respond\"]}]},{\"@type\":\"WebPage\",\"@id\":\"https:\\\/\\\/confesionario.co\\\/w\\\/le-amputaron-la-mano-por-la-gravedad-de-las-heridas-producidas-con-polvora\\\/\",\"url\":\"https:\\\/\\\/confesionario.co\\\/w\\\/le-amputaron-la-mano-por-la-gravedad-de-las-heridas-producidas-con-polvora\\\/\",\"name\":\"Le amputaron la mano por la gravedad de las heridas producidas con p\u00f3lvora - El Confesionario\",\"isPartOf\":{\"@id\":\"https:\\\/\\\/confesionario.co\\\/w\\\/#website\"},\"datePublished\":\"2022-12-27T12:03:19+00:00\",\"breadcrumb\":{\"@id\":\"https:\\\/\\\/confesionario.co\\\/w\\\/le-amputaron-la-mano-por-la-gravedad-de-las-heridas-producidas-con-polvora\\\/#breadcrumb\"},\"inLanguage\":\"es\",\"potentialAction\":[{\"@type\":\"ReadAction\",\"target\":[\"https:\\\/\\\/confesionario.co\\\/w\\\/le-amputaron-la-mano-por-la-gravedad-de-las-heridas-producidas-con-polvora\\\/\"]}]},{\"@type\":\"BreadcrumbList\",\"@id\":\"https:\\\/\\\/confesionario.co\\\/w\\\/le-amputaron-la-mano-por-la-gravedad-de-las-heridas-producidas-con-polvora\\\/#breadcrumb\",\"itemListElement\":[{\"@type\":\"ListItem\",\"position\":1,\"name\":\"Portada\",\"item\":\"https:\\\/\\\/confesionario.co\\\/w\\\/\"},{\"@type\":\"ListItem\",\"position\":2,\"name\":\"Le amputaron la mano por la gravedad de las heridas producidas con p\u00f3lvora\"}]},{\"@type\":\"WebSite\",\"@id\":\"https:\\\/\\\/confesionario.co\\\/w\\\/#website\",\"url\":\"https:\\\/\\\/confesionario.co\\\/w\\\/\",\"name\":\"El Confesionario\",\"description\":\"\",\"publisher\":{\"@id\":\"https:\\\/\\\/confesionario.co\\\/w\\\/#organization\"},\"potentialAction\":[{\"@type\":\"SearchAction\",\"target\":{\"@type\":\"EntryPoint\",\"urlTemplate\":\"https:\\\/\\\/confesionario.co\\\/w\\\/?s={search_term_string}\"},\"query-input\":{\"@type\":\"PropertyValueSpecification\",\"valueRequired\":true,\"valueName\":\"search_term_string\"}}],\"inLanguage\":\"es\"},{\"@type\":\"Organization\",\"@id\":\"https:\\\/\\\/confesionario.co\\\/w\\\/#organization\",\"name\":\"El Confesionario\",\"url\":\"https:\\\/\\\/confesionario.co\\\/w\\\/\",\"logo\":{\"@type\":\"ImageObject\",\"inLanguage\":\"es\",\"@id\":\"https:\\\/\\\/confesionario.co\\\/w\\\/#\\\/schema\\\/logo\\\/image\\\/\",\"url\":\"https:\\\/\\\/confesionario.co\\\/w\\\/wp-content\\\/uploads\\\/2026\\\/02\\\/confesionario-horizontal.png\",\"contentUrl\":\"https:\\\/\\\/confesionario.co\\\/w\\\/wp-content\\\/uploads\\\/2026\\\/02\\\/confesionario-horizontal.png\",\"width\":581,\"height\":148,\"caption\":\"El Confesionario\"},\"image\":{\"@id\":\"https:\\\/\\\/confesionario.co\\\/w\\\/#\\\/schema\\\/logo\\\/image\\\/\"}},{\"@type\":\"Person\",\"@id\":\"https:\\\/\\\/confesionario.co\\\/w\\\/#\\\/schema\\\/person\\\/85e99333497749318afab96ea0cc2342\",\"name\":\"admin\",\"image\":{\"@type\":\"ImageObject\",\"inLanguage\":\"es\",\"@id\":\"https:\\\/\\\/secure.gravatar.com\\\/avatar\\\/f3358fe09cfbbfc24265a18ea411b8ee8e54296a50fb17d8acf3cffca66240d2?s=96&d=mm&r=g\",\"url\":\"https:\\\/\\\/secure.gravatar.com\\\/avatar\\\/f3358fe09cfbbfc24265a18ea411b8ee8e54296a50fb17d8acf3cffca66240d2?s=96&d=mm&r=g\",\"contentUrl\":\"https:\\\/\\\/secure.gravatar.com\\\/avatar\\\/f3358fe09cfbbfc24265a18ea411b8ee8e54296a50fb17d8acf3cffca66240d2?s=96&d=mm&r=g\",\"caption\":\"admin\"},\"sameAs\":[\"https:\\\/\\\/elconfesionario.co\\\/w\"],\"url\":\"https:\\\/\\\/confesionario.co\\\/w\\\/author\\\/osabuena\\\/\"}]}<\/script>\n<!-- \/ Yoast SEO plugin. -->","yoast_head_json":{"title":"Le amputaron la mano por la gravedad de las heridas producidas con p\u00f3lvora - El Confesionario","robots":{"index":"index","follow":"follow","max-snippet":"max-snippet:-1","max-image-preview":"max-image-preview:large","max-video-preview":"max-video-preview:-1"},"canonical":"https:\/\/confesionario.co\/w\/le-amputaron-la-mano-por-la-gravedad-de-las-heridas-producidas-con-polvora\/","og_locale":"es_ES","og_type":"article","og_title":"Le amputaron la mano por la gravedad de las heridas producidas con p\u00f3lvora - El Confesionario","og_description":"El Tolima acumula hoy un total de 27 lesionados por p\u00f3lvora en la temporada de fin de a\u00f1o.","og_url":"https:\/\/confesionario.co\/w\/le-amputaron-la-mano-por-la-gravedad-de-las-heridas-producidas-con-polvora\/","og_site_name":"El Confesionario","article_published_time":"2022-12-27T12:03:19+00:00","author":"admin","twitter_card":"summary_large_image","twitter_misc":{"Escrito por":"admin","Tiempo de lectura":"2 minutos"},"schema":{"@context":"https:\/\/schema.org","@graph":[{"@type":"Article","@id":"https:\/\/confesionario.co\/w\/le-amputaron-la-mano-por-la-gravedad-de-las-heridas-producidas-con-polvora\/#article","isPartOf":{"@id":"https:\/\/confesionario.co\/w\/le-amputaron-la-mano-por-la-gravedad-de-las-heridas-producidas-con-polvora\/"},"author":{"name":"admin","@id":"https:\/\/confesionario.co\/w\/#\/schema\/person\/85e99333497749318afab96ea0cc2342"},"headline":"Le amputaron la mano por la gravedad de las heridas producidas con p\u00f3lvora","datePublished":"2022-12-27T12:03:19+00:00","mainEntityOfPage":{"@id":"https:\/\/confesionario.co\/w\/le-amputaron-la-mano-por-la-gravedad-de-las-heridas-producidas-con-polvora\/"},"wordCount":395,"commentCount":0,"publisher":{"@id":"https:\/\/confesionario.co\/w\/#organization"},"articleSection":["Los pecados"],"inLanguage":"es","potentialAction":[{"@type":"CommentAction","name":"Comment","target":["https:\/\/confesionario.co\/w\/le-amputaron-la-mano-por-la-gravedad-de-las-heridas-producidas-con-polvora\/#respond"]}]},{"@type":"WebPage","@id":"https:\/\/confesionario.co\/w\/le-amputaron-la-mano-por-la-gravedad-de-las-heridas-producidas-con-polvora\/","url":"https:\/\/confesionario.co\/w\/le-amputaron-la-mano-por-la-gravedad-de-las-heridas-producidas-con-polvora\/","name":"Le amputaron la mano por la gravedad de las heridas producidas con p\u00f3lvora - El Confesionario","isPartOf":{"@id":"https:\/\/confesionario.co\/w\/#website"},"datePublished":"2022-12-27T12:03:19+00:00","breadcrumb":{"@id":"https:\/\/confesionario.co\/w\/le-amputaron-la-mano-por-la-gravedad-de-las-heridas-producidas-con-polvora\/#breadcrumb"},"inLanguage":"es","potentialAction":[{"@type":"ReadAction","target":["https:\/\/confesionario.co\/w\/le-amputaron-la-mano-por-la-gravedad-de-las-heridas-producidas-con-polvora\/"]}]},{"@type":"BreadcrumbList","@id":"https:\/\/confesionario.co\/w\/le-amputaron-la-mano-por-la-gravedad-de-las-heridas-producidas-con-polvora\/#breadcrumb","itemListElement":[{"@type":"ListItem","position":1,"name":"Portada","item":"https:\/\/confesionario.co\/w\/"},{"@type":"ListItem","position":2,"name":"Le amputaron la mano por la gravedad de las heridas producidas con p\u00f3lvora"}]},{"@type":"WebSite","@id":"https:\/\/confesionario.co\/w\/#website","url":"https:\/\/confesionario.co\/w\/","name":"El Confesionario","description":"","publisher":{"@id":"https:\/\/confesionario.co\/w\/#organization"},"potentialAction":[{"@type":"SearchAction","target":{"@type":"EntryPoint","urlTemplate":"https:\/\/confesionario.co\/w\/?s={search_term_string}"},"query-input":{"@type":"PropertyValueSpecification","valueRequired":true,"valueName":"search_term_string"}}],"inLanguage":"es"},{"@type":"Organization","@id":"https:\/\/confesionario.co\/w\/#organization","name":"El Confesionario","url":"https:\/\/confesionario.co\/w\/","logo":{"@type":"ImageObject","inLanguage":"es","@id":"https:\/\/confesionario.co\/w\/#\/schema\/logo\/image\/","url":"https:\/\/confesionario.co\/w\/wp-content\/uploads\/2026\/02\/confesionario-horizontal.png","contentUrl":"https:\/\/confesionario.co\/w\/wp-content\/uploads\/2026\/02\/confesionario-horizontal.png","width":581,"height":148,"caption":"El Confesionario"},"image":{"@id":"https:\/\/confesionario.co\/w\/#\/schema\/logo\/image\/"}},{"@type":"Person","@id":"https:\/\/confesionario.co\/w\/#\/schema\/person\/85e99333497749318afab96ea0cc2342","name":"admin","image":{"@type":"ImageObject","inLanguage":"es","@id":"https:\/\/secure.gravatar.com\/avatar\/f3358fe09cfbbfc24265a18ea411b8ee8e54296a50fb17d8acf3cffca66240d2?s=96&d=mm&r=g","url":"https:\/\/secure.gravatar.com\/avatar\/f3358fe09cfbbfc24265a18ea411b8ee8e54296a50fb17d8acf3cffca66240d2?s=96&d=mm&r=g","contentUrl":"https:\/\/secure.gravatar.com\/avatar\/f3358fe09cfbbfc24265a18ea411b8ee8e54296a50fb17d8acf3cffca66240d2?s=96&d=mm&r=g","caption":"admin"},"sameAs":["https:\/\/elconfesionario.co\/w"],"url":"https:\/\/confesionario.co\/w\/author\/osabuena\/"}]}},"jetpack_featured_media_url":"","_links":{"self":[{"href":"https:\/\/confesionario.co\/w\/wp-json\/wp\/v2\/posts\/10069","targetHints":{"allow":["GET"]}}],"collection":[{"href":"https:\/\/confesionario.co\/w\/wp-json\/wp\/v2\/posts"}],"about":[{"href":"https:\/\/confesionario.co\/w\/wp-json\/wp\/v2\/types\/post"}],"author":[{"embeddable":true,"href":"https:\/\/confesionario.co\/w\/wp-json\/wp\/v2\/users\/1"}],"replies":[{"embeddable":true,"href":"https:\/\/confesionario.co\/w\/wp-json\/wp\/v2\/comments?post=10069"}],"version-history":[{"count":0,"href":"https:\/\/confesionario.co\/w\/wp-json\/wp\/v2\/posts\/10069\/revisions"}],"wp:attachment":[{"href":"https:\/\/confesionario.co\/w\/wp-json\/wp\/v2\/media?parent=10069"}],"wp:term":[{"taxonomy":"category","embeddable":true,"href":"https:\/\/confesionario.co\/w\/wp-json\/wp\/v2\/categories?post=10069"},{"taxonomy":"post_tag","embeddable":true,"href":"https:\/\/confesionario.co\/w\/wp-json\/wp\/v2\/tags?post=10069"}],"curies":[{"name":"wp","href":"https:\/\/api.w.org\/{rel}","templated":true}]}}