{"id":10070,"date":"2022-12-28T12:54:58","date_gmt":"2022-12-28T12:54:58","guid":{"rendered":"https:\/\/confesionario.co\/w\/proyecto-de-sostenibilidad-de-panoptico-fue-aprobado-por-el-concejo-de-ibague\/"},"modified":"2022-12-28T12:54:58","modified_gmt":"2022-12-28T12:54:58","slug":"proyecto-de-sostenibilidad-de-panoptico-fue-aprobado-por-el-concejo-de-ibague","status":"publish","type":"post","link":"https:\/\/confesionario.co\/w\/proyecto-de-sostenibilidad-de-panoptico-fue-aprobado-por-el-concejo-de-ibague\/","title":{"rendered":"Proyecto de sostenibilidad de Pan\u00f3ptico fue aprobado por el Concejo de Ibagu\u00e9"},"content":{"rendered":"<p class=\\\"MsoNormal\\\" style=\\\"text-align: justify;\\\"><span style=\\\"font-size: 12.0pt; line-height: 107%; font-family: \\'Arial\\',sans-serif;\\\">Con la votaci\u00f3n favorable de 18 cabildantes, la Alcald\u00eda de Ibagu\u00e9 dio a conocer esta importante noticia que permitir\u00e1 el mantenimiento y correcta operaci\u00f3n de este complejo cultural.<\/span><\/p>\n<p><!--more--><\/p>\n<p class=\\\"MsoNormal\\\" style=\\\"text-align: justify;\\\"><span style=\\\"font-size: 12.0pt; line-height: 107%; font-family: \\'Arial\\',sans-serif;\\\">La Administraci\u00f3n Central dio a conocer que el proyecto de sostenibilidad del Pan\u00f3ptico de Ibagu\u00e9 fue aprobado por el honrable Concejo Municipal, tras la votaci\u00f3n positiva de 18 cabildante.<\/span><\/p>\n<p class=\\\"MsoNormal\\\" style=\\\"text-align: justify;\\\"><span style=\\\"font-size: 12.0pt; line-height: 107%; font-family: \\'Arial\\',sans-serif;\\\">Con este importante logro, el Complejo Cultural queda amparado presupuestalmente para su mantenimiento y correcto funcionamiento con cerca de $1.800 millones. <\/span><\/p>\n<p class=\\\"MsoNormal\\\" style=\\\"text-align: justify;\\\"><span style=\\\"font-size: 12.0pt; line-height: 107%; font-family: \\'Arial\\',sans-serif;\\\">Este acuerdo entrar\u00e1 a regir a partir del primero de enero de 2023 y permite que desde ya se planteen proyectos art\u00edsticos y culturales hagan de este un espacio de alto nivel como el de grandes ciudades, con el objetivo abrir espacios en dicho campo. <\/span><\/p>\n<p class=\\\"MsoNormal\\\" style=\\\"text-align: justify;\\\"><span style=\\\"font-size: 12.0pt; line-height: 107%; font-family: \\'Arial\\',sans-serif;\\\">Con la entrega del capital, tambi\u00e9n se piensa en una autogesti\u00f3n por parte de los colaboradores del Pan\u00f3ptico, para as\u00ed avanzar en la organizaci\u00f3n de eventos, tales como exposiciones temporales y la creaci\u00f3n de una agenda cultural propia. <\/span><\/p>\n<p class=\\\"MsoNormal\\\" style=\\\"text-align: justify;\\\"><span style=\\\"font-size: 12.0pt; line-height: 107%; font-family: \\'Arial\\',sans-serif;\\\">\u201cGracias a la gesti\u00f3n de nuestro alcalde Andr\u00e9s Hurtado, quien hace pocos meses abri\u00f3 las puertas de este importante lugar, hoy le estamos cumpliendo un nuevo sue\u00f1o a los artistas de la ciudad con este proyecto de sostenibilidad que permitir\u00e1 el correcto mantenimiento y funcionamiento, teniendo en cuenta que a la fecha m\u00e1s de 15 mil personas lo han visitado\u201d, afirm\u00f3 Felipe La Rota Garc\u00eda, gerente de Infibagu\u00e9. <\/span><\/p>\n<p class=\\\"MsoNormal\\\" style=\\\"text-align: justify;\\\"><span style=\\\"font-size: 12.0pt; line-height: 107%; font-family: \\'Arial\\',sans-serif;\\\">Es de resaltar que la consecuci\u00f3n de los recursos se dar\u00e1 a trav\u00e9s de la estampilla ProCultura y de libre inversi\u00f3n del municipio, logrando de esta manera, proyectar esta joya arquitect\u00f3nica, as\u00ed como dinamizar la econom\u00eda de la ciudad y de los sectores aleda\u00f1os.<\/span><\/p>\n","protected":false},"excerpt":{"rendered":"<p>Con la votaci\u00f3n favorable de 18 cabildantes, la Alcald\u00eda de Ibagu\u00e9 dio a conocer esta importante noticia que permitir\u00e1 el [&hellip;]<\/p>\n","protected":false},"author":1,"featured_media":0,"comment_status":"open","ping_status":"open","sticky":false,"template":"","format":"standard","meta":{"site-sidebar-layout":"default","site-content-layout":"","ast-site-content-layout":"default","site-content-style":"default","site-sidebar-style":"default","ast-global-header-display":"","ast-banner-title-visibility":"","ast-main-header-display":"","ast-hfb-above-header-display":"","ast-hfb-below-header-display":"","ast-hfb-mobile-header-display":"","site-post-title":"","ast-breadcrumbs-content":"","ast-featured-img":"","footer-sml-layout":"","ast-disable-related-posts":"","theme-transparent-header-meta":"","adv-header-id-meta":"","stick-header-meta":"","header-above-stick-meta":"","header-main-stick-meta":"","header-below-stick-meta":"","astra-migrate-meta-layouts":"default","ast-page-background-enabled":"default","ast-page-background-meta":{"desktop":{"background-color":"var(--ast-global-color-4)","background-image":"","background-repeat":"repeat","background-position":"center center","background-size":"auto","background-attachment":"scroll","background-type":"","background-media":"","overlay-type":"","overlay-color":"","overlay-opacity":"","overlay-gradient":""},"tablet":{"background-color":"","background-image":"","background-repeat":"repeat","background-position":"center center","background-size":"auto","background-attachment":"scroll","background-type":"","background-media":"","overlay-type":"","overlay-color":"","overlay-opacity":"","overlay-gradient":""},"mobile":{"background-color":"","background-image":"","background-repeat":"repeat","background-position":"center center","background-size":"auto","background-attachment":"scroll","background-type":"","background-media":"","overlay-type":"","overlay-color":"","overlay-opacity":"","overlay-gradient":""}},"ast-content-background-meta":{"desktop":{"background-color":"var(--ast-global-color-5)","background-image":"","background-repeat":"repeat","background-position":"center center","background-size":"auto","background-attachment":"scroll","background-type":"","background-media":"","overlay-type":"","overlay-color":"","overlay-opacity":"","overlay-gradient":""},"tablet":{"background-color":"var(--ast-global-color-5)","background-image":"","background-repeat":"repeat","background-position":"center center","background-size":"auto","background-attachment":"scroll","background-type":"","background-media":"","overlay-type":"","overlay-color":"","overlay-opacity":"","overlay-gradient":""},"mobile":{"background-color":"var(--ast-global-color-5)","background-image":"","background-repeat":"repeat","background-position":"center center","background-size":"auto","background-attachment":"scroll","background-type":"","background-media":"","overlay-type":"","overlay-color":"","overlay-opacity":"","overlay-gradient":""}},"footnotes":""},"categories":[19],"tags":[],"class_list":["post-10070","post","type-post","status-publish","format-standard","hentry","category-ibague"],"yoast_head":"<!-- This site is optimized with the Yoast SEO plugin v27.4 - https:\/\/yoast.com\/product\/yoast-seo-wordpress\/ -->\n<title>Proyecto de sostenibilidad de Pan\u00f3ptico fue aprobado por el Concejo de Ibagu\u00e9 - El Confesionario<\/title>\n<meta name=\"robots\" content=\"index, follow, max-snippet:-1, max-image-preview:large, max-video-preview:-1\" \/>\n<link rel=\"canonical\" href=\"https:\/\/confesionario.co\/w\/proyecto-de-sostenibilidad-de-panoptico-fue-aprobado-por-el-concejo-de-ibague\/\" \/>\n<meta property=\"og:locale\" content=\"es_ES\" \/>\n<meta property=\"og:type\" content=\"article\" \/>\n<meta property=\"og:title\" content=\"Proyecto de sostenibilidad de Pan\u00f3ptico fue aprobado por el Concejo de Ibagu\u00e9 - El Confesionario\" \/>\n<meta property=\"og:description\" content=\"Con la votaci\u00f3n favorable de 18 cabildantes, la Alcald\u00eda de Ibagu\u00e9 dio a conocer esta importante noticia que permitir\u00e1 el [&hellip;]\" \/>\n<meta property=\"og:url\" content=\"https:\/\/confesionario.co\/w\/proyecto-de-sostenibilidad-de-panoptico-fue-aprobado-por-el-concejo-de-ibague\/\" \/>\n<meta property=\"og:site_name\" content=\"El Confesionario\" \/>\n<meta property=\"article:published_time\" content=\"2022-12-28T12:54:58+00:00\" \/>\n<meta name=\"author\" content=\"admin\" \/>\n<meta name=\"twitter:card\" content=\"summary_large_image\" \/>\n<meta name=\"twitter:label1\" content=\"Escrito por\" \/>\n\t<meta name=\"twitter:data1\" content=\"admin\" \/>\n\t<meta name=\"twitter:label2\" content=\"Tiempo de lectura\" \/>\n\t<meta name=\"twitter:data2\" content=\"1 minuto\" \/>\n<script type=\"application\/ld+json\" class=\"yoast-schema-graph\">{\"@context\":\"https:\\\/\\\/schema.org\",\"@graph\":[{\"@type\":\"Article\",\"@id\":\"https:\\\/\\\/confesionario.co\\\/w\\\/proyecto-de-sostenibilidad-de-panoptico-fue-aprobado-por-el-concejo-de-ibague\\\/#article\",\"isPartOf\":{\"@id\":\"https:\\\/\\\/confesionario.co\\\/w\\\/proyecto-de-sostenibilidad-de-panoptico-fue-aprobado-por-el-concejo-de-ibague\\\/\"},\"author\":{\"name\":\"admin\",\"@id\":\"https:\\\/\\\/confesionario.co\\\/w\\\/#\\\/schema\\\/person\\\/85e99333497749318afab96ea0cc2342\"},\"headline\":\"Proyecto de sostenibilidad de Pan\u00f3ptico fue aprobado por el Concejo de Ibagu\u00e9\",\"datePublished\":\"2022-12-28T12:54:58+00:00\",\"mainEntityOfPage\":{\"@id\":\"https:\\\/\\\/confesionario.co\\\/w\\\/proyecto-de-sostenibilidad-de-panoptico-fue-aprobado-por-el-concejo-de-ibague\\\/\"},\"wordCount\":304,\"commentCount\":0,\"publisher\":{\"@id\":\"https:\\\/\\\/confesionario.co\\\/w\\\/#organization\"},\"articleSection\":[\"Ibagu\u00e9\"],\"inLanguage\":\"es\",\"potentialAction\":[{\"@type\":\"CommentAction\",\"name\":\"Comment\",\"target\":[\"https:\\\/\\\/confesionario.co\\\/w\\\/proyecto-de-sostenibilidad-de-panoptico-fue-aprobado-por-el-concejo-de-ibague\\\/#respond\"]}]},{\"@type\":\"WebPage\",\"@id\":\"https:\\\/\\\/confesionario.co\\\/w\\\/proyecto-de-sostenibilidad-de-panoptico-fue-aprobado-por-el-concejo-de-ibague\\\/\",\"url\":\"https:\\\/\\\/confesionario.co\\\/w\\\/proyecto-de-sostenibilidad-de-panoptico-fue-aprobado-por-el-concejo-de-ibague\\\/\",\"name\":\"Proyecto de sostenibilidad de Pan\u00f3ptico fue aprobado por el Concejo de Ibagu\u00e9 - El Confesionario\",\"isPartOf\":{\"@id\":\"https:\\\/\\\/confesionario.co\\\/w\\\/#website\"},\"datePublished\":\"2022-12-28T12:54:58+00:00\",\"breadcrumb\":{\"@id\":\"https:\\\/\\\/confesionario.co\\\/w\\\/proyecto-de-sostenibilidad-de-panoptico-fue-aprobado-por-el-concejo-de-ibague\\\/#breadcrumb\"},\"inLanguage\":\"es\",\"potentialAction\":[{\"@type\":\"ReadAction\",\"target\":[\"https:\\\/\\\/confesionario.co\\\/w\\\/proyecto-de-sostenibilidad-de-panoptico-fue-aprobado-por-el-concejo-de-ibague\\\/\"]}]},{\"@type\":\"BreadcrumbList\",\"@id\":\"https:\\\/\\\/confesionario.co\\\/w\\\/proyecto-de-sostenibilidad-de-panoptico-fue-aprobado-por-el-concejo-de-ibague\\\/#breadcrumb\",\"itemListElement\":[{\"@type\":\"ListItem\",\"position\":1,\"name\":\"Portada\",\"item\":\"https:\\\/\\\/confesionario.co\\\/w\\\/\"},{\"@type\":\"ListItem\",\"position\":2,\"name\":\"Proyecto de sostenibilidad de Pan\u00f3ptico fue aprobado por el Concejo de Ibagu\u00e9\"}]},{\"@type\":\"WebSite\",\"@id\":\"https:\\\/\\\/confesionario.co\\\/w\\\/#website\",\"url\":\"https:\\\/\\\/confesionario.co\\\/w\\\/\",\"name\":\"El Confesionario\",\"description\":\"\",\"publisher\":{\"@id\":\"https:\\\/\\\/confesionario.co\\\/w\\\/#organization\"},\"potentialAction\":[{\"@type\":\"SearchAction\",\"target\":{\"@type\":\"EntryPoint\",\"urlTemplate\":\"https:\\\/\\\/confesionario.co\\\/w\\\/?s={search_term_string}\"},\"query-input\":{\"@type\":\"PropertyValueSpecification\",\"valueRequired\":true,\"valueName\":\"search_term_string\"}}],\"inLanguage\":\"es\"},{\"@type\":\"Organization\",\"@id\":\"https:\\\/\\\/confesionario.co\\\/w\\\/#organization\",\"name\":\"El Confesionario\",\"url\":\"https:\\\/\\\/confesionario.co\\\/w\\\/\",\"logo\":{\"@type\":\"ImageObject\",\"inLanguage\":\"es\",\"@id\":\"https:\\\/\\\/confesionario.co\\\/w\\\/#\\\/schema\\\/logo\\\/image\\\/\",\"url\":\"https:\\\/\\\/confesionario.co\\\/w\\\/wp-content\\\/uploads\\\/2026\\\/02\\\/confesionario-horizontal.png\",\"contentUrl\":\"https:\\\/\\\/confesionario.co\\\/w\\\/wp-content\\\/uploads\\\/2026\\\/02\\\/confesionario-horizontal.png\",\"width\":581,\"height\":148,\"caption\":\"El Confesionario\"},\"image\":{\"@id\":\"https:\\\/\\\/confesionario.co\\\/w\\\/#\\\/schema\\\/logo\\\/image\\\/\"}},{\"@type\":\"Person\",\"@id\":\"https:\\\/\\\/confesionario.co\\\/w\\\/#\\\/schema\\\/person\\\/85e99333497749318afab96ea0cc2342\",\"name\":\"admin\",\"image\":{\"@type\":\"ImageObject\",\"inLanguage\":\"es\",\"@id\":\"https:\\\/\\\/secure.gravatar.com\\\/avatar\\\/f3358fe09cfbbfc24265a18ea411b8ee8e54296a50fb17d8acf3cffca66240d2?s=96&d=mm&r=g\",\"url\":\"https:\\\/\\\/secure.gravatar.com\\\/avatar\\\/f3358fe09cfbbfc24265a18ea411b8ee8e54296a50fb17d8acf3cffca66240d2?s=96&d=mm&r=g\",\"contentUrl\":\"https:\\\/\\\/secure.gravatar.com\\\/avatar\\\/f3358fe09cfbbfc24265a18ea411b8ee8e54296a50fb17d8acf3cffca66240d2?s=96&d=mm&r=g\",\"caption\":\"admin\"},\"sameAs\":[\"https:\\\/\\\/elconfesionario.co\\\/w\"],\"url\":\"https:\\\/\\\/confesionario.co\\\/w\\\/author\\\/osabuena\\\/\"}]}<\/script>\n<!-- \/ Yoast SEO plugin. -->","yoast_head_json":{"title":"Proyecto de sostenibilidad de Pan\u00f3ptico fue aprobado por el Concejo de Ibagu\u00e9 - El Confesionario","robots":{"index":"index","follow":"follow","max-snippet":"max-snippet:-1","max-image-preview":"max-image-preview:large","max-video-preview":"max-video-preview:-1"},"canonical":"https:\/\/confesionario.co\/w\/proyecto-de-sostenibilidad-de-panoptico-fue-aprobado-por-el-concejo-de-ibague\/","og_locale":"es_ES","og_type":"article","og_title":"Proyecto de sostenibilidad de Pan\u00f3ptico fue aprobado por el Concejo de Ibagu\u00e9 - El Confesionario","og_description":"Con la votaci\u00f3n favorable de 18 cabildantes, la Alcald\u00eda de Ibagu\u00e9 dio a conocer esta importante noticia que permitir\u00e1 el [&hellip;]","og_url":"https:\/\/confesionario.co\/w\/proyecto-de-sostenibilidad-de-panoptico-fue-aprobado-por-el-concejo-de-ibague\/","og_site_name":"El Confesionario","article_published_time":"2022-12-28T12:54:58+00:00","author":"admin","twitter_card":"summary_large_image","twitter_misc":{"Escrito por":"admin","Tiempo de lectura":"1 minuto"},"schema":{"@context":"https:\/\/schema.org","@graph":[{"@type":"Article","@id":"https:\/\/confesionario.co\/w\/proyecto-de-sostenibilidad-de-panoptico-fue-aprobado-por-el-concejo-de-ibague\/#article","isPartOf":{"@id":"https:\/\/confesionario.co\/w\/proyecto-de-sostenibilidad-de-panoptico-fue-aprobado-por-el-concejo-de-ibague\/"},"author":{"name":"admin","@id":"https:\/\/confesionario.co\/w\/#\/schema\/person\/85e99333497749318afab96ea0cc2342"},"headline":"Proyecto de sostenibilidad de Pan\u00f3ptico fue aprobado por el Concejo de Ibagu\u00e9","datePublished":"2022-12-28T12:54:58+00:00","mainEntityOfPage":{"@id":"https:\/\/confesionario.co\/w\/proyecto-de-sostenibilidad-de-panoptico-fue-aprobado-por-el-concejo-de-ibague\/"},"wordCount":304,"commentCount":0,"publisher":{"@id":"https:\/\/confesionario.co\/w\/#organization"},"articleSection":["Ibagu\u00e9"],"inLanguage":"es","potentialAction":[{"@type":"CommentAction","name":"Comment","target":["https:\/\/confesionario.co\/w\/proyecto-de-sostenibilidad-de-panoptico-fue-aprobado-por-el-concejo-de-ibague\/#respond"]}]},{"@type":"WebPage","@id":"https:\/\/confesionario.co\/w\/proyecto-de-sostenibilidad-de-panoptico-fue-aprobado-por-el-concejo-de-ibague\/","url":"https:\/\/confesionario.co\/w\/proyecto-de-sostenibilidad-de-panoptico-fue-aprobado-por-el-concejo-de-ibague\/","name":"Proyecto de sostenibilidad de Pan\u00f3ptico fue aprobado por el Concejo de Ibagu\u00e9 - El Confesionario","isPartOf":{"@id":"https:\/\/confesionario.co\/w\/#website"},"datePublished":"2022-12-28T12:54:58+00:00","breadcrumb":{"@id":"https:\/\/confesionario.co\/w\/proyecto-de-sostenibilidad-de-panoptico-fue-aprobado-por-el-concejo-de-ibague\/#breadcrumb"},"inLanguage":"es","potentialAction":[{"@type":"ReadAction","target":["https:\/\/confesionario.co\/w\/proyecto-de-sostenibilidad-de-panoptico-fue-aprobado-por-el-concejo-de-ibague\/"]}]},{"@type":"BreadcrumbList","@id":"https:\/\/confesionario.co\/w\/proyecto-de-sostenibilidad-de-panoptico-fue-aprobado-por-el-concejo-de-ibague\/#breadcrumb","itemListElement":[{"@type":"ListItem","position":1,"name":"Portada","item":"https:\/\/confesionario.co\/w\/"},{"@type":"ListItem","position":2,"name":"Proyecto de sostenibilidad de Pan\u00f3ptico fue aprobado por el Concejo de Ibagu\u00e9"}]},{"@type":"WebSite","@id":"https:\/\/confesionario.co\/w\/#website","url":"https:\/\/confesionario.co\/w\/","name":"El Confesionario","description":"","publisher":{"@id":"https:\/\/confesionario.co\/w\/#organization"},"potentialAction":[{"@type":"SearchAction","target":{"@type":"EntryPoint","urlTemplate":"https:\/\/confesionario.co\/w\/?s={search_term_string}"},"query-input":{"@type":"PropertyValueSpecification","valueRequired":true,"valueName":"search_term_string"}}],"inLanguage":"es"},{"@type":"Organization","@id":"https:\/\/confesionario.co\/w\/#organization","name":"El Confesionario","url":"https:\/\/confesionario.co\/w\/","logo":{"@type":"ImageObject","inLanguage":"es","@id":"https:\/\/confesionario.co\/w\/#\/schema\/logo\/image\/","url":"https:\/\/confesionario.co\/w\/wp-content\/uploads\/2026\/02\/confesionario-horizontal.png","contentUrl":"https:\/\/confesionario.co\/w\/wp-content\/uploads\/2026\/02\/confesionario-horizontal.png","width":581,"height":148,"caption":"El Confesionario"},"image":{"@id":"https:\/\/confesionario.co\/w\/#\/schema\/logo\/image\/"}},{"@type":"Person","@id":"https:\/\/confesionario.co\/w\/#\/schema\/person\/85e99333497749318afab96ea0cc2342","name":"admin","image":{"@type":"ImageObject","inLanguage":"es","@id":"https:\/\/secure.gravatar.com\/avatar\/f3358fe09cfbbfc24265a18ea411b8ee8e54296a50fb17d8acf3cffca66240d2?s=96&d=mm&r=g","url":"https:\/\/secure.gravatar.com\/avatar\/f3358fe09cfbbfc24265a18ea411b8ee8e54296a50fb17d8acf3cffca66240d2?s=96&d=mm&r=g","contentUrl":"https:\/\/secure.gravatar.com\/avatar\/f3358fe09cfbbfc24265a18ea411b8ee8e54296a50fb17d8acf3cffca66240d2?s=96&d=mm&r=g","caption":"admin"},"sameAs":["https:\/\/elconfesionario.co\/w"],"url":"https:\/\/confesionario.co\/w\/author\/osabuena\/"}]}},"jetpack_featured_media_url":"","_links":{"self":[{"href":"https:\/\/confesionario.co\/w\/wp-json\/wp\/v2\/posts\/10070","targetHints":{"allow":["GET"]}}],"collection":[{"href":"https:\/\/confesionario.co\/w\/wp-json\/wp\/v2\/posts"}],"about":[{"href":"https:\/\/confesionario.co\/w\/wp-json\/wp\/v2\/types\/post"}],"author":[{"embeddable":true,"href":"https:\/\/confesionario.co\/w\/wp-json\/wp\/v2\/users\/1"}],"replies":[{"embeddable":true,"href":"https:\/\/confesionario.co\/w\/wp-json\/wp\/v2\/comments?post=10070"}],"version-history":[{"count":0,"href":"https:\/\/confesionario.co\/w\/wp-json\/wp\/v2\/posts\/10070\/revisions"}],"wp:attachment":[{"href":"https:\/\/confesionario.co\/w\/wp-json\/wp\/v2\/media?parent=10070"}],"wp:term":[{"taxonomy":"category","embeddable":true,"href":"https:\/\/confesionario.co\/w\/wp-json\/wp\/v2\/categories?post=10070"},{"taxonomy":"post_tag","embeddable":true,"href":"https:\/\/confesionario.co\/w\/wp-json\/wp\/v2\/tags?post=10070"}],"curies":[{"name":"wp","href":"https:\/\/api.w.org\/{rel}","templated":true}]}}