{"id":10071,"date":"2022-12-28T12:59:08","date_gmt":"2022-12-28T12:59:08","guid":{"rendered":"https:\/\/confesionario.co\/w\/gobernacion-del-tolima-y-fuerza-publica-entregaron-balance-de-seguridad-del-2022\/"},"modified":"2022-12-28T12:59:08","modified_gmt":"2022-12-28T12:59:08","slug":"gobernacion-del-tolima-y-fuerza-publica-entregaron-balance-de-seguridad-del-2022","status":"publish","type":"post","link":"https:\/\/confesionario.co\/w\/gobernacion-del-tolima-y-fuerza-publica-entregaron-balance-de-seguridad-del-2022\/","title":{"rendered":"Gobernaci\u00f3n del Tolima y Fuerza P\u00fablica entregaron balance de seguridad del 2022"},"content":{"rendered":"<p class=\\\"MsoNormal\\\" style=\\\"text-align: justify;\\\"><span style=\\\"font-size: 12.0pt; line-height: 107%; font-family: \\'Arial\\',sans-serif;\\\">De acuerdo con las cifras de las autoridades, durante este a\u00f1o, en comparaci\u00f3n con el 2021, disminuyeron notablemente los delitos de impacto en la regi\u00f3n.<\/span><\/p>\n<p><!--more--><\/p>\n<p class=\\\"MsoNormal\\\" style=\\\"text-align: justify;\\\"><span style=\\\"font-size: 12.0pt; line-height: 107%; font-family: \\'Arial\\',sans-serif;\\\">El secretario del Interior del Tolima, Javier Triana Parra, entreg\u00f3 el balance de seguridad de lo corrido del a\u00f1o 2022, en el que se destacaron varias acciones para mejorar la percepci\u00f3n de seguridad en el departamento.<\/span><\/p>\n<p class=\\\"MsoNormal\\\" style=\\\"text-align: justify;\\\"><span style=\\\"font-size: 12.0pt; line-height: 107%; font-family: \\'Arial\\',sans-serif;\\\">El funcionario indic\u00f3 que en comparaci\u00f3n con el 2021, los delitos de impacto disminuyeron en un 8%, all\u00ed se encuentran algunos como el homicidio, la extorsi\u00f3n, lesiones personales, delitos sexuales, hurto a entidades financieras, entre otros.<\/span><\/p>\n<p class=\\\"MsoNormal\\\" style=\\\"text-align: justify;\\\"><span style=\\\"font-size: 12.0pt; line-height: 107%; font-family: \\'Arial\\',sans-serif;\\\">Asimismo, durante la vigencia de 2022 se han logrado 4.175 capturas por diferentes delitos, se incautaron 387 armas de fuego, y se han recuperado 436 motocicletas y 111 automotores. Tambi\u00e9n se desarticularon 67 Grupos de delincuencia com\u00fan y se incautaron 3.443 kilos de estupefacientes.<\/span><\/p>\n<p class=\\\"MsoNormal\\\" style=\\\"text-align: justify;\\\"><span style=\\\"font-size: 12.0pt; line-height: 107%; font-family: \\'Arial\\',sans-serif;\\\">\u201cDe igual manera, los consejos de seguridad han sido important\u00edsimos, donde podemos nosotros consolidar todas las estrategias para atender esas solicitudes de seguridad de nuestros alcaldes en los diferentes territorios\u201d, dijo Triana Parra.<\/span><\/p>\n<p class=\\\"MsoNormal\\\" style=\\\"text-align: justify;\\\"><span style=\\\"font-size: 12.0pt; line-height: 107%; font-family: \\'Arial\\',sans-serif;\\\">De otra parte, destac\u00f3 que el Gobierno \u2018El Tolima Nos Une\u2019, tuvo este a\u00f1o una inversi\u00f3n de m\u00e1s de 30 mil millones de pesos para ejercicios de seguridad, donde se incluyen las c\u00e1maras de seguridad para Ibagu\u00e9, El Espinal, Venadillo y Honda.<\/span><\/p>\n<p class=\\\"MsoNormal\\\" style=\\\"text-align: justify;\\\"><span style=\\\"font-size: 12.0pt; line-height: 107%; font-family: \\'Arial\\',sans-serif;\\\">Finalmente, mencion\u00f3 que hacen parte de esta inversi\u00f3n el mantenimiento de la L\u00ednea 123, el convenio con la Polic\u00eda Nacional para la formaci\u00f3n gratuita de 400 j\u00f3venes como patrulleros, y la adquisici\u00f3n del equipo tecnol\u00f3gico de detecci\u00f3n y geolocalizaci\u00f3n a\u00e9rea y terrestre para evitar extorsiones, entre otros proyectos.<\/span><\/p>\n<p class=\\\"MsoNormal\\\" style=\\\"text-align: justify;\\\"><span style=\\\"font-size: 12.0pt; line-height: 107%; font-family: \\'Arial\\',sans-serif;\\\">\u201cEn nuestro caso, hemos tenido 2.167 capturas que realizamos en el Tolima, entre ellas, casos relevantes como el cabecilla alias \u2018Uriel\u2019 en el sur del Tolima, responsable de la quema de la maquinaria amarilla y extorsiones. De la misma forma, alias \u2018Pablo Tulio\u2019, quien contaba con la circular roja de la Interpol, as\u00ed como la captura de m\u00e1s de 100 homicidas\u201d, precis\u00f3 el coronel N\u00e9stor Ra\u00fal Cepeda, comandante del Departamento de Polic\u00eda Tolima.<\/span><\/p>\n","protected":false},"excerpt":{"rendered":"<p>De acuerdo con las cifras de las autoridades, durante este a\u00f1o, en comparaci\u00f3n con el 2021, disminuyeron notablemente los delitos [&hellip;]<\/p>\n","protected":false},"author":1,"featured_media":0,"comment_status":"open","ping_status":"open","sticky":false,"template":"","format":"standard","meta":{"site-sidebar-layout":"default","site-content-layout":"","ast-site-content-layout":"default","site-content-style":"default","site-sidebar-style":"default","ast-global-header-display":"","ast-banner-title-visibility":"","ast-main-header-display":"","ast-hfb-above-header-display":"","ast-hfb-below-header-display":"","ast-hfb-mobile-header-display":"","site-post-title":"","ast-breadcrumbs-content":"","ast-featured-img":"","footer-sml-layout":"","ast-disable-related-posts":"","theme-transparent-header-meta":"","adv-header-id-meta":"","stick-header-meta":"","header-above-stick-meta":"","header-main-stick-meta":"","header-below-stick-meta":"","astra-migrate-meta-layouts":"default","ast-page-background-enabled":"default","ast-page-background-meta":{"desktop":{"background-color":"var(--ast-global-color-4)","background-image":"","background-repeat":"repeat","background-position":"center center","background-size":"auto","background-attachment":"scroll","background-type":"","background-media":"","overlay-type":"","overlay-color":"","overlay-opacity":"","overlay-gradient":""},"tablet":{"background-color":"","background-image":"","background-repeat":"repeat","background-position":"center center","background-size":"auto","background-attachment":"scroll","background-type":"","background-media":"","overlay-type":"","overlay-color":"","overlay-opacity":"","overlay-gradient":""},"mobile":{"background-color":"","background-image":"","background-repeat":"repeat","background-position":"center center","background-size":"auto","background-attachment":"scroll","background-type":"","background-media":"","overlay-type":"","overlay-color":"","overlay-opacity":"","overlay-gradient":""}},"ast-content-background-meta":{"desktop":{"background-color":"var(--ast-global-color-5)","background-image":"","background-repeat":"repeat","background-position":"center center","background-size":"auto","background-attachment":"scroll","background-type":"","background-media":"","overlay-type":"","overlay-color":"","overlay-opacity":"","overlay-gradient":""},"tablet":{"background-color":"var(--ast-global-color-5)","background-image":"","background-repeat":"repeat","background-position":"center center","background-size":"auto","background-attachment":"scroll","background-type":"","background-media":"","overlay-type":"","overlay-color":"","overlay-opacity":"","overlay-gradient":""},"mobile":{"background-color":"var(--ast-global-color-5)","background-image":"","background-repeat":"repeat","background-position":"center center","background-size":"auto","background-attachment":"scroll","background-type":"","background-media":"","overlay-type":"","overlay-color":"","overlay-opacity":"","overlay-gradient":""}},"footnotes":""},"categories":[17],"tags":[],"class_list":["post-10071","post","type-post","status-publish","format-standard","hentry","category-otras-cofesiones"],"yoast_head":"<!-- This site is optimized with the Yoast SEO plugin v27.4 - https:\/\/yoast.com\/product\/yoast-seo-wordpress\/ -->\n<title>Gobernaci\u00f3n del Tolima y Fuerza P\u00fablica entregaron balance de seguridad del 2022 - El Confesionario<\/title>\n<meta name=\"robots\" content=\"index, follow, max-snippet:-1, max-image-preview:large, max-video-preview:-1\" \/>\n<link rel=\"canonical\" href=\"https:\/\/confesionario.co\/w\/gobernacion-del-tolima-y-fuerza-publica-entregaron-balance-de-seguridad-del-2022\/\" \/>\n<meta property=\"og:locale\" content=\"es_ES\" \/>\n<meta property=\"og:type\" content=\"article\" \/>\n<meta property=\"og:title\" content=\"Gobernaci\u00f3n del Tolima y Fuerza P\u00fablica entregaron balance de seguridad del 2022 - El Confesionario\" \/>\n<meta property=\"og:description\" content=\"De acuerdo con las cifras de las autoridades, durante este a\u00f1o, en comparaci\u00f3n con el 2021, disminuyeron notablemente los delitos [&hellip;]\" \/>\n<meta property=\"og:url\" content=\"https:\/\/confesionario.co\/w\/gobernacion-del-tolima-y-fuerza-publica-entregaron-balance-de-seguridad-del-2022\/\" \/>\n<meta property=\"og:site_name\" content=\"El Confesionario\" \/>\n<meta property=\"article:published_time\" content=\"2022-12-28T12:59:08+00:00\" \/>\n<meta name=\"author\" content=\"admin\" \/>\n<meta name=\"twitter:card\" content=\"summary_large_image\" \/>\n<meta name=\"twitter:label1\" content=\"Escrito por\" \/>\n\t<meta name=\"twitter:data1\" content=\"admin\" \/>\n\t<meta name=\"twitter:label2\" content=\"Tiempo de lectura\" \/>\n\t<meta name=\"twitter:data2\" content=\"2 minutos\" \/>\n<script type=\"application\/ld+json\" class=\"yoast-schema-graph\">{\"@context\":\"https:\\\/\\\/schema.org\",\"@graph\":[{\"@type\":\"Article\",\"@id\":\"https:\\\/\\\/confesionario.co\\\/w\\\/gobernacion-del-tolima-y-fuerza-publica-entregaron-balance-de-seguridad-del-2022\\\/#article\",\"isPartOf\":{\"@id\":\"https:\\\/\\\/confesionario.co\\\/w\\\/gobernacion-del-tolima-y-fuerza-publica-entregaron-balance-de-seguridad-del-2022\\\/\"},\"author\":{\"name\":\"admin\",\"@id\":\"https:\\\/\\\/confesionario.co\\\/w\\\/#\\\/schema\\\/person\\\/85e99333497749318afab96ea0cc2342\"},\"headline\":\"Gobernaci\u00f3n del Tolima y Fuerza P\u00fablica entregaron balance de seguridad del 2022\",\"datePublished\":\"2022-12-28T12:59:08+00:00\",\"mainEntityOfPage\":{\"@id\":\"https:\\\/\\\/confesionario.co\\\/w\\\/gobernacion-del-tolima-y-fuerza-publica-entregaron-balance-de-seguridad-del-2022\\\/\"},\"wordCount\":362,\"commentCount\":0,\"publisher\":{\"@id\":\"https:\\\/\\\/confesionario.co\\\/w\\\/#organization\"},\"articleSection\":[\"Otras confesiones\"],\"inLanguage\":\"es\",\"potentialAction\":[{\"@type\":\"CommentAction\",\"name\":\"Comment\",\"target\":[\"https:\\\/\\\/confesionario.co\\\/w\\\/gobernacion-del-tolima-y-fuerza-publica-entregaron-balance-de-seguridad-del-2022\\\/#respond\"]}]},{\"@type\":\"WebPage\",\"@id\":\"https:\\\/\\\/confesionario.co\\\/w\\\/gobernacion-del-tolima-y-fuerza-publica-entregaron-balance-de-seguridad-del-2022\\\/\",\"url\":\"https:\\\/\\\/confesionario.co\\\/w\\\/gobernacion-del-tolima-y-fuerza-publica-entregaron-balance-de-seguridad-del-2022\\\/\",\"name\":\"Gobernaci\u00f3n del Tolima y Fuerza P\u00fablica entregaron balance de seguridad del 2022 - El Confesionario\",\"isPartOf\":{\"@id\":\"https:\\\/\\\/confesionario.co\\\/w\\\/#website\"},\"datePublished\":\"2022-12-28T12:59:08+00:00\",\"breadcrumb\":{\"@id\":\"https:\\\/\\\/confesionario.co\\\/w\\\/gobernacion-del-tolima-y-fuerza-publica-entregaron-balance-de-seguridad-del-2022\\\/#breadcrumb\"},\"inLanguage\":\"es\",\"potentialAction\":[{\"@type\":\"ReadAction\",\"target\":[\"https:\\\/\\\/confesionario.co\\\/w\\\/gobernacion-del-tolima-y-fuerza-publica-entregaron-balance-de-seguridad-del-2022\\\/\"]}]},{\"@type\":\"BreadcrumbList\",\"@id\":\"https:\\\/\\\/confesionario.co\\\/w\\\/gobernacion-del-tolima-y-fuerza-publica-entregaron-balance-de-seguridad-del-2022\\\/#breadcrumb\",\"itemListElement\":[{\"@type\":\"ListItem\",\"position\":1,\"name\":\"Portada\",\"item\":\"https:\\\/\\\/confesionario.co\\\/w\\\/\"},{\"@type\":\"ListItem\",\"position\":2,\"name\":\"Gobernaci\u00f3n del Tolima y Fuerza P\u00fablica entregaron balance de seguridad del 2022\"}]},{\"@type\":\"WebSite\",\"@id\":\"https:\\\/\\\/confesionario.co\\\/w\\\/#website\",\"url\":\"https:\\\/\\\/confesionario.co\\\/w\\\/\",\"name\":\"El Confesionario\",\"description\":\"\",\"publisher\":{\"@id\":\"https:\\\/\\\/confesionario.co\\\/w\\\/#organization\"},\"potentialAction\":[{\"@type\":\"SearchAction\",\"target\":{\"@type\":\"EntryPoint\",\"urlTemplate\":\"https:\\\/\\\/confesionario.co\\\/w\\\/?s={search_term_string}\"},\"query-input\":{\"@type\":\"PropertyValueSpecification\",\"valueRequired\":true,\"valueName\":\"search_term_string\"}}],\"inLanguage\":\"es\"},{\"@type\":\"Organization\",\"@id\":\"https:\\\/\\\/confesionario.co\\\/w\\\/#organization\",\"name\":\"El Confesionario\",\"url\":\"https:\\\/\\\/confesionario.co\\\/w\\\/\",\"logo\":{\"@type\":\"ImageObject\",\"inLanguage\":\"es\",\"@id\":\"https:\\\/\\\/confesionario.co\\\/w\\\/#\\\/schema\\\/logo\\\/image\\\/\",\"url\":\"https:\\\/\\\/confesionario.co\\\/w\\\/wp-content\\\/uploads\\\/2026\\\/02\\\/confesionario-horizontal.png\",\"contentUrl\":\"https:\\\/\\\/confesionario.co\\\/w\\\/wp-content\\\/uploads\\\/2026\\\/02\\\/confesionario-horizontal.png\",\"width\":581,\"height\":148,\"caption\":\"El Confesionario\"},\"image\":{\"@id\":\"https:\\\/\\\/confesionario.co\\\/w\\\/#\\\/schema\\\/logo\\\/image\\\/\"}},{\"@type\":\"Person\",\"@id\":\"https:\\\/\\\/confesionario.co\\\/w\\\/#\\\/schema\\\/person\\\/85e99333497749318afab96ea0cc2342\",\"name\":\"admin\",\"image\":{\"@type\":\"ImageObject\",\"inLanguage\":\"es\",\"@id\":\"https:\\\/\\\/secure.gravatar.com\\\/avatar\\\/f3358fe09cfbbfc24265a18ea411b8ee8e54296a50fb17d8acf3cffca66240d2?s=96&d=mm&r=g\",\"url\":\"https:\\\/\\\/secure.gravatar.com\\\/avatar\\\/f3358fe09cfbbfc24265a18ea411b8ee8e54296a50fb17d8acf3cffca66240d2?s=96&d=mm&r=g\",\"contentUrl\":\"https:\\\/\\\/secure.gravatar.com\\\/avatar\\\/f3358fe09cfbbfc24265a18ea411b8ee8e54296a50fb17d8acf3cffca66240d2?s=96&d=mm&r=g\",\"caption\":\"admin\"},\"sameAs\":[\"https:\\\/\\\/elconfesionario.co\\\/w\"],\"url\":\"https:\\\/\\\/confesionario.co\\\/w\\\/author\\\/osabuena\\\/\"}]}<\/script>\n<!-- \/ Yoast SEO plugin. -->","yoast_head_json":{"title":"Gobernaci\u00f3n del Tolima y Fuerza P\u00fablica entregaron balance de seguridad del 2022 - El Confesionario","robots":{"index":"index","follow":"follow","max-snippet":"max-snippet:-1","max-image-preview":"max-image-preview:large","max-video-preview":"max-video-preview:-1"},"canonical":"https:\/\/confesionario.co\/w\/gobernacion-del-tolima-y-fuerza-publica-entregaron-balance-de-seguridad-del-2022\/","og_locale":"es_ES","og_type":"article","og_title":"Gobernaci\u00f3n del Tolima y Fuerza P\u00fablica entregaron balance de seguridad del 2022 - El Confesionario","og_description":"De acuerdo con las cifras de las autoridades, durante este a\u00f1o, en comparaci\u00f3n con el 2021, disminuyeron notablemente los delitos [&hellip;]","og_url":"https:\/\/confesionario.co\/w\/gobernacion-del-tolima-y-fuerza-publica-entregaron-balance-de-seguridad-del-2022\/","og_site_name":"El Confesionario","article_published_time":"2022-12-28T12:59:08+00:00","author":"admin","twitter_card":"summary_large_image","twitter_misc":{"Escrito por":"admin","Tiempo de lectura":"2 minutos"},"schema":{"@context":"https:\/\/schema.org","@graph":[{"@type":"Article","@id":"https:\/\/confesionario.co\/w\/gobernacion-del-tolima-y-fuerza-publica-entregaron-balance-de-seguridad-del-2022\/#article","isPartOf":{"@id":"https:\/\/confesionario.co\/w\/gobernacion-del-tolima-y-fuerza-publica-entregaron-balance-de-seguridad-del-2022\/"},"author":{"name":"admin","@id":"https:\/\/confesionario.co\/w\/#\/schema\/person\/85e99333497749318afab96ea0cc2342"},"headline":"Gobernaci\u00f3n del Tolima y Fuerza P\u00fablica entregaron balance de seguridad del 2022","datePublished":"2022-12-28T12:59:08+00:00","mainEntityOfPage":{"@id":"https:\/\/confesionario.co\/w\/gobernacion-del-tolima-y-fuerza-publica-entregaron-balance-de-seguridad-del-2022\/"},"wordCount":362,"commentCount":0,"publisher":{"@id":"https:\/\/confesionario.co\/w\/#organization"},"articleSection":["Otras confesiones"],"inLanguage":"es","potentialAction":[{"@type":"CommentAction","name":"Comment","target":["https:\/\/confesionario.co\/w\/gobernacion-del-tolima-y-fuerza-publica-entregaron-balance-de-seguridad-del-2022\/#respond"]}]},{"@type":"WebPage","@id":"https:\/\/confesionario.co\/w\/gobernacion-del-tolima-y-fuerza-publica-entregaron-balance-de-seguridad-del-2022\/","url":"https:\/\/confesionario.co\/w\/gobernacion-del-tolima-y-fuerza-publica-entregaron-balance-de-seguridad-del-2022\/","name":"Gobernaci\u00f3n del Tolima y Fuerza P\u00fablica entregaron balance de seguridad del 2022 - El Confesionario","isPartOf":{"@id":"https:\/\/confesionario.co\/w\/#website"},"datePublished":"2022-12-28T12:59:08+00:00","breadcrumb":{"@id":"https:\/\/confesionario.co\/w\/gobernacion-del-tolima-y-fuerza-publica-entregaron-balance-de-seguridad-del-2022\/#breadcrumb"},"inLanguage":"es","potentialAction":[{"@type":"ReadAction","target":["https:\/\/confesionario.co\/w\/gobernacion-del-tolima-y-fuerza-publica-entregaron-balance-de-seguridad-del-2022\/"]}]},{"@type":"BreadcrumbList","@id":"https:\/\/confesionario.co\/w\/gobernacion-del-tolima-y-fuerza-publica-entregaron-balance-de-seguridad-del-2022\/#breadcrumb","itemListElement":[{"@type":"ListItem","position":1,"name":"Portada","item":"https:\/\/confesionario.co\/w\/"},{"@type":"ListItem","position":2,"name":"Gobernaci\u00f3n del Tolima y Fuerza P\u00fablica entregaron balance de seguridad del 2022"}]},{"@type":"WebSite","@id":"https:\/\/confesionario.co\/w\/#website","url":"https:\/\/confesionario.co\/w\/","name":"El Confesionario","description":"","publisher":{"@id":"https:\/\/confesionario.co\/w\/#organization"},"potentialAction":[{"@type":"SearchAction","target":{"@type":"EntryPoint","urlTemplate":"https:\/\/confesionario.co\/w\/?s={search_term_string}"},"query-input":{"@type":"PropertyValueSpecification","valueRequired":true,"valueName":"search_term_string"}}],"inLanguage":"es"},{"@type":"Organization","@id":"https:\/\/confesionario.co\/w\/#organization","name":"El Confesionario","url":"https:\/\/confesionario.co\/w\/","logo":{"@type":"ImageObject","inLanguage":"es","@id":"https:\/\/confesionario.co\/w\/#\/schema\/logo\/image\/","url":"https:\/\/confesionario.co\/w\/wp-content\/uploads\/2026\/02\/confesionario-horizontal.png","contentUrl":"https:\/\/confesionario.co\/w\/wp-content\/uploads\/2026\/02\/confesionario-horizontal.png","width":581,"height":148,"caption":"El Confesionario"},"image":{"@id":"https:\/\/confesionario.co\/w\/#\/schema\/logo\/image\/"}},{"@type":"Person","@id":"https:\/\/confesionario.co\/w\/#\/schema\/person\/85e99333497749318afab96ea0cc2342","name":"admin","image":{"@type":"ImageObject","inLanguage":"es","@id":"https:\/\/secure.gravatar.com\/avatar\/f3358fe09cfbbfc24265a18ea411b8ee8e54296a50fb17d8acf3cffca66240d2?s=96&d=mm&r=g","url":"https:\/\/secure.gravatar.com\/avatar\/f3358fe09cfbbfc24265a18ea411b8ee8e54296a50fb17d8acf3cffca66240d2?s=96&d=mm&r=g","contentUrl":"https:\/\/secure.gravatar.com\/avatar\/f3358fe09cfbbfc24265a18ea411b8ee8e54296a50fb17d8acf3cffca66240d2?s=96&d=mm&r=g","caption":"admin"},"sameAs":["https:\/\/elconfesionario.co\/w"],"url":"https:\/\/confesionario.co\/w\/author\/osabuena\/"}]}},"jetpack_featured_media_url":"","_links":{"self":[{"href":"https:\/\/confesionario.co\/w\/wp-json\/wp\/v2\/posts\/10071","targetHints":{"allow":["GET"]}}],"collection":[{"href":"https:\/\/confesionario.co\/w\/wp-json\/wp\/v2\/posts"}],"about":[{"href":"https:\/\/confesionario.co\/w\/wp-json\/wp\/v2\/types\/post"}],"author":[{"embeddable":true,"href":"https:\/\/confesionario.co\/w\/wp-json\/wp\/v2\/users\/1"}],"replies":[{"embeddable":true,"href":"https:\/\/confesionario.co\/w\/wp-json\/wp\/v2\/comments?post=10071"}],"version-history":[{"count":0,"href":"https:\/\/confesionario.co\/w\/wp-json\/wp\/v2\/posts\/10071\/revisions"}],"wp:attachment":[{"href":"https:\/\/confesionario.co\/w\/wp-json\/wp\/v2\/media?parent=10071"}],"wp:term":[{"taxonomy":"category","embeddable":true,"href":"https:\/\/confesionario.co\/w\/wp-json\/wp\/v2\/categories?post=10071"},{"taxonomy":"post_tag","embeddable":true,"href":"https:\/\/confesionario.co\/w\/wp-json\/wp\/v2\/tags?post=10071"}],"curies":[{"name":"wp","href":"https:\/\/api.w.org\/{rel}","templated":true}]}}