{"id":10075,"date":"2022-12-29T13:14:18","date_gmt":"2022-12-29T13:14:18","guid":{"rendered":"https:\/\/confesionario.co\/w\/ibague-evoluciono-hacia-la-reactivacion-economica-durante-el-2022\/"},"modified":"2022-12-29T13:14:18","modified_gmt":"2022-12-29T13:14:18","slug":"ibague-evoluciono-hacia-la-reactivacion-economica-durante-el-2022","status":"publish","type":"post","link":"https:\/\/confesionario.co\/w\/ibague-evoluciono-hacia-la-reactivacion-economica-durante-el-2022\/","title":{"rendered":"Ibagu\u00e9 evolucion\u00f3 hacia la reactivaci\u00f3n econ\u00f3mica durante el 2022"},"content":{"rendered":"<p class=\\\"MsoNormal\\\" style=\\\"text-align: justify;\\\"><span style=\\\"font-size: 12.0pt; line-height: 107%; font-family: \\'Arial\\',sans-serif;\\\">El gobierno Local alcanz\u00f3 metas en sectores productivos, a trav\u00e9s de proyectos liderados por la secretar\u00eda de Desarrollo Econ\u00f3mico.<\/span><\/p>\n<p><!--more--><\/p>\n<p class=\\\"MsoNormal\\\" style=\\\"text-align: justify;\\\"><span style=\\\"font-size: 12.0pt; line-height: 107%; font-family: \\'Arial\\',sans-serif;\\\">Luego de la pandemia que paraliz\u00f3 el comercio durante casi dos a\u00f1os, Ibagu\u00e9 evolucion\u00f3 en este 2022 hacia la reactivaci\u00f3n econ\u00f3mica, gracias a la ejecuci\u00f3n de diferentes proyectos estrat\u00e9gicos.<\/span><\/p>\n<p class=\\\"MsoNormal\\\" style=\\\"text-align: justify;\\\"><span style=\\\"font-size: 12.0pt; line-height: 107%; font-family: \\'Arial\\',sans-serif;\\\">En lo anterior jug\u00f3 este a\u00f1o un papel importante la secretar\u00eda de Desarrollo Econ\u00f3mico, con sus 31 metas contempladas en el Plan de Desarrollo \u2018Ibagu\u00e9 Vibra 2020-2023\u2019, en las \u00e1reas de turismo, empleo, emprendimiento y fortalecimiento de las empresas, con una ejecuci\u00f3n superior al 95%.<\/span><\/p>\n<p class=\\\"MsoNormal\\\" style=\\\"text-align: justify;\\\"><span style=\\\"font-size: 12.0pt; line-height: 107%; font-family: \\'Arial\\',sans-serif;\\\">Asimismo, gracias a la participaci\u00f3n en 13 ferias y vitrinas tur\u00edsticas nacionales e internacionales, beneficiando a m\u00e1s de 410 actores del sector, entre ellos alojamientos, restaurantes, agencias de viajes, operadores, gu\u00edas, establecimientos de gastronom\u00eda t\u00edpica rural, reservas naturales, entre otros, con ventas por m\u00e1s de 2.100 millones de pesos. Tambi\u00e9n en las tomas de centros comerciales en otras ciudades como Bogot\u00e1, Medell\u00edn y Girardot. <\/span><\/p>\n<p class=\\\"MsoNormal\\\" style=\\\"text-align: justify;\\\"><span style=\\\"font-size: 12.0pt; line-height: 107%; font-family: \\'Arial\\',sans-serif;\\\">De otra parte, en el 2022 se impactaron cerca de cuatro mil unidades productivas, mediante diversas actividades enfocadas a la reactivaci\u00f3n econ\u00f3mica como ferias comerciales, asistencias t\u00e9cnicas en pagos digitales, servicio al cliente, fortalecimiento en canales de comercializaci\u00f3n digitales, entre otras.<\/span><\/p>\n<p class=\\\"MsoNormal\\\" style=\\\"text-align: justify;\\\"><span style=\\\"font-size: 12.0pt; line-height: 107%; font-family: \\'Arial\\',sans-serif;\\\">Una de las acciones para resaltar fue la formalizaci\u00f3n de cientos de unidades productivas, y el trabajo en conjunto con la C\u00e1mara de Comercio de Ibagu\u00e9, con el cual se logr\u00f3 que m\u00e1s de 200 personas se constituyeran como empresarios en la ciudad. <\/span><\/p>\n<p class=\\\"MsoNormal\\\" style=\\\"text-align: justify;\\\"><span style=\\\"font-size: 12.0pt; line-height: 107%; font-family: \\'Arial\\',sans-serif;\\\">De igual forma, para mejorar la experiencia de los compradores y as\u00ed afianzar los productos y servicios ofrecidos en la ciudad, se cre\u00f3 una gran campa\u00f1a de servicio al cliente y de compra local, y en conjunto con Fenalco, se lanz\u00f3 la estrategia de \u2018Compra al barrio\u2019, donde m\u00e1s de 300 empresas se vieron beneficiadas, y que se encuentran en una plataforma piloto https:\/\/compraalbarrio.fenalcotolima.com.co, la cual se espera siga creciendo.<\/span><\/p>\n<p class=\\\"MsoNormal\\\" style=\\\"text-align: justify;\\\"><span style=\\\"font-size: 12.0pt; line-height: 107%; font-family: \\'Arial\\',sans-serif;\\\">El emprendimiento tambi\u00e9n ha sido protagonista de esta administraci\u00f3n: En alianza con el Sena se entregaron 2.000 millones de pesos a 25 emprendimientos a trav\u00e9s de la convocatoria Fondo Emprender, con ideas de negocios en mascotas, textil, belleza, aseo y alimentaci\u00f3n. A esto se suman 13 empresarios del sector creativo que recibieron capital semilla de $5 millones para incentivar sus ideas de negocios, en \u00e1reas de las industrias culturales y creativas.<\/span><\/p>\n<p class=\\\"MsoNormal\\\" style=\\\"text-align: justify;\\\"><span style=\\\"font-size: 12.0pt; line-height: 107%; font-family: \\'Arial\\',sans-serif;\\\">Con esta entidad tambi\u00e9n se trabaj\u00f3 en la certificaci\u00f3n de competencias laborales de m\u00e1s de 170 trabajadores, en temas como artes esc\u00e9nicas, electricidad, manipulaci\u00f3n de alimentos, entre otros.<\/span><\/p>\n<p class=\\\"MsoNormal\\\" style=\\\"text-align: justify;\\\"><span style=\\\"font-size: 12.0pt; line-height: 107%; font-family: \\'Arial\\',sans-serif;\\\">En materia de generaci\u00f3n de empleo, cabe resaltar que han sido m\u00faltiples los esfuerzos que desde esta administraci\u00f3n. Varios de ellos son las estrategias empleo al barrio y empleo al parque, con las cuales recorrimos las 13 comunas de la ciudad, de la mano con el Sat\u00e9lite de la Agencia P\u00fablica de Empleo del Sena, empresarios y actores aliados. Asimismo, se atendieron cerca de 3.500 personas y se logr\u00f3 la colocaci\u00f3n efectiva de m\u00e1s de 600 empleos. <\/span><\/p>\n<p class=\\\"MsoNormal\\\" style=\\\"text-align: justify;\\\"><span style=\\\"font-size: 12.0pt; line-height: 107%; font-family: \\'Arial\\',sans-serif;\\\">Otro plan para la generaci\u00f3n de empleo fueron los incentivos tributarios para aquellas empresas que generen nuevas vacantes laborales en la capital musical, con beneficios de hasta el 100% en el impuesto Predial e Industria y Comercio. <\/span><\/p>\n<p class=\\\"MsoNormal\\\" style=\\\"text-align: justify;\\\"><span style=\\\"font-size: 12.0pt; line-height: 107%; font-family: \\'Arial\\',sans-serif;\\\">Asimismo, estrategias como Ibagu\u00e9 Nocturna, que responde a la ampliaci\u00f3n de horarios para que algunos sectores econ\u00f3micos puedan ocupar un mayor n\u00famero de personas para atender estos horarios adicionales, as\u00ed como una gran apuesta en materia de turismo para que a trav\u00e9s del fortalecimiento de este sector se generen nuevas oportunidades. <\/span><\/p>\n<p class=\\\"MsoNormal\\\" style=\\\"text-align: justify;\\\"><span style=\\\"font-size: 12.0pt; line-height: 107%; font-family: \\'Arial\\',sans-serif;\\\">En cuanto a informalidad, una problem\u00e1tica del pa\u00eds, las cifras actuales son un logro para la administraci\u00f3n porque que son las m\u00e1s bajas en 10 a\u00f1os. Si recordamos los datos, desde el 2007 hasta el 2016 se presentaba una informalidad superior al 55%, con gran parte de ese periodo sobre el 60%, del 2017 al 2019, y en la \u00faltima medici\u00f3n Ibagu\u00e9 lleg\u00f3 al 50,2%. <\/span><\/p>\n<p class=\\\"MsoNormal\\\" style=\\\"text-align: justify;\\\"><span style=\\\"font-size: 12.0pt; line-height: 107%; font-family: \\'Arial\\',sans-serif;\\\">En materia tur\u00edstica un logro para resaltar y sentirnos orgullosos es la recertificaci\u00f3n del Ca\u00f1\u00f3n del Combeima, con la norma t\u00e9cnica sectorial de turismo sostenible NTS- TS-001. Esta zona es uno de los 27 destinos que ostentan este reconocimiento en el pa\u00eds, lo cual pone a Ibagu\u00e9 en el radar de turistas y visitantes que buscan un destino en el que la cultura, la econom\u00eda y el ambiente se articulen y sean sostenibles. <\/span><\/p>\n<p class=\\\"MsoNormal\\\" style=\\\"text-align: justify;\\\"><span style=\\\"font-size: 12.0pt; line-height: 107%; font-family: \\'Arial\\',sans-serif;\\\">Tampoco se ha escatimado esfuerzos para posicionar a la Ciudad Musical como destino tur\u00edstico nacional e internacional, resaltando las fortalezas en naturaleza, cultura, deporte, gastronom\u00eda y salud. Por ello, con la estrategia \u2018Descubre Ibagu\u00e9\u2019, se promociona a la capital tolimense en v\u00edas nacionales a trav\u00e9s de instalaci\u00f3n de vallas publicitarias, se dise\u00f1aron los mapas y directorios de experiencias tur\u00edsticos con m\u00e1s de 200 prestadores de servicios, y se lanz\u00f3 el sistema de informaci\u00f3n tur\u00edstica.<\/span><\/p>\n<p class=\\\"MsoNormal\\\" style=\\\"text-align: justify;\\\"><span style=\\\"font-size: 12.0pt; line-height: 107%; font-family: \\'Arial\\',sans-serif;\\\">El trabajo ha sido de la mano de otras secretar\u00edas de la administraci\u00f3n y de los gremios como Cotelco, para en temporadas bajas promocionar y comercializar el destino a trav\u00e9s de eventos digitales como \u2018Ibagu\u00e9 es el Plan Hotsale\u2019, logrando la participaci\u00f3n de 98 empresarios de alojamiento, restaurantes, reservas naturales y hoteles con ventas altamente superiores. <\/span><\/p>\n<p class=\\\"MsoNormal\\\" style=\\\"text-align: justify;\\\"><span style=\\\"font-size: 12.0pt; line-height: 107%; font-family: \\'Arial\\',sans-serif;\\\">\u201cEl desarrollo de estas y otras estrategias ha permitido posicionar a Ibagu\u00e9 como uno de los destinos m\u00e1s atractivos del pa\u00eds logrando incrementar el indicador de ocupaci\u00f3n hotelera en el 20,19% comparado con el a\u00f1o 2019, previo a pandemia. Desde la administraci\u00f3n nos hemos planteado diversas estrategias para acompa\u00f1ar, visibilizar y apoyar a los empresarios y comerciantes de los sectores econ\u00f3micos de la ciudad\u201d, manifest\u00f3 Alba Luc\u00eda Garc\u00eda, secretaria de Desarrollo Econ\u00f3mico.<\/span><\/p>\n<p class=\\\"MsoNormal\\\" style=\\\"text-align: justify;\\\"><span style=\\\"font-size: 12.0pt; line-height: 107%; font-family: \\'Arial\\',sans-serif;\\\">Y agreg\u00f3: \u201cEn el 2022 tambi\u00e9n logramos la formulaci\u00f3n y aprobaci\u00f3n de la Pol\u00edtica P\u00fablica de Desarrollo Econ\u00f3mico, en la que se se\u00f1alan los lineamientos para la creaci\u00f3n de un ambiente propicio para trabajar en Ibagu\u00e9, atraer inversi\u00f3n y por supuesto ser\u00e1 la carta de navegaci\u00f3n de los pr\u00f3ximos 10 a\u00f1os de la ciudad\u201d.<\/span><\/p>\n<p class=\\\"MsoNormal\\\" style=\\\"text-align: justify;\\\"><span style=\\\"font-size: 12.0pt; line-height: 107%; font-family: \\'Arial\\',sans-serif;\\\">Por \u00faltimo, vale la pena mencionar que esta Pol\u00edtica P\u00fablica de Desarrollo Econ\u00f3mico, es la gran carta de navegaci\u00f3n que los gremios, empresarios, y dem\u00e1s actores del entorno econ\u00f3mico ven\u00edan solicitando desde hace a\u00f1os. Esta pol\u00edtica se enmarca en cuatro l\u00edneas estrat\u00e9gicas: La de desarrollo territorial, desarrollo productivo, desarrollo de capacidades empresariales y desarrollo y formaci\u00f3n profesional.<\/span><\/p>\n","protected":false},"excerpt":{"rendered":"<p>El gobierno Local alcanz\u00f3 metas en sectores productivos, a trav\u00e9s de proyectos liderados por la secretar\u00eda de Desarrollo Econ\u00f3mico.<\/p>\n","protected":false},"author":1,"featured_media":0,"comment_status":"open","ping_status":"open","sticky":false,"template":"","format":"standard","meta":{"site-sidebar-layout":"default","site-content-layout":"","ast-site-content-layout":"default","site-content-style":"default","site-sidebar-style":"default","ast-global-header-display":"","ast-banner-title-visibility":"","ast-main-header-display":"","ast-hfb-above-header-display":"","ast-hfb-below-header-display":"","ast-hfb-mobile-header-display":"","site-post-title":"","ast-breadcrumbs-content":"","ast-featured-img":"","footer-sml-layout":"","ast-disable-related-posts":"","theme-transparent-header-meta":"","adv-header-id-meta":"","stick-header-meta":"","header-above-stick-meta":"","header-main-stick-meta":"","header-below-stick-meta":"","astra-migrate-meta-layouts":"default","ast-page-background-enabled":"default","ast-page-background-meta":{"desktop":{"background-color":"var(--ast-global-color-4)","background-image":"","background-repeat":"repeat","background-position":"center center","background-size":"auto","background-attachment":"scroll","background-type":"","background-media":"","overlay-type":"","overlay-color":"","overlay-opacity":"","overlay-gradient":""},"tablet":{"background-color":"","background-image":"","background-repeat":"repeat","background-position":"center center","background-size":"auto","background-attachment":"scroll","background-type":"","background-media":"","overlay-type":"","overlay-color":"","overlay-opacity":"","overlay-gradient":""},"mobile":{"background-color":"","background-image":"","background-repeat":"repeat","background-position":"center center","background-size":"auto","background-attachment":"scroll","background-type":"","background-media":"","overlay-type":"","overlay-color":"","overlay-opacity":"","overlay-gradient":""}},"ast-content-background-meta":{"desktop":{"background-color":"var(--ast-global-color-5)","background-image":"","background-repeat":"repeat","background-position":"center center","background-size":"auto","background-attachment":"scroll","background-type":"","background-media":"","overlay-type":"","overlay-color":"","overlay-opacity":"","overlay-gradient":""},"tablet":{"background-color":"var(--ast-global-color-5)","background-image":"","background-repeat":"repeat","background-position":"center center","background-size":"auto","background-attachment":"scroll","background-type":"","background-media":"","overlay-type":"","overlay-color":"","overlay-opacity":"","overlay-gradient":""},"mobile":{"background-color":"var(--ast-global-color-5)","background-image":"","background-repeat":"repeat","background-position":"center center","background-size":"auto","background-attachment":"scroll","background-type":"","background-media":"","overlay-type":"","overlay-color":"","overlay-opacity":"","overlay-gradient":""}},"footnotes":""},"categories":[19],"tags":[],"class_list":["post-10075","post","type-post","status-publish","format-standard","hentry","category-ibague"],"yoast_head":"<!-- This site is optimized with the Yoast SEO plugin v27.4 - https:\/\/yoast.com\/product\/yoast-seo-wordpress\/ -->\n<title>Ibagu\u00e9 evolucion\u00f3 hacia la reactivaci\u00f3n econ\u00f3mica durante el 2022 - El Confesionario<\/title>\n<meta name=\"robots\" content=\"index, follow, max-snippet:-1, max-image-preview:large, max-video-preview:-1\" \/>\n<link rel=\"canonical\" href=\"https:\/\/confesionario.co\/w\/ibague-evoluciono-hacia-la-reactivacion-economica-durante-el-2022\/\" \/>\n<meta property=\"og:locale\" content=\"es_ES\" \/>\n<meta property=\"og:type\" content=\"article\" \/>\n<meta property=\"og:title\" content=\"Ibagu\u00e9 evolucion\u00f3 hacia la reactivaci\u00f3n econ\u00f3mica durante el 2022 - El Confesionario\" \/>\n<meta property=\"og:description\" content=\"El gobierno Local alcanz\u00f3 metas en sectores productivos, a trav\u00e9s de proyectos liderados por la secretar\u00eda de Desarrollo Econ\u00f3mico.\" \/>\n<meta property=\"og:url\" content=\"https:\/\/confesionario.co\/w\/ibague-evoluciono-hacia-la-reactivacion-economica-durante-el-2022\/\" \/>\n<meta property=\"og:site_name\" content=\"El Confesionario\" \/>\n<meta property=\"article:published_time\" content=\"2022-12-29T13:14:18+00:00\" \/>\n<meta name=\"author\" content=\"admin\" \/>\n<meta name=\"twitter:card\" content=\"summary_large_image\" \/>\n<meta name=\"twitter:label1\" content=\"Escrito por\" \/>\n\t<meta name=\"twitter:data1\" content=\"admin\" \/>\n\t<meta name=\"twitter:label2\" content=\"Tiempo de lectura\" \/>\n\t<meta name=\"twitter:data2\" content=\"6 minutos\" \/>\n<script type=\"application\/ld+json\" class=\"yoast-schema-graph\">{\"@context\":\"https:\\\/\\\/schema.org\",\"@graph\":[{\"@type\":\"Article\",\"@id\":\"https:\\\/\\\/confesionario.co\\\/w\\\/ibague-evoluciono-hacia-la-reactivacion-economica-durante-el-2022\\\/#article\",\"isPartOf\":{\"@id\":\"https:\\\/\\\/confesionario.co\\\/w\\\/ibague-evoluciono-hacia-la-reactivacion-economica-durante-el-2022\\\/\"},\"author\":{\"name\":\"admin\",\"@id\":\"https:\\\/\\\/confesionario.co\\\/w\\\/#\\\/schema\\\/person\\\/85e99333497749318afab96ea0cc2342\"},\"headline\":\"Ibagu\u00e9 evolucion\u00f3 hacia la reactivaci\u00f3n econ\u00f3mica durante el 2022\",\"datePublished\":\"2022-12-29T13:14:18+00:00\",\"mainEntityOfPage\":{\"@id\":\"https:\\\/\\\/confesionario.co\\\/w\\\/ibague-evoluciono-hacia-la-reactivacion-economica-durante-el-2022\\\/\"},\"wordCount\":1118,\"commentCount\":0,\"publisher\":{\"@id\":\"https:\\\/\\\/confesionario.co\\\/w\\\/#organization\"},\"articleSection\":[\"Ibagu\u00e9\"],\"inLanguage\":\"es\",\"potentialAction\":[{\"@type\":\"CommentAction\",\"name\":\"Comment\",\"target\":[\"https:\\\/\\\/confesionario.co\\\/w\\\/ibague-evoluciono-hacia-la-reactivacion-economica-durante-el-2022\\\/#respond\"]}]},{\"@type\":\"WebPage\",\"@id\":\"https:\\\/\\\/confesionario.co\\\/w\\\/ibague-evoluciono-hacia-la-reactivacion-economica-durante-el-2022\\\/\",\"url\":\"https:\\\/\\\/confesionario.co\\\/w\\\/ibague-evoluciono-hacia-la-reactivacion-economica-durante-el-2022\\\/\",\"name\":\"Ibagu\u00e9 evolucion\u00f3 hacia la reactivaci\u00f3n econ\u00f3mica durante el 2022 - El Confesionario\",\"isPartOf\":{\"@id\":\"https:\\\/\\\/confesionario.co\\\/w\\\/#website\"},\"datePublished\":\"2022-12-29T13:14:18+00:00\",\"breadcrumb\":{\"@id\":\"https:\\\/\\\/confesionario.co\\\/w\\\/ibague-evoluciono-hacia-la-reactivacion-economica-durante-el-2022\\\/#breadcrumb\"},\"inLanguage\":\"es\",\"potentialAction\":[{\"@type\":\"ReadAction\",\"target\":[\"https:\\\/\\\/confesionario.co\\\/w\\\/ibague-evoluciono-hacia-la-reactivacion-economica-durante-el-2022\\\/\"]}]},{\"@type\":\"BreadcrumbList\",\"@id\":\"https:\\\/\\\/confesionario.co\\\/w\\\/ibague-evoluciono-hacia-la-reactivacion-economica-durante-el-2022\\\/#breadcrumb\",\"itemListElement\":[{\"@type\":\"ListItem\",\"position\":1,\"name\":\"Portada\",\"item\":\"https:\\\/\\\/confesionario.co\\\/w\\\/\"},{\"@type\":\"ListItem\",\"position\":2,\"name\":\"Ibagu\u00e9 evolucion\u00f3 hacia la reactivaci\u00f3n econ\u00f3mica durante el 2022\"}]},{\"@type\":\"WebSite\",\"@id\":\"https:\\\/\\\/confesionario.co\\\/w\\\/#website\",\"url\":\"https:\\\/\\\/confesionario.co\\\/w\\\/\",\"name\":\"El Confesionario\",\"description\":\"\",\"publisher\":{\"@id\":\"https:\\\/\\\/confesionario.co\\\/w\\\/#organization\"},\"potentialAction\":[{\"@type\":\"SearchAction\",\"target\":{\"@type\":\"EntryPoint\",\"urlTemplate\":\"https:\\\/\\\/confesionario.co\\\/w\\\/?s={search_term_string}\"},\"query-input\":{\"@type\":\"PropertyValueSpecification\",\"valueRequired\":true,\"valueName\":\"search_term_string\"}}],\"inLanguage\":\"es\"},{\"@type\":\"Organization\",\"@id\":\"https:\\\/\\\/confesionario.co\\\/w\\\/#organization\",\"name\":\"El Confesionario\",\"url\":\"https:\\\/\\\/confesionario.co\\\/w\\\/\",\"logo\":{\"@type\":\"ImageObject\",\"inLanguage\":\"es\",\"@id\":\"https:\\\/\\\/confesionario.co\\\/w\\\/#\\\/schema\\\/logo\\\/image\\\/\",\"url\":\"https:\\\/\\\/confesionario.co\\\/w\\\/wp-content\\\/uploads\\\/2026\\\/02\\\/confesionario-horizontal.png\",\"contentUrl\":\"https:\\\/\\\/confesionario.co\\\/w\\\/wp-content\\\/uploads\\\/2026\\\/02\\\/confesionario-horizontal.png\",\"width\":581,\"height\":148,\"caption\":\"El Confesionario\"},\"image\":{\"@id\":\"https:\\\/\\\/confesionario.co\\\/w\\\/#\\\/schema\\\/logo\\\/image\\\/\"}},{\"@type\":\"Person\",\"@id\":\"https:\\\/\\\/confesionario.co\\\/w\\\/#\\\/schema\\\/person\\\/85e99333497749318afab96ea0cc2342\",\"name\":\"admin\",\"image\":{\"@type\":\"ImageObject\",\"inLanguage\":\"es\",\"@id\":\"https:\\\/\\\/secure.gravatar.com\\\/avatar\\\/f3358fe09cfbbfc24265a18ea411b8ee8e54296a50fb17d8acf3cffca66240d2?s=96&d=mm&r=g\",\"url\":\"https:\\\/\\\/secure.gravatar.com\\\/avatar\\\/f3358fe09cfbbfc24265a18ea411b8ee8e54296a50fb17d8acf3cffca66240d2?s=96&d=mm&r=g\",\"contentUrl\":\"https:\\\/\\\/secure.gravatar.com\\\/avatar\\\/f3358fe09cfbbfc24265a18ea411b8ee8e54296a50fb17d8acf3cffca66240d2?s=96&d=mm&r=g\",\"caption\":\"admin\"},\"sameAs\":[\"https:\\\/\\\/elconfesionario.co\\\/w\"],\"url\":\"https:\\\/\\\/confesionario.co\\\/w\\\/author\\\/osabuena\\\/\"}]}<\/script>\n<!-- \/ Yoast SEO plugin. -->","yoast_head_json":{"title":"Ibagu\u00e9 evolucion\u00f3 hacia la reactivaci\u00f3n econ\u00f3mica durante el 2022 - El Confesionario","robots":{"index":"index","follow":"follow","max-snippet":"max-snippet:-1","max-image-preview":"max-image-preview:large","max-video-preview":"max-video-preview:-1"},"canonical":"https:\/\/confesionario.co\/w\/ibague-evoluciono-hacia-la-reactivacion-economica-durante-el-2022\/","og_locale":"es_ES","og_type":"article","og_title":"Ibagu\u00e9 evolucion\u00f3 hacia la reactivaci\u00f3n econ\u00f3mica durante el 2022 - El Confesionario","og_description":"El gobierno Local alcanz\u00f3 metas en sectores productivos, a trav\u00e9s de proyectos liderados por la secretar\u00eda de Desarrollo Econ\u00f3mico.","og_url":"https:\/\/confesionario.co\/w\/ibague-evoluciono-hacia-la-reactivacion-economica-durante-el-2022\/","og_site_name":"El Confesionario","article_published_time":"2022-12-29T13:14:18+00:00","author":"admin","twitter_card":"summary_large_image","twitter_misc":{"Escrito por":"admin","Tiempo de lectura":"6 minutos"},"schema":{"@context":"https:\/\/schema.org","@graph":[{"@type":"Article","@id":"https:\/\/confesionario.co\/w\/ibague-evoluciono-hacia-la-reactivacion-economica-durante-el-2022\/#article","isPartOf":{"@id":"https:\/\/confesionario.co\/w\/ibague-evoluciono-hacia-la-reactivacion-economica-durante-el-2022\/"},"author":{"name":"admin","@id":"https:\/\/confesionario.co\/w\/#\/schema\/person\/85e99333497749318afab96ea0cc2342"},"headline":"Ibagu\u00e9 evolucion\u00f3 hacia la reactivaci\u00f3n econ\u00f3mica durante el 2022","datePublished":"2022-12-29T13:14:18+00:00","mainEntityOfPage":{"@id":"https:\/\/confesionario.co\/w\/ibague-evoluciono-hacia-la-reactivacion-economica-durante-el-2022\/"},"wordCount":1118,"commentCount":0,"publisher":{"@id":"https:\/\/confesionario.co\/w\/#organization"},"articleSection":["Ibagu\u00e9"],"inLanguage":"es","potentialAction":[{"@type":"CommentAction","name":"Comment","target":["https:\/\/confesionario.co\/w\/ibague-evoluciono-hacia-la-reactivacion-economica-durante-el-2022\/#respond"]}]},{"@type":"WebPage","@id":"https:\/\/confesionario.co\/w\/ibague-evoluciono-hacia-la-reactivacion-economica-durante-el-2022\/","url":"https:\/\/confesionario.co\/w\/ibague-evoluciono-hacia-la-reactivacion-economica-durante-el-2022\/","name":"Ibagu\u00e9 evolucion\u00f3 hacia la reactivaci\u00f3n econ\u00f3mica durante el 2022 - El Confesionario","isPartOf":{"@id":"https:\/\/confesionario.co\/w\/#website"},"datePublished":"2022-12-29T13:14:18+00:00","breadcrumb":{"@id":"https:\/\/confesionario.co\/w\/ibague-evoluciono-hacia-la-reactivacion-economica-durante-el-2022\/#breadcrumb"},"inLanguage":"es","potentialAction":[{"@type":"ReadAction","target":["https:\/\/confesionario.co\/w\/ibague-evoluciono-hacia-la-reactivacion-economica-durante-el-2022\/"]}]},{"@type":"BreadcrumbList","@id":"https:\/\/confesionario.co\/w\/ibague-evoluciono-hacia-la-reactivacion-economica-durante-el-2022\/#breadcrumb","itemListElement":[{"@type":"ListItem","position":1,"name":"Portada","item":"https:\/\/confesionario.co\/w\/"},{"@type":"ListItem","position":2,"name":"Ibagu\u00e9 evolucion\u00f3 hacia la reactivaci\u00f3n econ\u00f3mica durante el 2022"}]},{"@type":"WebSite","@id":"https:\/\/confesionario.co\/w\/#website","url":"https:\/\/confesionario.co\/w\/","name":"El Confesionario","description":"","publisher":{"@id":"https:\/\/confesionario.co\/w\/#organization"},"potentialAction":[{"@type":"SearchAction","target":{"@type":"EntryPoint","urlTemplate":"https:\/\/confesionario.co\/w\/?s={search_term_string}"},"query-input":{"@type":"PropertyValueSpecification","valueRequired":true,"valueName":"search_term_string"}}],"inLanguage":"es"},{"@type":"Organization","@id":"https:\/\/confesionario.co\/w\/#organization","name":"El Confesionario","url":"https:\/\/confesionario.co\/w\/","logo":{"@type":"ImageObject","inLanguage":"es","@id":"https:\/\/confesionario.co\/w\/#\/schema\/logo\/image\/","url":"https:\/\/confesionario.co\/w\/wp-content\/uploads\/2026\/02\/confesionario-horizontal.png","contentUrl":"https:\/\/confesionario.co\/w\/wp-content\/uploads\/2026\/02\/confesionario-horizontal.png","width":581,"height":148,"caption":"El Confesionario"},"image":{"@id":"https:\/\/confesionario.co\/w\/#\/schema\/logo\/image\/"}},{"@type":"Person","@id":"https:\/\/confesionario.co\/w\/#\/schema\/person\/85e99333497749318afab96ea0cc2342","name":"admin","image":{"@type":"ImageObject","inLanguage":"es","@id":"https:\/\/secure.gravatar.com\/avatar\/f3358fe09cfbbfc24265a18ea411b8ee8e54296a50fb17d8acf3cffca66240d2?s=96&d=mm&r=g","url":"https:\/\/secure.gravatar.com\/avatar\/f3358fe09cfbbfc24265a18ea411b8ee8e54296a50fb17d8acf3cffca66240d2?s=96&d=mm&r=g","contentUrl":"https:\/\/secure.gravatar.com\/avatar\/f3358fe09cfbbfc24265a18ea411b8ee8e54296a50fb17d8acf3cffca66240d2?s=96&d=mm&r=g","caption":"admin"},"sameAs":["https:\/\/elconfesionario.co\/w"],"url":"https:\/\/confesionario.co\/w\/author\/osabuena\/"}]}},"jetpack_featured_media_url":"","_links":{"self":[{"href":"https:\/\/confesionario.co\/w\/wp-json\/wp\/v2\/posts\/10075","targetHints":{"allow":["GET"]}}],"collection":[{"href":"https:\/\/confesionario.co\/w\/wp-json\/wp\/v2\/posts"}],"about":[{"href":"https:\/\/confesionario.co\/w\/wp-json\/wp\/v2\/types\/post"}],"author":[{"embeddable":true,"href":"https:\/\/confesionario.co\/w\/wp-json\/wp\/v2\/users\/1"}],"replies":[{"embeddable":true,"href":"https:\/\/confesionario.co\/w\/wp-json\/wp\/v2\/comments?post=10075"}],"version-history":[{"count":0,"href":"https:\/\/confesionario.co\/w\/wp-json\/wp\/v2\/posts\/10075\/revisions"}],"wp:attachment":[{"href":"https:\/\/confesionario.co\/w\/wp-json\/wp\/v2\/media?parent=10075"}],"wp:term":[{"taxonomy":"category","embeddable":true,"href":"https:\/\/confesionario.co\/w\/wp-json\/wp\/v2\/categories?post=10075"},{"taxonomy":"post_tag","embeddable":true,"href":"https:\/\/confesionario.co\/w\/wp-json\/wp\/v2\/tags?post=10075"}],"curies":[{"name":"wp","href":"https:\/\/api.w.org\/{rel}","templated":true}]}}