{"id":10076,"date":"2022-12-29T13:37:44","date_gmt":"2022-12-29T13:37:44","guid":{"rendered":"https:\/\/confesionario.co\/w\/habitantes-de-la-martinica-aprovechan-al-maximo-zona-vibra-de-internet-gratuito\/"},"modified":"2022-12-29T13:37:44","modified_gmt":"2022-12-29T13:37:44","slug":"habitantes-de-la-martinica-aprovechan-al-maximo-zona-vibra-de-internet-gratuito","status":"publish","type":"post","link":"https:\/\/confesionario.co\/w\/habitantes-de-la-martinica-aprovechan-al-maximo-zona-vibra-de-internet-gratuito\/","title":{"rendered":"Habitantes de La Martinica aprovechan al m\u00e1ximo Zona Vibra de Internet gratuito"},"content":{"rendered":"<p class=\\\"MsoNormal\\\" style=\\\"text-align: justify;\\\"><span style=\\\"font-size: 12.0pt; line-height: 107%; font-family: \\'Arial\\',sans-serif;\\\">Los ni\u00f1os de la vereda realizan sus actividades escolares a trav\u00e9s de la conectividad en este punto.<\/span><\/p>\n<p><!--more--><\/p>\n<p class=\\\"MsoNormal\\\" style=\\\"text-align: justify;\\\"><span style=\\\"font-size: 12.0pt; line-height: 107%; font-family: \\'Arial\\',sans-serif;\\\">Cada ma\u00f1ana, Carmelina Montealegre se prepara desde muy temprano para trabajar arduamente en su finca, en La Martinica, donde cosecha caf\u00e9, pl\u00e1tano, banano, entre otros productos, para sacar adelante a su familia.<\/span><\/p>\n<p class=\\\"MsoNormal\\\" style=\\\"text-align: justify;\\\"><span style=\\\"font-size: 12.0pt; line-height: 107%; font-family: \\'Arial\\',sans-serif;\\\">Mientras tanto, sus hijos de 13 y 16 a\u00f1os se alistan para realizar sus tareas y aprovechar al m\u00e1ximo la conectividad gratuita que les brinda la Zona Vibra ubicada en la vereda; a trav\u00e9s de la cual, pueden realizar sus actividades escolares, informarse con las noticias, y hasta comparar los precios de lo que cultiva y vende su mam\u00e1.<\/span><\/p>\n<p class=\\\"MsoNormal\\\" style=\\\"text-align: justify;\\\"><span style=\\\"font-size: 12.0pt; line-height: 107%; font-family: \\'Arial\\',sans-serif;\\\">\u201cNuestros hijos est\u00e1n muy contentos con la Zona Vibra, porque tienen c\u00f3mo hacer sus actividades estudiantiles; los ni\u00f1os de los vecinos vienen ac\u00e1 tambi\u00e9n a hacer las actividades que les dejan en el colegio. Y nosotros tambi\u00e9n nos conectamos a las redes sociales y podemos estar enterados de lo que sucede\u201d, precis\u00f3 Carmelina Montealegre, habitante de La Martinica. <\/span><\/p>\n<p class=\\\"MsoNormal\\\" style=\\\"text-align: justify;\\\"><span style=\\\"font-size: 12.0pt; line-height: 107%; font-family: \\'Arial\\',sans-serif;\\\">Y as\u00ed como la familia Montealegre, son cientos de ibaguere\u00f1os los que hoy se benefician con los 280 puntos instalados en toda la ciudad por la Administraci\u00f3n Municipal, 104 en el \u00e1rea rural, y 176 en el casco urbano; y que cuentan con 20 megas, las 24 horas y los siete d\u00edas de la semana, y su red tiene un alcance de 80 metros a la redonda.<\/span><\/p>\n","protected":false},"excerpt":{"rendered":"<p>Los ni\u00f1os de la vereda realizan sus actividades escolares a trav\u00e9s de la conectividad en este punto.<\/p>\n","protected":false},"author":1,"featured_media":0,"comment_status":"open","ping_status":"open","sticky":false,"template":"","format":"standard","meta":{"site-sidebar-layout":"default","site-content-layout":"","ast-site-content-layout":"default","site-content-style":"default","site-sidebar-style":"default","ast-global-header-display":"","ast-banner-title-visibility":"","ast-main-header-display":"","ast-hfb-above-header-display":"","ast-hfb-below-header-display":"","ast-hfb-mobile-header-display":"","site-post-title":"","ast-breadcrumbs-content":"","ast-featured-img":"","footer-sml-layout":"","ast-disable-related-posts":"","theme-transparent-header-meta":"","adv-header-id-meta":"","stick-header-meta":"","header-above-stick-meta":"","header-main-stick-meta":"","header-below-stick-meta":"","astra-migrate-meta-layouts":"default","ast-page-background-enabled":"default","ast-page-background-meta":{"desktop":{"background-color":"var(--ast-global-color-4)","background-image":"","background-repeat":"repeat","background-position":"center center","background-size":"auto","background-attachment":"scroll","background-type":"","background-media":"","overlay-type":"","overlay-color":"","overlay-opacity":"","overlay-gradient":""},"tablet":{"background-color":"","background-image":"","background-repeat":"repeat","background-position":"center center","background-size":"auto","background-attachment":"scroll","background-type":"","background-media":"","overlay-type":"","overlay-color":"","overlay-opacity":"","overlay-gradient":""},"mobile":{"background-color":"","background-image":"","background-repeat":"repeat","background-position":"center center","background-size":"auto","background-attachment":"scroll","background-type":"","background-media":"","overlay-type":"","overlay-color":"","overlay-opacity":"","overlay-gradient":""}},"ast-content-background-meta":{"desktop":{"background-color":"var(--ast-global-color-5)","background-image":"","background-repeat":"repeat","background-position":"center center","background-size":"auto","background-attachment":"scroll","background-type":"","background-media":"","overlay-type":"","overlay-color":"","overlay-opacity":"","overlay-gradient":""},"tablet":{"background-color":"var(--ast-global-color-5)","background-image":"","background-repeat":"repeat","background-position":"center center","background-size":"auto","background-attachment":"scroll","background-type":"","background-media":"","overlay-type":"","overlay-color":"","overlay-opacity":"","overlay-gradient":""},"mobile":{"background-color":"var(--ast-global-color-5)","background-image":"","background-repeat":"repeat","background-position":"center center","background-size":"auto","background-attachment":"scroll","background-type":"","background-media":"","overlay-type":"","overlay-color":"","overlay-opacity":"","overlay-gradient":""}},"footnotes":""},"categories":[19],"tags":[],"class_list":["post-10076","post","type-post","status-publish","format-standard","hentry","category-ibague"],"yoast_head":"<!-- This site is optimized with the Yoast SEO plugin v27.4 - https:\/\/yoast.com\/product\/yoast-seo-wordpress\/ -->\n<title>Habitantes de La Martinica aprovechan al m\u00e1ximo Zona Vibra de Internet gratuito - El Confesionario<\/title>\n<meta name=\"robots\" content=\"index, follow, max-snippet:-1, max-image-preview:large, max-video-preview:-1\" \/>\n<link rel=\"canonical\" href=\"https:\/\/confesionario.co\/w\/habitantes-de-la-martinica-aprovechan-al-maximo-zona-vibra-de-internet-gratuito\/\" \/>\n<meta property=\"og:locale\" content=\"es_ES\" \/>\n<meta property=\"og:type\" content=\"article\" \/>\n<meta property=\"og:title\" content=\"Habitantes de La Martinica aprovechan al m\u00e1ximo Zona Vibra de Internet gratuito - El Confesionario\" \/>\n<meta property=\"og:description\" content=\"Los ni\u00f1os de la vereda realizan sus actividades escolares a trav\u00e9s de la conectividad en este punto.\" \/>\n<meta property=\"og:url\" content=\"https:\/\/confesionario.co\/w\/habitantes-de-la-martinica-aprovechan-al-maximo-zona-vibra-de-internet-gratuito\/\" \/>\n<meta property=\"og:site_name\" content=\"El Confesionario\" \/>\n<meta property=\"article:published_time\" content=\"2022-12-29T13:37:44+00:00\" \/>\n<meta name=\"author\" content=\"admin\" \/>\n<meta name=\"twitter:card\" content=\"summary_large_image\" \/>\n<meta name=\"twitter:label1\" content=\"Escrito por\" \/>\n\t<meta name=\"twitter:data1\" content=\"admin\" \/>\n\t<meta name=\"twitter:label2\" content=\"Tiempo de lectura\" \/>\n\t<meta name=\"twitter:data2\" content=\"1 minuto\" \/>\n<script type=\"application\/ld+json\" class=\"yoast-schema-graph\">{\"@context\":\"https:\\\/\\\/schema.org\",\"@graph\":[{\"@type\":\"Article\",\"@id\":\"https:\\\/\\\/confesionario.co\\\/w\\\/habitantes-de-la-martinica-aprovechan-al-maximo-zona-vibra-de-internet-gratuito\\\/#article\",\"isPartOf\":{\"@id\":\"https:\\\/\\\/confesionario.co\\\/w\\\/habitantes-de-la-martinica-aprovechan-al-maximo-zona-vibra-de-internet-gratuito\\\/\"},\"author\":{\"name\":\"admin\",\"@id\":\"https:\\\/\\\/confesionario.co\\\/w\\\/#\\\/schema\\\/person\\\/85e99333497749318afab96ea0cc2342\"},\"headline\":\"Habitantes de La Martinica aprovechan al m\u00e1ximo Zona Vibra de Internet gratuito\",\"datePublished\":\"2022-12-29T13:37:44+00:00\",\"mainEntityOfPage\":{\"@id\":\"https:\\\/\\\/confesionario.co\\\/w\\\/habitantes-de-la-martinica-aprovechan-al-maximo-zona-vibra-de-internet-gratuito\\\/\"},\"wordCount\":253,\"commentCount\":0,\"publisher\":{\"@id\":\"https:\\\/\\\/confesionario.co\\\/w\\\/#organization\"},\"articleSection\":[\"Ibagu\u00e9\"],\"inLanguage\":\"es\",\"potentialAction\":[{\"@type\":\"CommentAction\",\"name\":\"Comment\",\"target\":[\"https:\\\/\\\/confesionario.co\\\/w\\\/habitantes-de-la-martinica-aprovechan-al-maximo-zona-vibra-de-internet-gratuito\\\/#respond\"]}]},{\"@type\":\"WebPage\",\"@id\":\"https:\\\/\\\/confesionario.co\\\/w\\\/habitantes-de-la-martinica-aprovechan-al-maximo-zona-vibra-de-internet-gratuito\\\/\",\"url\":\"https:\\\/\\\/confesionario.co\\\/w\\\/habitantes-de-la-martinica-aprovechan-al-maximo-zona-vibra-de-internet-gratuito\\\/\",\"name\":\"Habitantes de La Martinica aprovechan al m\u00e1ximo Zona Vibra de Internet gratuito - El Confesionario\",\"isPartOf\":{\"@id\":\"https:\\\/\\\/confesionario.co\\\/w\\\/#website\"},\"datePublished\":\"2022-12-29T13:37:44+00:00\",\"breadcrumb\":{\"@id\":\"https:\\\/\\\/confesionario.co\\\/w\\\/habitantes-de-la-martinica-aprovechan-al-maximo-zona-vibra-de-internet-gratuito\\\/#breadcrumb\"},\"inLanguage\":\"es\",\"potentialAction\":[{\"@type\":\"ReadAction\",\"target\":[\"https:\\\/\\\/confesionario.co\\\/w\\\/habitantes-de-la-martinica-aprovechan-al-maximo-zona-vibra-de-internet-gratuito\\\/\"]}]},{\"@type\":\"BreadcrumbList\",\"@id\":\"https:\\\/\\\/confesionario.co\\\/w\\\/habitantes-de-la-martinica-aprovechan-al-maximo-zona-vibra-de-internet-gratuito\\\/#breadcrumb\",\"itemListElement\":[{\"@type\":\"ListItem\",\"position\":1,\"name\":\"Portada\",\"item\":\"https:\\\/\\\/confesionario.co\\\/w\\\/\"},{\"@type\":\"ListItem\",\"position\":2,\"name\":\"Habitantes de La Martinica aprovechan al m\u00e1ximo Zona Vibra de Internet gratuito\"}]},{\"@type\":\"WebSite\",\"@id\":\"https:\\\/\\\/confesionario.co\\\/w\\\/#website\",\"url\":\"https:\\\/\\\/confesionario.co\\\/w\\\/\",\"name\":\"El Confesionario\",\"description\":\"\",\"publisher\":{\"@id\":\"https:\\\/\\\/confesionario.co\\\/w\\\/#organization\"},\"potentialAction\":[{\"@type\":\"SearchAction\",\"target\":{\"@type\":\"EntryPoint\",\"urlTemplate\":\"https:\\\/\\\/confesionario.co\\\/w\\\/?s={search_term_string}\"},\"query-input\":{\"@type\":\"PropertyValueSpecification\",\"valueRequired\":true,\"valueName\":\"search_term_string\"}}],\"inLanguage\":\"es\"},{\"@type\":\"Organization\",\"@id\":\"https:\\\/\\\/confesionario.co\\\/w\\\/#organization\",\"name\":\"El Confesionario\",\"url\":\"https:\\\/\\\/confesionario.co\\\/w\\\/\",\"logo\":{\"@type\":\"ImageObject\",\"inLanguage\":\"es\",\"@id\":\"https:\\\/\\\/confesionario.co\\\/w\\\/#\\\/schema\\\/logo\\\/image\\\/\",\"url\":\"https:\\\/\\\/confesionario.co\\\/w\\\/wp-content\\\/uploads\\\/2026\\\/02\\\/confesionario-horizontal.png\",\"contentUrl\":\"https:\\\/\\\/confesionario.co\\\/w\\\/wp-content\\\/uploads\\\/2026\\\/02\\\/confesionario-horizontal.png\",\"width\":581,\"height\":148,\"caption\":\"El Confesionario\"},\"image\":{\"@id\":\"https:\\\/\\\/confesionario.co\\\/w\\\/#\\\/schema\\\/logo\\\/image\\\/\"}},{\"@type\":\"Person\",\"@id\":\"https:\\\/\\\/confesionario.co\\\/w\\\/#\\\/schema\\\/person\\\/85e99333497749318afab96ea0cc2342\",\"name\":\"admin\",\"image\":{\"@type\":\"ImageObject\",\"inLanguage\":\"es\",\"@id\":\"https:\\\/\\\/secure.gravatar.com\\\/avatar\\\/f3358fe09cfbbfc24265a18ea411b8ee8e54296a50fb17d8acf3cffca66240d2?s=96&d=mm&r=g\",\"url\":\"https:\\\/\\\/secure.gravatar.com\\\/avatar\\\/f3358fe09cfbbfc24265a18ea411b8ee8e54296a50fb17d8acf3cffca66240d2?s=96&d=mm&r=g\",\"contentUrl\":\"https:\\\/\\\/secure.gravatar.com\\\/avatar\\\/f3358fe09cfbbfc24265a18ea411b8ee8e54296a50fb17d8acf3cffca66240d2?s=96&d=mm&r=g\",\"caption\":\"admin\"},\"sameAs\":[\"https:\\\/\\\/elconfesionario.co\\\/w\"],\"url\":\"https:\\\/\\\/confesionario.co\\\/w\\\/author\\\/osabuena\\\/\"}]}<\/script>\n<!-- \/ Yoast SEO plugin. -->","yoast_head_json":{"title":"Habitantes de La Martinica aprovechan al m\u00e1ximo Zona Vibra de Internet gratuito - El Confesionario","robots":{"index":"index","follow":"follow","max-snippet":"max-snippet:-1","max-image-preview":"max-image-preview:large","max-video-preview":"max-video-preview:-1"},"canonical":"https:\/\/confesionario.co\/w\/habitantes-de-la-martinica-aprovechan-al-maximo-zona-vibra-de-internet-gratuito\/","og_locale":"es_ES","og_type":"article","og_title":"Habitantes de La Martinica aprovechan al m\u00e1ximo Zona Vibra de Internet gratuito - El Confesionario","og_description":"Los ni\u00f1os de la vereda realizan sus actividades escolares a trav\u00e9s de la conectividad en este punto.","og_url":"https:\/\/confesionario.co\/w\/habitantes-de-la-martinica-aprovechan-al-maximo-zona-vibra-de-internet-gratuito\/","og_site_name":"El Confesionario","article_published_time":"2022-12-29T13:37:44+00:00","author":"admin","twitter_card":"summary_large_image","twitter_misc":{"Escrito por":"admin","Tiempo de lectura":"1 minuto"},"schema":{"@context":"https:\/\/schema.org","@graph":[{"@type":"Article","@id":"https:\/\/confesionario.co\/w\/habitantes-de-la-martinica-aprovechan-al-maximo-zona-vibra-de-internet-gratuito\/#article","isPartOf":{"@id":"https:\/\/confesionario.co\/w\/habitantes-de-la-martinica-aprovechan-al-maximo-zona-vibra-de-internet-gratuito\/"},"author":{"name":"admin","@id":"https:\/\/confesionario.co\/w\/#\/schema\/person\/85e99333497749318afab96ea0cc2342"},"headline":"Habitantes de La Martinica aprovechan al m\u00e1ximo Zona Vibra de Internet gratuito","datePublished":"2022-12-29T13:37:44+00:00","mainEntityOfPage":{"@id":"https:\/\/confesionario.co\/w\/habitantes-de-la-martinica-aprovechan-al-maximo-zona-vibra-de-internet-gratuito\/"},"wordCount":253,"commentCount":0,"publisher":{"@id":"https:\/\/confesionario.co\/w\/#organization"},"articleSection":["Ibagu\u00e9"],"inLanguage":"es","potentialAction":[{"@type":"CommentAction","name":"Comment","target":["https:\/\/confesionario.co\/w\/habitantes-de-la-martinica-aprovechan-al-maximo-zona-vibra-de-internet-gratuito\/#respond"]}]},{"@type":"WebPage","@id":"https:\/\/confesionario.co\/w\/habitantes-de-la-martinica-aprovechan-al-maximo-zona-vibra-de-internet-gratuito\/","url":"https:\/\/confesionario.co\/w\/habitantes-de-la-martinica-aprovechan-al-maximo-zona-vibra-de-internet-gratuito\/","name":"Habitantes de La Martinica aprovechan al m\u00e1ximo Zona Vibra de Internet gratuito - El Confesionario","isPartOf":{"@id":"https:\/\/confesionario.co\/w\/#website"},"datePublished":"2022-12-29T13:37:44+00:00","breadcrumb":{"@id":"https:\/\/confesionario.co\/w\/habitantes-de-la-martinica-aprovechan-al-maximo-zona-vibra-de-internet-gratuito\/#breadcrumb"},"inLanguage":"es","potentialAction":[{"@type":"ReadAction","target":["https:\/\/confesionario.co\/w\/habitantes-de-la-martinica-aprovechan-al-maximo-zona-vibra-de-internet-gratuito\/"]}]},{"@type":"BreadcrumbList","@id":"https:\/\/confesionario.co\/w\/habitantes-de-la-martinica-aprovechan-al-maximo-zona-vibra-de-internet-gratuito\/#breadcrumb","itemListElement":[{"@type":"ListItem","position":1,"name":"Portada","item":"https:\/\/confesionario.co\/w\/"},{"@type":"ListItem","position":2,"name":"Habitantes de La Martinica aprovechan al m\u00e1ximo Zona Vibra de Internet gratuito"}]},{"@type":"WebSite","@id":"https:\/\/confesionario.co\/w\/#website","url":"https:\/\/confesionario.co\/w\/","name":"El Confesionario","description":"","publisher":{"@id":"https:\/\/confesionario.co\/w\/#organization"},"potentialAction":[{"@type":"SearchAction","target":{"@type":"EntryPoint","urlTemplate":"https:\/\/confesionario.co\/w\/?s={search_term_string}"},"query-input":{"@type":"PropertyValueSpecification","valueRequired":true,"valueName":"search_term_string"}}],"inLanguage":"es"},{"@type":"Organization","@id":"https:\/\/confesionario.co\/w\/#organization","name":"El Confesionario","url":"https:\/\/confesionario.co\/w\/","logo":{"@type":"ImageObject","inLanguage":"es","@id":"https:\/\/confesionario.co\/w\/#\/schema\/logo\/image\/","url":"https:\/\/confesionario.co\/w\/wp-content\/uploads\/2026\/02\/confesionario-horizontal.png","contentUrl":"https:\/\/confesionario.co\/w\/wp-content\/uploads\/2026\/02\/confesionario-horizontal.png","width":581,"height":148,"caption":"El Confesionario"},"image":{"@id":"https:\/\/confesionario.co\/w\/#\/schema\/logo\/image\/"}},{"@type":"Person","@id":"https:\/\/confesionario.co\/w\/#\/schema\/person\/85e99333497749318afab96ea0cc2342","name":"admin","image":{"@type":"ImageObject","inLanguage":"es","@id":"https:\/\/secure.gravatar.com\/avatar\/f3358fe09cfbbfc24265a18ea411b8ee8e54296a50fb17d8acf3cffca66240d2?s=96&d=mm&r=g","url":"https:\/\/secure.gravatar.com\/avatar\/f3358fe09cfbbfc24265a18ea411b8ee8e54296a50fb17d8acf3cffca66240d2?s=96&d=mm&r=g","contentUrl":"https:\/\/secure.gravatar.com\/avatar\/f3358fe09cfbbfc24265a18ea411b8ee8e54296a50fb17d8acf3cffca66240d2?s=96&d=mm&r=g","caption":"admin"},"sameAs":["https:\/\/elconfesionario.co\/w"],"url":"https:\/\/confesionario.co\/w\/author\/osabuena\/"}]}},"jetpack_featured_media_url":"","_links":{"self":[{"href":"https:\/\/confesionario.co\/w\/wp-json\/wp\/v2\/posts\/10076","targetHints":{"allow":["GET"]}}],"collection":[{"href":"https:\/\/confesionario.co\/w\/wp-json\/wp\/v2\/posts"}],"about":[{"href":"https:\/\/confesionario.co\/w\/wp-json\/wp\/v2\/types\/post"}],"author":[{"embeddable":true,"href":"https:\/\/confesionario.co\/w\/wp-json\/wp\/v2\/users\/1"}],"replies":[{"embeddable":true,"href":"https:\/\/confesionario.co\/w\/wp-json\/wp\/v2\/comments?post=10076"}],"version-history":[{"count":0,"href":"https:\/\/confesionario.co\/w\/wp-json\/wp\/v2\/posts\/10076\/revisions"}],"wp:attachment":[{"href":"https:\/\/confesionario.co\/w\/wp-json\/wp\/v2\/media?parent=10076"}],"wp:term":[{"taxonomy":"category","embeddable":true,"href":"https:\/\/confesionario.co\/w\/wp-json\/wp\/v2\/categories?post=10076"},{"taxonomy":"post_tag","embeddable":true,"href":"https:\/\/confesionario.co\/w\/wp-json\/wp\/v2\/tags?post=10076"}],"curies":[{"name":"wp","href":"https:\/\/api.w.org\/{rel}","templated":true}]}}