{"id":10077,"date":"2022-12-29T13:55:21","date_gmt":"2022-12-29T13:55:21","guid":{"rendered":"https:\/\/confesionario.co\/w\/programese-este-viernes-30-de-diciembre-con-el-verbenazo-el-concierto-de-fin-de-ano\/"},"modified":"2022-12-29T13:55:21","modified_gmt":"2022-12-29T13:55:21","slug":"programese-este-viernes-30-de-diciembre-con-el-verbenazo-el-concierto-de-fin-de-ano","status":"publish","type":"post","link":"https:\/\/confesionario.co\/w\/programese-este-viernes-30-de-diciembre-con-el-verbenazo-el-concierto-de-fin-de-ano\/","title":{"rendered":"Progr\u00e1mese este viernes 30 de diciembre con el \u201cVerbenazo\u201d, el concierto de fin de a\u00f1o"},"content":{"rendered":"<p class=\\\"MsoNormal\\\" style=\\\"text-align: justify;\\\"><span style=\\\"font-size: 12.0pt; line-height: 107%; font-family: \\'Arial\\',sans-serif;\\\">Con un gran espect\u00e1culo musical, la Gobernaci\u00f3n del Tolima cerrar\u00e1 el a\u00f1o 2022.<\/span><\/p>\n<p><!--more--><\/p>\n<p class=\\\"MsoNormal\\\" style=\\\"text-align: justify;\\\"><span style=\\\"font-size: 12.0pt; line-height: 107%; font-family: \\'Arial\\',sans-serif;\\\">El Parque Murillo Toro ser\u00e1 testigo este viernes 30 de diciembre de un espect\u00e1culo musical que contar\u00e1 con la participaci\u00f3n de grandes artistas nacionales como Peter Manjarr\u00e9s, Jhon Alex Casta\u00f1o y Lady Yuliana. <\/span><\/p>\n<p class=\\\"MsoNormal\\\" style=\\\"text-align: justify;\\\"><span style=\\\"font-size: 12.0pt; line-height: 107%; font-family: \\'Arial\\',sans-serif;\\\">\\\u00bbVamos a cerrar el a\u00f1o como se debe, con buena m\u00fasica. Desde la Gobernaci\u00f3n del Tolima haremos<span style=\\\"mso-spacerun: yes;\\\">\u00a0 <\/span>gran concierto gratuito que contar\u00e1 con la participaci\u00f3n de artistas locales y de talla nacional\\\u00bb, coment\u00f3 Jaiber Berm\u00fadez, director de Cultura Departamental. <\/span><\/p>\n<p class=\\\"MsoNormal\\\" style=\\\"text-align: justify;\\\"><span style=\\\"font-size: 12.0pt; line-height: 107%; font-family: \\'Arial\\',sans-serif;\\\">El evento, que es promovido por la Gobernaci\u00f3n y la F\u00e1brica de Licores del Tolima, iniciar\u00e1 desde las 4:00 de la tarde y se realizar\u00e1 con el fin de alegrar a los tolimenses y turistas que por estos d\u00edas visitan la tierra de festivales. <\/span><\/p>\n<p class=\\\"MsoNormal\\\" style=\\\"text-align: justify;\\\"><span style=\\\"font-size: 12.0pt; line-height: 107%; font-family: \\'Arial\\',sans-serif;\\\">El sabor tropical correr\u00e1 por cuenta de cuatro orquestas de gran trayectoria en la regi\u00f3n. Estas son Yambequ\u00e9, La Gran Escala, Los de la Rumba e Ibagu\u00e9 Big Band.<\/span><\/p>\n<p class=\\\"MsoNormal\\\" style=\\\"text-align: justify;\\\"><span style=\\\"font-size: 12.0pt; line-height: 107%; font-family: \\'Arial\\',sans-serif;\\\">Por su parte, H\u00e9ctor Yesid Ram\u00edrez, secretario General y Gerente (e) de la F\u00e1brica de licores del Tolima, coment\u00f3 que el espect\u00e1culo ser\u00e1 para mayores de edad, quienes tendr\u00e1n la oportunidad de probar el inconfundible sabor del Tapa Roja. <\/span><\/p>\n<p class=\\\"MsoNormal\\\" style=\\\"text-align: justify;\\\"><span style=\\\"font-size: 12.0pt; line-height: 107%; font-family: \\'Arial\\',sans-serif;\\\">\\\u00bbEstamos muy contentos de poder despedir el a\u00f1o con un show musical para los tolimenses. Nos unimos con la Gobernaci\u00f3n del Tolima para llenar con alegr\u00eda y con el sabor de Aguardiente Tapa Roja a todos los tolimenses y turistas\\\u00bb, indic\u00f3.<\/span><\/p>\n","protected":false},"excerpt":{"rendered":"<p>Con un gran espect\u00e1culo musical, la Gobernaci\u00f3n del Tolima cerrar\u00e1 el a\u00f1o 2022.<\/p>\n","protected":false},"author":1,"featured_media":0,"comment_status":"open","ping_status":"open","sticky":false,"template":"","format":"standard","meta":{"site-sidebar-layout":"default","site-content-layout":"","ast-site-content-layout":"default","site-content-style":"default","site-sidebar-style":"default","ast-global-header-display":"","ast-banner-title-visibility":"","ast-main-header-display":"","ast-hfb-above-header-display":"","ast-hfb-below-header-display":"","ast-hfb-mobile-header-display":"","site-post-title":"","ast-breadcrumbs-content":"","ast-featured-img":"","footer-sml-layout":"","ast-disable-related-posts":"","theme-transparent-header-meta":"","adv-header-id-meta":"","stick-header-meta":"","header-above-stick-meta":"","header-main-stick-meta":"","header-below-stick-meta":"","astra-migrate-meta-layouts":"default","ast-page-background-enabled":"default","ast-page-background-meta":{"desktop":{"background-color":"var(--ast-global-color-4)","background-image":"","background-repeat":"repeat","background-position":"center center","background-size":"auto","background-attachment":"scroll","background-type":"","background-media":"","overlay-type":"","overlay-color":"","overlay-opacity":"","overlay-gradient":""},"tablet":{"background-color":"","background-image":"","background-repeat":"repeat","background-position":"center center","background-size":"auto","background-attachment":"scroll","background-type":"","background-media":"","overlay-type":"","overlay-color":"","overlay-opacity":"","overlay-gradient":""},"mobile":{"background-color":"","background-image":"","background-repeat":"repeat","background-position":"center center","background-size":"auto","background-attachment":"scroll","background-type":"","background-media":"","overlay-type":"","overlay-color":"","overlay-opacity":"","overlay-gradient":""}},"ast-content-background-meta":{"desktop":{"background-color":"var(--ast-global-color-5)","background-image":"","background-repeat":"repeat","background-position":"center center","background-size":"auto","background-attachment":"scroll","background-type":"","background-media":"","overlay-type":"","overlay-color":"","overlay-opacity":"","overlay-gradient":""},"tablet":{"background-color":"var(--ast-global-color-5)","background-image":"","background-repeat":"repeat","background-position":"center center","background-size":"auto","background-attachment":"scroll","background-type":"","background-media":"","overlay-type":"","overlay-color":"","overlay-opacity":"","overlay-gradient":""},"mobile":{"background-color":"var(--ast-global-color-5)","background-image":"","background-repeat":"repeat","background-position":"center center","background-size":"auto","background-attachment":"scroll","background-type":"","background-media":"","overlay-type":"","overlay-color":"","overlay-opacity":"","overlay-gradient":""}},"footnotes":""},"categories":[17],"tags":[],"class_list":["post-10077","post","type-post","status-publish","format-standard","hentry","category-otras-cofesiones"],"yoast_head":"<!-- This site is optimized with the Yoast SEO plugin v27.4 - https:\/\/yoast.com\/product\/yoast-seo-wordpress\/ -->\n<title>Progr\u00e1mese este viernes 30 de diciembre con el \u201cVerbenazo\u201d, el concierto de fin de a\u00f1o - El Confesionario<\/title>\n<meta name=\"robots\" content=\"index, follow, max-snippet:-1, max-image-preview:large, max-video-preview:-1\" \/>\n<link rel=\"canonical\" href=\"https:\/\/confesionario.co\/w\/programese-este-viernes-30-de-diciembre-con-el-verbenazo-el-concierto-de-fin-de-ano\/\" \/>\n<meta property=\"og:locale\" content=\"es_ES\" \/>\n<meta property=\"og:type\" content=\"article\" \/>\n<meta property=\"og:title\" content=\"Progr\u00e1mese este viernes 30 de diciembre con el \u201cVerbenazo\u201d, el concierto de fin de a\u00f1o - El Confesionario\" \/>\n<meta property=\"og:description\" content=\"Con un gran espect\u00e1culo musical, la Gobernaci\u00f3n del Tolima cerrar\u00e1 el a\u00f1o 2022.\" \/>\n<meta property=\"og:url\" content=\"https:\/\/confesionario.co\/w\/programese-este-viernes-30-de-diciembre-con-el-verbenazo-el-concierto-de-fin-de-ano\/\" \/>\n<meta property=\"og:site_name\" content=\"El Confesionario\" \/>\n<meta property=\"article:published_time\" content=\"2022-12-29T13:55:21+00:00\" \/>\n<meta name=\"author\" content=\"admin\" \/>\n<meta name=\"twitter:card\" content=\"summary_large_image\" \/>\n<meta name=\"twitter:label1\" content=\"Escrito por\" \/>\n\t<meta name=\"twitter:data1\" content=\"admin\" \/>\n\t<meta name=\"twitter:label2\" content=\"Tiempo de lectura\" \/>\n\t<meta name=\"twitter:data2\" content=\"1 minuto\" \/>\n<script type=\"application\/ld+json\" class=\"yoast-schema-graph\">{\"@context\":\"https:\\\/\\\/schema.org\",\"@graph\":[{\"@type\":\"Article\",\"@id\":\"https:\\\/\\\/confesionario.co\\\/w\\\/programese-este-viernes-30-de-diciembre-con-el-verbenazo-el-concierto-de-fin-de-ano\\\/#article\",\"isPartOf\":{\"@id\":\"https:\\\/\\\/confesionario.co\\\/w\\\/programese-este-viernes-30-de-diciembre-con-el-verbenazo-el-concierto-de-fin-de-ano\\\/\"},\"author\":{\"name\":\"admin\",\"@id\":\"https:\\\/\\\/confesionario.co\\\/w\\\/#\\\/schema\\\/person\\\/85e99333497749318afab96ea0cc2342\"},\"headline\":\"Progr\u00e1mese este viernes 30 de diciembre con el \u201cVerbenazo\u201d, el concierto de fin de a\u00f1o\",\"datePublished\":\"2022-12-29T13:55:21+00:00\",\"mainEntityOfPage\":{\"@id\":\"https:\\\/\\\/confesionario.co\\\/w\\\/programese-este-viernes-30-de-diciembre-con-el-verbenazo-el-concierto-de-fin-de-ano\\\/\"},\"wordCount\":275,\"commentCount\":0,\"publisher\":{\"@id\":\"https:\\\/\\\/confesionario.co\\\/w\\\/#organization\"},\"articleSection\":[\"Otras confesiones\"],\"inLanguage\":\"es\",\"potentialAction\":[{\"@type\":\"CommentAction\",\"name\":\"Comment\",\"target\":[\"https:\\\/\\\/confesionario.co\\\/w\\\/programese-este-viernes-30-de-diciembre-con-el-verbenazo-el-concierto-de-fin-de-ano\\\/#respond\"]}]},{\"@type\":\"WebPage\",\"@id\":\"https:\\\/\\\/confesionario.co\\\/w\\\/programese-este-viernes-30-de-diciembre-con-el-verbenazo-el-concierto-de-fin-de-ano\\\/\",\"url\":\"https:\\\/\\\/confesionario.co\\\/w\\\/programese-este-viernes-30-de-diciembre-con-el-verbenazo-el-concierto-de-fin-de-ano\\\/\",\"name\":\"Progr\u00e1mese este viernes 30 de diciembre con el \u201cVerbenazo\u201d, el concierto de fin de a\u00f1o - El Confesionario\",\"isPartOf\":{\"@id\":\"https:\\\/\\\/confesionario.co\\\/w\\\/#website\"},\"datePublished\":\"2022-12-29T13:55:21+00:00\",\"breadcrumb\":{\"@id\":\"https:\\\/\\\/confesionario.co\\\/w\\\/programese-este-viernes-30-de-diciembre-con-el-verbenazo-el-concierto-de-fin-de-ano\\\/#breadcrumb\"},\"inLanguage\":\"es\",\"potentialAction\":[{\"@type\":\"ReadAction\",\"target\":[\"https:\\\/\\\/confesionario.co\\\/w\\\/programese-este-viernes-30-de-diciembre-con-el-verbenazo-el-concierto-de-fin-de-ano\\\/\"]}]},{\"@type\":\"BreadcrumbList\",\"@id\":\"https:\\\/\\\/confesionario.co\\\/w\\\/programese-este-viernes-30-de-diciembre-con-el-verbenazo-el-concierto-de-fin-de-ano\\\/#breadcrumb\",\"itemListElement\":[{\"@type\":\"ListItem\",\"position\":1,\"name\":\"Portada\",\"item\":\"https:\\\/\\\/confesionario.co\\\/w\\\/\"},{\"@type\":\"ListItem\",\"position\":2,\"name\":\"Progr\u00e1mese este viernes 30 de diciembre con el \u201cVerbenazo\u201d, el concierto de fin de a\u00f1o\"}]},{\"@type\":\"WebSite\",\"@id\":\"https:\\\/\\\/confesionario.co\\\/w\\\/#website\",\"url\":\"https:\\\/\\\/confesionario.co\\\/w\\\/\",\"name\":\"El Confesionario\",\"description\":\"\",\"publisher\":{\"@id\":\"https:\\\/\\\/confesionario.co\\\/w\\\/#organization\"},\"potentialAction\":[{\"@type\":\"SearchAction\",\"target\":{\"@type\":\"EntryPoint\",\"urlTemplate\":\"https:\\\/\\\/confesionario.co\\\/w\\\/?s={search_term_string}\"},\"query-input\":{\"@type\":\"PropertyValueSpecification\",\"valueRequired\":true,\"valueName\":\"search_term_string\"}}],\"inLanguage\":\"es\"},{\"@type\":\"Organization\",\"@id\":\"https:\\\/\\\/confesionario.co\\\/w\\\/#organization\",\"name\":\"El Confesionario\",\"url\":\"https:\\\/\\\/confesionario.co\\\/w\\\/\",\"logo\":{\"@type\":\"ImageObject\",\"inLanguage\":\"es\",\"@id\":\"https:\\\/\\\/confesionario.co\\\/w\\\/#\\\/schema\\\/logo\\\/image\\\/\",\"url\":\"https:\\\/\\\/confesionario.co\\\/w\\\/wp-content\\\/uploads\\\/2026\\\/02\\\/confesionario-horizontal.png\",\"contentUrl\":\"https:\\\/\\\/confesionario.co\\\/w\\\/wp-content\\\/uploads\\\/2026\\\/02\\\/confesionario-horizontal.png\",\"width\":581,\"height\":148,\"caption\":\"El Confesionario\"},\"image\":{\"@id\":\"https:\\\/\\\/confesionario.co\\\/w\\\/#\\\/schema\\\/logo\\\/image\\\/\"}},{\"@type\":\"Person\",\"@id\":\"https:\\\/\\\/confesionario.co\\\/w\\\/#\\\/schema\\\/person\\\/85e99333497749318afab96ea0cc2342\",\"name\":\"admin\",\"image\":{\"@type\":\"ImageObject\",\"inLanguage\":\"es\",\"@id\":\"https:\\\/\\\/secure.gravatar.com\\\/avatar\\\/f3358fe09cfbbfc24265a18ea411b8ee8e54296a50fb17d8acf3cffca66240d2?s=96&d=mm&r=g\",\"url\":\"https:\\\/\\\/secure.gravatar.com\\\/avatar\\\/f3358fe09cfbbfc24265a18ea411b8ee8e54296a50fb17d8acf3cffca66240d2?s=96&d=mm&r=g\",\"contentUrl\":\"https:\\\/\\\/secure.gravatar.com\\\/avatar\\\/f3358fe09cfbbfc24265a18ea411b8ee8e54296a50fb17d8acf3cffca66240d2?s=96&d=mm&r=g\",\"caption\":\"admin\"},\"sameAs\":[\"https:\\\/\\\/elconfesionario.co\\\/w\"],\"url\":\"https:\\\/\\\/confesionario.co\\\/w\\\/author\\\/osabuena\\\/\"}]}<\/script>\n<!-- \/ Yoast SEO plugin. -->","yoast_head_json":{"title":"Progr\u00e1mese este viernes 30 de diciembre con el \u201cVerbenazo\u201d, el concierto de fin de a\u00f1o - El Confesionario","robots":{"index":"index","follow":"follow","max-snippet":"max-snippet:-1","max-image-preview":"max-image-preview:large","max-video-preview":"max-video-preview:-1"},"canonical":"https:\/\/confesionario.co\/w\/programese-este-viernes-30-de-diciembre-con-el-verbenazo-el-concierto-de-fin-de-ano\/","og_locale":"es_ES","og_type":"article","og_title":"Progr\u00e1mese este viernes 30 de diciembre con el \u201cVerbenazo\u201d, el concierto de fin de a\u00f1o - El Confesionario","og_description":"Con un gran espect\u00e1culo musical, la Gobernaci\u00f3n del Tolima cerrar\u00e1 el a\u00f1o 2022.","og_url":"https:\/\/confesionario.co\/w\/programese-este-viernes-30-de-diciembre-con-el-verbenazo-el-concierto-de-fin-de-ano\/","og_site_name":"El Confesionario","article_published_time":"2022-12-29T13:55:21+00:00","author":"admin","twitter_card":"summary_large_image","twitter_misc":{"Escrito por":"admin","Tiempo de lectura":"1 minuto"},"schema":{"@context":"https:\/\/schema.org","@graph":[{"@type":"Article","@id":"https:\/\/confesionario.co\/w\/programese-este-viernes-30-de-diciembre-con-el-verbenazo-el-concierto-de-fin-de-ano\/#article","isPartOf":{"@id":"https:\/\/confesionario.co\/w\/programese-este-viernes-30-de-diciembre-con-el-verbenazo-el-concierto-de-fin-de-ano\/"},"author":{"name":"admin","@id":"https:\/\/confesionario.co\/w\/#\/schema\/person\/85e99333497749318afab96ea0cc2342"},"headline":"Progr\u00e1mese este viernes 30 de diciembre con el \u201cVerbenazo\u201d, el concierto de fin de a\u00f1o","datePublished":"2022-12-29T13:55:21+00:00","mainEntityOfPage":{"@id":"https:\/\/confesionario.co\/w\/programese-este-viernes-30-de-diciembre-con-el-verbenazo-el-concierto-de-fin-de-ano\/"},"wordCount":275,"commentCount":0,"publisher":{"@id":"https:\/\/confesionario.co\/w\/#organization"},"articleSection":["Otras confesiones"],"inLanguage":"es","potentialAction":[{"@type":"CommentAction","name":"Comment","target":["https:\/\/confesionario.co\/w\/programese-este-viernes-30-de-diciembre-con-el-verbenazo-el-concierto-de-fin-de-ano\/#respond"]}]},{"@type":"WebPage","@id":"https:\/\/confesionario.co\/w\/programese-este-viernes-30-de-diciembre-con-el-verbenazo-el-concierto-de-fin-de-ano\/","url":"https:\/\/confesionario.co\/w\/programese-este-viernes-30-de-diciembre-con-el-verbenazo-el-concierto-de-fin-de-ano\/","name":"Progr\u00e1mese este viernes 30 de diciembre con el \u201cVerbenazo\u201d, el concierto de fin de a\u00f1o - El Confesionario","isPartOf":{"@id":"https:\/\/confesionario.co\/w\/#website"},"datePublished":"2022-12-29T13:55:21+00:00","breadcrumb":{"@id":"https:\/\/confesionario.co\/w\/programese-este-viernes-30-de-diciembre-con-el-verbenazo-el-concierto-de-fin-de-ano\/#breadcrumb"},"inLanguage":"es","potentialAction":[{"@type":"ReadAction","target":["https:\/\/confesionario.co\/w\/programese-este-viernes-30-de-diciembre-con-el-verbenazo-el-concierto-de-fin-de-ano\/"]}]},{"@type":"BreadcrumbList","@id":"https:\/\/confesionario.co\/w\/programese-este-viernes-30-de-diciembre-con-el-verbenazo-el-concierto-de-fin-de-ano\/#breadcrumb","itemListElement":[{"@type":"ListItem","position":1,"name":"Portada","item":"https:\/\/confesionario.co\/w\/"},{"@type":"ListItem","position":2,"name":"Progr\u00e1mese este viernes 30 de diciembre con el \u201cVerbenazo\u201d, el concierto de fin de a\u00f1o"}]},{"@type":"WebSite","@id":"https:\/\/confesionario.co\/w\/#website","url":"https:\/\/confesionario.co\/w\/","name":"El Confesionario","description":"","publisher":{"@id":"https:\/\/confesionario.co\/w\/#organization"},"potentialAction":[{"@type":"SearchAction","target":{"@type":"EntryPoint","urlTemplate":"https:\/\/confesionario.co\/w\/?s={search_term_string}"},"query-input":{"@type":"PropertyValueSpecification","valueRequired":true,"valueName":"search_term_string"}}],"inLanguage":"es"},{"@type":"Organization","@id":"https:\/\/confesionario.co\/w\/#organization","name":"El Confesionario","url":"https:\/\/confesionario.co\/w\/","logo":{"@type":"ImageObject","inLanguage":"es","@id":"https:\/\/confesionario.co\/w\/#\/schema\/logo\/image\/","url":"https:\/\/confesionario.co\/w\/wp-content\/uploads\/2026\/02\/confesionario-horizontal.png","contentUrl":"https:\/\/confesionario.co\/w\/wp-content\/uploads\/2026\/02\/confesionario-horizontal.png","width":581,"height":148,"caption":"El Confesionario"},"image":{"@id":"https:\/\/confesionario.co\/w\/#\/schema\/logo\/image\/"}},{"@type":"Person","@id":"https:\/\/confesionario.co\/w\/#\/schema\/person\/85e99333497749318afab96ea0cc2342","name":"admin","image":{"@type":"ImageObject","inLanguage":"es","@id":"https:\/\/secure.gravatar.com\/avatar\/f3358fe09cfbbfc24265a18ea411b8ee8e54296a50fb17d8acf3cffca66240d2?s=96&d=mm&r=g","url":"https:\/\/secure.gravatar.com\/avatar\/f3358fe09cfbbfc24265a18ea411b8ee8e54296a50fb17d8acf3cffca66240d2?s=96&d=mm&r=g","contentUrl":"https:\/\/secure.gravatar.com\/avatar\/f3358fe09cfbbfc24265a18ea411b8ee8e54296a50fb17d8acf3cffca66240d2?s=96&d=mm&r=g","caption":"admin"},"sameAs":["https:\/\/elconfesionario.co\/w"],"url":"https:\/\/confesionario.co\/w\/author\/osabuena\/"}]}},"jetpack_featured_media_url":"","_links":{"self":[{"href":"https:\/\/confesionario.co\/w\/wp-json\/wp\/v2\/posts\/10077","targetHints":{"allow":["GET"]}}],"collection":[{"href":"https:\/\/confesionario.co\/w\/wp-json\/wp\/v2\/posts"}],"about":[{"href":"https:\/\/confesionario.co\/w\/wp-json\/wp\/v2\/types\/post"}],"author":[{"embeddable":true,"href":"https:\/\/confesionario.co\/w\/wp-json\/wp\/v2\/users\/1"}],"replies":[{"embeddable":true,"href":"https:\/\/confesionario.co\/w\/wp-json\/wp\/v2\/comments?post=10077"}],"version-history":[{"count":0,"href":"https:\/\/confesionario.co\/w\/wp-json\/wp\/v2\/posts\/10077\/revisions"}],"wp:attachment":[{"href":"https:\/\/confesionario.co\/w\/wp-json\/wp\/v2\/media?parent=10077"}],"wp:term":[{"taxonomy":"category","embeddable":true,"href":"https:\/\/confesionario.co\/w\/wp-json\/wp\/v2\/categories?post=10077"},{"taxonomy":"post_tag","embeddable":true,"href":"https:\/\/confesionario.co\/w\/wp-json\/wp\/v2\/tags?post=10077"}],"curies":[{"name":"wp","href":"https:\/\/api.w.org\/{rel}","templated":true}]}}