{"id":10080,"date":"2023-01-10T15:16:18","date_gmt":"2023-01-10T15:16:18","guid":{"rendered":"https:\/\/confesionario.co\/w\/primero-un-ser-humano\/"},"modified":"2023-01-10T15:16:18","modified_gmt":"2023-01-10T15:16:18","slug":"primero-un-ser-humano","status":"publish","type":"post","link":"https:\/\/confesionario.co\/w\/primero-un-ser-humano\/","title":{"rendered":"Primero, un ser humano"},"content":{"rendered":"<p class=\\\"MsoNormal\\\" style=\\\"text-align: justify;\\\"><span lang=\\\"ES-MX\\\" style=\\\"font-size: 12.0pt; line-height: 107%; font-family: \\'Arial\\',sans-serif; mso-ansi-language: ES-MX; mso-bidi-font-weight: bold;\\\">En el escenario donde me levante en el sector rural de Ibagu\u00e9 y por las condiciones econ\u00f3micas de mi familia, las posibilidades de avanzar y triunfar en la vida tal vez eran nulas, sin embargo, las ganas, la resiliencia, los amigos y por su puesto Dios nos permitieron avanzar. Por: Ricardo Orozco.<\/span><\/p>\n<p><!--more--><\/p>\n<p class=\\\"MsoNormal\\\" style=\\\"text-align: justify;\\\"><span lang=\\\"ES-MX\\\" style=\\\"font-size: 12.0pt; line-height: 107%; font-family: \\'Arial\\',sans-serif; mso-ansi-language: ES-MX;\\\">En esta navidad y fin de a\u00f1o repasando los \u00e1lbumes de fotos en casa con la familia, record\u00e9 mis d\u00edas de infancia en medio de la pobreza, las limitaciones y la falta de oportunidades, recordaba los zapatos rotos, la falta del estreno en navidad, pero tambi\u00e9n la generosidad de los vecinos amigos que nos daban comida y a veces regalos. Fui un adolescente como muchos que deb\u00eda escoger entre montarme al transporte que me llevar\u00e1 al colegio o irme y venirme a pie para comerme una empanada con gaseosa, trabaj\u00e9 desde ni\u00f1o para ayudar en casa al sustento, muy temprano asumimos la responsabilidad como pap\u00e1s. <\/span><\/p>\n<p class=\\\"MsoNormal\\\" style=\\\"text-align: justify;\\\"><span lang=\\\"ES-MX\\\" style=\\\"font-size: 12.0pt; line-height: 107%; font-family: \\'Arial\\',sans-serif; mso-ansi-language: ES-MX;\\\">En el escenario donde me levante en el sector rural de Ibagu\u00e9 y por las condiciones econ\u00f3micas de mi familia, las posibilidades de avanzar y triunfar en la vida, tal vez eran nulas, sin embargo, las ganas, la resiliencia, los amigos y por su puesto Dios nos permitieron avanzar hasta llegar a ser el gobernador de los tolimenses.<span style=\\\"mso-spacerun: yes;\\\">\u00a0 <\/span>Mi primer ejercicio pol\u00edtico fue presentarme a las elecciones de la presidencia de la junta de acci\u00f3n comunal de Chapet\u00f3n en el Ca\u00f1\u00f3n del Combeima, no sin antes ejercer las labores de campesino, orde\u00f1ando vacas, criando marranos, recogiendo caf\u00e9 o hasta cargando bultos, fu\u00ed estudiante, polic\u00eda, guarda de tr\u00e1nsito y funcionario del Sisb\u00e9n, recorrido que me permiti\u00f3 conocer de primera mano tantos y tantos problemas que tenemos y que sufre permanentemente la gente. <\/span><\/p>\n<p class=\\\"MsoNormal\\\" style=\\\"text-align: justify;\\\"><span lang=\\\"ES-MX\\\" style=\\\"font-size: 12.0pt; line-height: 107%; font-family: \\'Arial\\',sans-serif; mso-ansi-language: ES-MX;\\\">Por eso ahora como gobernador cada decisi\u00f3n, cada acci\u00f3n, gesti\u00f3n y lucha, la hago con el alma y la imagen de cada cosa que viv\u00ed, con el recuerdo del hambre, la pobreza y las limitaciones; soy primero un ser humano, ese que se refleja en muchos tolimenses que se levantan a trabajar, con la esperanza de salir adelante con sus familias, por eso mi gobierno ha tenido una gran preferencia por lo social, la educaci\u00f3n, la salud, el trabajo permanente por las v\u00edas del Tolima que permitan a los campesinos mejorar su condiciones se han convertido en prioridad vital. <\/span><\/p>\n<p class=\\\"MsoNormal\\\" style=\\\"text-align: justify;\\\"><span lang=\\\"ES-MX\\\" style=\\\"font-size: 12.0pt; line-height: 107%; font-family: \\'Arial\\',sans-serif; mso-ansi-language: ES-MX;\\\">Avanzamos mucho, tal vez faltar\u00e1 mucho m\u00e1s, por lo que seguiremos trabajando. Hoy simplemente recuerdo en m\u00ed, a muchos que luchan para decirles que los sue\u00f1os si se pueden hacer realidad y que aqu\u00ed estoy escribiendo sin c\u00e1lculos pol\u00edticos la historia, para ayudar en esos prop\u00f3sitos.<span style=\\\"mso-spacerun: yes;\\\">\u00a0 <\/span><\/span><\/p>\n<p class=\\\"MsoNormal\\\" style=\\\"text-align: justify;\\\"><span lang=\\\"ES-MX\\\" style=\\\"font-size: 12.0pt; line-height: 107%; font-family: \\'Arial\\',sans-serif; mso-ansi-language: ES-MX;\\\">\u00a0<\/span><\/p>\n","protected":false},"excerpt":{"rendered":"<p>En el escenario donde me levante en el sector rural de Ibagu\u00e9 y por las condiciones econ\u00f3micas de mi familia, [&hellip;]<\/p>\n","protected":false},"author":1,"featured_media":0,"comment_status":"open","ping_status":"open","sticky":false,"template":"","format":"standard","meta":{"site-sidebar-layout":"default","site-content-layout":"","ast-site-content-layout":"default","site-content-style":"default","site-sidebar-style":"default","ast-global-header-display":"","ast-banner-title-visibility":"","ast-main-header-display":"","ast-hfb-above-header-display":"","ast-hfb-below-header-display":"","ast-hfb-mobile-header-display":"","site-post-title":"","ast-breadcrumbs-content":"","ast-featured-img":"","footer-sml-layout":"","ast-disable-related-posts":"","theme-transparent-header-meta":"","adv-header-id-meta":"","stick-header-meta":"","header-above-stick-meta":"","header-main-stick-meta":"","header-below-stick-meta":"","astra-migrate-meta-layouts":"default","ast-page-background-enabled":"default","ast-page-background-meta":{"desktop":{"background-color":"var(--ast-global-color-4)","background-image":"","background-repeat":"repeat","background-position":"center center","background-size":"auto","background-attachment":"scroll","background-type":"","background-media":"","overlay-type":"","overlay-color":"","overlay-opacity":"","overlay-gradient":""},"tablet":{"background-color":"","background-image":"","background-repeat":"repeat","background-position":"center center","background-size":"auto","background-attachment":"scroll","background-type":"","background-media":"","overlay-type":"","overlay-color":"","overlay-opacity":"","overlay-gradient":""},"mobile":{"background-color":"","background-image":"","background-repeat":"repeat","background-position":"center center","background-size":"auto","background-attachment":"scroll","background-type":"","background-media":"","overlay-type":"","overlay-color":"","overlay-opacity":"","overlay-gradient":""}},"ast-content-background-meta":{"desktop":{"background-color":"var(--ast-global-color-5)","background-image":"","background-repeat":"repeat","background-position":"center center","background-size":"auto","background-attachment":"scroll","background-type":"","background-media":"","overlay-type":"","overlay-color":"","overlay-opacity":"","overlay-gradient":""},"tablet":{"background-color":"var(--ast-global-color-5)","background-image":"","background-repeat":"repeat","background-position":"center center","background-size":"auto","background-attachment":"scroll","background-type":"","background-media":"","overlay-type":"","overlay-color":"","overlay-opacity":"","overlay-gradient":""},"mobile":{"background-color":"var(--ast-global-color-5)","background-image":"","background-repeat":"repeat","background-position":"center center","background-size":"auto","background-attachment":"scroll","background-type":"","background-media":"","overlay-type":"","overlay-color":"","overlay-opacity":"","overlay-gradient":""}},"footnotes":""},"categories":[13],"tags":[],"class_list":["post-10080","post","type-post","status-publish","format-standard","hentry","category-que-hacer-aqui"],"yoast_head":"<!-- This site is optimized with the Yoast SEO plugin v27.4 - https:\/\/yoast.com\/product\/yoast-seo-wordpress\/ -->\n<title>Primero, un ser humano - El Confesionario<\/title>\n<meta name=\"robots\" content=\"index, follow, max-snippet:-1, max-image-preview:large, max-video-preview:-1\" \/>\n<link rel=\"canonical\" href=\"https:\/\/confesionario.co\/w\/primero-un-ser-humano\/\" \/>\n<meta property=\"og:locale\" content=\"es_ES\" \/>\n<meta property=\"og:type\" content=\"article\" \/>\n<meta property=\"og:title\" content=\"Primero, un ser humano - El Confesionario\" \/>\n<meta property=\"og:description\" content=\"En el escenario donde me levante en el sector rural de Ibagu\u00e9 y por las condiciones econ\u00f3micas de mi familia, [&hellip;]\" \/>\n<meta property=\"og:url\" content=\"https:\/\/confesionario.co\/w\/primero-un-ser-humano\/\" \/>\n<meta property=\"og:site_name\" content=\"El Confesionario\" \/>\n<meta property=\"article:published_time\" content=\"2023-01-10T15:16:18+00:00\" \/>\n<meta name=\"author\" content=\"admin\" \/>\n<meta name=\"twitter:card\" content=\"summary_large_image\" \/>\n<meta name=\"twitter:label1\" content=\"Escrito por\" \/>\n\t<meta name=\"twitter:data1\" content=\"admin\" \/>\n\t<meta name=\"twitter:label2\" content=\"Tiempo de lectura\" \/>\n\t<meta name=\"twitter:data2\" content=\"2 minutos\" \/>\n<script type=\"application\/ld+json\" class=\"yoast-schema-graph\">{\"@context\":\"https:\\\/\\\/schema.org\",\"@graph\":[{\"@type\":\"Article\",\"@id\":\"https:\\\/\\\/confesionario.co\\\/w\\\/primero-un-ser-humano\\\/#article\",\"isPartOf\":{\"@id\":\"https:\\\/\\\/confesionario.co\\\/w\\\/primero-un-ser-humano\\\/\"},\"author\":{\"name\":\"admin\",\"@id\":\"https:\\\/\\\/confesionario.co\\\/w\\\/#\\\/schema\\\/person\\\/85e99333497749318afab96ea0cc2342\"},\"headline\":\"Primero, un ser humano\",\"datePublished\":\"2023-01-10T15:16:18+00:00\",\"mainEntityOfPage\":{\"@id\":\"https:\\\/\\\/confesionario.co\\\/w\\\/primero-un-ser-humano\\\/\"},\"wordCount\":463,\"commentCount\":0,\"publisher\":{\"@id\":\"https:\\\/\\\/confesionario.co\\\/w\\\/#organization\"},\"articleSection\":[\"Qu\u00e9 hacer aqu\u00ed\"],\"inLanguage\":\"es\",\"potentialAction\":[{\"@type\":\"CommentAction\",\"name\":\"Comment\",\"target\":[\"https:\\\/\\\/confesionario.co\\\/w\\\/primero-un-ser-humano\\\/#respond\"]}]},{\"@type\":\"WebPage\",\"@id\":\"https:\\\/\\\/confesionario.co\\\/w\\\/primero-un-ser-humano\\\/\",\"url\":\"https:\\\/\\\/confesionario.co\\\/w\\\/primero-un-ser-humano\\\/\",\"name\":\"Primero, un ser humano - El Confesionario\",\"isPartOf\":{\"@id\":\"https:\\\/\\\/confesionario.co\\\/w\\\/#website\"},\"datePublished\":\"2023-01-10T15:16:18+00:00\",\"breadcrumb\":{\"@id\":\"https:\\\/\\\/confesionario.co\\\/w\\\/primero-un-ser-humano\\\/#breadcrumb\"},\"inLanguage\":\"es\",\"potentialAction\":[{\"@type\":\"ReadAction\",\"target\":[\"https:\\\/\\\/confesionario.co\\\/w\\\/primero-un-ser-humano\\\/\"]}]},{\"@type\":\"BreadcrumbList\",\"@id\":\"https:\\\/\\\/confesionario.co\\\/w\\\/primero-un-ser-humano\\\/#breadcrumb\",\"itemListElement\":[{\"@type\":\"ListItem\",\"position\":1,\"name\":\"Portada\",\"item\":\"https:\\\/\\\/confesionario.co\\\/w\\\/\"},{\"@type\":\"ListItem\",\"position\":2,\"name\":\"Primero, un ser humano\"}]},{\"@type\":\"WebSite\",\"@id\":\"https:\\\/\\\/confesionario.co\\\/w\\\/#website\",\"url\":\"https:\\\/\\\/confesionario.co\\\/w\\\/\",\"name\":\"El Confesionario\",\"description\":\"\",\"publisher\":{\"@id\":\"https:\\\/\\\/confesionario.co\\\/w\\\/#organization\"},\"potentialAction\":[{\"@type\":\"SearchAction\",\"target\":{\"@type\":\"EntryPoint\",\"urlTemplate\":\"https:\\\/\\\/confesionario.co\\\/w\\\/?s={search_term_string}\"},\"query-input\":{\"@type\":\"PropertyValueSpecification\",\"valueRequired\":true,\"valueName\":\"search_term_string\"}}],\"inLanguage\":\"es\"},{\"@type\":\"Organization\",\"@id\":\"https:\\\/\\\/confesionario.co\\\/w\\\/#organization\",\"name\":\"El Confesionario\",\"url\":\"https:\\\/\\\/confesionario.co\\\/w\\\/\",\"logo\":{\"@type\":\"ImageObject\",\"inLanguage\":\"es\",\"@id\":\"https:\\\/\\\/confesionario.co\\\/w\\\/#\\\/schema\\\/logo\\\/image\\\/\",\"url\":\"https:\\\/\\\/confesionario.co\\\/w\\\/wp-content\\\/uploads\\\/2026\\\/02\\\/confesionario-horizontal.png\",\"contentUrl\":\"https:\\\/\\\/confesionario.co\\\/w\\\/wp-content\\\/uploads\\\/2026\\\/02\\\/confesionario-horizontal.png\",\"width\":581,\"height\":148,\"caption\":\"El Confesionario\"},\"image\":{\"@id\":\"https:\\\/\\\/confesionario.co\\\/w\\\/#\\\/schema\\\/logo\\\/image\\\/\"}},{\"@type\":\"Person\",\"@id\":\"https:\\\/\\\/confesionario.co\\\/w\\\/#\\\/schema\\\/person\\\/85e99333497749318afab96ea0cc2342\",\"name\":\"admin\",\"image\":{\"@type\":\"ImageObject\",\"inLanguage\":\"es\",\"@id\":\"https:\\\/\\\/secure.gravatar.com\\\/avatar\\\/f3358fe09cfbbfc24265a18ea411b8ee8e54296a50fb17d8acf3cffca66240d2?s=96&d=mm&r=g\",\"url\":\"https:\\\/\\\/secure.gravatar.com\\\/avatar\\\/f3358fe09cfbbfc24265a18ea411b8ee8e54296a50fb17d8acf3cffca66240d2?s=96&d=mm&r=g\",\"contentUrl\":\"https:\\\/\\\/secure.gravatar.com\\\/avatar\\\/f3358fe09cfbbfc24265a18ea411b8ee8e54296a50fb17d8acf3cffca66240d2?s=96&d=mm&r=g\",\"caption\":\"admin\"},\"sameAs\":[\"https:\\\/\\\/elconfesionario.co\\\/w\"],\"url\":\"https:\\\/\\\/confesionario.co\\\/w\\\/author\\\/osabuena\\\/\"}]}<\/script>\n<!-- \/ Yoast SEO plugin. -->","yoast_head_json":{"title":"Primero, un ser humano - El Confesionario","robots":{"index":"index","follow":"follow","max-snippet":"max-snippet:-1","max-image-preview":"max-image-preview:large","max-video-preview":"max-video-preview:-1"},"canonical":"https:\/\/confesionario.co\/w\/primero-un-ser-humano\/","og_locale":"es_ES","og_type":"article","og_title":"Primero, un ser humano - El Confesionario","og_description":"En el escenario donde me levante en el sector rural de Ibagu\u00e9 y por las condiciones econ\u00f3micas de mi familia, [&hellip;]","og_url":"https:\/\/confesionario.co\/w\/primero-un-ser-humano\/","og_site_name":"El Confesionario","article_published_time":"2023-01-10T15:16:18+00:00","author":"admin","twitter_card":"summary_large_image","twitter_misc":{"Escrito por":"admin","Tiempo de lectura":"2 minutos"},"schema":{"@context":"https:\/\/schema.org","@graph":[{"@type":"Article","@id":"https:\/\/confesionario.co\/w\/primero-un-ser-humano\/#article","isPartOf":{"@id":"https:\/\/confesionario.co\/w\/primero-un-ser-humano\/"},"author":{"name":"admin","@id":"https:\/\/confesionario.co\/w\/#\/schema\/person\/85e99333497749318afab96ea0cc2342"},"headline":"Primero, un ser humano","datePublished":"2023-01-10T15:16:18+00:00","mainEntityOfPage":{"@id":"https:\/\/confesionario.co\/w\/primero-un-ser-humano\/"},"wordCount":463,"commentCount":0,"publisher":{"@id":"https:\/\/confesionario.co\/w\/#organization"},"articleSection":["Qu\u00e9 hacer aqu\u00ed"],"inLanguage":"es","potentialAction":[{"@type":"CommentAction","name":"Comment","target":["https:\/\/confesionario.co\/w\/primero-un-ser-humano\/#respond"]}]},{"@type":"WebPage","@id":"https:\/\/confesionario.co\/w\/primero-un-ser-humano\/","url":"https:\/\/confesionario.co\/w\/primero-un-ser-humano\/","name":"Primero, un ser humano - El Confesionario","isPartOf":{"@id":"https:\/\/confesionario.co\/w\/#website"},"datePublished":"2023-01-10T15:16:18+00:00","breadcrumb":{"@id":"https:\/\/confesionario.co\/w\/primero-un-ser-humano\/#breadcrumb"},"inLanguage":"es","potentialAction":[{"@type":"ReadAction","target":["https:\/\/confesionario.co\/w\/primero-un-ser-humano\/"]}]},{"@type":"BreadcrumbList","@id":"https:\/\/confesionario.co\/w\/primero-un-ser-humano\/#breadcrumb","itemListElement":[{"@type":"ListItem","position":1,"name":"Portada","item":"https:\/\/confesionario.co\/w\/"},{"@type":"ListItem","position":2,"name":"Primero, un ser humano"}]},{"@type":"WebSite","@id":"https:\/\/confesionario.co\/w\/#website","url":"https:\/\/confesionario.co\/w\/","name":"El Confesionario","description":"","publisher":{"@id":"https:\/\/confesionario.co\/w\/#organization"},"potentialAction":[{"@type":"SearchAction","target":{"@type":"EntryPoint","urlTemplate":"https:\/\/confesionario.co\/w\/?s={search_term_string}"},"query-input":{"@type":"PropertyValueSpecification","valueRequired":true,"valueName":"search_term_string"}}],"inLanguage":"es"},{"@type":"Organization","@id":"https:\/\/confesionario.co\/w\/#organization","name":"El Confesionario","url":"https:\/\/confesionario.co\/w\/","logo":{"@type":"ImageObject","inLanguage":"es","@id":"https:\/\/confesionario.co\/w\/#\/schema\/logo\/image\/","url":"https:\/\/confesionario.co\/w\/wp-content\/uploads\/2026\/02\/confesionario-horizontal.png","contentUrl":"https:\/\/confesionario.co\/w\/wp-content\/uploads\/2026\/02\/confesionario-horizontal.png","width":581,"height":148,"caption":"El Confesionario"},"image":{"@id":"https:\/\/confesionario.co\/w\/#\/schema\/logo\/image\/"}},{"@type":"Person","@id":"https:\/\/confesionario.co\/w\/#\/schema\/person\/85e99333497749318afab96ea0cc2342","name":"admin","image":{"@type":"ImageObject","inLanguage":"es","@id":"https:\/\/secure.gravatar.com\/avatar\/f3358fe09cfbbfc24265a18ea411b8ee8e54296a50fb17d8acf3cffca66240d2?s=96&d=mm&r=g","url":"https:\/\/secure.gravatar.com\/avatar\/f3358fe09cfbbfc24265a18ea411b8ee8e54296a50fb17d8acf3cffca66240d2?s=96&d=mm&r=g","contentUrl":"https:\/\/secure.gravatar.com\/avatar\/f3358fe09cfbbfc24265a18ea411b8ee8e54296a50fb17d8acf3cffca66240d2?s=96&d=mm&r=g","caption":"admin"},"sameAs":["https:\/\/elconfesionario.co\/w"],"url":"https:\/\/confesionario.co\/w\/author\/osabuena\/"}]}},"jetpack_featured_media_url":"","_links":{"self":[{"href":"https:\/\/confesionario.co\/w\/wp-json\/wp\/v2\/posts\/10080","targetHints":{"allow":["GET"]}}],"collection":[{"href":"https:\/\/confesionario.co\/w\/wp-json\/wp\/v2\/posts"}],"about":[{"href":"https:\/\/confesionario.co\/w\/wp-json\/wp\/v2\/types\/post"}],"author":[{"embeddable":true,"href":"https:\/\/confesionario.co\/w\/wp-json\/wp\/v2\/users\/1"}],"replies":[{"embeddable":true,"href":"https:\/\/confesionario.co\/w\/wp-json\/wp\/v2\/comments?post=10080"}],"version-history":[{"count":0,"href":"https:\/\/confesionario.co\/w\/wp-json\/wp\/v2\/posts\/10080\/revisions"}],"wp:attachment":[{"href":"https:\/\/confesionario.co\/w\/wp-json\/wp\/v2\/media?parent=10080"}],"wp:term":[{"taxonomy":"category","embeddable":true,"href":"https:\/\/confesionario.co\/w\/wp-json\/wp\/v2\/categories?post=10080"},{"taxonomy":"post_tag","embeddable":true,"href":"https:\/\/confesionario.co\/w\/wp-json\/wp\/v2\/tags?post=10080"}],"curies":[{"name":"wp","href":"https:\/\/api.w.org\/{rel}","templated":true}]}}