{"id":10082,"date":"2023-01-10T15:36:59","date_gmt":"2023-01-10T15:36:59","guid":{"rendered":"https:\/\/confesionario.co\/w\/es-la-economia\/"},"modified":"2023-01-10T15:36:59","modified_gmt":"2023-01-10T15:36:59","slug":"es-la-economia","status":"publish","type":"post","link":"https:\/\/confesionario.co\/w\/es-la-economia\/","title":{"rendered":"\u00a1Es la econom\u00eda!"},"content":{"rendered":"<p class=\\\"MsoNormal\\\" style=\\\"text-align: justify; text-justify: inter-ideograph;\\\"><span lang=\\\"ES-TRAD\\\" style=\\\"font-family: \\'Arial\\',sans-serif; mso-bidi-font-weight: bold;\\\">Las noticias econ\u00f3micas para Ibagu\u00e9 nada que mejoran, a las cifras de desempleo de finales del mes de diciembre, hay que sumar los n\u00fameros arrojados en el \u00cdndice de Precios al Consumidor. Por: Camilo Ossa.<\/span><\/p>\n<p><!--more--><\/p>\n<p class=\\\"MsoNormal\\\" style=\\\"text-align: justify; text-justify: inter-ideograph;\\\"><span lang=\\\"ES-TRAD\\\" style=\\\"font-family: \\'Arial\\',sans-serif; mso-bidi-font-weight: bold;\\\">Las noticias econ\u00f3micas para Ibagu\u00e9 nada que mejoran, a las cifras de desempleo de finales del mes de diciembre, hay que sumar los n\u00fameros arrojados en el \u00cdndice de Precios al Consumidor \u2013IPC- publicada por el Departamento Administrativo Nacional de Estad\u00edsticas -DANE- de la semana pasada, en el cual, la ciudad tuvo una variaci\u00f3n del 14,18% para el 2022, superior a la media nacional que se ubic\u00f3 en el 13,12%. Ya bastante hemos cuestionado el pobre desempe\u00f1o de la administraci\u00f3n municipal en estas aguas, en las que parece, no sabe navegar, pero miremos un poco el impacto negativo que tienen estos indicadores, en la vida diaria de los ibaguere\u00f1os.<\/span><\/p>\n<p class=\\\"MsoNormal\\\" style=\\\"text-align: justify; text-justify: inter-ideograph;\\\"><span lang=\\\"ES-TRAD\\\" style=\\\"font-family: \\'Arial\\',sans-serif; mso-bidi-font-weight: bold;\\\">Para el mes de diciembre de 2022, que la variaci\u00f3n a nivel nacional fue del 1,26% y en Ibagu\u00e9 del 1,51%, para la ciudad (y para el pa\u00eds en general), el mayor incremento se present\u00f3 en la secci\u00f3n de \u201calimentos y bebidas no alcoh\u00f3licas\u201d, aportando una alteraci\u00f3n del \u00a13,54%!, el tercero m\u00e1s alto, solo detr\u00e1s de Neiva y Pasto respectivamente. Toda una calamidad a corto plazo este resultado y en este indicador, pues no se puede perder de vista que Ibagu\u00e9, en materia de (in)seguridad alimentaria, est\u00e1 mal; el mismo DANE, en el mes de diciembre de 2022, public\u00f3 la encuesta \u201cPulso Social\u201d, donde midi\u00f3, entre otros temas, el porcentaje de hogares en Colombia que consumen 3 o m\u00e1s comidas al d\u00eda y, para oscurecer un poco m\u00e1s el panorama, la ciudad est\u00e1 entre las m\u00e1s bajas (5\u00ba lugar, para ser un poco m\u00e1s exactos), donde tan solo el 60,5% de los hogares pueden alimentarse tres veces al d\u00eda.<\/span><\/p>\n<p class=\\\"MsoNormal\\\" style=\\\"text-align: justify; text-justify: inter-ideograph;\\\"><span lang=\\\"ES-TRAD\\\" style=\\\"font-family: \\'Arial\\',sans-serif; mso-bidi-font-weight: bold;\\\">Una bomba social, a la que se est\u00e1 en mora de prestarle atenci\u00f3n, puesto que, si revisamos el periodo octubre-diciembre del 2021, el porcentaje de hogares que pod\u00edan acceder a los \u201ctres golpes\u201d era del 71,6%. En un a\u00f1o, la ciudad pas\u00f3 de tener un 28,4% de hogares sin acceso a las tres comidas diarias, a tener, a noviembre de 2022, el 39,5%. Aqu\u00ed hay que hacer una anotaci\u00f3n, y es que el sector rural, que es fundamental para el bienestar ibaguere\u00f1o, hay que potenciarlo y ponerlo en los primeros \u00f3rdenes de relevancia presupuestal.<\/span><\/p>\n<p class=\\\"MsoNormal\\\" style=\\\"text-align: justify; text-justify: inter-ideograph;\\\"><span lang=\\\"ES-TRAD\\\" style=\\\"font-family: \\'Arial\\',sans-serif; mso-bidi-font-weight: bold;\\\">El otro aspecto, solo por citar estos algunos el d\u00eda de hoy, en el cual estamos como ciudad, por encima de la variaci\u00f3n mensual nacional es el relacionado con el \u201ctransporte\u201d, en el cual, la media nacional marc\u00f3, para diciembre, un 1,22% y en Ibagu\u00e9 llegamos al 1,24%, esto, sin tener en consideraci\u00f3n el aumento del pasaje del transporte p\u00fablico para el a\u00f1o 2023, que, ante declaraciones contradictorias del alcalde, finalmente termin\u00f3 ajust\u00e1ndose para el presente mes de enero, que resulta este, ser otro indicador con un fuerte impacto en la poblaci\u00f3n con menor ingreso.<\/span><\/p>\n<p class=\\\"MsoNormal\\\" style=\\\"text-align: justify; text-justify: inter-ideograph;\\\"><span lang=\\\"ES-TRAD\\\" style=\\\"font-family: \\'Arial\\',sans-serif; mso-bidi-font-weight: bold;\\\">Para terminar por el d\u00eda de hoy, una reflexi\u00f3n que deber\u00eda hacer la administraci\u00f3n municipal y es para el turismo, un sector fundamental para la econom\u00eda local y que, seg\u00fan estas cifras del DANE, puede verse afectado en tanto y cuanto la variaci\u00f3n mensual del IPC (diciembre de 2022) m\u00e1s alta del pa\u00eds en el sector de \u201crecreaci\u00f3n y cultura\u201d se dio en Ibagu\u00e9, con el 2,23%, muy por encima de la media nacional que se fij\u00f3 en el 1,02% y, creo yo, deber\u00eda estudiarse porque podr\u00eda tener una incidencia negativa, de cara al a\u00f1o que inicia, en este sector. Pilas, es la econom\u00eda un objetivo fundamental en Ibagu\u00e9.<\/span><\/p>\n<p class=\\\"MsoNormal\\\" style=\\\"text-align: justify; text-justify: inter-ideograph;\\\"><span lang=\\\"ES-TRAD\\\" style=\\\"font-family: \\'Arial\\',sans-serif; mso-bidi-font-weight: bold;\\\">Camilo Ernesto Ossa B.<\/span><\/p>\n<p class=\\\"MsoNormal\\\" style=\\\"text-align: justify; text-justify: inter-ideograph;\\\"><span lang=\\\"ES-TRAD\\\" style=\\\"font-family: \\'Arial\\',sans-serif; mso-bidi-font-weight: bold;\\\">@camiloossa10 <\/span><\/p>\n","protected":false},"excerpt":{"rendered":"<p>Las noticias econ\u00f3micas para Ibagu\u00e9 nada que mejoran, a las cifras de desempleo de finales del mes de diciembre, hay [&hellip;]<\/p>\n","protected":false},"author":1,"featured_media":0,"comment_status":"open","ping_status":"open","sticky":false,"template":"","format":"standard","meta":{"site-sidebar-layout":"default","site-content-layout":"","ast-site-content-layout":"default","site-content-style":"default","site-sidebar-style":"default","ast-global-header-display":"","ast-banner-title-visibility":"","ast-main-header-display":"","ast-hfb-above-header-display":"","ast-hfb-below-header-display":"","ast-hfb-mobile-header-display":"","site-post-title":"","ast-breadcrumbs-content":"","ast-featured-img":"","footer-sml-layout":"","ast-disable-related-posts":"","theme-transparent-header-meta":"","adv-header-id-meta":"","stick-header-meta":"","header-above-stick-meta":"","header-main-stick-meta":"","header-below-stick-meta":"","astra-migrate-meta-layouts":"default","ast-page-background-enabled":"default","ast-page-background-meta":{"desktop":{"background-color":"var(--ast-global-color-4)","background-image":"","background-repeat":"repeat","background-position":"center center","background-size":"auto","background-attachment":"scroll","background-type":"","background-media":"","overlay-type":"","overlay-color":"","overlay-opacity":"","overlay-gradient":""},"tablet":{"background-color":"","background-image":"","background-repeat":"repeat","background-position":"center center","background-size":"auto","background-attachment":"scroll","background-type":"","background-media":"","overlay-type":"","overlay-color":"","overlay-opacity":"","overlay-gradient":""},"mobile":{"background-color":"","background-image":"","background-repeat":"repeat","background-position":"center center","background-size":"auto","background-attachment":"scroll","background-type":"","background-media":"","overlay-type":"","overlay-color":"","overlay-opacity":"","overlay-gradient":""}},"ast-content-background-meta":{"desktop":{"background-color":"var(--ast-global-color-5)","background-image":"","background-repeat":"repeat","background-position":"center center","background-size":"auto","background-attachment":"scroll","background-type":"","background-media":"","overlay-type":"","overlay-color":"","overlay-opacity":"","overlay-gradient":""},"tablet":{"background-color":"var(--ast-global-color-5)","background-image":"","background-repeat":"repeat","background-position":"center center","background-size":"auto","background-attachment":"scroll","background-type":"","background-media":"","overlay-type":"","overlay-color":"","overlay-opacity":"","overlay-gradient":""},"mobile":{"background-color":"var(--ast-global-color-5)","background-image":"","background-repeat":"repeat","background-position":"center center","background-size":"auto","background-attachment":"scroll","background-type":"","background-media":"","overlay-type":"","overlay-color":"","overlay-opacity":"","overlay-gradient":""}},"footnotes":""},"categories":[13],"tags":[],"class_list":["post-10082","post","type-post","status-publish","format-standard","hentry","category-que-hacer-aqui"],"yoast_head":"<!-- This site is optimized with the Yoast SEO plugin v27.4 - https:\/\/yoast.com\/product\/yoast-seo-wordpress\/ -->\n<title>\u00a1Es la econom\u00eda! - El Confesionario<\/title>\n<meta name=\"robots\" content=\"index, follow, max-snippet:-1, max-image-preview:large, max-video-preview:-1\" \/>\n<link rel=\"canonical\" href=\"https:\/\/confesionario.co\/w\/es-la-economia\/\" \/>\n<meta property=\"og:locale\" content=\"es_ES\" \/>\n<meta property=\"og:type\" content=\"article\" \/>\n<meta property=\"og:title\" content=\"\u00a1Es la econom\u00eda! - El Confesionario\" \/>\n<meta property=\"og:description\" content=\"Las noticias econ\u00f3micas para Ibagu\u00e9 nada que mejoran, a las cifras de desempleo de finales del mes de diciembre, hay [&hellip;]\" \/>\n<meta property=\"og:url\" content=\"https:\/\/confesionario.co\/w\/es-la-economia\/\" \/>\n<meta property=\"og:site_name\" content=\"El Confesionario\" \/>\n<meta property=\"article:published_time\" content=\"2023-01-10T15:36:59+00:00\" \/>\n<meta name=\"author\" content=\"admin\" \/>\n<meta name=\"twitter:card\" content=\"summary_large_image\" \/>\n<meta name=\"twitter:label1\" content=\"Escrito por\" \/>\n\t<meta name=\"twitter:data1\" content=\"admin\" \/>\n\t<meta name=\"twitter:label2\" content=\"Tiempo de lectura\" \/>\n\t<meta name=\"twitter:data2\" content=\"3 minutos\" \/>\n<script type=\"application\/ld+json\" class=\"yoast-schema-graph\">{\"@context\":\"https:\\\/\\\/schema.org\",\"@graph\":[{\"@type\":\"Article\",\"@id\":\"https:\\\/\\\/confesionario.co\\\/w\\\/es-la-economia\\\/#article\",\"isPartOf\":{\"@id\":\"https:\\\/\\\/confesionario.co\\\/w\\\/es-la-economia\\\/\"},\"author\":{\"name\":\"admin\",\"@id\":\"https:\\\/\\\/confesionario.co\\\/w\\\/#\\\/schema\\\/person\\\/85e99333497749318afab96ea0cc2342\"},\"headline\":\"\u00a1Es la econom\u00eda!\",\"datePublished\":\"2023-01-10T15:36:59+00:00\",\"mainEntityOfPage\":{\"@id\":\"https:\\\/\\\/confesionario.co\\\/w\\\/es-la-economia\\\/\"},\"wordCount\":637,\"commentCount\":0,\"publisher\":{\"@id\":\"https:\\\/\\\/confesionario.co\\\/w\\\/#organization\"},\"articleSection\":[\"Qu\u00e9 hacer aqu\u00ed\"],\"inLanguage\":\"es\",\"potentialAction\":[{\"@type\":\"CommentAction\",\"name\":\"Comment\",\"target\":[\"https:\\\/\\\/confesionario.co\\\/w\\\/es-la-economia\\\/#respond\"]}]},{\"@type\":\"WebPage\",\"@id\":\"https:\\\/\\\/confesionario.co\\\/w\\\/es-la-economia\\\/\",\"url\":\"https:\\\/\\\/confesionario.co\\\/w\\\/es-la-economia\\\/\",\"name\":\"\u00a1Es la econom\u00eda! - El Confesionario\",\"isPartOf\":{\"@id\":\"https:\\\/\\\/confesionario.co\\\/w\\\/#website\"},\"datePublished\":\"2023-01-10T15:36:59+00:00\",\"breadcrumb\":{\"@id\":\"https:\\\/\\\/confesionario.co\\\/w\\\/es-la-economia\\\/#breadcrumb\"},\"inLanguage\":\"es\",\"potentialAction\":[{\"@type\":\"ReadAction\",\"target\":[\"https:\\\/\\\/confesionario.co\\\/w\\\/es-la-economia\\\/\"]}]},{\"@type\":\"BreadcrumbList\",\"@id\":\"https:\\\/\\\/confesionario.co\\\/w\\\/es-la-economia\\\/#breadcrumb\",\"itemListElement\":[{\"@type\":\"ListItem\",\"position\":1,\"name\":\"Portada\",\"item\":\"https:\\\/\\\/confesionario.co\\\/w\\\/\"},{\"@type\":\"ListItem\",\"position\":2,\"name\":\"\u00a1Es la econom\u00eda!\"}]},{\"@type\":\"WebSite\",\"@id\":\"https:\\\/\\\/confesionario.co\\\/w\\\/#website\",\"url\":\"https:\\\/\\\/confesionario.co\\\/w\\\/\",\"name\":\"El Confesionario\",\"description\":\"\",\"publisher\":{\"@id\":\"https:\\\/\\\/confesionario.co\\\/w\\\/#organization\"},\"potentialAction\":[{\"@type\":\"SearchAction\",\"target\":{\"@type\":\"EntryPoint\",\"urlTemplate\":\"https:\\\/\\\/confesionario.co\\\/w\\\/?s={search_term_string}\"},\"query-input\":{\"@type\":\"PropertyValueSpecification\",\"valueRequired\":true,\"valueName\":\"search_term_string\"}}],\"inLanguage\":\"es\"},{\"@type\":\"Organization\",\"@id\":\"https:\\\/\\\/confesionario.co\\\/w\\\/#organization\",\"name\":\"El Confesionario\",\"url\":\"https:\\\/\\\/confesionario.co\\\/w\\\/\",\"logo\":{\"@type\":\"ImageObject\",\"inLanguage\":\"es\",\"@id\":\"https:\\\/\\\/confesionario.co\\\/w\\\/#\\\/schema\\\/logo\\\/image\\\/\",\"url\":\"https:\\\/\\\/confesionario.co\\\/w\\\/wp-content\\\/uploads\\\/2026\\\/02\\\/confesionario-horizontal.png\",\"contentUrl\":\"https:\\\/\\\/confesionario.co\\\/w\\\/wp-content\\\/uploads\\\/2026\\\/02\\\/confesionario-horizontal.png\",\"width\":581,\"height\":148,\"caption\":\"El Confesionario\"},\"image\":{\"@id\":\"https:\\\/\\\/confesionario.co\\\/w\\\/#\\\/schema\\\/logo\\\/image\\\/\"}},{\"@type\":\"Person\",\"@id\":\"https:\\\/\\\/confesionario.co\\\/w\\\/#\\\/schema\\\/person\\\/85e99333497749318afab96ea0cc2342\",\"name\":\"admin\",\"image\":{\"@type\":\"ImageObject\",\"inLanguage\":\"es\",\"@id\":\"https:\\\/\\\/secure.gravatar.com\\\/avatar\\\/f3358fe09cfbbfc24265a18ea411b8ee8e54296a50fb17d8acf3cffca66240d2?s=96&d=mm&r=g\",\"url\":\"https:\\\/\\\/secure.gravatar.com\\\/avatar\\\/f3358fe09cfbbfc24265a18ea411b8ee8e54296a50fb17d8acf3cffca66240d2?s=96&d=mm&r=g\",\"contentUrl\":\"https:\\\/\\\/secure.gravatar.com\\\/avatar\\\/f3358fe09cfbbfc24265a18ea411b8ee8e54296a50fb17d8acf3cffca66240d2?s=96&d=mm&r=g\",\"caption\":\"admin\"},\"sameAs\":[\"https:\\\/\\\/elconfesionario.co\\\/w\"],\"url\":\"https:\\\/\\\/confesionario.co\\\/w\\\/author\\\/osabuena\\\/\"}]}<\/script>\n<!-- \/ Yoast SEO plugin. -->","yoast_head_json":{"title":"\u00a1Es la econom\u00eda! - El Confesionario","robots":{"index":"index","follow":"follow","max-snippet":"max-snippet:-1","max-image-preview":"max-image-preview:large","max-video-preview":"max-video-preview:-1"},"canonical":"https:\/\/confesionario.co\/w\/es-la-economia\/","og_locale":"es_ES","og_type":"article","og_title":"\u00a1Es la econom\u00eda! - El Confesionario","og_description":"Las noticias econ\u00f3micas para Ibagu\u00e9 nada que mejoran, a las cifras de desempleo de finales del mes de diciembre, hay [&hellip;]","og_url":"https:\/\/confesionario.co\/w\/es-la-economia\/","og_site_name":"El Confesionario","article_published_time":"2023-01-10T15:36:59+00:00","author":"admin","twitter_card":"summary_large_image","twitter_misc":{"Escrito por":"admin","Tiempo de lectura":"3 minutos"},"schema":{"@context":"https:\/\/schema.org","@graph":[{"@type":"Article","@id":"https:\/\/confesionario.co\/w\/es-la-economia\/#article","isPartOf":{"@id":"https:\/\/confesionario.co\/w\/es-la-economia\/"},"author":{"name":"admin","@id":"https:\/\/confesionario.co\/w\/#\/schema\/person\/85e99333497749318afab96ea0cc2342"},"headline":"\u00a1Es la econom\u00eda!","datePublished":"2023-01-10T15:36:59+00:00","mainEntityOfPage":{"@id":"https:\/\/confesionario.co\/w\/es-la-economia\/"},"wordCount":637,"commentCount":0,"publisher":{"@id":"https:\/\/confesionario.co\/w\/#organization"},"articleSection":["Qu\u00e9 hacer aqu\u00ed"],"inLanguage":"es","potentialAction":[{"@type":"CommentAction","name":"Comment","target":["https:\/\/confesionario.co\/w\/es-la-economia\/#respond"]}]},{"@type":"WebPage","@id":"https:\/\/confesionario.co\/w\/es-la-economia\/","url":"https:\/\/confesionario.co\/w\/es-la-economia\/","name":"\u00a1Es la econom\u00eda! - El Confesionario","isPartOf":{"@id":"https:\/\/confesionario.co\/w\/#website"},"datePublished":"2023-01-10T15:36:59+00:00","breadcrumb":{"@id":"https:\/\/confesionario.co\/w\/es-la-economia\/#breadcrumb"},"inLanguage":"es","potentialAction":[{"@type":"ReadAction","target":["https:\/\/confesionario.co\/w\/es-la-economia\/"]}]},{"@type":"BreadcrumbList","@id":"https:\/\/confesionario.co\/w\/es-la-economia\/#breadcrumb","itemListElement":[{"@type":"ListItem","position":1,"name":"Portada","item":"https:\/\/confesionario.co\/w\/"},{"@type":"ListItem","position":2,"name":"\u00a1Es la econom\u00eda!"}]},{"@type":"WebSite","@id":"https:\/\/confesionario.co\/w\/#website","url":"https:\/\/confesionario.co\/w\/","name":"El Confesionario","description":"","publisher":{"@id":"https:\/\/confesionario.co\/w\/#organization"},"potentialAction":[{"@type":"SearchAction","target":{"@type":"EntryPoint","urlTemplate":"https:\/\/confesionario.co\/w\/?s={search_term_string}"},"query-input":{"@type":"PropertyValueSpecification","valueRequired":true,"valueName":"search_term_string"}}],"inLanguage":"es"},{"@type":"Organization","@id":"https:\/\/confesionario.co\/w\/#organization","name":"El Confesionario","url":"https:\/\/confesionario.co\/w\/","logo":{"@type":"ImageObject","inLanguage":"es","@id":"https:\/\/confesionario.co\/w\/#\/schema\/logo\/image\/","url":"https:\/\/confesionario.co\/w\/wp-content\/uploads\/2026\/02\/confesionario-horizontal.png","contentUrl":"https:\/\/confesionario.co\/w\/wp-content\/uploads\/2026\/02\/confesionario-horizontal.png","width":581,"height":148,"caption":"El Confesionario"},"image":{"@id":"https:\/\/confesionario.co\/w\/#\/schema\/logo\/image\/"}},{"@type":"Person","@id":"https:\/\/confesionario.co\/w\/#\/schema\/person\/85e99333497749318afab96ea0cc2342","name":"admin","image":{"@type":"ImageObject","inLanguage":"es","@id":"https:\/\/secure.gravatar.com\/avatar\/f3358fe09cfbbfc24265a18ea411b8ee8e54296a50fb17d8acf3cffca66240d2?s=96&d=mm&r=g","url":"https:\/\/secure.gravatar.com\/avatar\/f3358fe09cfbbfc24265a18ea411b8ee8e54296a50fb17d8acf3cffca66240d2?s=96&d=mm&r=g","contentUrl":"https:\/\/secure.gravatar.com\/avatar\/f3358fe09cfbbfc24265a18ea411b8ee8e54296a50fb17d8acf3cffca66240d2?s=96&d=mm&r=g","caption":"admin"},"sameAs":["https:\/\/elconfesionario.co\/w"],"url":"https:\/\/confesionario.co\/w\/author\/osabuena\/"}]}},"jetpack_featured_media_url":"","_links":{"self":[{"href":"https:\/\/confesionario.co\/w\/wp-json\/wp\/v2\/posts\/10082","targetHints":{"allow":["GET"]}}],"collection":[{"href":"https:\/\/confesionario.co\/w\/wp-json\/wp\/v2\/posts"}],"about":[{"href":"https:\/\/confesionario.co\/w\/wp-json\/wp\/v2\/types\/post"}],"author":[{"embeddable":true,"href":"https:\/\/confesionario.co\/w\/wp-json\/wp\/v2\/users\/1"}],"replies":[{"embeddable":true,"href":"https:\/\/confesionario.co\/w\/wp-json\/wp\/v2\/comments?post=10082"}],"version-history":[{"count":0,"href":"https:\/\/confesionario.co\/w\/wp-json\/wp\/v2\/posts\/10082\/revisions"}],"wp:attachment":[{"href":"https:\/\/confesionario.co\/w\/wp-json\/wp\/v2\/media?parent=10082"}],"wp:term":[{"taxonomy":"category","embeddable":true,"href":"https:\/\/confesionario.co\/w\/wp-json\/wp\/v2\/categories?post=10082"},{"taxonomy":"post_tag","embeddable":true,"href":"https:\/\/confesionario.co\/w\/wp-json\/wp\/v2\/tags?post=10082"}],"curies":[{"name":"wp","href":"https:\/\/api.w.org\/{rel}","templated":true}]}}