{"id":10086,"date":"2023-01-12T14:02:02","date_gmt":"2023-01-12T14:02:02","guid":{"rendered":"https:\/\/confesionario.co\/w\/profesora-ibaguerena-se-convierte-en-embajadora-para-la-paz\/"},"modified":"2023-01-12T14:02:02","modified_gmt":"2023-01-12T14:02:02","slug":"profesora-ibaguerena-se-convierte-en-embajadora-para-la-paz","status":"publish","type":"post","link":"https:\/\/confesionario.co\/w\/profesora-ibaguerena-se-convierte-en-embajadora-para-la-paz\/","title":{"rendered":"Profesora ibaguere\u00f1a se convierte en embajadora para la paz"},"content":{"rendered":"<p class=\\\"MsoNormal\\\" style=\\\"text-align: justify;\\\"><span style=\\\"font-size: 12.0pt; line-height: 107%; font-family: \\'Arial\\',sans-serif;\\\">Magnolia Hern\u00e1ndez es una de las becarias de la Agencia Internacional de Cooperaci\u00f3n de ese pa\u00eds, y del Ministerio de Educaci\u00f3n Nacional, para fortalecer las competencias en formaci\u00f3n para la paz.<\/span><\/p>\n<p><!--more--><\/p>\n<p class=\\\"MsoNormal\\\" style=\\\"text-align: justify;\\\"><span style=\\\"font-size: 12.0pt; line-height: 107%; font-family: \\'Arial\\',sans-serif;\\\">Magnolia Matilde Hern\u00e1ndez P\u00e9rez es docente orientadora de la instituci\u00f3n Alberto Santofimio Caicedo y desde la pr\u00f3xima semana representar\u00e1 a la Capital Musical en el proceso de inmersi\u00f3n para profesores en educaci\u00f3n para la paz, en Okinawa, Jap\u00f3n.<\/span><\/p>\n<p class=\\\"MsoNormal\\\" style=\\\"text-align: justify;\\\"><span style=\\\"font-size: 12.0pt; line-height: 107%; font-family: \\'Arial\\',sans-serif;\\\">La orientadora es una de las becarias de la Agencia Internacional de Cooperaci\u00f3n del Jap\u00f3n, JICA, entidad que, en convenio con el Ministerio de Educaci\u00f3n Nacional, viene ofertando este proceso formativo desde hace 3 a\u00f1os, con el objetivo de extender los principios de reconciliaci\u00f3n, reparaci\u00f3n y no repetici\u00f3n, de las que son pioneros en este pa\u00eds asi\u00e1tico, tras la Segunda Guerra Mundial.<\/span><\/p>\n<p class=\\\"MsoNormal\\\" style=\\\"text-align: justify;\\\"><span style=\\\"font-size: 12.0pt; line-height: 107%; font-family: \\'Arial\\',sans-serif;\\\">Esta segunda cohorte, de la que hace parte la \u2018profe\u2019 Magnolia inici\u00f3 de enero a marzo de 2022 con un diplomado virtual y el inicio del proceso de inmersi\u00f3n en Cartagena en septiembre del a\u00f1o pasado con l\u00edderes de la JICA y docentes de Bol\u00edvar, Cesar y, Antioquia, entre otros departamentos que participan.<\/span><\/p>\n<p class=\\\"MsoNormal\\\" style=\\\"text-align: justify;\\\"><span style=\\\"font-size: 12.0pt; line-height: 107%; font-family: \\'Arial\\',sans-serif;\\\">Magnolia lleg\u00f3 a ser acreedora de la beca gracias a su trabajo en los temas de paz y convivencia en su colegio, liderando iniciativas a trav\u00e9s de la literatura, la orientaci\u00f3n escolar individual y familiar, que no es convencional en las escuelas, pero que luego de la pandemia, se convirti\u00f3 en una necesidad.<\/span><\/p>\n<p class=\\\"MsoNormal\\\" style=\\\"text-align: justify;\\\"><span style=\\\"font-size: 12.0pt; line-height: 107%; font-family: \\'Arial\\',sans-serif;\\\">Fruto de la formaci\u00f3n con la JICA, la docente viene adelantando una mesa t\u00e9cnica de educaci\u00f3n para la paz, en articulaci\u00f3n con otras ocho instituciones educativas de Ibagu\u00e9, en las que se adelantan diferentes estrategias e iniciativas que permitan que la paz, sea un proceso transversal en la escuela y no un tema exclusivo de las ciencias sociales.<\/span><\/p>\n<p class=\\\"MsoNormal\\\" style=\\\"text-align: justify;\\\"><span style=\\\"font-size: 12.0pt; line-height: 107%; font-family: \\'Arial\\',sans-serif;\\\">\u201cLa paz empieza con nosotros, con el tema del amor propio, del reconocimiento de derechos, con la convivencia familiar y como se proyecta eso en la convivencia escolar, reconociendo y aceptando la diferencia del compa\u00f1ero, el autocuidado, incluso desde la l\u00f3gica de las verdades podemos hablar con los chicos para disminuir el acoso escolar, porque empiezan a reconocer que el otro tambi\u00e9n tiene los mismos derechos que yo\u201d, expresa la \u2018profe\u2019.<\/span><\/p>\n<p class=\\\"MsoNormal\\\" style=\\\"text-align: justify;\\\"><span style=\\\"font-size: 12.0pt; line-height: 107%; font-family: \\'Arial\\',sans-serif;\\\">Desde el pr\u00f3ximo lunes 16 de enero, y hasta el 12 de febrero, estar\u00e1 en el Jap\u00f3n compartiendo su experiencia en las aulas y aprendiendo de la experticia que en este pa\u00eds tienen para articular la paz en el curr\u00edculo de formaci\u00f3n y trascender de la superaci\u00f3n del conflicto armado a su integraci\u00f3n en la cotidianidad de la vida diaria de los actores de la comunidad educativa.<\/span><\/p>\n<p class=\\\"MsoNormal\\\" style=\\\"text-align: justify;\\\"><span style=\\\"font-size: 12.0pt; line-height: 107%; font-family: \\'Arial\\',sans-serif;\\\">\u201cLa proyecci\u00f3n que se tiene para 2023 es que personal que JICA pueda venir a acompa\u00f1arnos en Ibagu\u00e9 a trabajar con los profes y podamos multiplicar esta experiencia que vamos a tener en el proceso de inmersi\u00f3n en Okinawa\u201d, concluy\u00f3 la docente.<\/span><\/p>\n","protected":false},"excerpt":{"rendered":"<p>Magnolia Hern\u00e1ndez es una de las becarias de la Agencia Internacional de Cooperaci\u00f3n de ese pa\u00eds, y del Ministerio de [&hellip;]<\/p>\n","protected":false},"author":1,"featured_media":0,"comment_status":"open","ping_status":"open","sticky":false,"template":"","format":"standard","meta":{"site-sidebar-layout":"default","site-content-layout":"","ast-site-content-layout":"default","site-content-style":"default","site-sidebar-style":"default","ast-global-header-display":"","ast-banner-title-visibility":"","ast-main-header-display":"","ast-hfb-above-header-display":"","ast-hfb-below-header-display":"","ast-hfb-mobile-header-display":"","site-post-title":"","ast-breadcrumbs-content":"","ast-featured-img":"","footer-sml-layout":"","ast-disable-related-posts":"","theme-transparent-header-meta":"","adv-header-id-meta":"","stick-header-meta":"","header-above-stick-meta":"","header-main-stick-meta":"","header-below-stick-meta":"","astra-migrate-meta-layouts":"default","ast-page-background-enabled":"default","ast-page-background-meta":{"desktop":{"background-color":"var(--ast-global-color-4)","background-image":"","background-repeat":"repeat","background-position":"center center","background-size":"auto","background-attachment":"scroll","background-type":"","background-media":"","overlay-type":"","overlay-color":"","overlay-opacity":"","overlay-gradient":""},"tablet":{"background-color":"","background-image":"","background-repeat":"repeat","background-position":"center center","background-size":"auto","background-attachment":"scroll","background-type":"","background-media":"","overlay-type":"","overlay-color":"","overlay-opacity":"","overlay-gradient":""},"mobile":{"background-color":"","background-image":"","background-repeat":"repeat","background-position":"center center","background-size":"auto","background-attachment":"scroll","background-type":"","background-media":"","overlay-type":"","overlay-color":"","overlay-opacity":"","overlay-gradient":""}},"ast-content-background-meta":{"desktop":{"background-color":"var(--ast-global-color-5)","background-image":"","background-repeat":"repeat","background-position":"center center","background-size":"auto","background-attachment":"scroll","background-type":"","background-media":"","overlay-type":"","overlay-color":"","overlay-opacity":"","overlay-gradient":""},"tablet":{"background-color":"var(--ast-global-color-5)","background-image":"","background-repeat":"repeat","background-position":"center center","background-size":"auto","background-attachment":"scroll","background-type":"","background-media":"","overlay-type":"","overlay-color":"","overlay-opacity":"","overlay-gradient":""},"mobile":{"background-color":"var(--ast-global-color-5)","background-image":"","background-repeat":"repeat","background-position":"center center","background-size":"auto","background-attachment":"scroll","background-type":"","background-media":"","overlay-type":"","overlay-color":"","overlay-opacity":"","overlay-gradient":""}},"footnotes":""},"categories":[19],"tags":[],"class_list":["post-10086","post","type-post","status-publish","format-standard","hentry","category-ibague"],"yoast_head":"<!-- This site is optimized with the Yoast SEO plugin v27.4 - https:\/\/yoast.com\/product\/yoast-seo-wordpress\/ -->\n<title>Profesora ibaguere\u00f1a se convierte en embajadora para la paz - El Confesionario<\/title>\n<meta name=\"robots\" content=\"index, follow, max-snippet:-1, max-image-preview:large, max-video-preview:-1\" \/>\n<link rel=\"canonical\" href=\"https:\/\/confesionario.co\/w\/profesora-ibaguerena-se-convierte-en-embajadora-para-la-paz\/\" \/>\n<meta property=\"og:locale\" content=\"es_ES\" \/>\n<meta property=\"og:type\" content=\"article\" \/>\n<meta property=\"og:title\" content=\"Profesora ibaguere\u00f1a se convierte en embajadora para la paz - El Confesionario\" \/>\n<meta property=\"og:description\" content=\"Magnolia Hern\u00e1ndez es una de las becarias de la Agencia Internacional de Cooperaci\u00f3n de ese pa\u00eds, y del Ministerio de [&hellip;]\" \/>\n<meta property=\"og:url\" content=\"https:\/\/confesionario.co\/w\/profesora-ibaguerena-se-convierte-en-embajadora-para-la-paz\/\" \/>\n<meta property=\"og:site_name\" content=\"El Confesionario\" \/>\n<meta property=\"article:published_time\" content=\"2023-01-12T14:02:02+00:00\" \/>\n<meta name=\"author\" content=\"admin\" \/>\n<meta name=\"twitter:card\" content=\"summary_large_image\" \/>\n<meta name=\"twitter:label1\" content=\"Escrito por\" \/>\n\t<meta name=\"twitter:data1\" content=\"admin\" \/>\n\t<meta name=\"twitter:label2\" content=\"Tiempo de lectura\" \/>\n\t<meta name=\"twitter:data2\" content=\"3 minutos\" \/>\n<script type=\"application\/ld+json\" class=\"yoast-schema-graph\">{\"@context\":\"https:\\\/\\\/schema.org\",\"@graph\":[{\"@type\":\"Article\",\"@id\":\"https:\\\/\\\/confesionario.co\\\/w\\\/profesora-ibaguerena-se-convierte-en-embajadora-para-la-paz\\\/#article\",\"isPartOf\":{\"@id\":\"https:\\\/\\\/confesionario.co\\\/w\\\/profesora-ibaguerena-se-convierte-en-embajadora-para-la-paz\\\/\"},\"author\":{\"name\":\"admin\",\"@id\":\"https:\\\/\\\/confesionario.co\\\/w\\\/#\\\/schema\\\/person\\\/85e99333497749318afab96ea0cc2342\"},\"headline\":\"Profesora ibaguere\u00f1a se convierte en embajadora para la paz\",\"datePublished\":\"2023-01-12T14:02:02+00:00\",\"mainEntityOfPage\":{\"@id\":\"https:\\\/\\\/confesionario.co\\\/w\\\/profesora-ibaguerena-se-convierte-en-embajadora-para-la-paz\\\/\"},\"wordCount\":524,\"commentCount\":0,\"publisher\":{\"@id\":\"https:\\\/\\\/confesionario.co\\\/w\\\/#organization\"},\"articleSection\":[\"Ibagu\u00e9\"],\"inLanguage\":\"es\",\"potentialAction\":[{\"@type\":\"CommentAction\",\"name\":\"Comment\",\"target\":[\"https:\\\/\\\/confesionario.co\\\/w\\\/profesora-ibaguerena-se-convierte-en-embajadora-para-la-paz\\\/#respond\"]}]},{\"@type\":\"WebPage\",\"@id\":\"https:\\\/\\\/confesionario.co\\\/w\\\/profesora-ibaguerena-se-convierte-en-embajadora-para-la-paz\\\/\",\"url\":\"https:\\\/\\\/confesionario.co\\\/w\\\/profesora-ibaguerena-se-convierte-en-embajadora-para-la-paz\\\/\",\"name\":\"Profesora ibaguere\u00f1a se convierte en embajadora para la paz - El Confesionario\",\"isPartOf\":{\"@id\":\"https:\\\/\\\/confesionario.co\\\/w\\\/#website\"},\"datePublished\":\"2023-01-12T14:02:02+00:00\",\"breadcrumb\":{\"@id\":\"https:\\\/\\\/confesionario.co\\\/w\\\/profesora-ibaguerena-se-convierte-en-embajadora-para-la-paz\\\/#breadcrumb\"},\"inLanguage\":\"es\",\"potentialAction\":[{\"@type\":\"ReadAction\",\"target\":[\"https:\\\/\\\/confesionario.co\\\/w\\\/profesora-ibaguerena-se-convierte-en-embajadora-para-la-paz\\\/\"]}]},{\"@type\":\"BreadcrumbList\",\"@id\":\"https:\\\/\\\/confesionario.co\\\/w\\\/profesora-ibaguerena-se-convierte-en-embajadora-para-la-paz\\\/#breadcrumb\",\"itemListElement\":[{\"@type\":\"ListItem\",\"position\":1,\"name\":\"Portada\",\"item\":\"https:\\\/\\\/confesionario.co\\\/w\\\/\"},{\"@type\":\"ListItem\",\"position\":2,\"name\":\"Profesora ibaguere\u00f1a se convierte en embajadora para la paz\"}]},{\"@type\":\"WebSite\",\"@id\":\"https:\\\/\\\/confesionario.co\\\/w\\\/#website\",\"url\":\"https:\\\/\\\/confesionario.co\\\/w\\\/\",\"name\":\"El Confesionario\",\"description\":\"\",\"publisher\":{\"@id\":\"https:\\\/\\\/confesionario.co\\\/w\\\/#organization\"},\"potentialAction\":[{\"@type\":\"SearchAction\",\"target\":{\"@type\":\"EntryPoint\",\"urlTemplate\":\"https:\\\/\\\/confesionario.co\\\/w\\\/?s={search_term_string}\"},\"query-input\":{\"@type\":\"PropertyValueSpecification\",\"valueRequired\":true,\"valueName\":\"search_term_string\"}}],\"inLanguage\":\"es\"},{\"@type\":\"Organization\",\"@id\":\"https:\\\/\\\/confesionario.co\\\/w\\\/#organization\",\"name\":\"El Confesionario\",\"url\":\"https:\\\/\\\/confesionario.co\\\/w\\\/\",\"logo\":{\"@type\":\"ImageObject\",\"inLanguage\":\"es\",\"@id\":\"https:\\\/\\\/confesionario.co\\\/w\\\/#\\\/schema\\\/logo\\\/image\\\/\",\"url\":\"https:\\\/\\\/confesionario.co\\\/w\\\/wp-content\\\/uploads\\\/2026\\\/02\\\/confesionario-horizontal.png\",\"contentUrl\":\"https:\\\/\\\/confesionario.co\\\/w\\\/wp-content\\\/uploads\\\/2026\\\/02\\\/confesionario-horizontal.png\",\"width\":581,\"height\":148,\"caption\":\"El Confesionario\"},\"image\":{\"@id\":\"https:\\\/\\\/confesionario.co\\\/w\\\/#\\\/schema\\\/logo\\\/image\\\/\"}},{\"@type\":\"Person\",\"@id\":\"https:\\\/\\\/confesionario.co\\\/w\\\/#\\\/schema\\\/person\\\/85e99333497749318afab96ea0cc2342\",\"name\":\"admin\",\"image\":{\"@type\":\"ImageObject\",\"inLanguage\":\"es\",\"@id\":\"https:\\\/\\\/secure.gravatar.com\\\/avatar\\\/f3358fe09cfbbfc24265a18ea411b8ee8e54296a50fb17d8acf3cffca66240d2?s=96&d=mm&r=g\",\"url\":\"https:\\\/\\\/secure.gravatar.com\\\/avatar\\\/f3358fe09cfbbfc24265a18ea411b8ee8e54296a50fb17d8acf3cffca66240d2?s=96&d=mm&r=g\",\"contentUrl\":\"https:\\\/\\\/secure.gravatar.com\\\/avatar\\\/f3358fe09cfbbfc24265a18ea411b8ee8e54296a50fb17d8acf3cffca66240d2?s=96&d=mm&r=g\",\"caption\":\"admin\"},\"sameAs\":[\"https:\\\/\\\/elconfesionario.co\\\/w\"],\"url\":\"https:\\\/\\\/confesionario.co\\\/w\\\/author\\\/osabuena\\\/\"}]}<\/script>\n<!-- \/ Yoast SEO plugin. -->","yoast_head_json":{"title":"Profesora ibaguere\u00f1a se convierte en embajadora para la paz - El Confesionario","robots":{"index":"index","follow":"follow","max-snippet":"max-snippet:-1","max-image-preview":"max-image-preview:large","max-video-preview":"max-video-preview:-1"},"canonical":"https:\/\/confesionario.co\/w\/profesora-ibaguerena-se-convierte-en-embajadora-para-la-paz\/","og_locale":"es_ES","og_type":"article","og_title":"Profesora ibaguere\u00f1a se convierte en embajadora para la paz - El Confesionario","og_description":"Magnolia Hern\u00e1ndez es una de las becarias de la Agencia Internacional de Cooperaci\u00f3n de ese pa\u00eds, y del Ministerio de [&hellip;]","og_url":"https:\/\/confesionario.co\/w\/profesora-ibaguerena-se-convierte-en-embajadora-para-la-paz\/","og_site_name":"El Confesionario","article_published_time":"2023-01-12T14:02:02+00:00","author":"admin","twitter_card":"summary_large_image","twitter_misc":{"Escrito por":"admin","Tiempo de lectura":"3 minutos"},"schema":{"@context":"https:\/\/schema.org","@graph":[{"@type":"Article","@id":"https:\/\/confesionario.co\/w\/profesora-ibaguerena-se-convierte-en-embajadora-para-la-paz\/#article","isPartOf":{"@id":"https:\/\/confesionario.co\/w\/profesora-ibaguerena-se-convierte-en-embajadora-para-la-paz\/"},"author":{"name":"admin","@id":"https:\/\/confesionario.co\/w\/#\/schema\/person\/85e99333497749318afab96ea0cc2342"},"headline":"Profesora ibaguere\u00f1a se convierte en embajadora para la paz","datePublished":"2023-01-12T14:02:02+00:00","mainEntityOfPage":{"@id":"https:\/\/confesionario.co\/w\/profesora-ibaguerena-se-convierte-en-embajadora-para-la-paz\/"},"wordCount":524,"commentCount":0,"publisher":{"@id":"https:\/\/confesionario.co\/w\/#organization"},"articleSection":["Ibagu\u00e9"],"inLanguage":"es","potentialAction":[{"@type":"CommentAction","name":"Comment","target":["https:\/\/confesionario.co\/w\/profesora-ibaguerena-se-convierte-en-embajadora-para-la-paz\/#respond"]}]},{"@type":"WebPage","@id":"https:\/\/confesionario.co\/w\/profesora-ibaguerena-se-convierte-en-embajadora-para-la-paz\/","url":"https:\/\/confesionario.co\/w\/profesora-ibaguerena-se-convierte-en-embajadora-para-la-paz\/","name":"Profesora ibaguere\u00f1a se convierte en embajadora para la paz - El Confesionario","isPartOf":{"@id":"https:\/\/confesionario.co\/w\/#website"},"datePublished":"2023-01-12T14:02:02+00:00","breadcrumb":{"@id":"https:\/\/confesionario.co\/w\/profesora-ibaguerena-se-convierte-en-embajadora-para-la-paz\/#breadcrumb"},"inLanguage":"es","potentialAction":[{"@type":"ReadAction","target":["https:\/\/confesionario.co\/w\/profesora-ibaguerena-se-convierte-en-embajadora-para-la-paz\/"]}]},{"@type":"BreadcrumbList","@id":"https:\/\/confesionario.co\/w\/profesora-ibaguerena-se-convierte-en-embajadora-para-la-paz\/#breadcrumb","itemListElement":[{"@type":"ListItem","position":1,"name":"Portada","item":"https:\/\/confesionario.co\/w\/"},{"@type":"ListItem","position":2,"name":"Profesora ibaguere\u00f1a se convierte en embajadora para la paz"}]},{"@type":"WebSite","@id":"https:\/\/confesionario.co\/w\/#website","url":"https:\/\/confesionario.co\/w\/","name":"El Confesionario","description":"","publisher":{"@id":"https:\/\/confesionario.co\/w\/#organization"},"potentialAction":[{"@type":"SearchAction","target":{"@type":"EntryPoint","urlTemplate":"https:\/\/confesionario.co\/w\/?s={search_term_string}"},"query-input":{"@type":"PropertyValueSpecification","valueRequired":true,"valueName":"search_term_string"}}],"inLanguage":"es"},{"@type":"Organization","@id":"https:\/\/confesionario.co\/w\/#organization","name":"El Confesionario","url":"https:\/\/confesionario.co\/w\/","logo":{"@type":"ImageObject","inLanguage":"es","@id":"https:\/\/confesionario.co\/w\/#\/schema\/logo\/image\/","url":"https:\/\/confesionario.co\/w\/wp-content\/uploads\/2026\/02\/confesionario-horizontal.png","contentUrl":"https:\/\/confesionario.co\/w\/wp-content\/uploads\/2026\/02\/confesionario-horizontal.png","width":581,"height":148,"caption":"El Confesionario"},"image":{"@id":"https:\/\/confesionario.co\/w\/#\/schema\/logo\/image\/"}},{"@type":"Person","@id":"https:\/\/confesionario.co\/w\/#\/schema\/person\/85e99333497749318afab96ea0cc2342","name":"admin","image":{"@type":"ImageObject","inLanguage":"es","@id":"https:\/\/secure.gravatar.com\/avatar\/f3358fe09cfbbfc24265a18ea411b8ee8e54296a50fb17d8acf3cffca66240d2?s=96&d=mm&r=g","url":"https:\/\/secure.gravatar.com\/avatar\/f3358fe09cfbbfc24265a18ea411b8ee8e54296a50fb17d8acf3cffca66240d2?s=96&d=mm&r=g","contentUrl":"https:\/\/secure.gravatar.com\/avatar\/f3358fe09cfbbfc24265a18ea411b8ee8e54296a50fb17d8acf3cffca66240d2?s=96&d=mm&r=g","caption":"admin"},"sameAs":["https:\/\/elconfesionario.co\/w"],"url":"https:\/\/confesionario.co\/w\/author\/osabuena\/"}]}},"jetpack_featured_media_url":"","_links":{"self":[{"href":"https:\/\/confesionario.co\/w\/wp-json\/wp\/v2\/posts\/10086","targetHints":{"allow":["GET"]}}],"collection":[{"href":"https:\/\/confesionario.co\/w\/wp-json\/wp\/v2\/posts"}],"about":[{"href":"https:\/\/confesionario.co\/w\/wp-json\/wp\/v2\/types\/post"}],"author":[{"embeddable":true,"href":"https:\/\/confesionario.co\/w\/wp-json\/wp\/v2\/users\/1"}],"replies":[{"embeddable":true,"href":"https:\/\/confesionario.co\/w\/wp-json\/wp\/v2\/comments?post=10086"}],"version-history":[{"count":0,"href":"https:\/\/confesionario.co\/w\/wp-json\/wp\/v2\/posts\/10086\/revisions"}],"wp:attachment":[{"href":"https:\/\/confesionario.co\/w\/wp-json\/wp\/v2\/media?parent=10086"}],"wp:term":[{"taxonomy":"category","embeddable":true,"href":"https:\/\/confesionario.co\/w\/wp-json\/wp\/v2\/categories?post=10086"},{"taxonomy":"post_tag","embeddable":true,"href":"https:\/\/confesionario.co\/w\/wp-json\/wp\/v2\/tags?post=10086"}],"curies":[{"name":"wp","href":"https:\/\/api.w.org\/{rel}","templated":true}]}}