{"id":10091,"date":"2023-01-12T14:36:21","date_gmt":"2023-01-12T14:36:21","guid":{"rendered":"https:\/\/confesionario.co\/w\/el-gobernador-ricardo-orozco-cumplira-con-la-pavimentacion-de-la-via-mariquita-victoria\/"},"modified":"2023-01-12T14:36:21","modified_gmt":"2023-01-12T14:36:21","slug":"el-gobernador-ricardo-orozco-cumplira-con-la-pavimentacion-de-la-via-mariquita-victoria","status":"publish","type":"post","link":"https:\/\/confesionario.co\/w\/el-gobernador-ricardo-orozco-cumplira-con-la-pavimentacion-de-la-via-mariquita-victoria\/","title":{"rendered":"El gobernador Ricardo Orozco cumplir\u00e1 con la pavimentaci\u00f3n de la v\u00eda Mariquita -Victoria"},"content":{"rendered":"<p class=\\\"MsoNormal\\\" style=\\\"text-align: justify;\\\"><span style=\\\"font-size: 12.0pt; line-height: 107%; font-family: \\'Arial\\',sans-serif;\\\">Orozco Valero es el gobernador de mayor inversi\u00f3n en San Sebasti\u00e1n de Mariquita.<\/span><\/p>\n<p><!--more--><\/p>\n<p class=\\\"MsoNormal\\\" style=\\\"text-align: justify;\\\"><span style=\\\"font-size: 12.0pt; line-height: 107%; font-family: \\'Arial\\',sans-serif;\\\">Una licitaci\u00f3n por $23.000 millones para la primera fase de las obras de pavimentaci\u00f3n de la v\u00eda San Sebasti\u00e1n de Mariquita- Victoria ya se encuentra colgada en el Sistema Electr\u00f3nico para la Contrataci\u00f3n P\u00fablica \u2013 SECOP.\u00a0 <\/span><\/p>\n<p class=\\\"MsoNormal\\\" style=\\\"text-align: justify;\\\"><span style=\\\"font-size: 12.0pt; line-height: 107%; font-family: \\'Arial\\',sans-serif;\\\">\u201cSer\u00e1 adjudicada a finales de enero o comienzos de febrero de 2023 y significar\u00e1 el desarrollo para el oriente de Caldas y el norte del Tolima\u201d, resalt\u00f3 el gobernador Ricardo Orozco. <\/span><\/p>\n<p class=\\\"MsoNormal\\\" style=\\\"text-align: justify;\\\"><span style=\\\"font-size: 12.0pt; line-height: 107%; font-family: \\'Arial\\',sans-serif;\\\">As\u00ed mismo, el alcalde Juan Carlos Casta\u00f1o resalt\u00f3 que Orozco Valero es el gobernador de mayor inversi\u00f3n en San Sebasti\u00e1n de Mariquita en acciones como la sede norte de la Universidad del Tolima, la modernizaci\u00f3n del Hospital San Jos\u00e9, la pavimentaci\u00f3n de calles en barrios populares y la Denominaci\u00f3n de Origen del Mangostino, entre otras gestiones.<\/span><\/p>\n<p class=\\\"MsoNormal\\\" style=\\\"text-align: justify;\\\">\u00a0<\/p>\n<p class=\\\"MsoNormal\\\" style=\\\"text-align: justify;\\\"><span style=\\\"font-size: 12.0pt; line-height: 107%; font-family: \\'Arial\\',sans-serif;\\\">Tambi\u00e9n el alcalde y las directivas del Hospital San Jos\u00e9 recibieron recientemente una ambulancia moderna para el servicio de todos los mariquite\u00f1os.<\/span><\/p>\n<p>\u00a0<\/p>\n","protected":false},"excerpt":{"rendered":"<p>Orozco Valero es el gobernador de mayor inversi\u00f3n en San Sebasti\u00e1n de Mariquita.<\/p>\n","protected":false},"author":1,"featured_media":0,"comment_status":"open","ping_status":"open","sticky":false,"template":"","format":"standard","meta":{"site-sidebar-layout":"default","site-content-layout":"","ast-site-content-layout":"default","site-content-style":"default","site-sidebar-style":"default","ast-global-header-display":"","ast-banner-title-visibility":"","ast-main-header-display":"","ast-hfb-above-header-display":"","ast-hfb-below-header-display":"","ast-hfb-mobile-header-display":"","site-post-title":"","ast-breadcrumbs-content":"","ast-featured-img":"","footer-sml-layout":"","ast-disable-related-posts":"","theme-transparent-header-meta":"","adv-header-id-meta":"","stick-header-meta":"","header-above-stick-meta":"","header-main-stick-meta":"","header-below-stick-meta":"","astra-migrate-meta-layouts":"default","ast-page-background-enabled":"default","ast-page-background-meta":{"desktop":{"background-color":"var(--ast-global-color-4)","background-image":"","background-repeat":"repeat","background-position":"center center","background-size":"auto","background-attachment":"scroll","background-type":"","background-media":"","overlay-type":"","overlay-color":"","overlay-opacity":"","overlay-gradient":""},"tablet":{"background-color":"","background-image":"","background-repeat":"repeat","background-position":"center center","background-size":"auto","background-attachment":"scroll","background-type":"","background-media":"","overlay-type":"","overlay-color":"","overlay-opacity":"","overlay-gradient":""},"mobile":{"background-color":"","background-image":"","background-repeat":"repeat","background-position":"center center","background-size":"auto","background-attachment":"scroll","background-type":"","background-media":"","overlay-type":"","overlay-color":"","overlay-opacity":"","overlay-gradient":""}},"ast-content-background-meta":{"desktop":{"background-color":"var(--ast-global-color-5)","background-image":"","background-repeat":"repeat","background-position":"center center","background-size":"auto","background-attachment":"scroll","background-type":"","background-media":"","overlay-type":"","overlay-color":"","overlay-opacity":"","overlay-gradient":""},"tablet":{"background-color":"var(--ast-global-color-5)","background-image":"","background-repeat":"repeat","background-position":"center center","background-size":"auto","background-attachment":"scroll","background-type":"","background-media":"","overlay-type":"","overlay-color":"","overlay-opacity":"","overlay-gradient":""},"mobile":{"background-color":"var(--ast-global-color-5)","background-image":"","background-repeat":"repeat","background-position":"center center","background-size":"auto","background-attachment":"scroll","background-type":"","background-media":"","overlay-type":"","overlay-color":"","overlay-opacity":"","overlay-gradient":""}},"footnotes":""},"categories":[17],"tags":[],"class_list":["post-10091","post","type-post","status-publish","format-standard","hentry","category-otras-cofesiones"],"yoast_head":"<!-- This site is optimized with the Yoast SEO plugin v27.4 - https:\/\/yoast.com\/product\/yoast-seo-wordpress\/ -->\n<title>El gobernador Ricardo Orozco cumplir\u00e1 con la pavimentaci\u00f3n de la v\u00eda Mariquita -Victoria - El Confesionario<\/title>\n<meta name=\"robots\" content=\"index, follow, max-snippet:-1, max-image-preview:large, max-video-preview:-1\" \/>\n<link rel=\"canonical\" href=\"https:\/\/confesionario.co\/w\/el-gobernador-ricardo-orozco-cumplira-con-la-pavimentacion-de-la-via-mariquita-victoria\/\" \/>\n<meta property=\"og:locale\" content=\"es_ES\" \/>\n<meta property=\"og:type\" content=\"article\" \/>\n<meta property=\"og:title\" content=\"El gobernador Ricardo Orozco cumplir\u00e1 con la pavimentaci\u00f3n de la v\u00eda Mariquita -Victoria - El Confesionario\" \/>\n<meta property=\"og:description\" content=\"Orozco Valero es el gobernador de mayor inversi\u00f3n en San Sebasti\u00e1n de Mariquita.\" \/>\n<meta property=\"og:url\" content=\"https:\/\/confesionario.co\/w\/el-gobernador-ricardo-orozco-cumplira-con-la-pavimentacion-de-la-via-mariquita-victoria\/\" \/>\n<meta property=\"og:site_name\" content=\"El Confesionario\" \/>\n<meta property=\"article:published_time\" content=\"2023-01-12T14:36:21+00:00\" \/>\n<meta name=\"author\" content=\"admin\" \/>\n<meta name=\"twitter:card\" content=\"summary_large_image\" \/>\n<meta name=\"twitter:label1\" content=\"Escrito por\" \/>\n\t<meta name=\"twitter:data1\" content=\"admin\" \/>\n\t<meta name=\"twitter:label2\" content=\"Tiempo de lectura\" \/>\n\t<meta name=\"twitter:data2\" content=\"1 minuto\" \/>\n<script type=\"application\/ld+json\" class=\"yoast-schema-graph\">{\"@context\":\"https:\\\/\\\/schema.org\",\"@graph\":[{\"@type\":\"Article\",\"@id\":\"https:\\\/\\\/confesionario.co\\\/w\\\/el-gobernador-ricardo-orozco-cumplira-con-la-pavimentacion-de-la-via-mariquita-victoria\\\/#article\",\"isPartOf\":{\"@id\":\"https:\\\/\\\/confesionario.co\\\/w\\\/el-gobernador-ricardo-orozco-cumplira-con-la-pavimentacion-de-la-via-mariquita-victoria\\\/\"},\"author\":{\"name\":\"admin\",\"@id\":\"https:\\\/\\\/confesionario.co\\\/w\\\/#\\\/schema\\\/person\\\/85e99333497749318afab96ea0cc2342\"},\"headline\":\"El gobernador Ricardo Orozco cumplir\u00e1 con la pavimentaci\u00f3n de la v\u00eda Mariquita -Victoria\",\"datePublished\":\"2023-01-12T14:36:21+00:00\",\"mainEntityOfPage\":{\"@id\":\"https:\\\/\\\/confesionario.co\\\/w\\\/el-gobernador-ricardo-orozco-cumplira-con-la-pavimentacion-de-la-via-mariquita-victoria\\\/\"},\"wordCount\":187,\"commentCount\":0,\"publisher\":{\"@id\":\"https:\\\/\\\/confesionario.co\\\/w\\\/#organization\"},\"articleSection\":[\"Otras confesiones\"],\"inLanguage\":\"es\",\"potentialAction\":[{\"@type\":\"CommentAction\",\"name\":\"Comment\",\"target\":[\"https:\\\/\\\/confesionario.co\\\/w\\\/el-gobernador-ricardo-orozco-cumplira-con-la-pavimentacion-de-la-via-mariquita-victoria\\\/#respond\"]}]},{\"@type\":\"WebPage\",\"@id\":\"https:\\\/\\\/confesionario.co\\\/w\\\/el-gobernador-ricardo-orozco-cumplira-con-la-pavimentacion-de-la-via-mariquita-victoria\\\/\",\"url\":\"https:\\\/\\\/confesionario.co\\\/w\\\/el-gobernador-ricardo-orozco-cumplira-con-la-pavimentacion-de-la-via-mariquita-victoria\\\/\",\"name\":\"El gobernador Ricardo Orozco cumplir\u00e1 con la pavimentaci\u00f3n de la v\u00eda Mariquita -Victoria - El Confesionario\",\"isPartOf\":{\"@id\":\"https:\\\/\\\/confesionario.co\\\/w\\\/#website\"},\"datePublished\":\"2023-01-12T14:36:21+00:00\",\"breadcrumb\":{\"@id\":\"https:\\\/\\\/confesionario.co\\\/w\\\/el-gobernador-ricardo-orozco-cumplira-con-la-pavimentacion-de-la-via-mariquita-victoria\\\/#breadcrumb\"},\"inLanguage\":\"es\",\"potentialAction\":[{\"@type\":\"ReadAction\",\"target\":[\"https:\\\/\\\/confesionario.co\\\/w\\\/el-gobernador-ricardo-orozco-cumplira-con-la-pavimentacion-de-la-via-mariquita-victoria\\\/\"]}]},{\"@type\":\"BreadcrumbList\",\"@id\":\"https:\\\/\\\/confesionario.co\\\/w\\\/el-gobernador-ricardo-orozco-cumplira-con-la-pavimentacion-de-la-via-mariquita-victoria\\\/#breadcrumb\",\"itemListElement\":[{\"@type\":\"ListItem\",\"position\":1,\"name\":\"Portada\",\"item\":\"https:\\\/\\\/confesionario.co\\\/w\\\/\"},{\"@type\":\"ListItem\",\"position\":2,\"name\":\"El gobernador Ricardo Orozco cumplir\u00e1 con la pavimentaci\u00f3n de la v\u00eda Mariquita -Victoria\"}]},{\"@type\":\"WebSite\",\"@id\":\"https:\\\/\\\/confesionario.co\\\/w\\\/#website\",\"url\":\"https:\\\/\\\/confesionario.co\\\/w\\\/\",\"name\":\"El Confesionario\",\"description\":\"\",\"publisher\":{\"@id\":\"https:\\\/\\\/confesionario.co\\\/w\\\/#organization\"},\"potentialAction\":[{\"@type\":\"SearchAction\",\"target\":{\"@type\":\"EntryPoint\",\"urlTemplate\":\"https:\\\/\\\/confesionario.co\\\/w\\\/?s={search_term_string}\"},\"query-input\":{\"@type\":\"PropertyValueSpecification\",\"valueRequired\":true,\"valueName\":\"search_term_string\"}}],\"inLanguage\":\"es\"},{\"@type\":\"Organization\",\"@id\":\"https:\\\/\\\/confesionario.co\\\/w\\\/#organization\",\"name\":\"El Confesionario\",\"url\":\"https:\\\/\\\/confesionario.co\\\/w\\\/\",\"logo\":{\"@type\":\"ImageObject\",\"inLanguage\":\"es\",\"@id\":\"https:\\\/\\\/confesionario.co\\\/w\\\/#\\\/schema\\\/logo\\\/image\\\/\",\"url\":\"https:\\\/\\\/confesionario.co\\\/w\\\/wp-content\\\/uploads\\\/2026\\\/02\\\/confesionario-horizontal.png\",\"contentUrl\":\"https:\\\/\\\/confesionario.co\\\/w\\\/wp-content\\\/uploads\\\/2026\\\/02\\\/confesionario-horizontal.png\",\"width\":581,\"height\":148,\"caption\":\"El Confesionario\"},\"image\":{\"@id\":\"https:\\\/\\\/confesionario.co\\\/w\\\/#\\\/schema\\\/logo\\\/image\\\/\"}},{\"@type\":\"Person\",\"@id\":\"https:\\\/\\\/confesionario.co\\\/w\\\/#\\\/schema\\\/person\\\/85e99333497749318afab96ea0cc2342\",\"name\":\"admin\",\"image\":{\"@type\":\"ImageObject\",\"inLanguage\":\"es\",\"@id\":\"https:\\\/\\\/secure.gravatar.com\\\/avatar\\\/f3358fe09cfbbfc24265a18ea411b8ee8e54296a50fb17d8acf3cffca66240d2?s=96&d=mm&r=g\",\"url\":\"https:\\\/\\\/secure.gravatar.com\\\/avatar\\\/f3358fe09cfbbfc24265a18ea411b8ee8e54296a50fb17d8acf3cffca66240d2?s=96&d=mm&r=g\",\"contentUrl\":\"https:\\\/\\\/secure.gravatar.com\\\/avatar\\\/f3358fe09cfbbfc24265a18ea411b8ee8e54296a50fb17d8acf3cffca66240d2?s=96&d=mm&r=g\",\"caption\":\"admin\"},\"sameAs\":[\"https:\\\/\\\/elconfesionario.co\\\/w\"],\"url\":\"https:\\\/\\\/confesionario.co\\\/w\\\/author\\\/osabuena\\\/\"}]}<\/script>\n<!-- \/ Yoast SEO plugin. -->","yoast_head_json":{"title":"El gobernador Ricardo Orozco cumplir\u00e1 con la pavimentaci\u00f3n de la v\u00eda Mariquita -Victoria - El Confesionario","robots":{"index":"index","follow":"follow","max-snippet":"max-snippet:-1","max-image-preview":"max-image-preview:large","max-video-preview":"max-video-preview:-1"},"canonical":"https:\/\/confesionario.co\/w\/el-gobernador-ricardo-orozco-cumplira-con-la-pavimentacion-de-la-via-mariquita-victoria\/","og_locale":"es_ES","og_type":"article","og_title":"El gobernador Ricardo Orozco cumplir\u00e1 con la pavimentaci\u00f3n de la v\u00eda Mariquita -Victoria - El Confesionario","og_description":"Orozco Valero es el gobernador de mayor inversi\u00f3n en San Sebasti\u00e1n de Mariquita.","og_url":"https:\/\/confesionario.co\/w\/el-gobernador-ricardo-orozco-cumplira-con-la-pavimentacion-de-la-via-mariquita-victoria\/","og_site_name":"El Confesionario","article_published_time":"2023-01-12T14:36:21+00:00","author":"admin","twitter_card":"summary_large_image","twitter_misc":{"Escrito por":"admin","Tiempo de lectura":"1 minuto"},"schema":{"@context":"https:\/\/schema.org","@graph":[{"@type":"Article","@id":"https:\/\/confesionario.co\/w\/el-gobernador-ricardo-orozco-cumplira-con-la-pavimentacion-de-la-via-mariquita-victoria\/#article","isPartOf":{"@id":"https:\/\/confesionario.co\/w\/el-gobernador-ricardo-orozco-cumplira-con-la-pavimentacion-de-la-via-mariquita-victoria\/"},"author":{"name":"admin","@id":"https:\/\/confesionario.co\/w\/#\/schema\/person\/85e99333497749318afab96ea0cc2342"},"headline":"El gobernador Ricardo Orozco cumplir\u00e1 con la pavimentaci\u00f3n de la v\u00eda Mariquita -Victoria","datePublished":"2023-01-12T14:36:21+00:00","mainEntityOfPage":{"@id":"https:\/\/confesionario.co\/w\/el-gobernador-ricardo-orozco-cumplira-con-la-pavimentacion-de-la-via-mariquita-victoria\/"},"wordCount":187,"commentCount":0,"publisher":{"@id":"https:\/\/confesionario.co\/w\/#organization"},"articleSection":["Otras confesiones"],"inLanguage":"es","potentialAction":[{"@type":"CommentAction","name":"Comment","target":["https:\/\/confesionario.co\/w\/el-gobernador-ricardo-orozco-cumplira-con-la-pavimentacion-de-la-via-mariquita-victoria\/#respond"]}]},{"@type":"WebPage","@id":"https:\/\/confesionario.co\/w\/el-gobernador-ricardo-orozco-cumplira-con-la-pavimentacion-de-la-via-mariquita-victoria\/","url":"https:\/\/confesionario.co\/w\/el-gobernador-ricardo-orozco-cumplira-con-la-pavimentacion-de-la-via-mariquita-victoria\/","name":"El gobernador Ricardo Orozco cumplir\u00e1 con la pavimentaci\u00f3n de la v\u00eda Mariquita -Victoria - El Confesionario","isPartOf":{"@id":"https:\/\/confesionario.co\/w\/#website"},"datePublished":"2023-01-12T14:36:21+00:00","breadcrumb":{"@id":"https:\/\/confesionario.co\/w\/el-gobernador-ricardo-orozco-cumplira-con-la-pavimentacion-de-la-via-mariquita-victoria\/#breadcrumb"},"inLanguage":"es","potentialAction":[{"@type":"ReadAction","target":["https:\/\/confesionario.co\/w\/el-gobernador-ricardo-orozco-cumplira-con-la-pavimentacion-de-la-via-mariquita-victoria\/"]}]},{"@type":"BreadcrumbList","@id":"https:\/\/confesionario.co\/w\/el-gobernador-ricardo-orozco-cumplira-con-la-pavimentacion-de-la-via-mariquita-victoria\/#breadcrumb","itemListElement":[{"@type":"ListItem","position":1,"name":"Portada","item":"https:\/\/confesionario.co\/w\/"},{"@type":"ListItem","position":2,"name":"El gobernador Ricardo Orozco cumplir\u00e1 con la pavimentaci\u00f3n de la v\u00eda Mariquita -Victoria"}]},{"@type":"WebSite","@id":"https:\/\/confesionario.co\/w\/#website","url":"https:\/\/confesionario.co\/w\/","name":"El Confesionario","description":"","publisher":{"@id":"https:\/\/confesionario.co\/w\/#organization"},"potentialAction":[{"@type":"SearchAction","target":{"@type":"EntryPoint","urlTemplate":"https:\/\/confesionario.co\/w\/?s={search_term_string}"},"query-input":{"@type":"PropertyValueSpecification","valueRequired":true,"valueName":"search_term_string"}}],"inLanguage":"es"},{"@type":"Organization","@id":"https:\/\/confesionario.co\/w\/#organization","name":"El Confesionario","url":"https:\/\/confesionario.co\/w\/","logo":{"@type":"ImageObject","inLanguage":"es","@id":"https:\/\/confesionario.co\/w\/#\/schema\/logo\/image\/","url":"https:\/\/confesionario.co\/w\/wp-content\/uploads\/2026\/02\/confesionario-horizontal.png","contentUrl":"https:\/\/confesionario.co\/w\/wp-content\/uploads\/2026\/02\/confesionario-horizontal.png","width":581,"height":148,"caption":"El Confesionario"},"image":{"@id":"https:\/\/confesionario.co\/w\/#\/schema\/logo\/image\/"}},{"@type":"Person","@id":"https:\/\/confesionario.co\/w\/#\/schema\/person\/85e99333497749318afab96ea0cc2342","name":"admin","image":{"@type":"ImageObject","inLanguage":"es","@id":"https:\/\/secure.gravatar.com\/avatar\/f3358fe09cfbbfc24265a18ea411b8ee8e54296a50fb17d8acf3cffca66240d2?s=96&d=mm&r=g","url":"https:\/\/secure.gravatar.com\/avatar\/f3358fe09cfbbfc24265a18ea411b8ee8e54296a50fb17d8acf3cffca66240d2?s=96&d=mm&r=g","contentUrl":"https:\/\/secure.gravatar.com\/avatar\/f3358fe09cfbbfc24265a18ea411b8ee8e54296a50fb17d8acf3cffca66240d2?s=96&d=mm&r=g","caption":"admin"},"sameAs":["https:\/\/elconfesionario.co\/w"],"url":"https:\/\/confesionario.co\/w\/author\/osabuena\/"}]}},"jetpack_featured_media_url":"","_links":{"self":[{"href":"https:\/\/confesionario.co\/w\/wp-json\/wp\/v2\/posts\/10091","targetHints":{"allow":["GET"]}}],"collection":[{"href":"https:\/\/confesionario.co\/w\/wp-json\/wp\/v2\/posts"}],"about":[{"href":"https:\/\/confesionario.co\/w\/wp-json\/wp\/v2\/types\/post"}],"author":[{"embeddable":true,"href":"https:\/\/confesionario.co\/w\/wp-json\/wp\/v2\/users\/1"}],"replies":[{"embeddable":true,"href":"https:\/\/confesionario.co\/w\/wp-json\/wp\/v2\/comments?post=10091"}],"version-history":[{"count":0,"href":"https:\/\/confesionario.co\/w\/wp-json\/wp\/v2\/posts\/10091\/revisions"}],"wp:attachment":[{"href":"https:\/\/confesionario.co\/w\/wp-json\/wp\/v2\/media?parent=10091"}],"wp:term":[{"taxonomy":"category","embeddable":true,"href":"https:\/\/confesionario.co\/w\/wp-json\/wp\/v2\/categories?post=10091"},{"taxonomy":"post_tag","embeddable":true,"href":"https:\/\/confesionario.co\/w\/wp-json\/wp\/v2\/tags?post=10091"}],"curies":[{"name":"wp","href":"https:\/\/api.w.org\/{rel}","templated":true}]}}