{"id":10092,"date":"2023-01-13T13:46:38","date_gmt":"2023-01-13T13:46:38","guid":{"rendered":"https:\/\/confesionario.co\/w\/hasta-el-15-de-enero-podran-cobrar-su-incentivo-los-beneficiarios-del-programa-familias-en-accion\/"},"modified":"2023-01-13T13:46:38","modified_gmt":"2023-01-13T13:46:38","slug":"hasta-el-15-de-enero-podran-cobrar-su-incentivo-los-beneficiarios-del-programa-familias-en-accion","status":"publish","type":"post","link":"https:\/\/confesionario.co\/w\/hasta-el-15-de-enero-podran-cobrar-su-incentivo-los-beneficiarios-del-programa-familias-en-accion\/","title":{"rendered":"Hasta el 15 de enero podr\u00e1n cobrar su incentivo los beneficiarios del programa Familias en Acci\u00f3n"},"content":{"rendered":"<p class=\\\"MsoNormal\\\" style=\\\"text-align: justify;\\\"><span style=\\\"font-size: 12.0pt; line-height: 107%; font-family: \\'Arial\\',sans-serif;\\\">Tienen este \u00faltimo plazo para recibir el recurso en los puntos autorizados.<\/span><\/p>\n<p><!--more--><\/p>\n<p class=\\\"MsoNormal\\\" style=\\\"text-align: justify;\\\"><span style=\\\"font-size: 12.0pt; line-height: 107%; font-family: \\'Arial\\',sans-serif;\\\">La Administraci\u00f3n Municipal recuerda a los 754 beneficiarios del programa nacional de Familias en Acci\u00f3n que no han realizado el cobro, que tienen hasta el domingo 15 de enero para reclamar el dinero correspondiente al sexto pago del 2022.<\/span><\/p>\n<p class=\\\"MsoNormal\\\" style=\\\"text-align: justify;\\\"><span style=\\\"font-size: 12.0pt; line-height: 107%; font-family: \\'Arial\\',sans-serif;\\\">\\\u00bbActualmente tenemos 13.713 beneficiarios inscritos de los cuales a hoy faltan 754 porque realicen este respectivo cobro. Es muy importante que los beneficiarios conozcan que ellos deben realizarlo oportunamente ya que nos encontramos finalizando la fase III respectivo al pen\u00faltimo pago del a\u00f1o pasado\\\u00bb, dijo Camilo Mart\u00ednez, secretario de Desarrollo Social.<\/span><\/p>\n<p class=\\\"MsoNormal\\\" style=\\\"text-align: justify;\\\"><span style=\\\"font-size: 12.0pt; line-height: 107%; font-family: \\'Arial\\',sans-serif;\\\">Los cobros los pueden realizar en los siguientes cuatro puntos de Multipagas autorizados: Carrera Tercera con calle 14, Avenida Quinta con 38, Centro Comercial Multicentro y Centro Comercial La Estaci\u00f3n.<\/span><\/p>\n<p class=\\\"MsoNormal\\\" style=\\\"text-align: justify;\\\"><span style=\\\"font-size: 12.0pt; line-height: 107%; font-family: \\'Arial\\',sans-serif;\\\">Asimismo, es importante recordar que los que no realicen el cobro antes del 15 de enero, no podr\u00e1n hacerlo en otra fecha ni realizar quejas al respecto.<\/span><\/p>\n<p class=\\\"MsoNormal\\\" style=\\\"text-align: justify;\\\"><span style=\\\"font-size: 12.0pt; line-height: 107%; font-family: \\'Arial\\',sans-serif;\\\">Actualmente hay 13.713 beneficiarios en la ciudad. De igual manera, se recuerda la importancia de realizar el proceso de bancarizaci\u00f3n a trav\u00e9s del operador M\u00f3vil, que tiene convenio con el Departamento de Prosperidad Social.<\/span><\/p>\n","protected":false},"excerpt":{"rendered":"<p>Tienen este \u00faltimo plazo para recibir el recurso en los puntos autorizados.<\/p>\n","protected":false},"author":1,"featured_media":0,"comment_status":"open","ping_status":"open","sticky":false,"template":"","format":"standard","meta":{"site-sidebar-layout":"default","site-content-layout":"","ast-site-content-layout":"default","site-content-style":"default","site-sidebar-style":"default","ast-global-header-display":"","ast-banner-title-visibility":"","ast-main-header-display":"","ast-hfb-above-header-display":"","ast-hfb-below-header-display":"","ast-hfb-mobile-header-display":"","site-post-title":"","ast-breadcrumbs-content":"","ast-featured-img":"","footer-sml-layout":"","ast-disable-related-posts":"","theme-transparent-header-meta":"","adv-header-id-meta":"","stick-header-meta":"","header-above-stick-meta":"","header-main-stick-meta":"","header-below-stick-meta":"","astra-migrate-meta-layouts":"default","ast-page-background-enabled":"default","ast-page-background-meta":{"desktop":{"background-color":"var(--ast-global-color-4)","background-image":"","background-repeat":"repeat","background-position":"center center","background-size":"auto","background-attachment":"scroll","background-type":"","background-media":"","overlay-type":"","overlay-color":"","overlay-opacity":"","overlay-gradient":""},"tablet":{"background-color":"","background-image":"","background-repeat":"repeat","background-position":"center center","background-size":"auto","background-attachment":"scroll","background-type":"","background-media":"","overlay-type":"","overlay-color":"","overlay-opacity":"","overlay-gradient":""},"mobile":{"background-color":"","background-image":"","background-repeat":"repeat","background-position":"center center","background-size":"auto","background-attachment":"scroll","background-type":"","background-media":"","overlay-type":"","overlay-color":"","overlay-opacity":"","overlay-gradient":""}},"ast-content-background-meta":{"desktop":{"background-color":"var(--ast-global-color-5)","background-image":"","background-repeat":"repeat","background-position":"center center","background-size":"auto","background-attachment":"scroll","background-type":"","background-media":"","overlay-type":"","overlay-color":"","overlay-opacity":"","overlay-gradient":""},"tablet":{"background-color":"var(--ast-global-color-5)","background-image":"","background-repeat":"repeat","background-position":"center center","background-size":"auto","background-attachment":"scroll","background-type":"","background-media":"","overlay-type":"","overlay-color":"","overlay-opacity":"","overlay-gradient":""},"mobile":{"background-color":"var(--ast-global-color-5)","background-image":"","background-repeat":"repeat","background-position":"center center","background-size":"auto","background-attachment":"scroll","background-type":"","background-media":"","overlay-type":"","overlay-color":"","overlay-opacity":"","overlay-gradient":""}},"footnotes":""},"categories":[19],"tags":[],"class_list":["post-10092","post","type-post","status-publish","format-standard","hentry","category-ibague"],"yoast_head":"<!-- This site is optimized with the Yoast SEO plugin v27.4 - https:\/\/yoast.com\/product\/yoast-seo-wordpress\/ -->\n<title>Hasta el 15 de enero podr\u00e1n cobrar su incentivo los beneficiarios del programa Familias en Acci\u00f3n - El Confesionario<\/title>\n<meta name=\"robots\" content=\"index, follow, max-snippet:-1, max-image-preview:large, max-video-preview:-1\" \/>\n<link rel=\"canonical\" href=\"https:\/\/confesionario.co\/w\/hasta-el-15-de-enero-podran-cobrar-su-incentivo-los-beneficiarios-del-programa-familias-en-accion\/\" \/>\n<meta property=\"og:locale\" content=\"es_ES\" \/>\n<meta property=\"og:type\" content=\"article\" \/>\n<meta property=\"og:title\" content=\"Hasta el 15 de enero podr\u00e1n cobrar su incentivo los beneficiarios del programa Familias en Acci\u00f3n - El Confesionario\" \/>\n<meta property=\"og:description\" content=\"Tienen este \u00faltimo plazo para recibir el recurso en los puntos autorizados.\" \/>\n<meta property=\"og:url\" content=\"https:\/\/confesionario.co\/w\/hasta-el-15-de-enero-podran-cobrar-su-incentivo-los-beneficiarios-del-programa-familias-en-accion\/\" \/>\n<meta property=\"og:site_name\" content=\"El Confesionario\" \/>\n<meta property=\"article:published_time\" content=\"2023-01-13T13:46:38+00:00\" \/>\n<meta name=\"author\" content=\"admin\" \/>\n<meta name=\"twitter:card\" content=\"summary_large_image\" \/>\n<meta name=\"twitter:label1\" content=\"Escrito por\" \/>\n\t<meta name=\"twitter:data1\" content=\"admin\" \/>\n\t<meta name=\"twitter:label2\" content=\"Tiempo de lectura\" \/>\n\t<meta name=\"twitter:data2\" content=\"1 minuto\" \/>\n<script type=\"application\/ld+json\" class=\"yoast-schema-graph\">{\"@context\":\"https:\\\/\\\/schema.org\",\"@graph\":[{\"@type\":\"Article\",\"@id\":\"https:\\\/\\\/confesionario.co\\\/w\\\/hasta-el-15-de-enero-podran-cobrar-su-incentivo-los-beneficiarios-del-programa-familias-en-accion\\\/#article\",\"isPartOf\":{\"@id\":\"https:\\\/\\\/confesionario.co\\\/w\\\/hasta-el-15-de-enero-podran-cobrar-su-incentivo-los-beneficiarios-del-programa-familias-en-accion\\\/\"},\"author\":{\"name\":\"admin\",\"@id\":\"https:\\\/\\\/confesionario.co\\\/w\\\/#\\\/schema\\\/person\\\/85e99333497749318afab96ea0cc2342\"},\"headline\":\"Hasta el 15 de enero podr\u00e1n cobrar su incentivo los beneficiarios del programa Familias en Acci\u00f3n\",\"datePublished\":\"2023-01-13T13:46:38+00:00\",\"mainEntityOfPage\":{\"@id\":\"https:\\\/\\\/confesionario.co\\\/w\\\/hasta-el-15-de-enero-podran-cobrar-su-incentivo-los-beneficiarios-del-programa-familias-en-accion\\\/\"},\"wordCount\":211,\"commentCount\":0,\"publisher\":{\"@id\":\"https:\\\/\\\/confesionario.co\\\/w\\\/#organization\"},\"articleSection\":[\"Ibagu\u00e9\"],\"inLanguage\":\"es\",\"potentialAction\":[{\"@type\":\"CommentAction\",\"name\":\"Comment\",\"target\":[\"https:\\\/\\\/confesionario.co\\\/w\\\/hasta-el-15-de-enero-podran-cobrar-su-incentivo-los-beneficiarios-del-programa-familias-en-accion\\\/#respond\"]}]},{\"@type\":\"WebPage\",\"@id\":\"https:\\\/\\\/confesionario.co\\\/w\\\/hasta-el-15-de-enero-podran-cobrar-su-incentivo-los-beneficiarios-del-programa-familias-en-accion\\\/\",\"url\":\"https:\\\/\\\/confesionario.co\\\/w\\\/hasta-el-15-de-enero-podran-cobrar-su-incentivo-los-beneficiarios-del-programa-familias-en-accion\\\/\",\"name\":\"Hasta el 15 de enero podr\u00e1n cobrar su incentivo los beneficiarios del programa Familias en Acci\u00f3n - El Confesionario\",\"isPartOf\":{\"@id\":\"https:\\\/\\\/confesionario.co\\\/w\\\/#website\"},\"datePublished\":\"2023-01-13T13:46:38+00:00\",\"breadcrumb\":{\"@id\":\"https:\\\/\\\/confesionario.co\\\/w\\\/hasta-el-15-de-enero-podran-cobrar-su-incentivo-los-beneficiarios-del-programa-familias-en-accion\\\/#breadcrumb\"},\"inLanguage\":\"es\",\"potentialAction\":[{\"@type\":\"ReadAction\",\"target\":[\"https:\\\/\\\/confesionario.co\\\/w\\\/hasta-el-15-de-enero-podran-cobrar-su-incentivo-los-beneficiarios-del-programa-familias-en-accion\\\/\"]}]},{\"@type\":\"BreadcrumbList\",\"@id\":\"https:\\\/\\\/confesionario.co\\\/w\\\/hasta-el-15-de-enero-podran-cobrar-su-incentivo-los-beneficiarios-del-programa-familias-en-accion\\\/#breadcrumb\",\"itemListElement\":[{\"@type\":\"ListItem\",\"position\":1,\"name\":\"Portada\",\"item\":\"https:\\\/\\\/confesionario.co\\\/w\\\/\"},{\"@type\":\"ListItem\",\"position\":2,\"name\":\"Hasta el 15 de enero podr\u00e1n cobrar su incentivo los beneficiarios del programa Familias en Acci\u00f3n\"}]},{\"@type\":\"WebSite\",\"@id\":\"https:\\\/\\\/confesionario.co\\\/w\\\/#website\",\"url\":\"https:\\\/\\\/confesionario.co\\\/w\\\/\",\"name\":\"El Confesionario\",\"description\":\"\",\"publisher\":{\"@id\":\"https:\\\/\\\/confesionario.co\\\/w\\\/#organization\"},\"potentialAction\":[{\"@type\":\"SearchAction\",\"target\":{\"@type\":\"EntryPoint\",\"urlTemplate\":\"https:\\\/\\\/confesionario.co\\\/w\\\/?s={search_term_string}\"},\"query-input\":{\"@type\":\"PropertyValueSpecification\",\"valueRequired\":true,\"valueName\":\"search_term_string\"}}],\"inLanguage\":\"es\"},{\"@type\":\"Organization\",\"@id\":\"https:\\\/\\\/confesionario.co\\\/w\\\/#organization\",\"name\":\"El Confesionario\",\"url\":\"https:\\\/\\\/confesionario.co\\\/w\\\/\",\"logo\":{\"@type\":\"ImageObject\",\"inLanguage\":\"es\",\"@id\":\"https:\\\/\\\/confesionario.co\\\/w\\\/#\\\/schema\\\/logo\\\/image\\\/\",\"url\":\"https:\\\/\\\/confesionario.co\\\/w\\\/wp-content\\\/uploads\\\/2026\\\/02\\\/confesionario-horizontal.png\",\"contentUrl\":\"https:\\\/\\\/confesionario.co\\\/w\\\/wp-content\\\/uploads\\\/2026\\\/02\\\/confesionario-horizontal.png\",\"width\":581,\"height\":148,\"caption\":\"El Confesionario\"},\"image\":{\"@id\":\"https:\\\/\\\/confesionario.co\\\/w\\\/#\\\/schema\\\/logo\\\/image\\\/\"}},{\"@type\":\"Person\",\"@id\":\"https:\\\/\\\/confesionario.co\\\/w\\\/#\\\/schema\\\/person\\\/85e99333497749318afab96ea0cc2342\",\"name\":\"admin\",\"image\":{\"@type\":\"ImageObject\",\"inLanguage\":\"es\",\"@id\":\"https:\\\/\\\/secure.gravatar.com\\\/avatar\\\/f3358fe09cfbbfc24265a18ea411b8ee8e54296a50fb17d8acf3cffca66240d2?s=96&d=mm&r=g\",\"url\":\"https:\\\/\\\/secure.gravatar.com\\\/avatar\\\/f3358fe09cfbbfc24265a18ea411b8ee8e54296a50fb17d8acf3cffca66240d2?s=96&d=mm&r=g\",\"contentUrl\":\"https:\\\/\\\/secure.gravatar.com\\\/avatar\\\/f3358fe09cfbbfc24265a18ea411b8ee8e54296a50fb17d8acf3cffca66240d2?s=96&d=mm&r=g\",\"caption\":\"admin\"},\"sameAs\":[\"https:\\\/\\\/elconfesionario.co\\\/w\"],\"url\":\"https:\\\/\\\/confesionario.co\\\/w\\\/author\\\/osabuena\\\/\"}]}<\/script>\n<!-- \/ Yoast SEO plugin. -->","yoast_head_json":{"title":"Hasta el 15 de enero podr\u00e1n cobrar su incentivo los beneficiarios del programa Familias en Acci\u00f3n - El Confesionario","robots":{"index":"index","follow":"follow","max-snippet":"max-snippet:-1","max-image-preview":"max-image-preview:large","max-video-preview":"max-video-preview:-1"},"canonical":"https:\/\/confesionario.co\/w\/hasta-el-15-de-enero-podran-cobrar-su-incentivo-los-beneficiarios-del-programa-familias-en-accion\/","og_locale":"es_ES","og_type":"article","og_title":"Hasta el 15 de enero podr\u00e1n cobrar su incentivo los beneficiarios del programa Familias en Acci\u00f3n - El Confesionario","og_description":"Tienen este \u00faltimo plazo para recibir el recurso en los puntos autorizados.","og_url":"https:\/\/confesionario.co\/w\/hasta-el-15-de-enero-podran-cobrar-su-incentivo-los-beneficiarios-del-programa-familias-en-accion\/","og_site_name":"El Confesionario","article_published_time":"2023-01-13T13:46:38+00:00","author":"admin","twitter_card":"summary_large_image","twitter_misc":{"Escrito por":"admin","Tiempo de lectura":"1 minuto"},"schema":{"@context":"https:\/\/schema.org","@graph":[{"@type":"Article","@id":"https:\/\/confesionario.co\/w\/hasta-el-15-de-enero-podran-cobrar-su-incentivo-los-beneficiarios-del-programa-familias-en-accion\/#article","isPartOf":{"@id":"https:\/\/confesionario.co\/w\/hasta-el-15-de-enero-podran-cobrar-su-incentivo-los-beneficiarios-del-programa-familias-en-accion\/"},"author":{"name":"admin","@id":"https:\/\/confesionario.co\/w\/#\/schema\/person\/85e99333497749318afab96ea0cc2342"},"headline":"Hasta el 15 de enero podr\u00e1n cobrar su incentivo los beneficiarios del programa Familias en Acci\u00f3n","datePublished":"2023-01-13T13:46:38+00:00","mainEntityOfPage":{"@id":"https:\/\/confesionario.co\/w\/hasta-el-15-de-enero-podran-cobrar-su-incentivo-los-beneficiarios-del-programa-familias-en-accion\/"},"wordCount":211,"commentCount":0,"publisher":{"@id":"https:\/\/confesionario.co\/w\/#organization"},"articleSection":["Ibagu\u00e9"],"inLanguage":"es","potentialAction":[{"@type":"CommentAction","name":"Comment","target":["https:\/\/confesionario.co\/w\/hasta-el-15-de-enero-podran-cobrar-su-incentivo-los-beneficiarios-del-programa-familias-en-accion\/#respond"]}]},{"@type":"WebPage","@id":"https:\/\/confesionario.co\/w\/hasta-el-15-de-enero-podran-cobrar-su-incentivo-los-beneficiarios-del-programa-familias-en-accion\/","url":"https:\/\/confesionario.co\/w\/hasta-el-15-de-enero-podran-cobrar-su-incentivo-los-beneficiarios-del-programa-familias-en-accion\/","name":"Hasta el 15 de enero podr\u00e1n cobrar su incentivo los beneficiarios del programa Familias en Acci\u00f3n - El Confesionario","isPartOf":{"@id":"https:\/\/confesionario.co\/w\/#website"},"datePublished":"2023-01-13T13:46:38+00:00","breadcrumb":{"@id":"https:\/\/confesionario.co\/w\/hasta-el-15-de-enero-podran-cobrar-su-incentivo-los-beneficiarios-del-programa-familias-en-accion\/#breadcrumb"},"inLanguage":"es","potentialAction":[{"@type":"ReadAction","target":["https:\/\/confesionario.co\/w\/hasta-el-15-de-enero-podran-cobrar-su-incentivo-los-beneficiarios-del-programa-familias-en-accion\/"]}]},{"@type":"BreadcrumbList","@id":"https:\/\/confesionario.co\/w\/hasta-el-15-de-enero-podran-cobrar-su-incentivo-los-beneficiarios-del-programa-familias-en-accion\/#breadcrumb","itemListElement":[{"@type":"ListItem","position":1,"name":"Portada","item":"https:\/\/confesionario.co\/w\/"},{"@type":"ListItem","position":2,"name":"Hasta el 15 de enero podr\u00e1n cobrar su incentivo los beneficiarios del programa Familias en Acci\u00f3n"}]},{"@type":"WebSite","@id":"https:\/\/confesionario.co\/w\/#website","url":"https:\/\/confesionario.co\/w\/","name":"El Confesionario","description":"","publisher":{"@id":"https:\/\/confesionario.co\/w\/#organization"},"potentialAction":[{"@type":"SearchAction","target":{"@type":"EntryPoint","urlTemplate":"https:\/\/confesionario.co\/w\/?s={search_term_string}"},"query-input":{"@type":"PropertyValueSpecification","valueRequired":true,"valueName":"search_term_string"}}],"inLanguage":"es"},{"@type":"Organization","@id":"https:\/\/confesionario.co\/w\/#organization","name":"El Confesionario","url":"https:\/\/confesionario.co\/w\/","logo":{"@type":"ImageObject","inLanguage":"es","@id":"https:\/\/confesionario.co\/w\/#\/schema\/logo\/image\/","url":"https:\/\/confesionario.co\/w\/wp-content\/uploads\/2026\/02\/confesionario-horizontal.png","contentUrl":"https:\/\/confesionario.co\/w\/wp-content\/uploads\/2026\/02\/confesionario-horizontal.png","width":581,"height":148,"caption":"El Confesionario"},"image":{"@id":"https:\/\/confesionario.co\/w\/#\/schema\/logo\/image\/"}},{"@type":"Person","@id":"https:\/\/confesionario.co\/w\/#\/schema\/person\/85e99333497749318afab96ea0cc2342","name":"admin","image":{"@type":"ImageObject","inLanguage":"es","@id":"https:\/\/secure.gravatar.com\/avatar\/f3358fe09cfbbfc24265a18ea411b8ee8e54296a50fb17d8acf3cffca66240d2?s=96&d=mm&r=g","url":"https:\/\/secure.gravatar.com\/avatar\/f3358fe09cfbbfc24265a18ea411b8ee8e54296a50fb17d8acf3cffca66240d2?s=96&d=mm&r=g","contentUrl":"https:\/\/secure.gravatar.com\/avatar\/f3358fe09cfbbfc24265a18ea411b8ee8e54296a50fb17d8acf3cffca66240d2?s=96&d=mm&r=g","caption":"admin"},"sameAs":["https:\/\/elconfesionario.co\/w"],"url":"https:\/\/confesionario.co\/w\/author\/osabuena\/"}]}},"jetpack_featured_media_url":"","_links":{"self":[{"href":"https:\/\/confesionario.co\/w\/wp-json\/wp\/v2\/posts\/10092","targetHints":{"allow":["GET"]}}],"collection":[{"href":"https:\/\/confesionario.co\/w\/wp-json\/wp\/v2\/posts"}],"about":[{"href":"https:\/\/confesionario.co\/w\/wp-json\/wp\/v2\/types\/post"}],"author":[{"embeddable":true,"href":"https:\/\/confesionario.co\/w\/wp-json\/wp\/v2\/users\/1"}],"replies":[{"embeddable":true,"href":"https:\/\/confesionario.co\/w\/wp-json\/wp\/v2\/comments?post=10092"}],"version-history":[{"count":0,"href":"https:\/\/confesionario.co\/w\/wp-json\/wp\/v2\/posts\/10092\/revisions"}],"wp:attachment":[{"href":"https:\/\/confesionario.co\/w\/wp-json\/wp\/v2\/media?parent=10092"}],"wp:term":[{"taxonomy":"category","embeddable":true,"href":"https:\/\/confesionario.co\/w\/wp-json\/wp\/v2\/categories?post=10092"},{"taxonomy":"post_tag","embeddable":true,"href":"https:\/\/confesionario.co\/w\/wp-json\/wp\/v2\/tags?post=10092"}],"curies":[{"name":"wp","href":"https:\/\/api.w.org\/{rel}","templated":true}]}}