{"id":10095,"date":"2023-01-13T14:26:13","date_gmt":"2023-01-13T14:26:13","guid":{"rendered":"https:\/\/confesionario.co\/w\/este-ano-aumentara-el-numero-de-agentes-de-transito-en-las-calles-de-ibague\/"},"modified":"2023-01-13T14:26:13","modified_gmt":"2023-01-13T14:26:13","slug":"este-ano-aumentara-el-numero-de-agentes-de-transito-en-las-calles-de-ibague","status":"publish","type":"post","link":"https:\/\/confesionario.co\/w\/este-ano-aumentara-el-numero-de-agentes-de-transito-en-las-calles-de-ibague\/","title":{"rendered":"Este a\u00f1o aumentar\u00e1 el n\u00famero de agentes de tr\u00e1nsito en las calles de Ibagu\u00e9"},"content":{"rendered":"<p class=\\\"MsoNormal\\\" style=\\\"text-align: justify;\\\"><span style=\\\"font-size: 12.0pt; line-height: 107%; font-family: \\'Arial\\',sans-serif;\\\">Uno de los grandes retos que tiene la ciudad en materia de control de la movilidad es luchar contra el mal parqueo.<\/span><\/p>\n<p><!--more--><\/p>\n<p class=\\\"MsoNormal\\\" style=\\\"text-align: justify;\\\"><span style=\\\"font-size: 12.0pt; line-height: 107%; font-family: \\'Arial\\',sans-serif;\\\">La Alcald\u00eda tendr\u00e1 este a\u00f1o diferentes objetivos en materia de movilidad. Uno de los m\u00e1s importantes ser\u00e1 incrementar el n\u00famero de Agentes de Tr\u00e1nsito, con 30 nuevos hombres y mujeres, garantizando as\u00ed una mayor cobertura y regulaci\u00f3n en el tr\u00e1fico. <\/span><\/p>\n<p class=\\\"MsoNormal\\\" style=\\\"text-align: justify;\\\"><span style=\\\"font-size: 12.0pt; line-height: 107%; font-family: \\'Arial\\',sans-serif;\\\">Tambi\u00e9n se continuar\u00e1 con la optimizaci\u00f3n de los servicios, brindando facilidad a los usuarios con la asignaci\u00f3n de citas para tr\u00e1mites a trav\u00e9s de portal de la Alcald\u00eda de Ibagu\u00e9 (www.ibague.gov.co).<span style=\\\"mso-spacerun: yes;\\\">\u00a0 <\/span><\/span><\/p>\n<p class=\\\"MsoNormal\\\" style=\\\"text-align: justify;\\\"><span style=\\\"font-size: 12.0pt; line-height: 107%; font-family: \\'Arial\\',sans-serif;\\\">Asimismo, la implementaci\u00f3n del Plan Integral de Movilidad Sostenible con el funcionamiento del Sistema P\u00fablico de Bicicletas. Tambi\u00e9n, fortalecer la seguridad vial con campa\u00f1as de sensibilizaci\u00f3n y la continuaci\u00f3n de la se\u00f1alizaci\u00f3n vertical con 200 nuevos dispositivos y horizontal con 50 kil\u00f3metros demarcados, especialmente en las zonas escolares.<span style=\\\"mso-spacerun: yes;\\\">\u00a0 <\/span><\/span><\/p>\n<p class=\\\"MsoNormal\\\" style=\\\"text-align: justify;\\\"><span style=\\\"font-size: 12.0pt; line-height: 107%; font-family: \\'Arial\\',sans-serif;\\\">\u201cManejaremos para esta vigencia unos proyectos de inversi\u00f3n como la innovaci\u00f3n tecnol\u00f3gica para la prestaci\u00f3n de servicios de calidad. Es un plan ambicioso que busca impactar en la movilidad de la ciudad; adem\u00e1s, estamos convencidos que con las inversiones propuestas llegaremos a las metas del Plan de Desarrollo\u201d, mencion\u00f3 Ricardo Fabi\u00e1n Rodr\u00edguez, secretario de Movilidad. <\/span><\/p>\n<p class=\\\"MsoNormal\\\" style=\\\"text-align: justify;\\\"><span style=\\\"font-size: 12.0pt; line-height: 107%; font-family: \\'Arial\\',sans-serif;\\\">Con relaci\u00f3n a la semaforizaci\u00f3n se apuntar\u00e1 a la modernizaci\u00f3n de las intersecciones con el Sistema Estrat\u00e9gico de Transporte P\u00fablico, SETP.<\/span><\/p>\n","protected":false},"excerpt":{"rendered":"<p>Uno de los grandes retos que tiene la ciudad en materia de control de la movilidad es luchar contra el [&hellip;]<\/p>\n","protected":false},"author":1,"featured_media":0,"comment_status":"open","ping_status":"open","sticky":false,"template":"","format":"standard","meta":{"site-sidebar-layout":"default","site-content-layout":"","ast-site-content-layout":"default","site-content-style":"default","site-sidebar-style":"default","ast-global-header-display":"","ast-banner-title-visibility":"","ast-main-header-display":"","ast-hfb-above-header-display":"","ast-hfb-below-header-display":"","ast-hfb-mobile-header-display":"","site-post-title":"","ast-breadcrumbs-content":"","ast-featured-img":"","footer-sml-layout":"","ast-disable-related-posts":"","theme-transparent-header-meta":"","adv-header-id-meta":"","stick-header-meta":"","header-above-stick-meta":"","header-main-stick-meta":"","header-below-stick-meta":"","astra-migrate-meta-layouts":"default","ast-page-background-enabled":"default","ast-page-background-meta":{"desktop":{"background-color":"var(--ast-global-color-4)","background-image":"","background-repeat":"repeat","background-position":"center center","background-size":"auto","background-attachment":"scroll","background-type":"","background-media":"","overlay-type":"","overlay-color":"","overlay-opacity":"","overlay-gradient":""},"tablet":{"background-color":"","background-image":"","background-repeat":"repeat","background-position":"center center","background-size":"auto","background-attachment":"scroll","background-type":"","background-media":"","overlay-type":"","overlay-color":"","overlay-opacity":"","overlay-gradient":""},"mobile":{"background-color":"","background-image":"","background-repeat":"repeat","background-position":"center center","background-size":"auto","background-attachment":"scroll","background-type":"","background-media":"","overlay-type":"","overlay-color":"","overlay-opacity":"","overlay-gradient":""}},"ast-content-background-meta":{"desktop":{"background-color":"var(--ast-global-color-5)","background-image":"","background-repeat":"repeat","background-position":"center center","background-size":"auto","background-attachment":"scroll","background-type":"","background-media":"","overlay-type":"","overlay-color":"","overlay-opacity":"","overlay-gradient":""},"tablet":{"background-color":"var(--ast-global-color-5)","background-image":"","background-repeat":"repeat","background-position":"center center","background-size":"auto","background-attachment":"scroll","background-type":"","background-media":"","overlay-type":"","overlay-color":"","overlay-opacity":"","overlay-gradient":""},"mobile":{"background-color":"var(--ast-global-color-5)","background-image":"","background-repeat":"repeat","background-position":"center center","background-size":"auto","background-attachment":"scroll","background-type":"","background-media":"","overlay-type":"","overlay-color":"","overlay-opacity":"","overlay-gradient":""}},"footnotes":""},"categories":[20],"tags":[],"class_list":["post-10095","post","type-post","status-publish","format-standard","hentry","category-los-pecados"],"yoast_head":"<!-- This site is optimized with the Yoast SEO plugin v27.4 - https:\/\/yoast.com\/product\/yoast-seo-wordpress\/ -->\n<title>Este a\u00f1o aumentar\u00e1 el n\u00famero de agentes de tr\u00e1nsito en las calles de Ibagu\u00e9 - El Confesionario<\/title>\n<meta name=\"robots\" content=\"index, follow, max-snippet:-1, max-image-preview:large, max-video-preview:-1\" \/>\n<link rel=\"canonical\" href=\"https:\/\/confesionario.co\/w\/este-ano-aumentara-el-numero-de-agentes-de-transito-en-las-calles-de-ibague\/\" \/>\n<meta property=\"og:locale\" content=\"es_ES\" \/>\n<meta property=\"og:type\" content=\"article\" \/>\n<meta property=\"og:title\" content=\"Este a\u00f1o aumentar\u00e1 el n\u00famero de agentes de tr\u00e1nsito en las calles de Ibagu\u00e9 - El Confesionario\" \/>\n<meta property=\"og:description\" content=\"Uno de los grandes retos que tiene la ciudad en materia de control de la movilidad es luchar contra el [&hellip;]\" \/>\n<meta property=\"og:url\" content=\"https:\/\/confesionario.co\/w\/este-ano-aumentara-el-numero-de-agentes-de-transito-en-las-calles-de-ibague\/\" \/>\n<meta property=\"og:site_name\" content=\"El Confesionario\" \/>\n<meta property=\"article:published_time\" content=\"2023-01-13T14:26:13+00:00\" \/>\n<meta name=\"author\" content=\"admin\" \/>\n<meta name=\"twitter:card\" content=\"summary_large_image\" \/>\n<meta name=\"twitter:label1\" content=\"Escrito por\" \/>\n\t<meta name=\"twitter:data1\" content=\"admin\" \/>\n\t<meta name=\"twitter:label2\" content=\"Tiempo de lectura\" \/>\n\t<meta name=\"twitter:data2\" content=\"1 minuto\" \/>\n<script type=\"application\/ld+json\" class=\"yoast-schema-graph\">{\"@context\":\"https:\\\/\\\/schema.org\",\"@graph\":[{\"@type\":\"Article\",\"@id\":\"https:\\\/\\\/confesionario.co\\\/w\\\/este-ano-aumentara-el-numero-de-agentes-de-transito-en-las-calles-de-ibague\\\/#article\",\"isPartOf\":{\"@id\":\"https:\\\/\\\/confesionario.co\\\/w\\\/este-ano-aumentara-el-numero-de-agentes-de-transito-en-las-calles-de-ibague\\\/\"},\"author\":{\"name\":\"admin\",\"@id\":\"https:\\\/\\\/confesionario.co\\\/w\\\/#\\\/schema\\\/person\\\/85e99333497749318afab96ea0cc2342\"},\"headline\":\"Este a\u00f1o aumentar\u00e1 el n\u00famero de agentes de tr\u00e1nsito en las calles de Ibagu\u00e9\",\"datePublished\":\"2023-01-13T14:26:13+00:00\",\"mainEntityOfPage\":{\"@id\":\"https:\\\/\\\/confesionario.co\\\/w\\\/este-ano-aumentara-el-numero-de-agentes-de-transito-en-las-calles-de-ibague\\\/\"},\"wordCount\":268,\"commentCount\":0,\"publisher\":{\"@id\":\"https:\\\/\\\/confesionario.co\\\/w\\\/#organization\"},\"articleSection\":[\"Los pecados\"],\"inLanguage\":\"es\",\"potentialAction\":[{\"@type\":\"CommentAction\",\"name\":\"Comment\",\"target\":[\"https:\\\/\\\/confesionario.co\\\/w\\\/este-ano-aumentara-el-numero-de-agentes-de-transito-en-las-calles-de-ibague\\\/#respond\"]}]},{\"@type\":\"WebPage\",\"@id\":\"https:\\\/\\\/confesionario.co\\\/w\\\/este-ano-aumentara-el-numero-de-agentes-de-transito-en-las-calles-de-ibague\\\/\",\"url\":\"https:\\\/\\\/confesionario.co\\\/w\\\/este-ano-aumentara-el-numero-de-agentes-de-transito-en-las-calles-de-ibague\\\/\",\"name\":\"Este a\u00f1o aumentar\u00e1 el n\u00famero de agentes de tr\u00e1nsito en las calles de Ibagu\u00e9 - El Confesionario\",\"isPartOf\":{\"@id\":\"https:\\\/\\\/confesionario.co\\\/w\\\/#website\"},\"datePublished\":\"2023-01-13T14:26:13+00:00\",\"breadcrumb\":{\"@id\":\"https:\\\/\\\/confesionario.co\\\/w\\\/este-ano-aumentara-el-numero-de-agentes-de-transito-en-las-calles-de-ibague\\\/#breadcrumb\"},\"inLanguage\":\"es\",\"potentialAction\":[{\"@type\":\"ReadAction\",\"target\":[\"https:\\\/\\\/confesionario.co\\\/w\\\/este-ano-aumentara-el-numero-de-agentes-de-transito-en-las-calles-de-ibague\\\/\"]}]},{\"@type\":\"BreadcrumbList\",\"@id\":\"https:\\\/\\\/confesionario.co\\\/w\\\/este-ano-aumentara-el-numero-de-agentes-de-transito-en-las-calles-de-ibague\\\/#breadcrumb\",\"itemListElement\":[{\"@type\":\"ListItem\",\"position\":1,\"name\":\"Portada\",\"item\":\"https:\\\/\\\/confesionario.co\\\/w\\\/\"},{\"@type\":\"ListItem\",\"position\":2,\"name\":\"Este a\u00f1o aumentar\u00e1 el n\u00famero de agentes de tr\u00e1nsito en las calles de Ibagu\u00e9\"}]},{\"@type\":\"WebSite\",\"@id\":\"https:\\\/\\\/confesionario.co\\\/w\\\/#website\",\"url\":\"https:\\\/\\\/confesionario.co\\\/w\\\/\",\"name\":\"El Confesionario\",\"description\":\"\",\"publisher\":{\"@id\":\"https:\\\/\\\/confesionario.co\\\/w\\\/#organization\"},\"potentialAction\":[{\"@type\":\"SearchAction\",\"target\":{\"@type\":\"EntryPoint\",\"urlTemplate\":\"https:\\\/\\\/confesionario.co\\\/w\\\/?s={search_term_string}\"},\"query-input\":{\"@type\":\"PropertyValueSpecification\",\"valueRequired\":true,\"valueName\":\"search_term_string\"}}],\"inLanguage\":\"es\"},{\"@type\":\"Organization\",\"@id\":\"https:\\\/\\\/confesionario.co\\\/w\\\/#organization\",\"name\":\"El Confesionario\",\"url\":\"https:\\\/\\\/confesionario.co\\\/w\\\/\",\"logo\":{\"@type\":\"ImageObject\",\"inLanguage\":\"es\",\"@id\":\"https:\\\/\\\/confesionario.co\\\/w\\\/#\\\/schema\\\/logo\\\/image\\\/\",\"url\":\"https:\\\/\\\/confesionario.co\\\/w\\\/wp-content\\\/uploads\\\/2026\\\/02\\\/confesionario-horizontal.png\",\"contentUrl\":\"https:\\\/\\\/confesionario.co\\\/w\\\/wp-content\\\/uploads\\\/2026\\\/02\\\/confesionario-horizontal.png\",\"width\":581,\"height\":148,\"caption\":\"El Confesionario\"},\"image\":{\"@id\":\"https:\\\/\\\/confesionario.co\\\/w\\\/#\\\/schema\\\/logo\\\/image\\\/\"}},{\"@type\":\"Person\",\"@id\":\"https:\\\/\\\/confesionario.co\\\/w\\\/#\\\/schema\\\/person\\\/85e99333497749318afab96ea0cc2342\",\"name\":\"admin\",\"image\":{\"@type\":\"ImageObject\",\"inLanguage\":\"es\",\"@id\":\"https:\\\/\\\/secure.gravatar.com\\\/avatar\\\/f3358fe09cfbbfc24265a18ea411b8ee8e54296a50fb17d8acf3cffca66240d2?s=96&d=mm&r=g\",\"url\":\"https:\\\/\\\/secure.gravatar.com\\\/avatar\\\/f3358fe09cfbbfc24265a18ea411b8ee8e54296a50fb17d8acf3cffca66240d2?s=96&d=mm&r=g\",\"contentUrl\":\"https:\\\/\\\/secure.gravatar.com\\\/avatar\\\/f3358fe09cfbbfc24265a18ea411b8ee8e54296a50fb17d8acf3cffca66240d2?s=96&d=mm&r=g\",\"caption\":\"admin\"},\"sameAs\":[\"https:\\\/\\\/elconfesionario.co\\\/w\"],\"url\":\"https:\\\/\\\/confesionario.co\\\/w\\\/author\\\/osabuena\\\/\"}]}<\/script>\n<!-- \/ Yoast SEO plugin. -->","yoast_head_json":{"title":"Este a\u00f1o aumentar\u00e1 el n\u00famero de agentes de tr\u00e1nsito en las calles de Ibagu\u00e9 - El Confesionario","robots":{"index":"index","follow":"follow","max-snippet":"max-snippet:-1","max-image-preview":"max-image-preview:large","max-video-preview":"max-video-preview:-1"},"canonical":"https:\/\/confesionario.co\/w\/este-ano-aumentara-el-numero-de-agentes-de-transito-en-las-calles-de-ibague\/","og_locale":"es_ES","og_type":"article","og_title":"Este a\u00f1o aumentar\u00e1 el n\u00famero de agentes de tr\u00e1nsito en las calles de Ibagu\u00e9 - El Confesionario","og_description":"Uno de los grandes retos que tiene la ciudad en materia de control de la movilidad es luchar contra el [&hellip;]","og_url":"https:\/\/confesionario.co\/w\/este-ano-aumentara-el-numero-de-agentes-de-transito-en-las-calles-de-ibague\/","og_site_name":"El Confesionario","article_published_time":"2023-01-13T14:26:13+00:00","author":"admin","twitter_card":"summary_large_image","twitter_misc":{"Escrito por":"admin","Tiempo de lectura":"1 minuto"},"schema":{"@context":"https:\/\/schema.org","@graph":[{"@type":"Article","@id":"https:\/\/confesionario.co\/w\/este-ano-aumentara-el-numero-de-agentes-de-transito-en-las-calles-de-ibague\/#article","isPartOf":{"@id":"https:\/\/confesionario.co\/w\/este-ano-aumentara-el-numero-de-agentes-de-transito-en-las-calles-de-ibague\/"},"author":{"name":"admin","@id":"https:\/\/confesionario.co\/w\/#\/schema\/person\/85e99333497749318afab96ea0cc2342"},"headline":"Este a\u00f1o aumentar\u00e1 el n\u00famero de agentes de tr\u00e1nsito en las calles de Ibagu\u00e9","datePublished":"2023-01-13T14:26:13+00:00","mainEntityOfPage":{"@id":"https:\/\/confesionario.co\/w\/este-ano-aumentara-el-numero-de-agentes-de-transito-en-las-calles-de-ibague\/"},"wordCount":268,"commentCount":0,"publisher":{"@id":"https:\/\/confesionario.co\/w\/#organization"},"articleSection":["Los pecados"],"inLanguage":"es","potentialAction":[{"@type":"CommentAction","name":"Comment","target":["https:\/\/confesionario.co\/w\/este-ano-aumentara-el-numero-de-agentes-de-transito-en-las-calles-de-ibague\/#respond"]}]},{"@type":"WebPage","@id":"https:\/\/confesionario.co\/w\/este-ano-aumentara-el-numero-de-agentes-de-transito-en-las-calles-de-ibague\/","url":"https:\/\/confesionario.co\/w\/este-ano-aumentara-el-numero-de-agentes-de-transito-en-las-calles-de-ibague\/","name":"Este a\u00f1o aumentar\u00e1 el n\u00famero de agentes de tr\u00e1nsito en las calles de Ibagu\u00e9 - El Confesionario","isPartOf":{"@id":"https:\/\/confesionario.co\/w\/#website"},"datePublished":"2023-01-13T14:26:13+00:00","breadcrumb":{"@id":"https:\/\/confesionario.co\/w\/este-ano-aumentara-el-numero-de-agentes-de-transito-en-las-calles-de-ibague\/#breadcrumb"},"inLanguage":"es","potentialAction":[{"@type":"ReadAction","target":["https:\/\/confesionario.co\/w\/este-ano-aumentara-el-numero-de-agentes-de-transito-en-las-calles-de-ibague\/"]}]},{"@type":"BreadcrumbList","@id":"https:\/\/confesionario.co\/w\/este-ano-aumentara-el-numero-de-agentes-de-transito-en-las-calles-de-ibague\/#breadcrumb","itemListElement":[{"@type":"ListItem","position":1,"name":"Portada","item":"https:\/\/confesionario.co\/w\/"},{"@type":"ListItem","position":2,"name":"Este a\u00f1o aumentar\u00e1 el n\u00famero de agentes de tr\u00e1nsito en las calles de Ibagu\u00e9"}]},{"@type":"WebSite","@id":"https:\/\/confesionario.co\/w\/#website","url":"https:\/\/confesionario.co\/w\/","name":"El Confesionario","description":"","publisher":{"@id":"https:\/\/confesionario.co\/w\/#organization"},"potentialAction":[{"@type":"SearchAction","target":{"@type":"EntryPoint","urlTemplate":"https:\/\/confesionario.co\/w\/?s={search_term_string}"},"query-input":{"@type":"PropertyValueSpecification","valueRequired":true,"valueName":"search_term_string"}}],"inLanguage":"es"},{"@type":"Organization","@id":"https:\/\/confesionario.co\/w\/#organization","name":"El Confesionario","url":"https:\/\/confesionario.co\/w\/","logo":{"@type":"ImageObject","inLanguage":"es","@id":"https:\/\/confesionario.co\/w\/#\/schema\/logo\/image\/","url":"https:\/\/confesionario.co\/w\/wp-content\/uploads\/2026\/02\/confesionario-horizontal.png","contentUrl":"https:\/\/confesionario.co\/w\/wp-content\/uploads\/2026\/02\/confesionario-horizontal.png","width":581,"height":148,"caption":"El Confesionario"},"image":{"@id":"https:\/\/confesionario.co\/w\/#\/schema\/logo\/image\/"}},{"@type":"Person","@id":"https:\/\/confesionario.co\/w\/#\/schema\/person\/85e99333497749318afab96ea0cc2342","name":"admin","image":{"@type":"ImageObject","inLanguage":"es","@id":"https:\/\/secure.gravatar.com\/avatar\/f3358fe09cfbbfc24265a18ea411b8ee8e54296a50fb17d8acf3cffca66240d2?s=96&d=mm&r=g","url":"https:\/\/secure.gravatar.com\/avatar\/f3358fe09cfbbfc24265a18ea411b8ee8e54296a50fb17d8acf3cffca66240d2?s=96&d=mm&r=g","contentUrl":"https:\/\/secure.gravatar.com\/avatar\/f3358fe09cfbbfc24265a18ea411b8ee8e54296a50fb17d8acf3cffca66240d2?s=96&d=mm&r=g","caption":"admin"},"sameAs":["https:\/\/elconfesionario.co\/w"],"url":"https:\/\/confesionario.co\/w\/author\/osabuena\/"}]}},"jetpack_featured_media_url":"","_links":{"self":[{"href":"https:\/\/confesionario.co\/w\/wp-json\/wp\/v2\/posts\/10095","targetHints":{"allow":["GET"]}}],"collection":[{"href":"https:\/\/confesionario.co\/w\/wp-json\/wp\/v2\/posts"}],"about":[{"href":"https:\/\/confesionario.co\/w\/wp-json\/wp\/v2\/types\/post"}],"author":[{"embeddable":true,"href":"https:\/\/confesionario.co\/w\/wp-json\/wp\/v2\/users\/1"}],"replies":[{"embeddable":true,"href":"https:\/\/confesionario.co\/w\/wp-json\/wp\/v2\/comments?post=10095"}],"version-history":[{"count":0,"href":"https:\/\/confesionario.co\/w\/wp-json\/wp\/v2\/posts\/10095\/revisions"}],"wp:attachment":[{"href":"https:\/\/confesionario.co\/w\/wp-json\/wp\/v2\/media?parent=10095"}],"wp:term":[{"taxonomy":"category","embeddable":true,"href":"https:\/\/confesionario.co\/w\/wp-json\/wp\/v2\/categories?post=10095"},{"taxonomy":"post_tag","embeddable":true,"href":"https:\/\/confesionario.co\/w\/wp-json\/wp\/v2\/tags?post=10095"}],"curies":[{"name":"wp","href":"https:\/\/api.w.org\/{rel}","templated":true}]}}