{"id":10098,"date":"2023-01-17T02:53:31","date_gmt":"2023-01-17T02:53:31","guid":{"rendered":"https:\/\/confesionario.co\/w\/turismo-magico-del-tolima-sera-resaltado-en-fitur-2023-desde-madrid-espana\/"},"modified":"2023-01-17T02:53:31","modified_gmt":"2023-01-17T02:53:31","slug":"turismo-magico-del-tolima-sera-resaltado-en-fitur-2023-desde-madrid-espana","status":"publish","type":"post","link":"https:\/\/confesionario.co\/w\/turismo-magico-del-tolima-sera-resaltado-en-fitur-2023-desde-madrid-espana\/","title":{"rendered":"Turismo m\u00e1gico del Tolima ser\u00e1 resaltado en Fitur 2023 desde Madrid, Espa\u00f1a"},"content":{"rendered":"<p class=\\\"MsoNormal\\\" style=\\\"text-align: justify;\\\"><span style=\\\"font-size: 12.0pt; line-height: 107%; font-family: \\'Arial\\',sans-serif;\\\">Ser\u00e1n nueve operadores tur\u00edsticos que llegar\u00e1n a esta gran feria internacional gracias a la Gobernaci\u00f3n del Tolima.<\/span><\/p>\n<p><!--more--><\/p>\n<p class=\\\"MsoNormal\\\" style=\\\"text-align: justify;\\\"><span style=\\\"font-size: 12.0pt; line-height: 107%; font-family: \\'Arial\\',sans-serif;\\\">Con una gran proyecci\u00f3n en materia tur\u00edstica, el gobierno \\&#8217;El Tolima Nos Une\\&#8217; ha invertido en proyectos importantes como la internacionalizaci\u00f3n de los atractivos tur\u00edsticos del departamento, y que sean reconocidos y visitados por extranjeros como quienes asistir\u00e1n a Fitur 2023 en Madrid, Espa\u00f1a.<\/span><\/p>\n<p class=\\\"MsoNormal\\\" style=\\\"text-align: justify;\\\"><span style=\\\"font-size: 12.0pt; line-height: 107%; font-family: \\'Arial\\',sans-serif;\\\">En este sentido, la Secretar\u00eda de Desarrollo Econ\u00f3mico a trav\u00e9s de la Direcci\u00f3n de Turismo realiz\u00f3 una inversi\u00f3n de m\u00e1s de $70 millones de pesos, con la cual se llevar\u00e1 a nueve operadores de este sector para mostrar el turismo que podr\u00e1n encontrar en el Tolima.<\/span><\/p>\n<p class=\\\"MsoNormal\\\" style=\\\"text-align: justify;\\\"><span style=\\\"font-size: 12.0pt; line-height: 107%; font-family: \\'Arial\\',sans-serif;\\\">\\\u00bbRecibimos con gran satisfacci\u00f3n que el sector privado se haya querido vincular de manera importante y a trav\u00e9s de una iniciativa propia de varios prestadores de servicios tur\u00edsticos, han decidido participar en una de las ferias m\u00e1s importantes del mundo en materia de turismo como los es Fitur en Espa\u00f1a\\\u00bb, asegur\u00f3 \u00c9rika Ramos D\u00e1vila, secretaria de Desarrollo Econ\u00f3mico del Departamento.<\/span><\/p>\n<p class=\\\"MsoNormal\\\" style=\\\"text-align: justify;\\\"><span style=\\\"font-size: 12.0pt; line-height: 107%; font-family: \\'Arial\\',sans-serif;\\\">Es as\u00ed como, desde el gobierno departamental se puso a disposici\u00f3n de los operadores una serie de capacitaciones y herramientas tecnol\u00f3gicas que le servir\u00e1 a los empresarios para mejorar su atenci\u00f3n al cliente y venta del Tolima como territorio tur\u00edstico.<\/span><\/p>\n<p class=\\\"MsoNormal\\\" style=\\\"text-align: justify;\\\"><span style=\\\"font-size: 12.0pt; line-height: 107%; font-family: \\'Arial\\',sans-serif;\\\">\\\u00bbCon ellos tuvimos una jornada extensiva de m\u00e1s de 12 horas, en las cuales formamos a los operadores en temas de marketing digital, rueda de negocios, presentaci\u00f3n en ferias internacionales, y esperamos que con todas estas herramientas, tambi\u00e9n digitales y algunos souvenirs que vamos a enviar, que ellos hagan una excelente representaci\u00f3n de nuestro departamento\\\u00bb, puntualiz\u00f3.<\/span><\/p>\n<p class=\\\"MsoNormal\\\" style=\\\"text-align: justify;\\\"><span style=\\\"font-size: 12.0pt; line-height: 107%; font-family: \\'Arial\\',sans-serif;\\\">Esta feria ir\u00e1 desde el mi\u00e9rcoles 18 al 22 de enero del 2023.<\/span><\/p>\n","protected":false},"excerpt":{"rendered":"<p>Ser\u00e1n nueve operadores tur\u00edsticos que llegar\u00e1n a esta gran feria internacional gracias a la Gobernaci\u00f3n del Tolima.<\/p>\n","protected":false},"author":1,"featured_media":0,"comment_status":"open","ping_status":"open","sticky":false,"template":"","format":"standard","meta":{"site-sidebar-layout":"default","site-content-layout":"","ast-site-content-layout":"default","site-content-style":"default","site-sidebar-style":"default","ast-global-header-display":"","ast-banner-title-visibility":"","ast-main-header-display":"","ast-hfb-above-header-display":"","ast-hfb-below-header-display":"","ast-hfb-mobile-header-display":"","site-post-title":"","ast-breadcrumbs-content":"","ast-featured-img":"","footer-sml-layout":"","ast-disable-related-posts":"","theme-transparent-header-meta":"","adv-header-id-meta":"","stick-header-meta":"","header-above-stick-meta":"","header-main-stick-meta":"","header-below-stick-meta":"","astra-migrate-meta-layouts":"default","ast-page-background-enabled":"default","ast-page-background-meta":{"desktop":{"background-color":"var(--ast-global-color-4)","background-image":"","background-repeat":"repeat","background-position":"center center","background-size":"auto","background-attachment":"scroll","background-type":"","background-media":"","overlay-type":"","overlay-color":"","overlay-opacity":"","overlay-gradient":""},"tablet":{"background-color":"","background-image":"","background-repeat":"repeat","background-position":"center center","background-size":"auto","background-attachment":"scroll","background-type":"","background-media":"","overlay-type":"","overlay-color":"","overlay-opacity":"","overlay-gradient":""},"mobile":{"background-color":"","background-image":"","background-repeat":"repeat","background-position":"center center","background-size":"auto","background-attachment":"scroll","background-type":"","background-media":"","overlay-type":"","overlay-color":"","overlay-opacity":"","overlay-gradient":""}},"ast-content-background-meta":{"desktop":{"background-color":"var(--ast-global-color-5)","background-image":"","background-repeat":"repeat","background-position":"center center","background-size":"auto","background-attachment":"scroll","background-type":"","background-media":"","overlay-type":"","overlay-color":"","overlay-opacity":"","overlay-gradient":""},"tablet":{"background-color":"var(--ast-global-color-5)","background-image":"","background-repeat":"repeat","background-position":"center center","background-size":"auto","background-attachment":"scroll","background-type":"","background-media":"","overlay-type":"","overlay-color":"","overlay-opacity":"","overlay-gradient":""},"mobile":{"background-color":"var(--ast-global-color-5)","background-image":"","background-repeat":"repeat","background-position":"center center","background-size":"auto","background-attachment":"scroll","background-type":"","background-media":"","overlay-type":"","overlay-color":"","overlay-opacity":"","overlay-gradient":""}},"footnotes":""},"categories":[17],"tags":[],"class_list":["post-10098","post","type-post","status-publish","format-standard","hentry","category-otras-cofesiones"],"yoast_head":"<!-- This site is optimized with the Yoast SEO plugin v27.5 - https:\/\/yoast.com\/product\/yoast-seo-wordpress\/ -->\n<title>Turismo m\u00e1gico del Tolima ser\u00e1 resaltado en Fitur 2023 desde Madrid, Espa\u00f1a - El Confesionario<\/title>\n<meta name=\"robots\" content=\"index, follow, max-snippet:-1, max-image-preview:large, max-video-preview:-1\" \/>\n<link rel=\"canonical\" href=\"https:\/\/confesionario.co\/w\/turismo-magico-del-tolima-sera-resaltado-en-fitur-2023-desde-madrid-espana\/\" \/>\n<meta property=\"og:locale\" content=\"es_ES\" \/>\n<meta property=\"og:type\" content=\"article\" \/>\n<meta property=\"og:title\" content=\"Turismo m\u00e1gico del Tolima ser\u00e1 resaltado en Fitur 2023 desde Madrid, Espa\u00f1a - El Confesionario\" \/>\n<meta property=\"og:description\" content=\"Ser\u00e1n nueve operadores tur\u00edsticos que llegar\u00e1n a esta gran feria internacional gracias a la Gobernaci\u00f3n del Tolima.\" \/>\n<meta property=\"og:url\" content=\"https:\/\/confesionario.co\/w\/turismo-magico-del-tolima-sera-resaltado-en-fitur-2023-desde-madrid-espana\/\" \/>\n<meta property=\"og:site_name\" content=\"El Confesionario\" \/>\n<meta property=\"article:published_time\" content=\"2023-01-17T02:53:31+00:00\" \/>\n<meta name=\"author\" content=\"admin\" \/>\n<meta name=\"twitter:card\" content=\"summary_large_image\" \/>\n<meta name=\"twitter:label1\" content=\"Escrito por\" \/>\n\t<meta name=\"twitter:data1\" content=\"admin\" \/>\n\t<meta name=\"twitter:label2\" content=\"Tiempo de lectura\" \/>\n\t<meta name=\"twitter:data2\" content=\"2 minutos\" \/>\n<script type=\"application\/ld+json\" class=\"yoast-schema-graph\">{\"@context\":\"https:\\\/\\\/schema.org\",\"@graph\":[{\"@type\":\"Article\",\"@id\":\"https:\\\/\\\/confesionario.co\\\/w\\\/turismo-magico-del-tolima-sera-resaltado-en-fitur-2023-desde-madrid-espana\\\/#article\",\"isPartOf\":{\"@id\":\"https:\\\/\\\/confesionario.co\\\/w\\\/turismo-magico-del-tolima-sera-resaltado-en-fitur-2023-desde-madrid-espana\\\/\"},\"author\":{\"name\":\"admin\",\"@id\":\"https:\\\/\\\/confesionario.co\\\/w\\\/#\\\/schema\\\/person\\\/85e99333497749318afab96ea0cc2342\"},\"headline\":\"Turismo m\u00e1gico del Tolima ser\u00e1 resaltado en Fitur 2023 desde Madrid, Espa\u00f1a\",\"datePublished\":\"2023-01-17T02:53:31+00:00\",\"mainEntityOfPage\":{\"@id\":\"https:\\\/\\\/confesionario.co\\\/w\\\/turismo-magico-del-tolima-sera-resaltado-en-fitur-2023-desde-madrid-espana\\\/\"},\"wordCount\":316,\"commentCount\":0,\"publisher\":{\"@id\":\"https:\\\/\\\/confesionario.co\\\/w\\\/#organization\"},\"articleSection\":[\"Otras confesiones\"],\"inLanguage\":\"es\",\"potentialAction\":[{\"@type\":\"CommentAction\",\"name\":\"Comment\",\"target\":[\"https:\\\/\\\/confesionario.co\\\/w\\\/turismo-magico-del-tolima-sera-resaltado-en-fitur-2023-desde-madrid-espana\\\/#respond\"]}]},{\"@type\":\"WebPage\",\"@id\":\"https:\\\/\\\/confesionario.co\\\/w\\\/turismo-magico-del-tolima-sera-resaltado-en-fitur-2023-desde-madrid-espana\\\/\",\"url\":\"https:\\\/\\\/confesionario.co\\\/w\\\/turismo-magico-del-tolima-sera-resaltado-en-fitur-2023-desde-madrid-espana\\\/\",\"name\":\"Turismo m\u00e1gico del Tolima ser\u00e1 resaltado en Fitur 2023 desde Madrid, Espa\u00f1a - El Confesionario\",\"isPartOf\":{\"@id\":\"https:\\\/\\\/confesionario.co\\\/w\\\/#website\"},\"datePublished\":\"2023-01-17T02:53:31+00:00\",\"breadcrumb\":{\"@id\":\"https:\\\/\\\/confesionario.co\\\/w\\\/turismo-magico-del-tolima-sera-resaltado-en-fitur-2023-desde-madrid-espana\\\/#breadcrumb\"},\"inLanguage\":\"es\",\"potentialAction\":[{\"@type\":\"ReadAction\",\"target\":[\"https:\\\/\\\/confesionario.co\\\/w\\\/turismo-magico-del-tolima-sera-resaltado-en-fitur-2023-desde-madrid-espana\\\/\"]}]},{\"@type\":\"BreadcrumbList\",\"@id\":\"https:\\\/\\\/confesionario.co\\\/w\\\/turismo-magico-del-tolima-sera-resaltado-en-fitur-2023-desde-madrid-espana\\\/#breadcrumb\",\"itemListElement\":[{\"@type\":\"ListItem\",\"position\":1,\"name\":\"Portada\",\"item\":\"https:\\\/\\\/confesionario.co\\\/w\\\/\"},{\"@type\":\"ListItem\",\"position\":2,\"name\":\"Turismo m\u00e1gico del Tolima ser\u00e1 resaltado en Fitur 2023 desde Madrid, Espa\u00f1a\"}]},{\"@type\":\"WebSite\",\"@id\":\"https:\\\/\\\/confesionario.co\\\/w\\\/#website\",\"url\":\"https:\\\/\\\/confesionario.co\\\/w\\\/\",\"name\":\"El Confesionario\",\"description\":\"\",\"publisher\":{\"@id\":\"https:\\\/\\\/confesionario.co\\\/w\\\/#organization\"},\"potentialAction\":[{\"@type\":\"SearchAction\",\"target\":{\"@type\":\"EntryPoint\",\"urlTemplate\":\"https:\\\/\\\/confesionario.co\\\/w\\\/?s={search_term_string}\"},\"query-input\":{\"@type\":\"PropertyValueSpecification\",\"valueRequired\":true,\"valueName\":\"search_term_string\"}}],\"inLanguage\":\"es\"},{\"@type\":\"Organization\",\"@id\":\"https:\\\/\\\/confesionario.co\\\/w\\\/#organization\",\"name\":\"El Confesionario\",\"url\":\"https:\\\/\\\/confesionario.co\\\/w\\\/\",\"logo\":{\"@type\":\"ImageObject\",\"inLanguage\":\"es\",\"@id\":\"https:\\\/\\\/confesionario.co\\\/w\\\/#\\\/schema\\\/logo\\\/image\\\/\",\"url\":\"https:\\\/\\\/confesionario.co\\\/w\\\/wp-content\\\/uploads\\\/2026\\\/02\\\/confesionario-horizontal.png\",\"contentUrl\":\"https:\\\/\\\/confesionario.co\\\/w\\\/wp-content\\\/uploads\\\/2026\\\/02\\\/confesionario-horizontal.png\",\"width\":581,\"height\":148,\"caption\":\"El Confesionario\"},\"image\":{\"@id\":\"https:\\\/\\\/confesionario.co\\\/w\\\/#\\\/schema\\\/logo\\\/image\\\/\"}},{\"@type\":\"Person\",\"@id\":\"https:\\\/\\\/confesionario.co\\\/w\\\/#\\\/schema\\\/person\\\/85e99333497749318afab96ea0cc2342\",\"name\":\"admin\",\"image\":{\"@type\":\"ImageObject\",\"inLanguage\":\"es\",\"@id\":\"https:\\\/\\\/secure.gravatar.com\\\/avatar\\\/f3358fe09cfbbfc24265a18ea411b8ee8e54296a50fb17d8acf3cffca66240d2?s=96&d=mm&r=g\",\"url\":\"https:\\\/\\\/secure.gravatar.com\\\/avatar\\\/f3358fe09cfbbfc24265a18ea411b8ee8e54296a50fb17d8acf3cffca66240d2?s=96&d=mm&r=g\",\"contentUrl\":\"https:\\\/\\\/secure.gravatar.com\\\/avatar\\\/f3358fe09cfbbfc24265a18ea411b8ee8e54296a50fb17d8acf3cffca66240d2?s=96&d=mm&r=g\",\"caption\":\"admin\"},\"sameAs\":[\"https:\\\/\\\/elconfesionario.co\\\/w\"],\"url\":\"https:\\\/\\\/confesionario.co\\\/w\\\/author\\\/osabuena\\\/\"}]}<\/script>\n<!-- \/ Yoast SEO plugin. -->","yoast_head_json":{"title":"Turismo m\u00e1gico del Tolima ser\u00e1 resaltado en Fitur 2023 desde Madrid, Espa\u00f1a - El Confesionario","robots":{"index":"index","follow":"follow","max-snippet":"max-snippet:-1","max-image-preview":"max-image-preview:large","max-video-preview":"max-video-preview:-1"},"canonical":"https:\/\/confesionario.co\/w\/turismo-magico-del-tolima-sera-resaltado-en-fitur-2023-desde-madrid-espana\/","og_locale":"es_ES","og_type":"article","og_title":"Turismo m\u00e1gico del Tolima ser\u00e1 resaltado en Fitur 2023 desde Madrid, Espa\u00f1a - El Confesionario","og_description":"Ser\u00e1n nueve operadores tur\u00edsticos que llegar\u00e1n a esta gran feria internacional gracias a la Gobernaci\u00f3n del Tolima.","og_url":"https:\/\/confesionario.co\/w\/turismo-magico-del-tolima-sera-resaltado-en-fitur-2023-desde-madrid-espana\/","og_site_name":"El Confesionario","article_published_time":"2023-01-17T02:53:31+00:00","author":"admin","twitter_card":"summary_large_image","twitter_misc":{"Escrito por":"admin","Tiempo de lectura":"2 minutos"},"schema":{"@context":"https:\/\/schema.org","@graph":[{"@type":"Article","@id":"https:\/\/confesionario.co\/w\/turismo-magico-del-tolima-sera-resaltado-en-fitur-2023-desde-madrid-espana\/#article","isPartOf":{"@id":"https:\/\/confesionario.co\/w\/turismo-magico-del-tolima-sera-resaltado-en-fitur-2023-desde-madrid-espana\/"},"author":{"name":"admin","@id":"https:\/\/confesionario.co\/w\/#\/schema\/person\/85e99333497749318afab96ea0cc2342"},"headline":"Turismo m\u00e1gico del Tolima ser\u00e1 resaltado en Fitur 2023 desde Madrid, Espa\u00f1a","datePublished":"2023-01-17T02:53:31+00:00","mainEntityOfPage":{"@id":"https:\/\/confesionario.co\/w\/turismo-magico-del-tolima-sera-resaltado-en-fitur-2023-desde-madrid-espana\/"},"wordCount":316,"commentCount":0,"publisher":{"@id":"https:\/\/confesionario.co\/w\/#organization"},"articleSection":["Otras confesiones"],"inLanguage":"es","potentialAction":[{"@type":"CommentAction","name":"Comment","target":["https:\/\/confesionario.co\/w\/turismo-magico-del-tolima-sera-resaltado-en-fitur-2023-desde-madrid-espana\/#respond"]}]},{"@type":"WebPage","@id":"https:\/\/confesionario.co\/w\/turismo-magico-del-tolima-sera-resaltado-en-fitur-2023-desde-madrid-espana\/","url":"https:\/\/confesionario.co\/w\/turismo-magico-del-tolima-sera-resaltado-en-fitur-2023-desde-madrid-espana\/","name":"Turismo m\u00e1gico del Tolima ser\u00e1 resaltado en Fitur 2023 desde Madrid, Espa\u00f1a - El Confesionario","isPartOf":{"@id":"https:\/\/confesionario.co\/w\/#website"},"datePublished":"2023-01-17T02:53:31+00:00","breadcrumb":{"@id":"https:\/\/confesionario.co\/w\/turismo-magico-del-tolima-sera-resaltado-en-fitur-2023-desde-madrid-espana\/#breadcrumb"},"inLanguage":"es","potentialAction":[{"@type":"ReadAction","target":["https:\/\/confesionario.co\/w\/turismo-magico-del-tolima-sera-resaltado-en-fitur-2023-desde-madrid-espana\/"]}]},{"@type":"BreadcrumbList","@id":"https:\/\/confesionario.co\/w\/turismo-magico-del-tolima-sera-resaltado-en-fitur-2023-desde-madrid-espana\/#breadcrumb","itemListElement":[{"@type":"ListItem","position":1,"name":"Portada","item":"https:\/\/confesionario.co\/w\/"},{"@type":"ListItem","position":2,"name":"Turismo m\u00e1gico del Tolima ser\u00e1 resaltado en Fitur 2023 desde Madrid, Espa\u00f1a"}]},{"@type":"WebSite","@id":"https:\/\/confesionario.co\/w\/#website","url":"https:\/\/confesionario.co\/w\/","name":"El Confesionario","description":"","publisher":{"@id":"https:\/\/confesionario.co\/w\/#organization"},"potentialAction":[{"@type":"SearchAction","target":{"@type":"EntryPoint","urlTemplate":"https:\/\/confesionario.co\/w\/?s={search_term_string}"},"query-input":{"@type":"PropertyValueSpecification","valueRequired":true,"valueName":"search_term_string"}}],"inLanguage":"es"},{"@type":"Organization","@id":"https:\/\/confesionario.co\/w\/#organization","name":"El Confesionario","url":"https:\/\/confesionario.co\/w\/","logo":{"@type":"ImageObject","inLanguage":"es","@id":"https:\/\/confesionario.co\/w\/#\/schema\/logo\/image\/","url":"https:\/\/confesionario.co\/w\/wp-content\/uploads\/2026\/02\/confesionario-horizontal.png","contentUrl":"https:\/\/confesionario.co\/w\/wp-content\/uploads\/2026\/02\/confesionario-horizontal.png","width":581,"height":148,"caption":"El Confesionario"},"image":{"@id":"https:\/\/confesionario.co\/w\/#\/schema\/logo\/image\/"}},{"@type":"Person","@id":"https:\/\/confesionario.co\/w\/#\/schema\/person\/85e99333497749318afab96ea0cc2342","name":"admin","image":{"@type":"ImageObject","inLanguage":"es","@id":"https:\/\/secure.gravatar.com\/avatar\/f3358fe09cfbbfc24265a18ea411b8ee8e54296a50fb17d8acf3cffca66240d2?s=96&d=mm&r=g","url":"https:\/\/secure.gravatar.com\/avatar\/f3358fe09cfbbfc24265a18ea411b8ee8e54296a50fb17d8acf3cffca66240d2?s=96&d=mm&r=g","contentUrl":"https:\/\/secure.gravatar.com\/avatar\/f3358fe09cfbbfc24265a18ea411b8ee8e54296a50fb17d8acf3cffca66240d2?s=96&d=mm&r=g","caption":"admin"},"sameAs":["https:\/\/elconfesionario.co\/w"],"url":"https:\/\/confesionario.co\/w\/author\/osabuena\/"}]}},"jetpack_featured_media_url":"","_links":{"self":[{"href":"https:\/\/confesionario.co\/w\/wp-json\/wp\/v2\/posts\/10098","targetHints":{"allow":["GET"]}}],"collection":[{"href":"https:\/\/confesionario.co\/w\/wp-json\/wp\/v2\/posts"}],"about":[{"href":"https:\/\/confesionario.co\/w\/wp-json\/wp\/v2\/types\/post"}],"author":[{"embeddable":true,"href":"https:\/\/confesionario.co\/w\/wp-json\/wp\/v2\/users\/1"}],"replies":[{"embeddable":true,"href":"https:\/\/confesionario.co\/w\/wp-json\/wp\/v2\/comments?post=10098"}],"version-history":[{"count":0,"href":"https:\/\/confesionario.co\/w\/wp-json\/wp\/v2\/posts\/10098\/revisions"}],"wp:attachment":[{"href":"https:\/\/confesionario.co\/w\/wp-json\/wp\/v2\/media?parent=10098"}],"wp:term":[{"taxonomy":"category","embeddable":true,"href":"https:\/\/confesionario.co\/w\/wp-json\/wp\/v2\/categories?post=10098"},{"taxonomy":"post_tag","embeddable":true,"href":"https:\/\/confesionario.co\/w\/wp-json\/wp\/v2\/tags?post=10098"}],"curies":[{"name":"wp","href":"https:\/\/api.w.org\/{rel}","templated":true}]}}