{"id":10100,"date":"2023-01-17T03:01:42","date_gmt":"2023-01-17T03:01:42","guid":{"rendered":"https:\/\/confesionario.co\/w\/rojo-de-violencia-y-rojo-de-abandono\/"},"modified":"2023-01-17T03:01:42","modified_gmt":"2023-01-17T03:01:42","slug":"rojo-de-violencia-y-rojo-de-abandono","status":"publish","type":"post","link":"https:\/\/confesionario.co\/w\/rojo-de-violencia-y-rojo-de-abandono\/","title":{"rendered":"Rojo de violencia y rojo de abandono"},"content":{"rendered":"<p class=\\\"MsoNormal\\\" style=\\\"text-align: justify;\\\"><span lang=\\\"ES-MX\\\" style=\\\"font-size: 12.0pt; line-height: 107%; font-family: \\'Arial\\',sans-serif; mso-ansi-language: ES-MX; mso-bidi-font-weight: bold;\\\">Esos territorios no solo estaban te\u00f1idos del rojo de la sangre, sino del rojo de un partido dominante para la \u00e9poca que con la ret\u00f3rica vac\u00eda y las promesas incumplidas iban y se com\u00edan las gallinas. Por: \u00d3scar Barreto.<\/span><\/p>\n<p><!--more--><\/p>\n<p class=\\\"MsoNormal\\\" style=\\\"text-align: justify;\\\"><span lang=\\\"ES-MX\\\" style=\\\"font-size: 12.0pt; line-height: 107%; font-family: \\'Arial\\',sans-serif; mso-ansi-language: ES-MX;\\\">Durante d\u00e9cadas la violencia en el Tolima se vivi\u00f3 de la manera m\u00e1s horrenda, masacres, muertos, extorsiones, reclutamientos de menores, secuestros, extorsi\u00f3n y los cr\u00edmenes m\u00e1s atroces tuvimos que padecer los tolimenses, violencia venida de todos lados y con m\u00faltiples actores, pero no menor al tambi\u00e9n horrendo abandono del Estado, algunos tolimenses nos han dicho que sufr\u00edan m\u00e1s por el abandono del Estado, que por la violencia. <\/span><\/p>\n<p class=\\\"MsoNormal\\\" style=\\\"text-align: justify;\\\"><span lang=\\\"ES-MX\\\" style=\\\"font-size: 12.0pt; line-height: 107%; font-family: \\'Arial\\',sans-serif; mso-ansi-language: ES-MX;\\\">Esos territorios no solo estaban te\u00f1idos del rojo de la sangre, sino del rojo de un partido dominante para la \u00e9poca que con la ret\u00f3rica vac\u00eda y las promesas incumplidas iban y se com\u00edan las gallinas y los cerdos en \u00e9pocas electorales aprovechando la buena fe y la inocencia de ciudadanos y campesinos que esperanzados cre\u00edan y votaban por ellos. Para algunos ejemplos, recuerdo la primera vez que fui a Planadas tardamos 16 horas en llegar, recuerdo el clamor campesino por encontrar soluciones que transformaran sus vidas, encontramos el caf\u00e9, potenciamos el proceso asociativo, entregamos laboratorios, marquesinas, asistencia t\u00e9cnica, capacitaci\u00f3n y todo lo necesario para que hoy desde all\u00ed se produzcan y comercialicen los mejores caf\u00e9s del mundo, recuerdo tambi\u00e9n como abordamos con entereza y de manera contundente la anarqu\u00eda, corrupci\u00f3n, d\u00e9ficit de m\u00e1s de 27 mil millones de pesos, nepotismo y dem\u00e1s actos aberrantes que ejerc\u00eda el partido liberal en la Universidad del Tolima, donde aumentamos las trasferencias, eliminamos cargos suntuosos y onerosos, fortalecimos la investigaci\u00f3n, iniciamos la gratuidad educativa y proyectamos un alma mater de calidad acad\u00e9mica, como olvidar que en esos gobiernos rojos, aumentaban a rojo la deuda social, recuerdo que nombraron en el Hospital Federico Lleras, un administrador agropecuario y se suscit\u00f3 un gran esc\u00e1ndalo por el concurso para proveer gerentes a los hospitales de segundo nivel, hoy gracias a un gran trabajo de varios gobiernos, tenemos uno de los hospitales m\u00e1s eficientes y de mejor servicio del pa\u00eds, al igual que la red hospitalaria de segundo nivel y que no hablar de los cientos de kms de v\u00edas rurales y urbanas que hemos intervenido, faltando muchas m\u00e1s, es que el abandono era total. <\/span><\/p>\n<p class=\\\"MsoNormal\\\" style=\\\"text-align: justify;\\\"><span lang=\\\"ES-MX\\\" style=\\\"font-size: 12.0pt; line-height: 107%; font-family: \\'Arial\\',sans-serif; mso-ansi-language: ES-MX;\\\">\u201cSepulcros blanqueados por fuera, pero que por dentro est\u00e1n llenos de carro\u00f1a e inmundicia\u201d \u201cven la paja en el ojo ajeno, pero no la viga en el propio\u201d, esa es la doble moral de quienes solo tienen el insulto y la maledicencia como argumento.<span style=\\\"mso-spacerun: yes;\\\">\u00a0 <\/span><\/span><\/p>\n<p class=\\\"MsoNormal\\\" style=\\\"text-align: justify;\\\"><span lang=\\\"ES-MX\\\" style=\\\"font-size: 12.0pt; line-height: 107%; font-family: \\'Arial\\',sans-serif; mso-ansi-language: ES-MX;\\\">\u00a0<\/span><\/p>\n","protected":false},"excerpt":{"rendered":"<p>Esos territorios no solo estaban te\u00f1idos del rojo de la sangre, sino del rojo de un partido dominante para la [&hellip;]<\/p>\n","protected":false},"author":1,"featured_media":0,"comment_status":"open","ping_status":"open","sticky":false,"template":"","format":"standard","meta":{"site-sidebar-layout":"default","site-content-layout":"","ast-site-content-layout":"default","site-content-style":"default","site-sidebar-style":"default","ast-global-header-display":"","ast-banner-title-visibility":"","ast-main-header-display":"","ast-hfb-above-header-display":"","ast-hfb-below-header-display":"","ast-hfb-mobile-header-display":"","site-post-title":"","ast-breadcrumbs-content":"","ast-featured-img":"","footer-sml-layout":"","ast-disable-related-posts":"","theme-transparent-header-meta":"","adv-header-id-meta":"","stick-header-meta":"","header-above-stick-meta":"","header-main-stick-meta":"","header-below-stick-meta":"","astra-migrate-meta-layouts":"default","ast-page-background-enabled":"default","ast-page-background-meta":{"desktop":{"background-color":"var(--ast-global-color-4)","background-image":"","background-repeat":"repeat","background-position":"center center","background-size":"auto","background-attachment":"scroll","background-type":"","background-media":"","overlay-type":"","overlay-color":"","overlay-opacity":"","overlay-gradient":""},"tablet":{"background-color":"","background-image":"","background-repeat":"repeat","background-position":"center center","background-size":"auto","background-attachment":"scroll","background-type":"","background-media":"","overlay-type":"","overlay-color":"","overlay-opacity":"","overlay-gradient":""},"mobile":{"background-color":"","background-image":"","background-repeat":"repeat","background-position":"center center","background-size":"auto","background-attachment":"scroll","background-type":"","background-media":"","overlay-type":"","overlay-color":"","overlay-opacity":"","overlay-gradient":""}},"ast-content-background-meta":{"desktop":{"background-color":"var(--ast-global-color-5)","background-image":"","background-repeat":"repeat","background-position":"center center","background-size":"auto","background-attachment":"scroll","background-type":"","background-media":"","overlay-type":"","overlay-color":"","overlay-opacity":"","overlay-gradient":""},"tablet":{"background-color":"var(--ast-global-color-5)","background-image":"","background-repeat":"repeat","background-position":"center center","background-size":"auto","background-attachment":"scroll","background-type":"","background-media":"","overlay-type":"","overlay-color":"","overlay-opacity":"","overlay-gradient":""},"mobile":{"background-color":"var(--ast-global-color-5)","background-image":"","background-repeat":"repeat","background-position":"center center","background-size":"auto","background-attachment":"scroll","background-type":"","background-media":"","overlay-type":"","overlay-color":"","overlay-opacity":"","overlay-gradient":""}},"footnotes":""},"categories":[13],"tags":[],"class_list":["post-10100","post","type-post","status-publish","format-standard","hentry","category-que-hacer-aqui"],"yoast_head":"<!-- This site is optimized with the Yoast SEO plugin v27.5 - https:\/\/yoast.com\/product\/yoast-seo-wordpress\/ -->\n<title>Rojo de violencia y rojo de abandono - El Confesionario<\/title>\n<meta name=\"robots\" content=\"index, follow, max-snippet:-1, max-image-preview:large, max-video-preview:-1\" \/>\n<link rel=\"canonical\" href=\"https:\/\/confesionario.co\/w\/rojo-de-violencia-y-rojo-de-abandono\/\" \/>\n<meta property=\"og:locale\" content=\"es_ES\" \/>\n<meta property=\"og:type\" content=\"article\" \/>\n<meta property=\"og:title\" content=\"Rojo de violencia y rojo de abandono - El Confesionario\" \/>\n<meta property=\"og:description\" content=\"Esos territorios no solo estaban te\u00f1idos del rojo de la sangre, sino del rojo de un partido dominante para la [&hellip;]\" \/>\n<meta property=\"og:url\" content=\"https:\/\/confesionario.co\/w\/rojo-de-violencia-y-rojo-de-abandono\/\" \/>\n<meta property=\"og:site_name\" content=\"El Confesionario\" \/>\n<meta property=\"article:published_time\" content=\"2023-01-17T03:01:42+00:00\" \/>\n<meta name=\"author\" content=\"admin\" \/>\n<meta name=\"twitter:card\" content=\"summary_large_image\" \/>\n<meta name=\"twitter:label1\" content=\"Escrito por\" \/>\n\t<meta name=\"twitter:data1\" content=\"admin\" \/>\n\t<meta name=\"twitter:label2\" content=\"Tiempo de lectura\" \/>\n\t<meta name=\"twitter:data2\" content=\"2 minutos\" \/>\n<script type=\"application\/ld+json\" class=\"yoast-schema-graph\">{\"@context\":\"https:\\\/\\\/schema.org\",\"@graph\":[{\"@type\":\"Article\",\"@id\":\"https:\\\/\\\/confesionario.co\\\/w\\\/rojo-de-violencia-y-rojo-de-abandono\\\/#article\",\"isPartOf\":{\"@id\":\"https:\\\/\\\/confesionario.co\\\/w\\\/rojo-de-violencia-y-rojo-de-abandono\\\/\"},\"author\":{\"name\":\"admin\",\"@id\":\"https:\\\/\\\/confesionario.co\\\/w\\\/#\\\/schema\\\/person\\\/85e99333497749318afab96ea0cc2342\"},\"headline\":\"Rojo de violencia y rojo de abandono\",\"datePublished\":\"2023-01-17T03:01:42+00:00\",\"mainEntityOfPage\":{\"@id\":\"https:\\\/\\\/confesionario.co\\\/w\\\/rojo-de-violencia-y-rojo-de-abandono\\\/\"},\"wordCount\":470,\"commentCount\":0,\"publisher\":{\"@id\":\"https:\\\/\\\/confesionario.co\\\/w\\\/#organization\"},\"articleSection\":[\"Qu\u00e9 hacer aqu\u00ed\"],\"inLanguage\":\"es\",\"potentialAction\":[{\"@type\":\"CommentAction\",\"name\":\"Comment\",\"target\":[\"https:\\\/\\\/confesionario.co\\\/w\\\/rojo-de-violencia-y-rojo-de-abandono\\\/#respond\"]}]},{\"@type\":\"WebPage\",\"@id\":\"https:\\\/\\\/confesionario.co\\\/w\\\/rojo-de-violencia-y-rojo-de-abandono\\\/\",\"url\":\"https:\\\/\\\/confesionario.co\\\/w\\\/rojo-de-violencia-y-rojo-de-abandono\\\/\",\"name\":\"Rojo de violencia y rojo de abandono - El Confesionario\",\"isPartOf\":{\"@id\":\"https:\\\/\\\/confesionario.co\\\/w\\\/#website\"},\"datePublished\":\"2023-01-17T03:01:42+00:00\",\"breadcrumb\":{\"@id\":\"https:\\\/\\\/confesionario.co\\\/w\\\/rojo-de-violencia-y-rojo-de-abandono\\\/#breadcrumb\"},\"inLanguage\":\"es\",\"potentialAction\":[{\"@type\":\"ReadAction\",\"target\":[\"https:\\\/\\\/confesionario.co\\\/w\\\/rojo-de-violencia-y-rojo-de-abandono\\\/\"]}]},{\"@type\":\"BreadcrumbList\",\"@id\":\"https:\\\/\\\/confesionario.co\\\/w\\\/rojo-de-violencia-y-rojo-de-abandono\\\/#breadcrumb\",\"itemListElement\":[{\"@type\":\"ListItem\",\"position\":1,\"name\":\"Portada\",\"item\":\"https:\\\/\\\/confesionario.co\\\/w\\\/\"},{\"@type\":\"ListItem\",\"position\":2,\"name\":\"Rojo de violencia y rojo de abandono\"}]},{\"@type\":\"WebSite\",\"@id\":\"https:\\\/\\\/confesionario.co\\\/w\\\/#website\",\"url\":\"https:\\\/\\\/confesionario.co\\\/w\\\/\",\"name\":\"El Confesionario\",\"description\":\"\",\"publisher\":{\"@id\":\"https:\\\/\\\/confesionario.co\\\/w\\\/#organization\"},\"potentialAction\":[{\"@type\":\"SearchAction\",\"target\":{\"@type\":\"EntryPoint\",\"urlTemplate\":\"https:\\\/\\\/confesionario.co\\\/w\\\/?s={search_term_string}\"},\"query-input\":{\"@type\":\"PropertyValueSpecification\",\"valueRequired\":true,\"valueName\":\"search_term_string\"}}],\"inLanguage\":\"es\"},{\"@type\":\"Organization\",\"@id\":\"https:\\\/\\\/confesionario.co\\\/w\\\/#organization\",\"name\":\"El Confesionario\",\"url\":\"https:\\\/\\\/confesionario.co\\\/w\\\/\",\"logo\":{\"@type\":\"ImageObject\",\"inLanguage\":\"es\",\"@id\":\"https:\\\/\\\/confesionario.co\\\/w\\\/#\\\/schema\\\/logo\\\/image\\\/\",\"url\":\"https:\\\/\\\/confesionario.co\\\/w\\\/wp-content\\\/uploads\\\/2026\\\/02\\\/confesionario-horizontal.png\",\"contentUrl\":\"https:\\\/\\\/confesionario.co\\\/w\\\/wp-content\\\/uploads\\\/2026\\\/02\\\/confesionario-horizontal.png\",\"width\":581,\"height\":148,\"caption\":\"El Confesionario\"},\"image\":{\"@id\":\"https:\\\/\\\/confesionario.co\\\/w\\\/#\\\/schema\\\/logo\\\/image\\\/\"}},{\"@type\":\"Person\",\"@id\":\"https:\\\/\\\/confesionario.co\\\/w\\\/#\\\/schema\\\/person\\\/85e99333497749318afab96ea0cc2342\",\"name\":\"admin\",\"image\":{\"@type\":\"ImageObject\",\"inLanguage\":\"es\",\"@id\":\"https:\\\/\\\/secure.gravatar.com\\\/avatar\\\/f3358fe09cfbbfc24265a18ea411b8ee8e54296a50fb17d8acf3cffca66240d2?s=96&d=mm&r=g\",\"url\":\"https:\\\/\\\/secure.gravatar.com\\\/avatar\\\/f3358fe09cfbbfc24265a18ea411b8ee8e54296a50fb17d8acf3cffca66240d2?s=96&d=mm&r=g\",\"contentUrl\":\"https:\\\/\\\/secure.gravatar.com\\\/avatar\\\/f3358fe09cfbbfc24265a18ea411b8ee8e54296a50fb17d8acf3cffca66240d2?s=96&d=mm&r=g\",\"caption\":\"admin\"},\"sameAs\":[\"https:\\\/\\\/elconfesionario.co\\\/w\"],\"url\":\"https:\\\/\\\/confesionario.co\\\/w\\\/author\\\/osabuena\\\/\"}]}<\/script>\n<!-- \/ Yoast SEO plugin. -->","yoast_head_json":{"title":"Rojo de violencia y rojo de abandono - El Confesionario","robots":{"index":"index","follow":"follow","max-snippet":"max-snippet:-1","max-image-preview":"max-image-preview:large","max-video-preview":"max-video-preview:-1"},"canonical":"https:\/\/confesionario.co\/w\/rojo-de-violencia-y-rojo-de-abandono\/","og_locale":"es_ES","og_type":"article","og_title":"Rojo de violencia y rojo de abandono - El Confesionario","og_description":"Esos territorios no solo estaban te\u00f1idos del rojo de la sangre, sino del rojo de un partido dominante para la [&hellip;]","og_url":"https:\/\/confesionario.co\/w\/rojo-de-violencia-y-rojo-de-abandono\/","og_site_name":"El Confesionario","article_published_time":"2023-01-17T03:01:42+00:00","author":"admin","twitter_card":"summary_large_image","twitter_misc":{"Escrito por":"admin","Tiempo de lectura":"2 minutos"},"schema":{"@context":"https:\/\/schema.org","@graph":[{"@type":"Article","@id":"https:\/\/confesionario.co\/w\/rojo-de-violencia-y-rojo-de-abandono\/#article","isPartOf":{"@id":"https:\/\/confesionario.co\/w\/rojo-de-violencia-y-rojo-de-abandono\/"},"author":{"name":"admin","@id":"https:\/\/confesionario.co\/w\/#\/schema\/person\/85e99333497749318afab96ea0cc2342"},"headline":"Rojo de violencia y rojo de abandono","datePublished":"2023-01-17T03:01:42+00:00","mainEntityOfPage":{"@id":"https:\/\/confesionario.co\/w\/rojo-de-violencia-y-rojo-de-abandono\/"},"wordCount":470,"commentCount":0,"publisher":{"@id":"https:\/\/confesionario.co\/w\/#organization"},"articleSection":["Qu\u00e9 hacer aqu\u00ed"],"inLanguage":"es","potentialAction":[{"@type":"CommentAction","name":"Comment","target":["https:\/\/confesionario.co\/w\/rojo-de-violencia-y-rojo-de-abandono\/#respond"]}]},{"@type":"WebPage","@id":"https:\/\/confesionario.co\/w\/rojo-de-violencia-y-rojo-de-abandono\/","url":"https:\/\/confesionario.co\/w\/rojo-de-violencia-y-rojo-de-abandono\/","name":"Rojo de violencia y rojo de abandono - El Confesionario","isPartOf":{"@id":"https:\/\/confesionario.co\/w\/#website"},"datePublished":"2023-01-17T03:01:42+00:00","breadcrumb":{"@id":"https:\/\/confesionario.co\/w\/rojo-de-violencia-y-rojo-de-abandono\/#breadcrumb"},"inLanguage":"es","potentialAction":[{"@type":"ReadAction","target":["https:\/\/confesionario.co\/w\/rojo-de-violencia-y-rojo-de-abandono\/"]}]},{"@type":"BreadcrumbList","@id":"https:\/\/confesionario.co\/w\/rojo-de-violencia-y-rojo-de-abandono\/#breadcrumb","itemListElement":[{"@type":"ListItem","position":1,"name":"Portada","item":"https:\/\/confesionario.co\/w\/"},{"@type":"ListItem","position":2,"name":"Rojo de violencia y rojo de abandono"}]},{"@type":"WebSite","@id":"https:\/\/confesionario.co\/w\/#website","url":"https:\/\/confesionario.co\/w\/","name":"El Confesionario","description":"","publisher":{"@id":"https:\/\/confesionario.co\/w\/#organization"},"potentialAction":[{"@type":"SearchAction","target":{"@type":"EntryPoint","urlTemplate":"https:\/\/confesionario.co\/w\/?s={search_term_string}"},"query-input":{"@type":"PropertyValueSpecification","valueRequired":true,"valueName":"search_term_string"}}],"inLanguage":"es"},{"@type":"Organization","@id":"https:\/\/confesionario.co\/w\/#organization","name":"El Confesionario","url":"https:\/\/confesionario.co\/w\/","logo":{"@type":"ImageObject","inLanguage":"es","@id":"https:\/\/confesionario.co\/w\/#\/schema\/logo\/image\/","url":"https:\/\/confesionario.co\/w\/wp-content\/uploads\/2026\/02\/confesionario-horizontal.png","contentUrl":"https:\/\/confesionario.co\/w\/wp-content\/uploads\/2026\/02\/confesionario-horizontal.png","width":581,"height":148,"caption":"El Confesionario"},"image":{"@id":"https:\/\/confesionario.co\/w\/#\/schema\/logo\/image\/"}},{"@type":"Person","@id":"https:\/\/confesionario.co\/w\/#\/schema\/person\/85e99333497749318afab96ea0cc2342","name":"admin","image":{"@type":"ImageObject","inLanguage":"es","@id":"https:\/\/secure.gravatar.com\/avatar\/f3358fe09cfbbfc24265a18ea411b8ee8e54296a50fb17d8acf3cffca66240d2?s=96&d=mm&r=g","url":"https:\/\/secure.gravatar.com\/avatar\/f3358fe09cfbbfc24265a18ea411b8ee8e54296a50fb17d8acf3cffca66240d2?s=96&d=mm&r=g","contentUrl":"https:\/\/secure.gravatar.com\/avatar\/f3358fe09cfbbfc24265a18ea411b8ee8e54296a50fb17d8acf3cffca66240d2?s=96&d=mm&r=g","caption":"admin"},"sameAs":["https:\/\/elconfesionario.co\/w"],"url":"https:\/\/confesionario.co\/w\/author\/osabuena\/"}]}},"jetpack_featured_media_url":"","_links":{"self":[{"href":"https:\/\/confesionario.co\/w\/wp-json\/wp\/v2\/posts\/10100","targetHints":{"allow":["GET"]}}],"collection":[{"href":"https:\/\/confesionario.co\/w\/wp-json\/wp\/v2\/posts"}],"about":[{"href":"https:\/\/confesionario.co\/w\/wp-json\/wp\/v2\/types\/post"}],"author":[{"embeddable":true,"href":"https:\/\/confesionario.co\/w\/wp-json\/wp\/v2\/users\/1"}],"replies":[{"embeddable":true,"href":"https:\/\/confesionario.co\/w\/wp-json\/wp\/v2\/comments?post=10100"}],"version-history":[{"count":0,"href":"https:\/\/confesionario.co\/w\/wp-json\/wp\/v2\/posts\/10100\/revisions"}],"wp:attachment":[{"href":"https:\/\/confesionario.co\/w\/wp-json\/wp\/v2\/media?parent=10100"}],"wp:term":[{"taxonomy":"category","embeddable":true,"href":"https:\/\/confesionario.co\/w\/wp-json\/wp\/v2\/categories?post=10100"},{"taxonomy":"post_tag","embeddable":true,"href":"https:\/\/confesionario.co\/w\/wp-json\/wp\/v2\/tags?post=10100"}],"curies":[{"name":"wp","href":"https:\/\/api.w.org\/{rel}","templated":true}]}}