{"id":10103,"date":"2023-01-17T03:14:49","date_gmt":"2023-01-17T03:14:49","guid":{"rendered":"https:\/\/confesionario.co\/w\/alexander-castro-avanza-en-la-construccion-de-la-ibague-del-si-podemos\/"},"modified":"2023-01-17T03:14:49","modified_gmt":"2023-01-17T03:14:49","slug":"alexander-castro-avanza-en-la-construccion-de-la-ibague-del-si-podemos","status":"publish","type":"post","link":"https:\/\/confesionario.co\/w\/alexander-castro-avanza-en-la-construccion-de-la-ibague-del-si-podemos\/","title":{"rendered":"Alexander Castro, avanza en la construcci\u00f3n de la Ibagu\u00e9 del Si Podemos"},"content":{"rendered":"<p class=\\\"MsoNormal\\\" style=\\\"text-align: justify;\\\"><span style=\\\"font-size: 12.0pt; line-height: 107%; font-family: \\'Arial\\',sans-serif;\\\">Junto a la candidata a la Gobernaci\u00f3n Adriana Magali Matiz y el diputado Giovani Molina, Alexander Castro present\u00f3 las l\u00edneas de su proyecto de ciudad.<span style=\\\"mso-spacerun: yes;\\\">\u00a0<\/span><\/span><\/p>\n<p><!--more--><\/p>\n<p class=\\\"MsoNormal\\\" style=\\\"text-align: justify;\\\"><span style=\\\"font-size: 12.0pt; line-height: 107%; font-family: \\'Arial\\',sans-serif;\\\">Con una propuesta que nace de la necesidad de brindarle a nuestros hijos un futuro con oportunidades y transformar a Ibagu\u00e9 para que sea una ciudad moderna, educada, social y que aproveche las m\u00faltiples ventajas que la rodean, Alexander Castro establece un dialogo cercano y real con los ciudadanos provenientes de las 13 comunas y los corregimientos.<\/span><\/p>\n<p class=\\\"MsoNormal\\\" style=\\\"text-align: justify;\\\"><span style=\\\"font-size: 12.0pt; line-height: 107%; font-family: \\'Arial\\',sans-serif;\\\">Por ello en medio de un encuentro con l\u00edderes comunales y sociales, j\u00f3venes y mujeres, representantes de organizaciones de la comunidad LGBTIQ+, personas con discapacidades, emprendedores y comunidad afro, quienes fueron convocados por el dirigente comunal Jos\u00e9 Domingo Perilla, Alexander Castro reafirmo su propuesta para que Ibagu\u00e9 se convierta en la Ciudad Destino que mejore la calidad de vida de sus habitantes.<\/span><\/p>\n<p class=\\\"MsoNormal\\\" style=\\\"text-align: justify;\\\"><a name=\\\"_Hlk124800217\\\"><\/a><span style=\\\"font-size: 12.0pt; line-height: 107%; font-family: \\'Arial\\',sans-serif;\\\">Junto a la candidata a la Gobernaci\u00f3n Adriana Magali Matiz y el diputado Giovani Molina, Alexander Castro present\u00f3 las l\u00edneas de su proyecto de ciudad<\/span><span style=\\\"font-size: 12.0pt; line-height: 107%; font-family: \\'Arial\\',sans-serif;\\\">, el impacto que quiere generar en los ciudadanos menos favorecidos y las estrategias que vinculan a trav\u00e9s de ejes tem\u00e1ticos un verdadero cambio en Ibagu\u00e9, donde se requiere una administraci\u00f3n de corte gerencial para cortar con los periodos de letargo administrativo.<\/span><\/p>\n","protected":false},"excerpt":{"rendered":"<p>Junto a la candidata a la Gobernaci\u00f3n Adriana Magali Matiz y el diputado Giovani Molina, Alexander Castro present\u00f3 las l\u00edneas [&hellip;]<\/p>\n","protected":false},"author":1,"featured_media":0,"comment_status":"open","ping_status":"open","sticky":false,"template":"","format":"standard","meta":{"site-sidebar-layout":"default","site-content-layout":"","ast-site-content-layout":"default","site-content-style":"default","site-sidebar-style":"default","ast-global-header-display":"","ast-banner-title-visibility":"","ast-main-header-display":"","ast-hfb-above-header-display":"","ast-hfb-below-header-display":"","ast-hfb-mobile-header-display":"","site-post-title":"","ast-breadcrumbs-content":"","ast-featured-img":"","footer-sml-layout":"","ast-disable-related-posts":"","theme-transparent-header-meta":"","adv-header-id-meta":"","stick-header-meta":"","header-above-stick-meta":"","header-main-stick-meta":"","header-below-stick-meta":"","astra-migrate-meta-layouts":"default","ast-page-background-enabled":"default","ast-page-background-meta":{"desktop":{"background-color":"var(--ast-global-color-4)","background-image":"","background-repeat":"repeat","background-position":"center center","background-size":"auto","background-attachment":"scroll","background-type":"","background-media":"","overlay-type":"","overlay-color":"","overlay-opacity":"","overlay-gradient":""},"tablet":{"background-color":"","background-image":"","background-repeat":"repeat","background-position":"center center","background-size":"auto","background-attachment":"scroll","background-type":"","background-media":"","overlay-type":"","overlay-color":"","overlay-opacity":"","overlay-gradient":""},"mobile":{"background-color":"","background-image":"","background-repeat":"repeat","background-position":"center center","background-size":"auto","background-attachment":"scroll","background-type":"","background-media":"","overlay-type":"","overlay-color":"","overlay-opacity":"","overlay-gradient":""}},"ast-content-background-meta":{"desktop":{"background-color":"var(--ast-global-color-5)","background-image":"","background-repeat":"repeat","background-position":"center center","background-size":"auto","background-attachment":"scroll","background-type":"","background-media":"","overlay-type":"","overlay-color":"","overlay-opacity":"","overlay-gradient":""},"tablet":{"background-color":"var(--ast-global-color-5)","background-image":"","background-repeat":"repeat","background-position":"center center","background-size":"auto","background-attachment":"scroll","background-type":"","background-media":"","overlay-type":"","overlay-color":"","overlay-opacity":"","overlay-gradient":""},"mobile":{"background-color":"var(--ast-global-color-5)","background-image":"","background-repeat":"repeat","background-position":"center center","background-size":"auto","background-attachment":"scroll","background-type":"","background-media":"","overlay-type":"","overlay-color":"","overlay-opacity":"","overlay-gradient":""}},"footnotes":""},"categories":[15],"tags":[],"class_list":["post-10103","post","type-post","status-publish","format-standard","hentry","category-elecciones-tolima-2019"],"yoast_head":"<!-- This site is optimized with the Yoast SEO plugin v27.5 - https:\/\/yoast.com\/product\/yoast-seo-wordpress\/ -->\n<title>Alexander Castro, avanza en la construcci\u00f3n de la Ibagu\u00e9 del Si Podemos - El Confesionario<\/title>\n<meta name=\"robots\" content=\"index, follow, max-snippet:-1, max-image-preview:large, max-video-preview:-1\" \/>\n<link rel=\"canonical\" href=\"https:\/\/confesionario.co\/w\/alexander-castro-avanza-en-la-construccion-de-la-ibague-del-si-podemos\/\" \/>\n<meta property=\"og:locale\" content=\"es_ES\" \/>\n<meta property=\"og:type\" content=\"article\" \/>\n<meta property=\"og:title\" content=\"Alexander Castro, avanza en la construcci\u00f3n de la Ibagu\u00e9 del Si Podemos - El Confesionario\" \/>\n<meta property=\"og:description\" content=\"Junto a la candidata a la Gobernaci\u00f3n Adriana Magali Matiz y el diputado Giovani Molina, Alexander Castro present\u00f3 las l\u00edneas [&hellip;]\" \/>\n<meta property=\"og:url\" content=\"https:\/\/confesionario.co\/w\/alexander-castro-avanza-en-la-construccion-de-la-ibague-del-si-podemos\/\" \/>\n<meta property=\"og:site_name\" content=\"El Confesionario\" \/>\n<meta property=\"article:published_time\" content=\"2023-01-17T03:14:49+00:00\" \/>\n<meta name=\"author\" content=\"admin\" \/>\n<meta name=\"twitter:card\" content=\"summary_large_image\" \/>\n<meta name=\"twitter:label1\" content=\"Escrito por\" \/>\n\t<meta name=\"twitter:data1\" content=\"admin\" \/>\n\t<meta name=\"twitter:label2\" content=\"Tiempo de lectura\" \/>\n\t<meta name=\"twitter:data2\" content=\"1 minuto\" \/>\n<script type=\"application\/ld+json\" class=\"yoast-schema-graph\">{\"@context\":\"https:\\\/\\\/schema.org\",\"@graph\":[{\"@type\":\"Article\",\"@id\":\"https:\\\/\\\/confesionario.co\\\/w\\\/alexander-castro-avanza-en-la-construccion-de-la-ibague-del-si-podemos\\\/#article\",\"isPartOf\":{\"@id\":\"https:\\\/\\\/confesionario.co\\\/w\\\/alexander-castro-avanza-en-la-construccion-de-la-ibague-del-si-podemos\\\/\"},\"author\":{\"name\":\"admin\",\"@id\":\"https:\\\/\\\/confesionario.co\\\/w\\\/#\\\/schema\\\/person\\\/85e99333497749318afab96ea0cc2342\"},\"headline\":\"Alexander Castro, avanza en la construcci\u00f3n de la Ibagu\u00e9 del Si Podemos\",\"datePublished\":\"2023-01-17T03:14:49+00:00\",\"mainEntityOfPage\":{\"@id\":\"https:\\\/\\\/confesionario.co\\\/w\\\/alexander-castro-avanza-en-la-construccion-de-la-ibague-del-si-podemos\\\/\"},\"wordCount\":232,\"commentCount\":0,\"publisher\":{\"@id\":\"https:\\\/\\\/confesionario.co\\\/w\\\/#organization\"},\"articleSection\":[\"Pol\u00edtica\"],\"inLanguage\":\"es\",\"potentialAction\":[{\"@type\":\"CommentAction\",\"name\":\"Comment\",\"target\":[\"https:\\\/\\\/confesionario.co\\\/w\\\/alexander-castro-avanza-en-la-construccion-de-la-ibague-del-si-podemos\\\/#respond\"]}]},{\"@type\":\"WebPage\",\"@id\":\"https:\\\/\\\/confesionario.co\\\/w\\\/alexander-castro-avanza-en-la-construccion-de-la-ibague-del-si-podemos\\\/\",\"url\":\"https:\\\/\\\/confesionario.co\\\/w\\\/alexander-castro-avanza-en-la-construccion-de-la-ibague-del-si-podemos\\\/\",\"name\":\"Alexander Castro, avanza en la construcci\u00f3n de la Ibagu\u00e9 del Si Podemos - El Confesionario\",\"isPartOf\":{\"@id\":\"https:\\\/\\\/confesionario.co\\\/w\\\/#website\"},\"datePublished\":\"2023-01-17T03:14:49+00:00\",\"breadcrumb\":{\"@id\":\"https:\\\/\\\/confesionario.co\\\/w\\\/alexander-castro-avanza-en-la-construccion-de-la-ibague-del-si-podemos\\\/#breadcrumb\"},\"inLanguage\":\"es\",\"potentialAction\":[{\"@type\":\"ReadAction\",\"target\":[\"https:\\\/\\\/confesionario.co\\\/w\\\/alexander-castro-avanza-en-la-construccion-de-la-ibague-del-si-podemos\\\/\"]}]},{\"@type\":\"BreadcrumbList\",\"@id\":\"https:\\\/\\\/confesionario.co\\\/w\\\/alexander-castro-avanza-en-la-construccion-de-la-ibague-del-si-podemos\\\/#breadcrumb\",\"itemListElement\":[{\"@type\":\"ListItem\",\"position\":1,\"name\":\"Portada\",\"item\":\"https:\\\/\\\/confesionario.co\\\/w\\\/\"},{\"@type\":\"ListItem\",\"position\":2,\"name\":\"Alexander Castro, avanza en la construcci\u00f3n de la Ibagu\u00e9 del Si Podemos\"}]},{\"@type\":\"WebSite\",\"@id\":\"https:\\\/\\\/confesionario.co\\\/w\\\/#website\",\"url\":\"https:\\\/\\\/confesionario.co\\\/w\\\/\",\"name\":\"El Confesionario\",\"description\":\"\",\"publisher\":{\"@id\":\"https:\\\/\\\/confesionario.co\\\/w\\\/#organization\"},\"potentialAction\":[{\"@type\":\"SearchAction\",\"target\":{\"@type\":\"EntryPoint\",\"urlTemplate\":\"https:\\\/\\\/confesionario.co\\\/w\\\/?s={search_term_string}\"},\"query-input\":{\"@type\":\"PropertyValueSpecification\",\"valueRequired\":true,\"valueName\":\"search_term_string\"}}],\"inLanguage\":\"es\"},{\"@type\":\"Organization\",\"@id\":\"https:\\\/\\\/confesionario.co\\\/w\\\/#organization\",\"name\":\"El Confesionario\",\"url\":\"https:\\\/\\\/confesionario.co\\\/w\\\/\",\"logo\":{\"@type\":\"ImageObject\",\"inLanguage\":\"es\",\"@id\":\"https:\\\/\\\/confesionario.co\\\/w\\\/#\\\/schema\\\/logo\\\/image\\\/\",\"url\":\"https:\\\/\\\/confesionario.co\\\/w\\\/wp-content\\\/uploads\\\/2026\\\/02\\\/confesionario-horizontal.png\",\"contentUrl\":\"https:\\\/\\\/confesionario.co\\\/w\\\/wp-content\\\/uploads\\\/2026\\\/02\\\/confesionario-horizontal.png\",\"width\":581,\"height\":148,\"caption\":\"El Confesionario\"},\"image\":{\"@id\":\"https:\\\/\\\/confesionario.co\\\/w\\\/#\\\/schema\\\/logo\\\/image\\\/\"}},{\"@type\":\"Person\",\"@id\":\"https:\\\/\\\/confesionario.co\\\/w\\\/#\\\/schema\\\/person\\\/85e99333497749318afab96ea0cc2342\",\"name\":\"admin\",\"image\":{\"@type\":\"ImageObject\",\"inLanguage\":\"es\",\"@id\":\"https:\\\/\\\/secure.gravatar.com\\\/avatar\\\/f3358fe09cfbbfc24265a18ea411b8ee8e54296a50fb17d8acf3cffca66240d2?s=96&d=mm&r=g\",\"url\":\"https:\\\/\\\/secure.gravatar.com\\\/avatar\\\/f3358fe09cfbbfc24265a18ea411b8ee8e54296a50fb17d8acf3cffca66240d2?s=96&d=mm&r=g\",\"contentUrl\":\"https:\\\/\\\/secure.gravatar.com\\\/avatar\\\/f3358fe09cfbbfc24265a18ea411b8ee8e54296a50fb17d8acf3cffca66240d2?s=96&d=mm&r=g\",\"caption\":\"admin\"},\"sameAs\":[\"https:\\\/\\\/elconfesionario.co\\\/w\"],\"url\":\"https:\\\/\\\/confesionario.co\\\/w\\\/author\\\/osabuena\\\/\"}]}<\/script>\n<!-- \/ Yoast SEO plugin. -->","yoast_head_json":{"title":"Alexander Castro, avanza en la construcci\u00f3n de la Ibagu\u00e9 del Si Podemos - El Confesionario","robots":{"index":"index","follow":"follow","max-snippet":"max-snippet:-1","max-image-preview":"max-image-preview:large","max-video-preview":"max-video-preview:-1"},"canonical":"https:\/\/confesionario.co\/w\/alexander-castro-avanza-en-la-construccion-de-la-ibague-del-si-podemos\/","og_locale":"es_ES","og_type":"article","og_title":"Alexander Castro, avanza en la construcci\u00f3n de la Ibagu\u00e9 del Si Podemos - El Confesionario","og_description":"Junto a la candidata a la Gobernaci\u00f3n Adriana Magali Matiz y el diputado Giovani Molina, Alexander Castro present\u00f3 las l\u00edneas [&hellip;]","og_url":"https:\/\/confesionario.co\/w\/alexander-castro-avanza-en-la-construccion-de-la-ibague-del-si-podemos\/","og_site_name":"El Confesionario","article_published_time":"2023-01-17T03:14:49+00:00","author":"admin","twitter_card":"summary_large_image","twitter_misc":{"Escrito por":"admin","Tiempo de lectura":"1 minuto"},"schema":{"@context":"https:\/\/schema.org","@graph":[{"@type":"Article","@id":"https:\/\/confesionario.co\/w\/alexander-castro-avanza-en-la-construccion-de-la-ibague-del-si-podemos\/#article","isPartOf":{"@id":"https:\/\/confesionario.co\/w\/alexander-castro-avanza-en-la-construccion-de-la-ibague-del-si-podemos\/"},"author":{"name":"admin","@id":"https:\/\/confesionario.co\/w\/#\/schema\/person\/85e99333497749318afab96ea0cc2342"},"headline":"Alexander Castro, avanza en la construcci\u00f3n de la Ibagu\u00e9 del Si Podemos","datePublished":"2023-01-17T03:14:49+00:00","mainEntityOfPage":{"@id":"https:\/\/confesionario.co\/w\/alexander-castro-avanza-en-la-construccion-de-la-ibague-del-si-podemos\/"},"wordCount":232,"commentCount":0,"publisher":{"@id":"https:\/\/confesionario.co\/w\/#organization"},"articleSection":["Pol\u00edtica"],"inLanguage":"es","potentialAction":[{"@type":"CommentAction","name":"Comment","target":["https:\/\/confesionario.co\/w\/alexander-castro-avanza-en-la-construccion-de-la-ibague-del-si-podemos\/#respond"]}]},{"@type":"WebPage","@id":"https:\/\/confesionario.co\/w\/alexander-castro-avanza-en-la-construccion-de-la-ibague-del-si-podemos\/","url":"https:\/\/confesionario.co\/w\/alexander-castro-avanza-en-la-construccion-de-la-ibague-del-si-podemos\/","name":"Alexander Castro, avanza en la construcci\u00f3n de la Ibagu\u00e9 del Si Podemos - El Confesionario","isPartOf":{"@id":"https:\/\/confesionario.co\/w\/#website"},"datePublished":"2023-01-17T03:14:49+00:00","breadcrumb":{"@id":"https:\/\/confesionario.co\/w\/alexander-castro-avanza-en-la-construccion-de-la-ibague-del-si-podemos\/#breadcrumb"},"inLanguage":"es","potentialAction":[{"@type":"ReadAction","target":["https:\/\/confesionario.co\/w\/alexander-castro-avanza-en-la-construccion-de-la-ibague-del-si-podemos\/"]}]},{"@type":"BreadcrumbList","@id":"https:\/\/confesionario.co\/w\/alexander-castro-avanza-en-la-construccion-de-la-ibague-del-si-podemos\/#breadcrumb","itemListElement":[{"@type":"ListItem","position":1,"name":"Portada","item":"https:\/\/confesionario.co\/w\/"},{"@type":"ListItem","position":2,"name":"Alexander Castro, avanza en la construcci\u00f3n de la Ibagu\u00e9 del Si Podemos"}]},{"@type":"WebSite","@id":"https:\/\/confesionario.co\/w\/#website","url":"https:\/\/confesionario.co\/w\/","name":"El Confesionario","description":"","publisher":{"@id":"https:\/\/confesionario.co\/w\/#organization"},"potentialAction":[{"@type":"SearchAction","target":{"@type":"EntryPoint","urlTemplate":"https:\/\/confesionario.co\/w\/?s={search_term_string}"},"query-input":{"@type":"PropertyValueSpecification","valueRequired":true,"valueName":"search_term_string"}}],"inLanguage":"es"},{"@type":"Organization","@id":"https:\/\/confesionario.co\/w\/#organization","name":"El Confesionario","url":"https:\/\/confesionario.co\/w\/","logo":{"@type":"ImageObject","inLanguage":"es","@id":"https:\/\/confesionario.co\/w\/#\/schema\/logo\/image\/","url":"https:\/\/confesionario.co\/w\/wp-content\/uploads\/2026\/02\/confesionario-horizontal.png","contentUrl":"https:\/\/confesionario.co\/w\/wp-content\/uploads\/2026\/02\/confesionario-horizontal.png","width":581,"height":148,"caption":"El Confesionario"},"image":{"@id":"https:\/\/confesionario.co\/w\/#\/schema\/logo\/image\/"}},{"@type":"Person","@id":"https:\/\/confesionario.co\/w\/#\/schema\/person\/85e99333497749318afab96ea0cc2342","name":"admin","image":{"@type":"ImageObject","inLanguage":"es","@id":"https:\/\/secure.gravatar.com\/avatar\/f3358fe09cfbbfc24265a18ea411b8ee8e54296a50fb17d8acf3cffca66240d2?s=96&d=mm&r=g","url":"https:\/\/secure.gravatar.com\/avatar\/f3358fe09cfbbfc24265a18ea411b8ee8e54296a50fb17d8acf3cffca66240d2?s=96&d=mm&r=g","contentUrl":"https:\/\/secure.gravatar.com\/avatar\/f3358fe09cfbbfc24265a18ea411b8ee8e54296a50fb17d8acf3cffca66240d2?s=96&d=mm&r=g","caption":"admin"},"sameAs":["https:\/\/elconfesionario.co\/w"],"url":"https:\/\/confesionario.co\/w\/author\/osabuena\/"}]}},"jetpack_featured_media_url":"","_links":{"self":[{"href":"https:\/\/confesionario.co\/w\/wp-json\/wp\/v2\/posts\/10103","targetHints":{"allow":["GET"]}}],"collection":[{"href":"https:\/\/confesionario.co\/w\/wp-json\/wp\/v2\/posts"}],"about":[{"href":"https:\/\/confesionario.co\/w\/wp-json\/wp\/v2\/types\/post"}],"author":[{"embeddable":true,"href":"https:\/\/confesionario.co\/w\/wp-json\/wp\/v2\/users\/1"}],"replies":[{"embeddable":true,"href":"https:\/\/confesionario.co\/w\/wp-json\/wp\/v2\/comments?post=10103"}],"version-history":[{"count":0,"href":"https:\/\/confesionario.co\/w\/wp-json\/wp\/v2\/posts\/10103\/revisions"}],"wp:attachment":[{"href":"https:\/\/confesionario.co\/w\/wp-json\/wp\/v2\/media?parent=10103"}],"wp:term":[{"taxonomy":"category","embeddable":true,"href":"https:\/\/confesionario.co\/w\/wp-json\/wp\/v2\/categories?post=10103"},{"taxonomy":"post_tag","embeddable":true,"href":"https:\/\/confesionario.co\/w\/wp-json\/wp\/v2\/tags?post=10103"}],"curies":[{"name":"wp","href":"https:\/\/api.w.org\/{rel}","templated":true}]}}