{"id":10104,"date":"2023-01-18T02:04:52","date_gmt":"2023-01-18T02:04:52","guid":{"rendered":"https:\/\/confesionario.co\/w\/un-centro-comercial-que-llegara-a-ibague-generara-mil-empleos\/"},"modified":"2023-01-18T02:04:52","modified_gmt":"2023-01-18T02:04:52","slug":"un-centro-comercial-que-llegara-a-ibague-generara-mil-empleos","status":"publish","type":"post","link":"https:\/\/confesionario.co\/w\/un-centro-comercial-que-llegara-a-ibague-generara-mil-empleos\/","title":{"rendered":"Un centro comercial que llegar\u00e1 a Ibagu\u00e9 generar\u00e1 mil empleos"},"content":{"rendered":"<p class=\\\"MsoNormal\\\" style=\\\"text-align: justify;\\\"><span style=\\\"font-size: 12.0pt; line-height: 107%; font-family: \\'Arial\\',sans-serif;\\\">La Alcald\u00eda entreg\u00f3 detalles de lo que ser\u00e1 la construcci\u00f3n de esta megaobra.<\/span><\/p>\n<p><!--more--><\/p>\n<p class=\\\"MsoNormal\\\" style=\\\"text-align: justify;\\\"><span style=\\\"font-size: 12.0pt; line-height: 107%; font-family: \\'Arial\\',sans-serif;\\\">El alcalde Hurtado dio a conocer la hoja de ruta para cerrar su \u00faltimo a\u00f1o de Gobierno. Se destacan megaobras de infraestructura, pavimentaci\u00f3n de v\u00edas, entre otros proyectos.<\/span><\/p>\n<p class=\\\"MsoNormal\\\" style=\\\"text-align: justify;\\\"><span style=\\\"font-size: 12.0pt; line-height: 107%; font-family: \\'Arial\\',sans-serif;\\\">El alcalde de Ibagu\u00e9, Andr\u00e9s Fabi\u00e1n Hurtado, lider\u00f3 su primer Consejo de Gobierno de 2023 con el fin de priorizar una amplia lista de proyectos que ser\u00e1n ejecutados en su \u00faltimo a\u00f1o de Gobierno.<\/span><\/p>\n<p class=\\\"MsoNormal\\\" style=\\\"text-align: justify;\\\"><span style=\\\"font-size: 12.0pt; line-height: 107%; font-family: \\'Arial\\',sans-serif;\\\">\u201cNosotros queremos generar empleo buscando los potenciales, tenemos un a\u00f1o en el que estamos haciendo una gesti\u00f3n importante, una inversi\u00f3n que viene de un centro comercial para la ciudad de Ibagu\u00e9 que generar\u00eda mil empleos cuando entre en funcionamiento\u201d, mencion\u00f3 el alcalde.<\/span><\/p>\n<p class=\\\"MsoNormal\\\" style=\\\"text-align: justify;\\\"><span style=\\\"font-size: 12.0pt; line-height: 107%; font-family: \\'Arial\\',sans-serif;\\\">Junto a todo el gabinete municipal, el mandatario local destac\u00f3 la hoja de ruta que se trazar\u00e1 en materia de infraestructura, agua potable y empleo juvenil.<\/span><\/p>\n<p class=\\\"MsoNormal\\\" style=\\\"text-align: justify;\\\"><span style=\\\"font-size: 12.0pt; line-height: 107%; font-family: \\'Arial\\',sans-serif;\\\">Inicialmente, Hurtado destac\u00f3 la finalizaci\u00f3n de los escenarios deportivos que a\u00fan est\u00e1n en construcci\u00f3n como el Coliseo Mayor, las Piscinas Ol\u00edmpicas de la calle 42 y el Tej\u00f3dromo.<\/span><\/p>\n<p class=\\\"MsoNormal\\\" style=\\\"text-align: justify;\\\"><span style=\\\"font-size: 12.0pt; line-height: 107%; font-family: \\'Arial\\',sans-serif;\\\">\u201cLa prioridad en este Gobierno es finalizar las obras que est\u00e1n en marcha. Concentramos esfuerzos para que los escenarios deportivos sean culminados y beneficien a los miles de deportistas de nuestra ciudad, ese ser\u00e1 nuestro prop\u00f3sito este 2023\u201d, destac\u00f3 el alcalde.<\/span><\/p>\n<p class=\\\"MsoNormal\\\" style=\\\"text-align: justify;\\\"><span style=\\\"font-size: 12.0pt; line-height: 107%; font-family: \\'Arial\\',sans-serif;\\\">De otro lado, mencion\u00f3 las iniciativas que se ejecutar\u00e1n con el fin de brindar garant\u00edas para mejorar la confianza inversionista en la ciudad y la generaci\u00f3n de empleo juvenil. <\/span><\/p>\n<p class=\\\"MsoNormal\\\" style=\\\"text-align: justify;\\\"><span style=\\\"font-size: 12.0pt; line-height: 107%; font-family: \\'Arial\\',sans-serif;\\\">\u201cEstamos desarrollando mesas de trabajo con empresarios, multinacionales y grandes empresas con el fin de que inviertan en la ciudad y nos ayuden a generar empleo local, especialmente el sector comercio que re\u00fane a m\u00e1s de 150.000 empleos directos y produce un poco m\u00e1s de $3 billones\u201d, revel\u00f3 Hurtado.<\/span><\/p>\n<p class=\\\"MsoNormal\\\" style=\\\"text-align: justify;\\\"><span style=\\\"font-size: 12.0pt; line-height: 107%; font-family: \\'Arial\\',sans-serif;\\\">Otro de los proyectos estrat\u00e9gicos que le apostar\u00e1 el Gobierno Local ser\u00e1 la continuaci\u00f3n del Acueducto Complementario, el cual llevar\u00e1 por primera vez agua potable a varias comunas de la ciudad.<\/span><\/p>\n<p class=\\\"MsoNormal\\\" style=\\\"text-align: justify;\\\"><span style=\\\"font-size: 12.0pt; line-height: 107%; font-family: \\'Arial\\',sans-serif;\\\">\u201cSon proyectos que esperaron m\u00e1s de 28 a\u00f1os los ibaguere\u00f1os. Hoy nos miran de manera diferente, les damos garant\u00edas jur\u00eddicas y herramientas como la plusval\u00eda para que los constructores nos ayuden a generar desarrollo. A los habitantes de la comuna 13 les vamos a garantizar una mejor calidad de vida\u201d, cont\u00f3 el mandatario.<\/span><\/p>\n<p class=\\\"MsoNormal\\\" style=\\\"text-align: justify;\\\"><span style=\\\"font-size: 12.0pt; line-height: 107%; font-family: \\'Arial\\',sans-serif;\\\">En medio del Consejo de Gobierno, que dur\u00f3 m\u00e1s de 12 horas, cada uno de los secretarios de despacho y gerentes de institutos descentralizados intervinieron y socializaron sus iniciativas que seguir\u00e1n transformando la ciudad.<\/span><\/p>\n","protected":false},"excerpt":{"rendered":"<p>La Alcald\u00eda entreg\u00f3 detalles de lo que ser\u00e1 la construcci\u00f3n de esta megaobra.<\/p>\n","protected":false},"author":1,"featured_media":0,"comment_status":"open","ping_status":"open","sticky":false,"template":"","format":"standard","meta":{"site-sidebar-layout":"default","site-content-layout":"","ast-site-content-layout":"default","site-content-style":"default","site-sidebar-style":"default","ast-global-header-display":"","ast-banner-title-visibility":"","ast-main-header-display":"","ast-hfb-above-header-display":"","ast-hfb-below-header-display":"","ast-hfb-mobile-header-display":"","site-post-title":"","ast-breadcrumbs-content":"","ast-featured-img":"","footer-sml-layout":"","ast-disable-related-posts":"","theme-transparent-header-meta":"","adv-header-id-meta":"","stick-header-meta":"","header-above-stick-meta":"","header-main-stick-meta":"","header-below-stick-meta":"","astra-migrate-meta-layouts":"default","ast-page-background-enabled":"default","ast-page-background-meta":{"desktop":{"background-color":"var(--ast-global-color-4)","background-image":"","background-repeat":"repeat","background-position":"center center","background-size":"auto","background-attachment":"scroll","background-type":"","background-media":"","overlay-type":"","overlay-color":"","overlay-opacity":"","overlay-gradient":""},"tablet":{"background-color":"","background-image":"","background-repeat":"repeat","background-position":"center center","background-size":"auto","background-attachment":"scroll","background-type":"","background-media":"","overlay-type":"","overlay-color":"","overlay-opacity":"","overlay-gradient":""},"mobile":{"background-color":"","background-image":"","background-repeat":"repeat","background-position":"center center","background-size":"auto","background-attachment":"scroll","background-type":"","background-media":"","overlay-type":"","overlay-color":"","overlay-opacity":"","overlay-gradient":""}},"ast-content-background-meta":{"desktop":{"background-color":"var(--ast-global-color-5)","background-image":"","background-repeat":"repeat","background-position":"center center","background-size":"auto","background-attachment":"scroll","background-type":"","background-media":"","overlay-type":"","overlay-color":"","overlay-opacity":"","overlay-gradient":""},"tablet":{"background-color":"var(--ast-global-color-5)","background-image":"","background-repeat":"repeat","background-position":"center center","background-size":"auto","background-attachment":"scroll","background-type":"","background-media":"","overlay-type":"","overlay-color":"","overlay-opacity":"","overlay-gradient":""},"mobile":{"background-color":"var(--ast-global-color-5)","background-image":"","background-repeat":"repeat","background-position":"center center","background-size":"auto","background-attachment":"scroll","background-type":"","background-media":"","overlay-type":"","overlay-color":"","overlay-opacity":"","overlay-gradient":""}},"footnotes":""},"categories":[19],"tags":[],"class_list":["post-10104","post","type-post","status-publish","format-standard","hentry","category-ibague"],"yoast_head":"<!-- This site is optimized with the Yoast SEO plugin v27.5 - https:\/\/yoast.com\/product\/yoast-seo-wordpress\/ -->\n<title>Un centro comercial que llegar\u00e1 a Ibagu\u00e9 generar\u00e1 mil empleos - El Confesionario<\/title>\n<meta name=\"robots\" content=\"index, follow, max-snippet:-1, max-image-preview:large, max-video-preview:-1\" \/>\n<link rel=\"canonical\" href=\"https:\/\/confesionario.co\/w\/un-centro-comercial-que-llegara-a-ibague-generara-mil-empleos\/\" \/>\n<meta property=\"og:locale\" content=\"es_ES\" \/>\n<meta property=\"og:type\" content=\"article\" \/>\n<meta property=\"og:title\" content=\"Un centro comercial que llegar\u00e1 a Ibagu\u00e9 generar\u00e1 mil empleos - El Confesionario\" \/>\n<meta property=\"og:description\" content=\"La Alcald\u00eda entreg\u00f3 detalles de lo que ser\u00e1 la construcci\u00f3n de esta megaobra.\" \/>\n<meta property=\"og:url\" content=\"https:\/\/confesionario.co\/w\/un-centro-comercial-que-llegara-a-ibague-generara-mil-empleos\/\" \/>\n<meta property=\"og:site_name\" content=\"El Confesionario\" \/>\n<meta property=\"article:published_time\" content=\"2023-01-18T02:04:52+00:00\" \/>\n<meta name=\"author\" content=\"admin\" \/>\n<meta name=\"twitter:card\" content=\"summary_large_image\" \/>\n<meta name=\"twitter:label1\" content=\"Escrito por\" \/>\n\t<meta name=\"twitter:data1\" content=\"admin\" \/>\n\t<meta name=\"twitter:label2\" content=\"Tiempo de lectura\" \/>\n\t<meta name=\"twitter:data2\" content=\"2 minutos\" \/>\n<script type=\"application\/ld+json\" class=\"yoast-schema-graph\">{\"@context\":\"https:\\\/\\\/schema.org\",\"@graph\":[{\"@type\":\"Article\",\"@id\":\"https:\\\/\\\/confesionario.co\\\/w\\\/un-centro-comercial-que-llegara-a-ibague-generara-mil-empleos\\\/#article\",\"isPartOf\":{\"@id\":\"https:\\\/\\\/confesionario.co\\\/w\\\/un-centro-comercial-que-llegara-a-ibague-generara-mil-empleos\\\/\"},\"author\":{\"name\":\"admin\",\"@id\":\"https:\\\/\\\/confesionario.co\\\/w\\\/#\\\/schema\\\/person\\\/85e99333497749318afab96ea0cc2342\"},\"headline\":\"Un centro comercial que llegar\u00e1 a Ibagu\u00e9 generar\u00e1 mil empleos\",\"datePublished\":\"2023-01-18T02:04:52+00:00\",\"mainEntityOfPage\":{\"@id\":\"https:\\\/\\\/confesionario.co\\\/w\\\/un-centro-comercial-que-llegara-a-ibague-generara-mil-empleos\\\/\"},\"wordCount\":447,\"commentCount\":0,\"publisher\":{\"@id\":\"https:\\\/\\\/confesionario.co\\\/w\\\/#organization\"},\"articleSection\":[\"Ibagu\u00e9\"],\"inLanguage\":\"es\",\"potentialAction\":[{\"@type\":\"CommentAction\",\"name\":\"Comment\",\"target\":[\"https:\\\/\\\/confesionario.co\\\/w\\\/un-centro-comercial-que-llegara-a-ibague-generara-mil-empleos\\\/#respond\"]}]},{\"@type\":\"WebPage\",\"@id\":\"https:\\\/\\\/confesionario.co\\\/w\\\/un-centro-comercial-que-llegara-a-ibague-generara-mil-empleos\\\/\",\"url\":\"https:\\\/\\\/confesionario.co\\\/w\\\/un-centro-comercial-que-llegara-a-ibague-generara-mil-empleos\\\/\",\"name\":\"Un centro comercial que llegar\u00e1 a Ibagu\u00e9 generar\u00e1 mil empleos - El Confesionario\",\"isPartOf\":{\"@id\":\"https:\\\/\\\/confesionario.co\\\/w\\\/#website\"},\"datePublished\":\"2023-01-18T02:04:52+00:00\",\"breadcrumb\":{\"@id\":\"https:\\\/\\\/confesionario.co\\\/w\\\/un-centro-comercial-que-llegara-a-ibague-generara-mil-empleos\\\/#breadcrumb\"},\"inLanguage\":\"es\",\"potentialAction\":[{\"@type\":\"ReadAction\",\"target\":[\"https:\\\/\\\/confesionario.co\\\/w\\\/un-centro-comercial-que-llegara-a-ibague-generara-mil-empleos\\\/\"]}]},{\"@type\":\"BreadcrumbList\",\"@id\":\"https:\\\/\\\/confesionario.co\\\/w\\\/un-centro-comercial-que-llegara-a-ibague-generara-mil-empleos\\\/#breadcrumb\",\"itemListElement\":[{\"@type\":\"ListItem\",\"position\":1,\"name\":\"Portada\",\"item\":\"https:\\\/\\\/confesionario.co\\\/w\\\/\"},{\"@type\":\"ListItem\",\"position\":2,\"name\":\"Un centro comercial que llegar\u00e1 a Ibagu\u00e9 generar\u00e1 mil empleos\"}]},{\"@type\":\"WebSite\",\"@id\":\"https:\\\/\\\/confesionario.co\\\/w\\\/#website\",\"url\":\"https:\\\/\\\/confesionario.co\\\/w\\\/\",\"name\":\"El Confesionario\",\"description\":\"\",\"publisher\":{\"@id\":\"https:\\\/\\\/confesionario.co\\\/w\\\/#organization\"},\"potentialAction\":[{\"@type\":\"SearchAction\",\"target\":{\"@type\":\"EntryPoint\",\"urlTemplate\":\"https:\\\/\\\/confesionario.co\\\/w\\\/?s={search_term_string}\"},\"query-input\":{\"@type\":\"PropertyValueSpecification\",\"valueRequired\":true,\"valueName\":\"search_term_string\"}}],\"inLanguage\":\"es\"},{\"@type\":\"Organization\",\"@id\":\"https:\\\/\\\/confesionario.co\\\/w\\\/#organization\",\"name\":\"El Confesionario\",\"url\":\"https:\\\/\\\/confesionario.co\\\/w\\\/\",\"logo\":{\"@type\":\"ImageObject\",\"inLanguage\":\"es\",\"@id\":\"https:\\\/\\\/confesionario.co\\\/w\\\/#\\\/schema\\\/logo\\\/image\\\/\",\"url\":\"https:\\\/\\\/confesionario.co\\\/w\\\/wp-content\\\/uploads\\\/2026\\\/02\\\/confesionario-horizontal.png\",\"contentUrl\":\"https:\\\/\\\/confesionario.co\\\/w\\\/wp-content\\\/uploads\\\/2026\\\/02\\\/confesionario-horizontal.png\",\"width\":581,\"height\":148,\"caption\":\"El Confesionario\"},\"image\":{\"@id\":\"https:\\\/\\\/confesionario.co\\\/w\\\/#\\\/schema\\\/logo\\\/image\\\/\"}},{\"@type\":\"Person\",\"@id\":\"https:\\\/\\\/confesionario.co\\\/w\\\/#\\\/schema\\\/person\\\/85e99333497749318afab96ea0cc2342\",\"name\":\"admin\",\"image\":{\"@type\":\"ImageObject\",\"inLanguage\":\"es\",\"@id\":\"https:\\\/\\\/secure.gravatar.com\\\/avatar\\\/f3358fe09cfbbfc24265a18ea411b8ee8e54296a50fb17d8acf3cffca66240d2?s=96&d=mm&r=g\",\"url\":\"https:\\\/\\\/secure.gravatar.com\\\/avatar\\\/f3358fe09cfbbfc24265a18ea411b8ee8e54296a50fb17d8acf3cffca66240d2?s=96&d=mm&r=g\",\"contentUrl\":\"https:\\\/\\\/secure.gravatar.com\\\/avatar\\\/f3358fe09cfbbfc24265a18ea411b8ee8e54296a50fb17d8acf3cffca66240d2?s=96&d=mm&r=g\",\"caption\":\"admin\"},\"sameAs\":[\"https:\\\/\\\/elconfesionario.co\\\/w\"],\"url\":\"https:\\\/\\\/confesionario.co\\\/w\\\/author\\\/osabuena\\\/\"}]}<\/script>\n<!-- \/ Yoast SEO plugin. -->","yoast_head_json":{"title":"Un centro comercial que llegar\u00e1 a Ibagu\u00e9 generar\u00e1 mil empleos - El Confesionario","robots":{"index":"index","follow":"follow","max-snippet":"max-snippet:-1","max-image-preview":"max-image-preview:large","max-video-preview":"max-video-preview:-1"},"canonical":"https:\/\/confesionario.co\/w\/un-centro-comercial-que-llegara-a-ibague-generara-mil-empleos\/","og_locale":"es_ES","og_type":"article","og_title":"Un centro comercial que llegar\u00e1 a Ibagu\u00e9 generar\u00e1 mil empleos - El Confesionario","og_description":"La Alcald\u00eda entreg\u00f3 detalles de lo que ser\u00e1 la construcci\u00f3n de esta megaobra.","og_url":"https:\/\/confesionario.co\/w\/un-centro-comercial-que-llegara-a-ibague-generara-mil-empleos\/","og_site_name":"El Confesionario","article_published_time":"2023-01-18T02:04:52+00:00","author":"admin","twitter_card":"summary_large_image","twitter_misc":{"Escrito por":"admin","Tiempo de lectura":"2 minutos"},"schema":{"@context":"https:\/\/schema.org","@graph":[{"@type":"Article","@id":"https:\/\/confesionario.co\/w\/un-centro-comercial-que-llegara-a-ibague-generara-mil-empleos\/#article","isPartOf":{"@id":"https:\/\/confesionario.co\/w\/un-centro-comercial-que-llegara-a-ibague-generara-mil-empleos\/"},"author":{"name":"admin","@id":"https:\/\/confesionario.co\/w\/#\/schema\/person\/85e99333497749318afab96ea0cc2342"},"headline":"Un centro comercial que llegar\u00e1 a Ibagu\u00e9 generar\u00e1 mil empleos","datePublished":"2023-01-18T02:04:52+00:00","mainEntityOfPage":{"@id":"https:\/\/confesionario.co\/w\/un-centro-comercial-que-llegara-a-ibague-generara-mil-empleos\/"},"wordCount":447,"commentCount":0,"publisher":{"@id":"https:\/\/confesionario.co\/w\/#organization"},"articleSection":["Ibagu\u00e9"],"inLanguage":"es","potentialAction":[{"@type":"CommentAction","name":"Comment","target":["https:\/\/confesionario.co\/w\/un-centro-comercial-que-llegara-a-ibague-generara-mil-empleos\/#respond"]}]},{"@type":"WebPage","@id":"https:\/\/confesionario.co\/w\/un-centro-comercial-que-llegara-a-ibague-generara-mil-empleos\/","url":"https:\/\/confesionario.co\/w\/un-centro-comercial-que-llegara-a-ibague-generara-mil-empleos\/","name":"Un centro comercial que llegar\u00e1 a Ibagu\u00e9 generar\u00e1 mil empleos - El Confesionario","isPartOf":{"@id":"https:\/\/confesionario.co\/w\/#website"},"datePublished":"2023-01-18T02:04:52+00:00","breadcrumb":{"@id":"https:\/\/confesionario.co\/w\/un-centro-comercial-que-llegara-a-ibague-generara-mil-empleos\/#breadcrumb"},"inLanguage":"es","potentialAction":[{"@type":"ReadAction","target":["https:\/\/confesionario.co\/w\/un-centro-comercial-que-llegara-a-ibague-generara-mil-empleos\/"]}]},{"@type":"BreadcrumbList","@id":"https:\/\/confesionario.co\/w\/un-centro-comercial-que-llegara-a-ibague-generara-mil-empleos\/#breadcrumb","itemListElement":[{"@type":"ListItem","position":1,"name":"Portada","item":"https:\/\/confesionario.co\/w\/"},{"@type":"ListItem","position":2,"name":"Un centro comercial que llegar\u00e1 a Ibagu\u00e9 generar\u00e1 mil empleos"}]},{"@type":"WebSite","@id":"https:\/\/confesionario.co\/w\/#website","url":"https:\/\/confesionario.co\/w\/","name":"El Confesionario","description":"","publisher":{"@id":"https:\/\/confesionario.co\/w\/#organization"},"potentialAction":[{"@type":"SearchAction","target":{"@type":"EntryPoint","urlTemplate":"https:\/\/confesionario.co\/w\/?s={search_term_string}"},"query-input":{"@type":"PropertyValueSpecification","valueRequired":true,"valueName":"search_term_string"}}],"inLanguage":"es"},{"@type":"Organization","@id":"https:\/\/confesionario.co\/w\/#organization","name":"El Confesionario","url":"https:\/\/confesionario.co\/w\/","logo":{"@type":"ImageObject","inLanguage":"es","@id":"https:\/\/confesionario.co\/w\/#\/schema\/logo\/image\/","url":"https:\/\/confesionario.co\/w\/wp-content\/uploads\/2026\/02\/confesionario-horizontal.png","contentUrl":"https:\/\/confesionario.co\/w\/wp-content\/uploads\/2026\/02\/confesionario-horizontal.png","width":581,"height":148,"caption":"El Confesionario"},"image":{"@id":"https:\/\/confesionario.co\/w\/#\/schema\/logo\/image\/"}},{"@type":"Person","@id":"https:\/\/confesionario.co\/w\/#\/schema\/person\/85e99333497749318afab96ea0cc2342","name":"admin","image":{"@type":"ImageObject","inLanguage":"es","@id":"https:\/\/secure.gravatar.com\/avatar\/f3358fe09cfbbfc24265a18ea411b8ee8e54296a50fb17d8acf3cffca66240d2?s=96&d=mm&r=g","url":"https:\/\/secure.gravatar.com\/avatar\/f3358fe09cfbbfc24265a18ea411b8ee8e54296a50fb17d8acf3cffca66240d2?s=96&d=mm&r=g","contentUrl":"https:\/\/secure.gravatar.com\/avatar\/f3358fe09cfbbfc24265a18ea411b8ee8e54296a50fb17d8acf3cffca66240d2?s=96&d=mm&r=g","caption":"admin"},"sameAs":["https:\/\/elconfesionario.co\/w"],"url":"https:\/\/confesionario.co\/w\/author\/osabuena\/"}]}},"jetpack_featured_media_url":"","_links":{"self":[{"href":"https:\/\/confesionario.co\/w\/wp-json\/wp\/v2\/posts\/10104","targetHints":{"allow":["GET"]}}],"collection":[{"href":"https:\/\/confesionario.co\/w\/wp-json\/wp\/v2\/posts"}],"about":[{"href":"https:\/\/confesionario.co\/w\/wp-json\/wp\/v2\/types\/post"}],"author":[{"embeddable":true,"href":"https:\/\/confesionario.co\/w\/wp-json\/wp\/v2\/users\/1"}],"replies":[{"embeddable":true,"href":"https:\/\/confesionario.co\/w\/wp-json\/wp\/v2\/comments?post=10104"}],"version-history":[{"count":0,"href":"https:\/\/confesionario.co\/w\/wp-json\/wp\/v2\/posts\/10104\/revisions"}],"wp:attachment":[{"href":"https:\/\/confesionario.co\/w\/wp-json\/wp\/v2\/media?parent=10104"}],"wp:term":[{"taxonomy":"category","embeddable":true,"href":"https:\/\/confesionario.co\/w\/wp-json\/wp\/v2\/categories?post=10104"},{"taxonomy":"post_tag","embeddable":true,"href":"https:\/\/confesionario.co\/w\/wp-json\/wp\/v2\/tags?post=10104"}],"curies":[{"name":"wp","href":"https:\/\/api.w.org\/{rel}","templated":true}]}}