{"id":10111,"date":"2023-01-24T16:10:10","date_gmt":"2023-01-24T16:10:10","guid":{"rendered":"https:\/\/confesionario.co\/w\/ibague-tiene-el-primer-colegio-especializado-para-ninos-sordos-de-la-region\/"},"modified":"2023-01-24T16:10:10","modified_gmt":"2023-01-24T16:10:10","slug":"ibague-tiene-el-primer-colegio-especializado-para-ninos-sordos-de-la-region","status":"publish","type":"post","link":"https:\/\/confesionario.co\/w\/ibague-tiene-el-primer-colegio-especializado-para-ninos-sordos-de-la-region\/","title":{"rendered":"Ibagu\u00e9 tiene el primer colegio especializado para ni\u00f1os sordos de la regi\u00f3n"},"content":{"rendered":"<p class=\\\"MsoNormal\\\" style=\\\"text-align: justify;\\\"><span style=\\\"font-size: 12.0pt; line-height: 107%; font-family: \\'Arial\\',sans-serif;\\\">Las nuevas y modernas instalaciones fueron estrenadas por estudiantes, el primer d\u00eda del calendario escolar de este a\u00f1o.<\/span><\/p>\n<p><!--more--><\/p>\n<p class=\\\"MsoNormal\\\" style=\\\"text-align: justify;\\\"><span style=\\\"font-size: 12.0pt; line-height: 107%; font-family: \\'Arial\\',sans-serif;\\\">La primera instituci\u00f3n educativa para estudiantes con discapacidad auditiva empez\u00f3 a funcionar hoy en la Capital Musical.<\/span><\/p>\n<p class=\\\"MsoNormal\\\" style=\\\"text-align: justify;\\\"><span style=\\\"font-size: 12.0pt; line-height: 107%; font-family: \\'Arial\\',sans-serif;\\\">Se trata de la sede ITSOR, en la que cerca de 25 alumnos matriculados fueron recibidos hoy por el alcalde Andr\u00e9s Fabi\u00e1n Hurtado, rectora y docentes, para empezar su formaci\u00f3n biling\u00fce-bicultural (lengua de se\u00f1as colombiana y castellano escrito), con las mejores condiciones de infraestructura.<\/span><\/p>\n<p class=\\\"MsoNormal\\\" style=\\\"text-align: justify;\\\"><span style=\\\"font-size: 12.0pt; line-height: 107%; font-family: \\'Arial\\',sans-serif;\\\">Las nuevas instalaciones, que finalizaron su construcci\u00f3n el a\u00f1o pasado con una inversi\u00f3n cercana a los $ 2.700 millones de pesos, cuentan con 6 aulas nuevas, 3 especializadas, cocina, comedor, biblioteca, eleva personas, timbres luminosos, entre otros modernos espacios para estudiantes de preescolar y b\u00e1sica primaria. <\/span><\/p>\n<p class=\\\"MsoNormal\\\" style=\\\"text-align: justify;\\\"><span style=\\\"font-size: 12.0pt; line-height: 107%; font-family: \\'Arial\\',sans-serif;\\\">\u201cHoy no solamente tenemos las aulas, un comedor, sino que a cada \u00e1rea se le puso un prop\u00f3sito, que tuvieran la recreaci\u00f3n con el parque que instal\u00f3 Ibagu\u00e9 Limpia, es la uni\u00f3n de muchas instituciones de la Alcald\u00eda poni\u00e9ndole el alma a esta obra, porque sabemos que es para los ni\u00f1os. Esta instituci\u00f3n educativa es para cambiar las vidas de los ibaguere\u00f1os y de los ni\u00f1os sordos de nuestra ciudad\u201d, expres\u00f3 el alcalde Andr\u00e9s Fabi\u00e1n Hurtado.<\/span><\/p>\n<p class=\\\"MsoNormal\\\" style=\\\"text-align: justify;\\\"><span style=\\\"font-size: 12.0pt; line-height: 107%; font-family: \\'Arial\\',sans-serif;\\\">La capacidad del plantel es de 100 alumnos, por lo que la Administraci\u00f3n Municipal invita a los padres de familia con ni\u00f1os sordos o dificultades auditivas, a acercarse a la instituci\u00f3n que tiene habilitados los cupos para recibir a esta poblaci\u00f3n y que cuenta con int\u00e9rpretes, modelos y mediadores ling\u00fc\u00edsticos y docentes capacitados para atender a esta comunidad.<\/span><\/p>\n<p class=\\\"MsoNormal\\\" style=\\\"text-align: justify;\\\"><span style=\\\"font-size: 12.0pt; line-height: 107%; font-family: \\'Arial\\',sans-serif;\\\">\u201cAqu\u00ed yo creo Alcalde que va a ser el centro de la discapacidad en Ibagu\u00e9; es una instituci\u00f3n hecha con infraestructura, con ba\u00f1os para personas discapacitadas, con rampas, con toda la sensibilidad que debe tener ese dise\u00f1o universal de aprendizaje de las personas con discapacidad. Hay mucho por hacer, pero cuando hay un alcalde y una gestora social que le ponen el coraz\u00f3n a la educaci\u00f3n inclusiva, salimos adelante\u201d, afirm\u00f3 Patricia Pinz\u00f3n, rectora de la sede.<\/span><\/p>\n<p class=\\\"MsoNormal\\\" style=\\\"text-align: justify;\\\"><span style=\\\"font-size: 12.0pt; line-height: 107%; font-family: \\'Arial\\',sans-serif;\\\">El primer mandatario de los ibaguere\u00f1os, tambi\u00e9n record\u00f3 que, al ser poblaci\u00f3n con discapacidad, los estudiantes de este establecimiento educativo cuentan con el Programa de Alimentaci\u00f3n Escolar, PAE y el subsidio de transporte escolar para garantizar su asistencia y permanencia en el ciclo educativo.<\/span><\/p>\n<p class=\\\"MsoNormal\\\" style=\\\"text-align: justify;\\\"><span style=\\\"font-size: 12.0pt; line-height: 107%; font-family: \\'Arial\\',sans-serif;\\\">\u201cRealmente me siento muy emocionada de estar en estas instalaciones tan bonitas, doy gracias a Dios, a todas las personas que han hecho posible este sue\u00f1o, a la rectora, al Alcalde, me emociona, siento ganas de llorar, ya pas\u00f3 a sexto y dejo esta sede, pero de verdad doy gracias por esta sede tan bonita\u201d, expres\u00f3 la estudiante Karol Natalia V\u00e1squez.<\/span><\/p>\n","protected":false},"excerpt":{"rendered":"<p>Las nuevas y modernas instalaciones fueron estrenadas por estudiantes, el primer d\u00eda del calendario escolar de este a\u00f1o.<\/p>\n","protected":false},"author":1,"featured_media":0,"comment_status":"open","ping_status":"open","sticky":false,"template":"","format":"standard","meta":{"site-sidebar-layout":"default","site-content-layout":"","ast-site-content-layout":"default","site-content-style":"default","site-sidebar-style":"default","ast-global-header-display":"","ast-banner-title-visibility":"","ast-main-header-display":"","ast-hfb-above-header-display":"","ast-hfb-below-header-display":"","ast-hfb-mobile-header-display":"","site-post-title":"","ast-breadcrumbs-content":"","ast-featured-img":"","footer-sml-layout":"","ast-disable-related-posts":"","theme-transparent-header-meta":"","adv-header-id-meta":"","stick-header-meta":"","header-above-stick-meta":"","header-main-stick-meta":"","header-below-stick-meta":"","astra-migrate-meta-layouts":"default","ast-page-background-enabled":"default","ast-page-background-meta":{"desktop":{"background-color":"var(--ast-global-color-4)","background-image":"","background-repeat":"repeat","background-position":"center center","background-size":"auto","background-attachment":"scroll","background-type":"","background-media":"","overlay-type":"","overlay-color":"","overlay-opacity":"","overlay-gradient":""},"tablet":{"background-color":"","background-image":"","background-repeat":"repeat","background-position":"center center","background-size":"auto","background-attachment":"scroll","background-type":"","background-media":"","overlay-type":"","overlay-color":"","overlay-opacity":"","overlay-gradient":""},"mobile":{"background-color":"","background-image":"","background-repeat":"repeat","background-position":"center center","background-size":"auto","background-attachment":"scroll","background-type":"","background-media":"","overlay-type":"","overlay-color":"","overlay-opacity":"","overlay-gradient":""}},"ast-content-background-meta":{"desktop":{"background-color":"var(--ast-global-color-5)","background-image":"","background-repeat":"repeat","background-position":"center center","background-size":"auto","background-attachment":"scroll","background-type":"","background-media":"","overlay-type":"","overlay-color":"","overlay-opacity":"","overlay-gradient":""},"tablet":{"background-color":"var(--ast-global-color-5)","background-image":"","background-repeat":"repeat","background-position":"center center","background-size":"auto","background-attachment":"scroll","background-type":"","background-media":"","overlay-type":"","overlay-color":"","overlay-opacity":"","overlay-gradient":""},"mobile":{"background-color":"var(--ast-global-color-5)","background-image":"","background-repeat":"repeat","background-position":"center center","background-size":"auto","background-attachment":"scroll","background-type":"","background-media":"","overlay-type":"","overlay-color":"","overlay-opacity":"","overlay-gradient":""}},"footnotes":""},"categories":[19],"tags":[],"class_list":["post-10111","post","type-post","status-publish","format-standard","hentry","category-ibague"],"yoast_head":"<!-- This site is optimized with the Yoast SEO plugin v27.5 - https:\/\/yoast.com\/product\/yoast-seo-wordpress\/ -->\n<title>Ibagu\u00e9 tiene el primer colegio especializado para ni\u00f1os sordos de la regi\u00f3n - El Confesionario<\/title>\n<meta name=\"robots\" content=\"index, follow, max-snippet:-1, max-image-preview:large, max-video-preview:-1\" \/>\n<link rel=\"canonical\" href=\"https:\/\/confesionario.co\/w\/ibague-tiene-el-primer-colegio-especializado-para-ninos-sordos-de-la-region\/\" \/>\n<meta property=\"og:locale\" content=\"es_ES\" \/>\n<meta property=\"og:type\" content=\"article\" \/>\n<meta property=\"og:title\" content=\"Ibagu\u00e9 tiene el primer colegio especializado para ni\u00f1os sordos de la regi\u00f3n - El Confesionario\" \/>\n<meta property=\"og:description\" content=\"Las nuevas y modernas instalaciones fueron estrenadas por estudiantes, el primer d\u00eda del calendario escolar de este a\u00f1o.\" \/>\n<meta property=\"og:url\" content=\"https:\/\/confesionario.co\/w\/ibague-tiene-el-primer-colegio-especializado-para-ninos-sordos-de-la-region\/\" \/>\n<meta property=\"og:site_name\" content=\"El Confesionario\" \/>\n<meta property=\"article:published_time\" content=\"2023-01-24T16:10:10+00:00\" \/>\n<meta name=\"author\" content=\"admin\" \/>\n<meta name=\"twitter:card\" content=\"summary_large_image\" \/>\n<meta name=\"twitter:label1\" content=\"Escrito por\" \/>\n\t<meta name=\"twitter:data1\" content=\"admin\" \/>\n\t<meta name=\"twitter:label2\" content=\"Tiempo de lectura\" \/>\n\t<meta name=\"twitter:data2\" content=\"2 minutos\" \/>\n<script type=\"application\/ld+json\" class=\"yoast-schema-graph\">{\"@context\":\"https:\\\/\\\/schema.org\",\"@graph\":[{\"@type\":\"Article\",\"@id\":\"https:\\\/\\\/confesionario.co\\\/w\\\/ibague-tiene-el-primer-colegio-especializado-para-ninos-sordos-de-la-region\\\/#article\",\"isPartOf\":{\"@id\":\"https:\\\/\\\/confesionario.co\\\/w\\\/ibague-tiene-el-primer-colegio-especializado-para-ninos-sordos-de-la-region\\\/\"},\"author\":{\"name\":\"admin\",\"@id\":\"https:\\\/\\\/confesionario.co\\\/w\\\/#\\\/schema\\\/person\\\/85e99333497749318afab96ea0cc2342\"},\"headline\":\"Ibagu\u00e9 tiene el primer colegio especializado para ni\u00f1os sordos de la regi\u00f3n\",\"datePublished\":\"2023-01-24T16:10:10+00:00\",\"mainEntityOfPage\":{\"@id\":\"https:\\\/\\\/confesionario.co\\\/w\\\/ibague-tiene-el-primer-colegio-especializado-para-ninos-sordos-de-la-region\\\/\"},\"wordCount\":489,\"commentCount\":0,\"publisher\":{\"@id\":\"https:\\\/\\\/confesionario.co\\\/w\\\/#organization\"},\"articleSection\":[\"Ibagu\u00e9\"],\"inLanguage\":\"es\",\"potentialAction\":[{\"@type\":\"CommentAction\",\"name\":\"Comment\",\"target\":[\"https:\\\/\\\/confesionario.co\\\/w\\\/ibague-tiene-el-primer-colegio-especializado-para-ninos-sordos-de-la-region\\\/#respond\"]}]},{\"@type\":\"WebPage\",\"@id\":\"https:\\\/\\\/confesionario.co\\\/w\\\/ibague-tiene-el-primer-colegio-especializado-para-ninos-sordos-de-la-region\\\/\",\"url\":\"https:\\\/\\\/confesionario.co\\\/w\\\/ibague-tiene-el-primer-colegio-especializado-para-ninos-sordos-de-la-region\\\/\",\"name\":\"Ibagu\u00e9 tiene el primer colegio especializado para ni\u00f1os sordos de la regi\u00f3n - El Confesionario\",\"isPartOf\":{\"@id\":\"https:\\\/\\\/confesionario.co\\\/w\\\/#website\"},\"datePublished\":\"2023-01-24T16:10:10+00:00\",\"breadcrumb\":{\"@id\":\"https:\\\/\\\/confesionario.co\\\/w\\\/ibague-tiene-el-primer-colegio-especializado-para-ninos-sordos-de-la-region\\\/#breadcrumb\"},\"inLanguage\":\"es\",\"potentialAction\":[{\"@type\":\"ReadAction\",\"target\":[\"https:\\\/\\\/confesionario.co\\\/w\\\/ibague-tiene-el-primer-colegio-especializado-para-ninos-sordos-de-la-region\\\/\"]}]},{\"@type\":\"BreadcrumbList\",\"@id\":\"https:\\\/\\\/confesionario.co\\\/w\\\/ibague-tiene-el-primer-colegio-especializado-para-ninos-sordos-de-la-region\\\/#breadcrumb\",\"itemListElement\":[{\"@type\":\"ListItem\",\"position\":1,\"name\":\"Portada\",\"item\":\"https:\\\/\\\/confesionario.co\\\/w\\\/\"},{\"@type\":\"ListItem\",\"position\":2,\"name\":\"Ibagu\u00e9 tiene el primer colegio especializado para ni\u00f1os sordos de la regi\u00f3n\"}]},{\"@type\":\"WebSite\",\"@id\":\"https:\\\/\\\/confesionario.co\\\/w\\\/#website\",\"url\":\"https:\\\/\\\/confesionario.co\\\/w\\\/\",\"name\":\"El Confesionario\",\"description\":\"\",\"publisher\":{\"@id\":\"https:\\\/\\\/confesionario.co\\\/w\\\/#organization\"},\"potentialAction\":[{\"@type\":\"SearchAction\",\"target\":{\"@type\":\"EntryPoint\",\"urlTemplate\":\"https:\\\/\\\/confesionario.co\\\/w\\\/?s={search_term_string}\"},\"query-input\":{\"@type\":\"PropertyValueSpecification\",\"valueRequired\":true,\"valueName\":\"search_term_string\"}}],\"inLanguage\":\"es\"},{\"@type\":\"Organization\",\"@id\":\"https:\\\/\\\/confesionario.co\\\/w\\\/#organization\",\"name\":\"El Confesionario\",\"url\":\"https:\\\/\\\/confesionario.co\\\/w\\\/\",\"logo\":{\"@type\":\"ImageObject\",\"inLanguage\":\"es\",\"@id\":\"https:\\\/\\\/confesionario.co\\\/w\\\/#\\\/schema\\\/logo\\\/image\\\/\",\"url\":\"https:\\\/\\\/confesionario.co\\\/w\\\/wp-content\\\/uploads\\\/2026\\\/02\\\/confesionario-horizontal.png\",\"contentUrl\":\"https:\\\/\\\/confesionario.co\\\/w\\\/wp-content\\\/uploads\\\/2026\\\/02\\\/confesionario-horizontal.png\",\"width\":581,\"height\":148,\"caption\":\"El Confesionario\"},\"image\":{\"@id\":\"https:\\\/\\\/confesionario.co\\\/w\\\/#\\\/schema\\\/logo\\\/image\\\/\"}},{\"@type\":\"Person\",\"@id\":\"https:\\\/\\\/confesionario.co\\\/w\\\/#\\\/schema\\\/person\\\/85e99333497749318afab96ea0cc2342\",\"name\":\"admin\",\"image\":{\"@type\":\"ImageObject\",\"inLanguage\":\"es\",\"@id\":\"https:\\\/\\\/secure.gravatar.com\\\/avatar\\\/f3358fe09cfbbfc24265a18ea411b8ee8e54296a50fb17d8acf3cffca66240d2?s=96&d=mm&r=g\",\"url\":\"https:\\\/\\\/secure.gravatar.com\\\/avatar\\\/f3358fe09cfbbfc24265a18ea411b8ee8e54296a50fb17d8acf3cffca66240d2?s=96&d=mm&r=g\",\"contentUrl\":\"https:\\\/\\\/secure.gravatar.com\\\/avatar\\\/f3358fe09cfbbfc24265a18ea411b8ee8e54296a50fb17d8acf3cffca66240d2?s=96&d=mm&r=g\",\"caption\":\"admin\"},\"sameAs\":[\"https:\\\/\\\/elconfesionario.co\\\/w\"],\"url\":\"https:\\\/\\\/confesionario.co\\\/w\\\/author\\\/osabuena\\\/\"}]}<\/script>\n<!-- \/ Yoast SEO plugin. -->","yoast_head_json":{"title":"Ibagu\u00e9 tiene el primer colegio especializado para ni\u00f1os sordos de la regi\u00f3n - El Confesionario","robots":{"index":"index","follow":"follow","max-snippet":"max-snippet:-1","max-image-preview":"max-image-preview:large","max-video-preview":"max-video-preview:-1"},"canonical":"https:\/\/confesionario.co\/w\/ibague-tiene-el-primer-colegio-especializado-para-ninos-sordos-de-la-region\/","og_locale":"es_ES","og_type":"article","og_title":"Ibagu\u00e9 tiene el primer colegio especializado para ni\u00f1os sordos de la regi\u00f3n - El Confesionario","og_description":"Las nuevas y modernas instalaciones fueron estrenadas por estudiantes, el primer d\u00eda del calendario escolar de este a\u00f1o.","og_url":"https:\/\/confesionario.co\/w\/ibague-tiene-el-primer-colegio-especializado-para-ninos-sordos-de-la-region\/","og_site_name":"El Confesionario","article_published_time":"2023-01-24T16:10:10+00:00","author":"admin","twitter_card":"summary_large_image","twitter_misc":{"Escrito por":"admin","Tiempo de lectura":"2 minutos"},"schema":{"@context":"https:\/\/schema.org","@graph":[{"@type":"Article","@id":"https:\/\/confesionario.co\/w\/ibague-tiene-el-primer-colegio-especializado-para-ninos-sordos-de-la-region\/#article","isPartOf":{"@id":"https:\/\/confesionario.co\/w\/ibague-tiene-el-primer-colegio-especializado-para-ninos-sordos-de-la-region\/"},"author":{"name":"admin","@id":"https:\/\/confesionario.co\/w\/#\/schema\/person\/85e99333497749318afab96ea0cc2342"},"headline":"Ibagu\u00e9 tiene el primer colegio especializado para ni\u00f1os sordos de la regi\u00f3n","datePublished":"2023-01-24T16:10:10+00:00","mainEntityOfPage":{"@id":"https:\/\/confesionario.co\/w\/ibague-tiene-el-primer-colegio-especializado-para-ninos-sordos-de-la-region\/"},"wordCount":489,"commentCount":0,"publisher":{"@id":"https:\/\/confesionario.co\/w\/#organization"},"articleSection":["Ibagu\u00e9"],"inLanguage":"es","potentialAction":[{"@type":"CommentAction","name":"Comment","target":["https:\/\/confesionario.co\/w\/ibague-tiene-el-primer-colegio-especializado-para-ninos-sordos-de-la-region\/#respond"]}]},{"@type":"WebPage","@id":"https:\/\/confesionario.co\/w\/ibague-tiene-el-primer-colegio-especializado-para-ninos-sordos-de-la-region\/","url":"https:\/\/confesionario.co\/w\/ibague-tiene-el-primer-colegio-especializado-para-ninos-sordos-de-la-region\/","name":"Ibagu\u00e9 tiene el primer colegio especializado para ni\u00f1os sordos de la regi\u00f3n - El Confesionario","isPartOf":{"@id":"https:\/\/confesionario.co\/w\/#website"},"datePublished":"2023-01-24T16:10:10+00:00","breadcrumb":{"@id":"https:\/\/confesionario.co\/w\/ibague-tiene-el-primer-colegio-especializado-para-ninos-sordos-de-la-region\/#breadcrumb"},"inLanguage":"es","potentialAction":[{"@type":"ReadAction","target":["https:\/\/confesionario.co\/w\/ibague-tiene-el-primer-colegio-especializado-para-ninos-sordos-de-la-region\/"]}]},{"@type":"BreadcrumbList","@id":"https:\/\/confesionario.co\/w\/ibague-tiene-el-primer-colegio-especializado-para-ninos-sordos-de-la-region\/#breadcrumb","itemListElement":[{"@type":"ListItem","position":1,"name":"Portada","item":"https:\/\/confesionario.co\/w\/"},{"@type":"ListItem","position":2,"name":"Ibagu\u00e9 tiene el primer colegio especializado para ni\u00f1os sordos de la regi\u00f3n"}]},{"@type":"WebSite","@id":"https:\/\/confesionario.co\/w\/#website","url":"https:\/\/confesionario.co\/w\/","name":"El Confesionario","description":"","publisher":{"@id":"https:\/\/confesionario.co\/w\/#organization"},"potentialAction":[{"@type":"SearchAction","target":{"@type":"EntryPoint","urlTemplate":"https:\/\/confesionario.co\/w\/?s={search_term_string}"},"query-input":{"@type":"PropertyValueSpecification","valueRequired":true,"valueName":"search_term_string"}}],"inLanguage":"es"},{"@type":"Organization","@id":"https:\/\/confesionario.co\/w\/#organization","name":"El Confesionario","url":"https:\/\/confesionario.co\/w\/","logo":{"@type":"ImageObject","inLanguage":"es","@id":"https:\/\/confesionario.co\/w\/#\/schema\/logo\/image\/","url":"https:\/\/confesionario.co\/w\/wp-content\/uploads\/2026\/02\/confesionario-horizontal.png","contentUrl":"https:\/\/confesionario.co\/w\/wp-content\/uploads\/2026\/02\/confesionario-horizontal.png","width":581,"height":148,"caption":"El Confesionario"},"image":{"@id":"https:\/\/confesionario.co\/w\/#\/schema\/logo\/image\/"}},{"@type":"Person","@id":"https:\/\/confesionario.co\/w\/#\/schema\/person\/85e99333497749318afab96ea0cc2342","name":"admin","image":{"@type":"ImageObject","inLanguage":"es","@id":"https:\/\/secure.gravatar.com\/avatar\/f3358fe09cfbbfc24265a18ea411b8ee8e54296a50fb17d8acf3cffca66240d2?s=96&d=mm&r=g","url":"https:\/\/secure.gravatar.com\/avatar\/f3358fe09cfbbfc24265a18ea411b8ee8e54296a50fb17d8acf3cffca66240d2?s=96&d=mm&r=g","contentUrl":"https:\/\/secure.gravatar.com\/avatar\/f3358fe09cfbbfc24265a18ea411b8ee8e54296a50fb17d8acf3cffca66240d2?s=96&d=mm&r=g","caption":"admin"},"sameAs":["https:\/\/elconfesionario.co\/w"],"url":"https:\/\/confesionario.co\/w\/author\/osabuena\/"}]}},"jetpack_featured_media_url":"","_links":{"self":[{"href":"https:\/\/confesionario.co\/w\/wp-json\/wp\/v2\/posts\/10111","targetHints":{"allow":["GET"]}}],"collection":[{"href":"https:\/\/confesionario.co\/w\/wp-json\/wp\/v2\/posts"}],"about":[{"href":"https:\/\/confesionario.co\/w\/wp-json\/wp\/v2\/types\/post"}],"author":[{"embeddable":true,"href":"https:\/\/confesionario.co\/w\/wp-json\/wp\/v2\/users\/1"}],"replies":[{"embeddable":true,"href":"https:\/\/confesionario.co\/w\/wp-json\/wp\/v2\/comments?post=10111"}],"version-history":[{"count":0,"href":"https:\/\/confesionario.co\/w\/wp-json\/wp\/v2\/posts\/10111\/revisions"}],"wp:attachment":[{"href":"https:\/\/confesionario.co\/w\/wp-json\/wp\/v2\/media?parent=10111"}],"wp:term":[{"taxonomy":"category","embeddable":true,"href":"https:\/\/confesionario.co\/w\/wp-json\/wp\/v2\/categories?post=10111"},{"taxonomy":"post_tag","embeddable":true,"href":"https:\/\/confesionario.co\/w\/wp-json\/wp\/v2\/tags?post=10111"}],"curies":[{"name":"wp","href":"https:\/\/api.w.org\/{rel}","templated":true}]}}