{"id":10779,"date":"2023-10-25T17:12:34","date_gmt":"2023-10-25T17:12:34","guid":{"rendered":"https:\/\/confesionario.co\/w\/en-feria-internacional-del-libro-docente-del-idead-lanzo-nueva-obra-investigativa\/"},"modified":"2023-10-25T17:12:34","modified_gmt":"2023-10-25T17:12:34","slug":"en-feria-internacional-del-libro-docente-del-idead-lanzo-nueva-obra-investigativa","status":"publish","type":"post","link":"https:\/\/confesionario.co\/w\/en-feria-internacional-del-libro-docente-del-idead-lanzo-nueva-obra-investigativa\/","title":{"rendered":"En Feria Internacional del Libro, docente del IDEAD lanz\u00f3 nueva obra investigativa"},"content":{"rendered":"<p class=\\\"MsoNormal\\\" style=\\\"text-align: justify;\\\"><span style=\\\"font-size: 12.0pt; line-height: 107%; font-family: \\'Arial\\',sans-serif;\\\">La Feria Internacional del Libro de Cali fue el escenario ideal para que el docente del Centro de Atenci\u00f3n Tutorial de Cali, del Instituto de Educaci\u00f3n a Distancia, IDEAD-UT, \u00c1lvaro Alexander Ocampo Gonz\u00e1lez, Javier Castillo y Laura Carolina Pab\u00f3n, lanzar\u00e1n su nuevo texto investigativo que puede ser objeto de inter\u00e9s de la pedagog\u00eda, la psicolog\u00eda y la antropolog\u00eda social.<\/span><\/p>\n<p><!--more--><\/p>\n<p class=\\\"MsoNormal\\\" style=\\\"text-align: justify;\\\"><span style=\\\"font-size: 12.0pt; line-height: 107%; font-family: \\'Arial\\',sans-serif;\\\">Se trata de la obra \u2018Juegos Tradicionales, Habilidades y Contexto: consideraciones desde la perspectiva del ocio y la salud\u2019, el cual se deriv\u00f3 de una investigaci\u00f3n de dos a\u00f1os en los que encuestaron a 396 personas entre los 18 y 27 a\u00f1os, sobre sus pr\u00e1cticas de ocio y deporte en la ni\u00f1ez y adultez.<\/span><\/p>\n<p class=\\\"MsoNormal\\\" style=\\\"text-align: justify;\\\"><span style=\\\"font-size: 12.0pt; line-height: 107%; font-family: \\'Arial\\',sans-serif;\\\">En di\u00e1logo con el docente del CAT Cali, el trabajo se centr\u00f3 en habitantes del Valle del Cauca, a quienes les indag\u00f3 acerca de los tipos de juegos y actividades deportivas que disfrutaron en su \u00e9poca infantil y c\u00f3mo han cambiado sus actividades a medida que ha pasado el tiempo.<\/span><\/p>\n<p class=\\\"MsoNormal\\\" style=\\\"text-align: justify;\\\"><span style=\\\"font-size: 12.0pt; line-height: 107%; font-family: \\'Arial\\',sans-serif;\\\">\u00abSe llev\u00f3 a cabo una reflexi\u00f3n sobre posibles incidencias de las actividades en las que ocupamos nuestro tiempo libre, en nuestro perfil futuro, cognitivo y social. Para la investigaci\u00f3n se efectu\u00f3 primero una revisi\u00f3n de la literatura sobre el tema con palabras clave como juegos tradicionales, tiempo de ocio e infancia. Luego se estructur\u00f3 una encuesta para indagar acerca de dichas pr\u00e1cticas a unos 122 hombres y 274 mujeres vallecaucanas, de donde salieron las respuestas para este proyecto de investigaci\u00f3n hecho con apoyo de la Universidad Santiago de Cali y de la Andina Sim\u00f3n Bol\u00edvar\u201d, cont\u00f3.<\/span><\/p>\n<p class=\\\"MsoNormal\\\" style=\\\"text-align: justify;\\\"><span style=\\\"font-size: 12.0pt; line-height: 107%; font-family: \\'Arial\\',sans-serif;\\\">El profesor Ocampo Gonz\u00e1lez es un psic\u00f3logo pereirano con maestr\u00eda en Psicolog\u00eda, doctorado en Ciencias Biom\u00e9dica y tiene un postdoctorado en Estudios Sociales y Globales, y aprovech\u00f3 el pasado 18 de octubre para lanzar este texto bajo el sello editorial Universidad Santiago de Cali.<\/span><\/p>\n<p class=\\\"MsoNormal\\\" style=\\\"text-align: justify;\\\"><span style=\\\"font-size: 12.0pt; line-height: 107%; font-family: \\'Arial\\',sans-serif;\\\">Este ser\u00e1 su segundo libro investigativo, luego de uno dedicado a las neurociencias, el cual lleva como t\u00edtulo \u2018neurociencias, mente e innovaci\u00f3n\u2019.<\/span><\/p>\n<p class=\\\"MsoNormal\\\" style=\\\"text-align: justify;\\\"><span style=\\\"font-size: 12.0pt; line-height: 107%; font-family: \\'Arial\\',sans-serif;\\\">Tambi\u00e9n ha escrito textos investigativos para la revista internacional Heliyon y cuenta con dos publicaciones acerca de literatura infantil y otros dos encaminados a la literatura juvenil. En la actualidad tiene otro libro en proceso de diagramaci\u00f3n y maquetaci\u00f3n y abordar\u00e1 tem\u00e1ticas relacionadas con el proceso lector.<\/span><\/p>\n","protected":false},"excerpt":{"rendered":"<p>La Feria Internacional del Libro de Cali fue el escenario ideal para que el docente del Centro de Atenci\u00f3n Tutorial [&hellip;]<\/p>\n","protected":false},"author":1,"featured_media":0,"comment_status":"open","ping_status":"open","sticky":false,"template":"","format":"standard","meta":{"site-sidebar-layout":"default","site-content-layout":"","ast-site-content-layout":"default","site-content-style":"default","site-sidebar-style":"default","ast-global-header-display":"","ast-banner-title-visibility":"","ast-main-header-display":"","ast-hfb-above-header-display":"","ast-hfb-below-header-display":"","ast-hfb-mobile-header-display":"","site-post-title":"","ast-breadcrumbs-content":"","ast-featured-img":"","footer-sml-layout":"","ast-disable-related-posts":"","theme-transparent-header-meta":"","adv-header-id-meta":"","stick-header-meta":"","header-above-stick-meta":"","header-main-stick-meta":"","header-below-stick-meta":"","astra-migrate-meta-layouts":"default","ast-page-background-enabled":"default","ast-page-background-meta":{"desktop":{"background-color":"var(--ast-global-color-4)","background-image":"","background-repeat":"repeat","background-position":"center center","background-size":"auto","background-attachment":"scroll","background-type":"","background-media":"","overlay-type":"","overlay-color":"","overlay-opacity":"","overlay-gradient":""},"tablet":{"background-color":"","background-image":"","background-repeat":"repeat","background-position":"center center","background-size":"auto","background-attachment":"scroll","background-type":"","background-media":"","overlay-type":"","overlay-color":"","overlay-opacity":"","overlay-gradient":""},"mobile":{"background-color":"","background-image":"","background-repeat":"repeat","background-position":"center center","background-size":"auto","background-attachment":"scroll","background-type":"","background-media":"","overlay-type":"","overlay-color":"","overlay-opacity":"","overlay-gradient":""}},"ast-content-background-meta":{"desktop":{"background-color":"var(--ast-global-color-5)","background-image":"","background-repeat":"repeat","background-position":"center center","background-size":"auto","background-attachment":"scroll","background-type":"","background-media":"","overlay-type":"","overlay-color":"","overlay-opacity":"","overlay-gradient":""},"tablet":{"background-color":"var(--ast-global-color-5)","background-image":"","background-repeat":"repeat","background-position":"center center","background-size":"auto","background-attachment":"scroll","background-type":"","background-media":"","overlay-type":"","overlay-color":"","overlay-opacity":"","overlay-gradient":""},"mobile":{"background-color":"var(--ast-global-color-5)","background-image":"","background-repeat":"repeat","background-position":"center center","background-size":"auto","background-attachment":"scroll","background-type":"","background-media":"","overlay-type":"","overlay-color":"","overlay-opacity":"","overlay-gradient":""}},"footnotes":""},"categories":[25],"tags":[],"class_list":["post-10779","post","type-post","status-publish","format-standard","hentry","category-universidad-del-tolima"],"yoast_head":"<!-- This site is optimized with the Yoast SEO plugin v27.4 - https:\/\/yoast.com\/product\/yoast-seo-wordpress\/ -->\n<title>En Feria Internacional del Libro, docente del IDEAD lanz\u00f3 nueva obra investigativa - El Confesionario<\/title>\n<meta name=\"robots\" content=\"index, follow, max-snippet:-1, max-image-preview:large, max-video-preview:-1\" \/>\n<link rel=\"canonical\" href=\"https:\/\/confesionario.co\/w\/en-feria-internacional-del-libro-docente-del-idead-lanzo-nueva-obra-investigativa\/\" \/>\n<meta property=\"og:locale\" content=\"es_ES\" \/>\n<meta property=\"og:type\" content=\"article\" \/>\n<meta property=\"og:title\" content=\"En Feria Internacional del Libro, docente del IDEAD lanz\u00f3 nueva obra investigativa - El Confesionario\" \/>\n<meta property=\"og:description\" content=\"La Feria Internacional del Libro de Cali fue el escenario ideal para que el docente del Centro de Atenci\u00f3n Tutorial [&hellip;]\" \/>\n<meta property=\"og:url\" content=\"https:\/\/confesionario.co\/w\/en-feria-internacional-del-libro-docente-del-idead-lanzo-nueva-obra-investigativa\/\" \/>\n<meta property=\"og:site_name\" content=\"El Confesionario\" \/>\n<meta property=\"article:published_time\" content=\"2023-10-25T17:12:34+00:00\" \/>\n<meta name=\"author\" content=\"admin\" \/>\n<meta name=\"twitter:card\" content=\"summary_large_image\" \/>\n<meta name=\"twitter:label1\" content=\"Escrito por\" \/>\n\t<meta name=\"twitter:data1\" content=\"admin\" \/>\n\t<meta name=\"twitter:label2\" content=\"Tiempo de lectura\" \/>\n\t<meta name=\"twitter:data2\" content=\"2 minutos\" \/>\n<script type=\"application\/ld+json\" class=\"yoast-schema-graph\">{\"@context\":\"https:\\\/\\\/schema.org\",\"@graph\":[{\"@type\":\"Article\",\"@id\":\"https:\\\/\\\/confesionario.co\\\/w\\\/en-feria-internacional-del-libro-docente-del-idead-lanzo-nueva-obra-investigativa\\\/#article\",\"isPartOf\":{\"@id\":\"https:\\\/\\\/confesionario.co\\\/w\\\/en-feria-internacional-del-libro-docente-del-idead-lanzo-nueva-obra-investigativa\\\/\"},\"author\":{\"name\":\"admin\",\"@id\":\"https:\\\/\\\/confesionario.co\\\/w\\\/#\\\/schema\\\/person\\\/85e99333497749318afab96ea0cc2342\"},\"headline\":\"En Feria Internacional del Libro, docente del IDEAD lanz\u00f3 nueva obra investigativa\",\"datePublished\":\"2023-10-25T17:12:34+00:00\",\"mainEntityOfPage\":{\"@id\":\"https:\\\/\\\/confesionario.co\\\/w\\\/en-feria-internacional-del-libro-docente-del-idead-lanzo-nueva-obra-investigativa\\\/\"},\"wordCount\":412,\"commentCount\":0,\"publisher\":{\"@id\":\"https:\\\/\\\/confesionario.co\\\/w\\\/#organization\"},\"articleSection\":[\"Universidad del Tolima\"],\"inLanguage\":\"es\",\"potentialAction\":[{\"@type\":\"CommentAction\",\"name\":\"Comment\",\"target\":[\"https:\\\/\\\/confesionario.co\\\/w\\\/en-feria-internacional-del-libro-docente-del-idead-lanzo-nueva-obra-investigativa\\\/#respond\"]}]},{\"@type\":\"WebPage\",\"@id\":\"https:\\\/\\\/confesionario.co\\\/w\\\/en-feria-internacional-del-libro-docente-del-idead-lanzo-nueva-obra-investigativa\\\/\",\"url\":\"https:\\\/\\\/confesionario.co\\\/w\\\/en-feria-internacional-del-libro-docente-del-idead-lanzo-nueva-obra-investigativa\\\/\",\"name\":\"En Feria Internacional del Libro, docente del IDEAD lanz\u00f3 nueva obra investigativa - El Confesionario\",\"isPartOf\":{\"@id\":\"https:\\\/\\\/confesionario.co\\\/w\\\/#website\"},\"datePublished\":\"2023-10-25T17:12:34+00:00\",\"breadcrumb\":{\"@id\":\"https:\\\/\\\/confesionario.co\\\/w\\\/en-feria-internacional-del-libro-docente-del-idead-lanzo-nueva-obra-investigativa\\\/#breadcrumb\"},\"inLanguage\":\"es\",\"potentialAction\":[{\"@type\":\"ReadAction\",\"target\":[\"https:\\\/\\\/confesionario.co\\\/w\\\/en-feria-internacional-del-libro-docente-del-idead-lanzo-nueva-obra-investigativa\\\/\"]}]},{\"@type\":\"BreadcrumbList\",\"@id\":\"https:\\\/\\\/confesionario.co\\\/w\\\/en-feria-internacional-del-libro-docente-del-idead-lanzo-nueva-obra-investigativa\\\/#breadcrumb\",\"itemListElement\":[{\"@type\":\"ListItem\",\"position\":1,\"name\":\"Portada\",\"item\":\"https:\\\/\\\/confesionario.co\\\/w\\\/\"},{\"@type\":\"ListItem\",\"position\":2,\"name\":\"En Feria Internacional del Libro, docente del IDEAD lanz\u00f3 nueva obra investigativa\"}]},{\"@type\":\"WebSite\",\"@id\":\"https:\\\/\\\/confesionario.co\\\/w\\\/#website\",\"url\":\"https:\\\/\\\/confesionario.co\\\/w\\\/\",\"name\":\"El Confesionario\",\"description\":\"\",\"publisher\":{\"@id\":\"https:\\\/\\\/confesionario.co\\\/w\\\/#organization\"},\"potentialAction\":[{\"@type\":\"SearchAction\",\"target\":{\"@type\":\"EntryPoint\",\"urlTemplate\":\"https:\\\/\\\/confesionario.co\\\/w\\\/?s={search_term_string}\"},\"query-input\":{\"@type\":\"PropertyValueSpecification\",\"valueRequired\":true,\"valueName\":\"search_term_string\"}}],\"inLanguage\":\"es\"},{\"@type\":\"Organization\",\"@id\":\"https:\\\/\\\/confesionario.co\\\/w\\\/#organization\",\"name\":\"El Confesionario\",\"url\":\"https:\\\/\\\/confesionario.co\\\/w\\\/\",\"logo\":{\"@type\":\"ImageObject\",\"inLanguage\":\"es\",\"@id\":\"https:\\\/\\\/confesionario.co\\\/w\\\/#\\\/schema\\\/logo\\\/image\\\/\",\"url\":\"https:\\\/\\\/confesionario.co\\\/w\\\/wp-content\\\/uploads\\\/2026\\\/02\\\/confesionario-horizontal.png\",\"contentUrl\":\"https:\\\/\\\/confesionario.co\\\/w\\\/wp-content\\\/uploads\\\/2026\\\/02\\\/confesionario-horizontal.png\",\"width\":581,\"height\":148,\"caption\":\"El Confesionario\"},\"image\":{\"@id\":\"https:\\\/\\\/confesionario.co\\\/w\\\/#\\\/schema\\\/logo\\\/image\\\/\"}},{\"@type\":\"Person\",\"@id\":\"https:\\\/\\\/confesionario.co\\\/w\\\/#\\\/schema\\\/person\\\/85e99333497749318afab96ea0cc2342\",\"name\":\"admin\",\"image\":{\"@type\":\"ImageObject\",\"inLanguage\":\"es\",\"@id\":\"https:\\\/\\\/secure.gravatar.com\\\/avatar\\\/f3358fe09cfbbfc24265a18ea411b8ee8e54296a50fb17d8acf3cffca66240d2?s=96&d=mm&r=g\",\"url\":\"https:\\\/\\\/secure.gravatar.com\\\/avatar\\\/f3358fe09cfbbfc24265a18ea411b8ee8e54296a50fb17d8acf3cffca66240d2?s=96&d=mm&r=g\",\"contentUrl\":\"https:\\\/\\\/secure.gravatar.com\\\/avatar\\\/f3358fe09cfbbfc24265a18ea411b8ee8e54296a50fb17d8acf3cffca66240d2?s=96&d=mm&r=g\",\"caption\":\"admin\"},\"sameAs\":[\"https:\\\/\\\/elconfesionario.co\\\/w\"],\"url\":\"https:\\\/\\\/confesionario.co\\\/w\\\/author\\\/osabuena\\\/\"}]}<\/script>\n<!-- \/ Yoast SEO plugin. -->","yoast_head_json":{"title":"En Feria Internacional del Libro, docente del IDEAD lanz\u00f3 nueva obra investigativa - El Confesionario","robots":{"index":"index","follow":"follow","max-snippet":"max-snippet:-1","max-image-preview":"max-image-preview:large","max-video-preview":"max-video-preview:-1"},"canonical":"https:\/\/confesionario.co\/w\/en-feria-internacional-del-libro-docente-del-idead-lanzo-nueva-obra-investigativa\/","og_locale":"es_ES","og_type":"article","og_title":"En Feria Internacional del Libro, docente del IDEAD lanz\u00f3 nueva obra investigativa - El Confesionario","og_description":"La Feria Internacional del Libro de Cali fue el escenario ideal para que el docente del Centro de Atenci\u00f3n Tutorial [&hellip;]","og_url":"https:\/\/confesionario.co\/w\/en-feria-internacional-del-libro-docente-del-idead-lanzo-nueva-obra-investigativa\/","og_site_name":"El Confesionario","article_published_time":"2023-10-25T17:12:34+00:00","author":"admin","twitter_card":"summary_large_image","twitter_misc":{"Escrito por":"admin","Tiempo de lectura":"2 minutos"},"schema":{"@context":"https:\/\/schema.org","@graph":[{"@type":"Article","@id":"https:\/\/confesionario.co\/w\/en-feria-internacional-del-libro-docente-del-idead-lanzo-nueva-obra-investigativa\/#article","isPartOf":{"@id":"https:\/\/confesionario.co\/w\/en-feria-internacional-del-libro-docente-del-idead-lanzo-nueva-obra-investigativa\/"},"author":{"name":"admin","@id":"https:\/\/confesionario.co\/w\/#\/schema\/person\/85e99333497749318afab96ea0cc2342"},"headline":"En Feria Internacional del Libro, docente del IDEAD lanz\u00f3 nueva obra investigativa","datePublished":"2023-10-25T17:12:34+00:00","mainEntityOfPage":{"@id":"https:\/\/confesionario.co\/w\/en-feria-internacional-del-libro-docente-del-idead-lanzo-nueva-obra-investigativa\/"},"wordCount":412,"commentCount":0,"publisher":{"@id":"https:\/\/confesionario.co\/w\/#organization"},"articleSection":["Universidad del Tolima"],"inLanguage":"es","potentialAction":[{"@type":"CommentAction","name":"Comment","target":["https:\/\/confesionario.co\/w\/en-feria-internacional-del-libro-docente-del-idead-lanzo-nueva-obra-investigativa\/#respond"]}]},{"@type":"WebPage","@id":"https:\/\/confesionario.co\/w\/en-feria-internacional-del-libro-docente-del-idead-lanzo-nueva-obra-investigativa\/","url":"https:\/\/confesionario.co\/w\/en-feria-internacional-del-libro-docente-del-idead-lanzo-nueva-obra-investigativa\/","name":"En Feria Internacional del Libro, docente del IDEAD lanz\u00f3 nueva obra investigativa - El Confesionario","isPartOf":{"@id":"https:\/\/confesionario.co\/w\/#website"},"datePublished":"2023-10-25T17:12:34+00:00","breadcrumb":{"@id":"https:\/\/confesionario.co\/w\/en-feria-internacional-del-libro-docente-del-idead-lanzo-nueva-obra-investigativa\/#breadcrumb"},"inLanguage":"es","potentialAction":[{"@type":"ReadAction","target":["https:\/\/confesionario.co\/w\/en-feria-internacional-del-libro-docente-del-idead-lanzo-nueva-obra-investigativa\/"]}]},{"@type":"BreadcrumbList","@id":"https:\/\/confesionario.co\/w\/en-feria-internacional-del-libro-docente-del-idead-lanzo-nueva-obra-investigativa\/#breadcrumb","itemListElement":[{"@type":"ListItem","position":1,"name":"Portada","item":"https:\/\/confesionario.co\/w\/"},{"@type":"ListItem","position":2,"name":"En Feria Internacional del Libro, docente del IDEAD lanz\u00f3 nueva obra investigativa"}]},{"@type":"WebSite","@id":"https:\/\/confesionario.co\/w\/#website","url":"https:\/\/confesionario.co\/w\/","name":"El Confesionario","description":"","publisher":{"@id":"https:\/\/confesionario.co\/w\/#organization"},"potentialAction":[{"@type":"SearchAction","target":{"@type":"EntryPoint","urlTemplate":"https:\/\/confesionario.co\/w\/?s={search_term_string}"},"query-input":{"@type":"PropertyValueSpecification","valueRequired":true,"valueName":"search_term_string"}}],"inLanguage":"es"},{"@type":"Organization","@id":"https:\/\/confesionario.co\/w\/#organization","name":"El Confesionario","url":"https:\/\/confesionario.co\/w\/","logo":{"@type":"ImageObject","inLanguage":"es","@id":"https:\/\/confesionario.co\/w\/#\/schema\/logo\/image\/","url":"https:\/\/confesionario.co\/w\/wp-content\/uploads\/2026\/02\/confesionario-horizontal.png","contentUrl":"https:\/\/confesionario.co\/w\/wp-content\/uploads\/2026\/02\/confesionario-horizontal.png","width":581,"height":148,"caption":"El Confesionario"},"image":{"@id":"https:\/\/confesionario.co\/w\/#\/schema\/logo\/image\/"}},{"@type":"Person","@id":"https:\/\/confesionario.co\/w\/#\/schema\/person\/85e99333497749318afab96ea0cc2342","name":"admin","image":{"@type":"ImageObject","inLanguage":"es","@id":"https:\/\/secure.gravatar.com\/avatar\/f3358fe09cfbbfc24265a18ea411b8ee8e54296a50fb17d8acf3cffca66240d2?s=96&d=mm&r=g","url":"https:\/\/secure.gravatar.com\/avatar\/f3358fe09cfbbfc24265a18ea411b8ee8e54296a50fb17d8acf3cffca66240d2?s=96&d=mm&r=g","contentUrl":"https:\/\/secure.gravatar.com\/avatar\/f3358fe09cfbbfc24265a18ea411b8ee8e54296a50fb17d8acf3cffca66240d2?s=96&d=mm&r=g","caption":"admin"},"sameAs":["https:\/\/elconfesionario.co\/w"],"url":"https:\/\/confesionario.co\/w\/author\/osabuena\/"}]}},"jetpack_featured_media_url":"","_links":{"self":[{"href":"https:\/\/confesionario.co\/w\/wp-json\/wp\/v2\/posts\/10779","targetHints":{"allow":["GET"]}}],"collection":[{"href":"https:\/\/confesionario.co\/w\/wp-json\/wp\/v2\/posts"}],"about":[{"href":"https:\/\/confesionario.co\/w\/wp-json\/wp\/v2\/types\/post"}],"author":[{"embeddable":true,"href":"https:\/\/confesionario.co\/w\/wp-json\/wp\/v2\/users\/1"}],"replies":[{"embeddable":true,"href":"https:\/\/confesionario.co\/w\/wp-json\/wp\/v2\/comments?post=10779"}],"version-history":[{"count":0,"href":"https:\/\/confesionario.co\/w\/wp-json\/wp\/v2\/posts\/10779\/revisions"}],"wp:attachment":[{"href":"https:\/\/confesionario.co\/w\/wp-json\/wp\/v2\/media?parent=10779"}],"wp:term":[{"taxonomy":"category","embeddable":true,"href":"https:\/\/confesionario.co\/w\/wp-json\/wp\/v2\/categories?post=10779"},{"taxonomy":"post_tag","embeddable":true,"href":"https:\/\/confesionario.co\/w\/wp-json\/wp\/v2\/tags?post=10779"}],"curies":[{"name":"wp","href":"https:\/\/api.w.org\/{rel}","templated":true}]}}