{"id":10782,"date":"2023-10-25T17:27:16","date_gmt":"2023-10-25T17:27:16","guid":{"rendered":"https:\/\/confesionario.co\/w\/programese-con-la-tercera-feria-del-libro-universidad-del-tolima\/"},"modified":"2023-10-25T17:27:16","modified_gmt":"2023-10-25T17:27:16","slug":"programese-con-la-tercera-feria-del-libro-universidad-del-tolima","status":"publish","type":"post","link":"https:\/\/confesionario.co\/w\/programese-con-la-tercera-feria-del-libro-universidad-del-tolima\/","title":{"rendered":"Progr\u00e1mese con la tercera Feria del Libro Universidad del Tolima"},"content":{"rendered":"<p class=\\\"MsoNormal\\\" style=\\\"text-align: justify;\\\"><span style=\\\"font-size: 12.0pt; line-height: 107%; font-family: \\'Arial\\',sans-serif;\\\">Se contar\u00e1 con dos espacios para exhibici\u00f3n de material bibliogr\u00e1fico.<\/span><\/p>\n<p><!--more--><\/p>\n<p class=\\\"MsoNormal\\\" style=\\\"text-align: justify;\\\"><span style=\\\"font-size: 12.0pt; line-height: 107%; font-family: \\'Arial\\',sans-serif;\\\">Estamos a pocos d\u00edas de iniciar la 3ra Feria del Libro Universidad del Tolima, que se va a realizar del 02 al 03 de noviembre en distintos puntos de la ciudad, dando cabida a una serie de presentaciones de libros, talleres y una conferencia inaugural cuyo tema principal es la Inteligencia Artificial (AI), adem\u00e1s de la integraci\u00f3n en el Festival del Libro del Tolima, organizado por la Gobernaci\u00f3n del Tolima y la Direcci\u00f3n de Cultura Departamental.<\/span><\/p>\n<p class=\\\"MsoNormal\\\" style=\\\"text-align: justify;\\\"><span style=\\\"font-size: 12.0pt; line-height: 107%; font-family: \\'Arial\\',sans-serif;\\\">Esta tercera edici\u00f3n de la feria trae la presentaci\u00f3n 41 t\u00edtulos diferentes, ya no solo de nuestra universidad sino tambi\u00e9n de editoriales en el departamento, adem\u00e1s de universidades nacionales e internacionales invitadas, como la Universidad de la Republica de Uruguay y la Universidad Nacional Aut\u00f3noma de M\u00e9xico. Estas presentaciones se llevar\u00e1n a cabo de forma hibrida: presencial en la Sala m\u00faltiple en los bajos de la biblioteca de la Universidad del Tolima el jueves 02 de noviembre y en el auditorio de la Facultad de Ciencias el viernes 03 de noviembre. Las presentaciones virtuales se transmitir\u00e1n por el Canal de YouTube del Sello Editorial Universidad del Tolima.<\/span><\/p>\n<p class=\\\"MsoNormal\\\" style=\\\"text-align: justify;\\\"><span style=\\\"font-size: 12.0pt; line-height: 107%; font-family: \\'Arial\\',sans-serif;\\\">A su vez, se realizar\u00e1n dos talleres, uno orientado para ni\u00f1os de las zonas rurales del municipio en donde aprender\u00e1n a realizar comics, en el Parque Interactivo Innovamente en donde, adem\u00e1s, podr\u00e1n disfrutar de sus experiencias. Y el segundo taller tiene como tem\u00e1tica el dise\u00f1o editorial, orientado a las personas con inter\u00e9s en esta \u00e1rea, el cual se llevar\u00e1 a cabo en los salones de artes de la sede principal de la Universidad del Tolima.<\/span><\/p>\n<p class=\\\"MsoNormal\\\" style=\\\"text-align: justify;\\\"><span style=\\\"font-size: 12.0pt; line-height: 107%; font-family: \\'Arial\\',sans-serif;\\\">Contaremos con dos espacios para exhibici\u00f3n de material bibliogr\u00e1fico: uno en el arte de los comics, coordinada por el profesor Ricardo Moreno, en donde se exhibir\u00e1n cerca de 55 comics inspirados en el informe final de Jurisdicci\u00f3n\u00a0Especial para la Paz, de la Comisi\u00f3n de la Verdad. All\u00ed las personas se podr\u00e1n acercar para conocer estos trabajos e interactuar de forma directa con sus creadores.<\/span><\/p>\n<p class=\\\"MsoNormal\\\" style=\\\"text-align: justify;\\\"><span style=\\\"font-size: 12.0pt; line-height: 107%; font-family: \\'Arial\\',sans-serif;\\\">El segundo espacio corresponde a la participaci\u00f3n de la Universidad del Tolima en el Festival del Libro del Tolima, que se realizar\u00e1 del 01 al 04 de noviembre en el Centro de Convenciones Alfonso L\u00f3pez Pumarejo de la Gobernaci\u00f3n del Tolima, en donde los asistentes podr\u00e1n visitar nuestro stand, conocer las publicaciones del Sello Editorial y comprarlas.<\/span><\/p>\n<p class=\\\"MsoNormal\\\" style=\\\"text-align: justify;\\\"><span style=\\\"font-size: 12.0pt; line-height: 107%; font-family: \\'Arial\\',sans-serif;\\\">Conoce m\u00e1s de esta edici\u00f3n de la 3ra Feria del Libro Universidad del Tolima en nuestras redes sociales:<\/span><\/p>\n<p class=\\\"MsoNormal\\\" style=\\\"text-align: justify;\\\"><span style=\\\"font-size: 12.0pt; line-height: 107%; font-family: \\'Arial\\',sans-serif;\\\">Facebook e Instagram:\u00a0<a href=\\\"http:\/\/www.facebook.com\/selloeditorialut\\\">www.facebook.com\/selloeditorialut<\/a>\u00a0\u2013\u00a0<a href=\\\"http:\/\/www.instagram.com\/selloeditorialut\\\">www.instagram.com\/selloeditorialut<\/a><\/span><\/p>\n<p class=\\\"MsoNormal\\\" style=\\\"text-align: justify;\\\"><span style=\\\"font-size: 12.0pt; line-height: 107%; font-family: \\'Arial\\',sans-serif;\\\">Y ve las presentaciones programas en vivo a trav\u00e9s de nuestro canal de YouTube:\u00a0<a href=\\\"http:\/\/www.youtube.com\/c\/selloeditorialuniversidaddeltolima\\\">www.youtube.com\/c\/selloeditorialuniversidaddeltolima<\/a><\/span><\/p>\n<p class=\\\"MsoNormal\\\" style=\\\"text-align: justify;\\\"><span style=\\\"font-size: 12.0pt; line-height: 107%; font-family: \\'Arial\\',sans-serif;\\\">\u00a1Has parte de la 3ra Feria del Libro Universidad del Tolima! #incentivemoslalectura #incentivemoslainvestigacion #3FLUT<\/span><\/p>\n<p class=\\\"MsoNormal\\\">\u00a0<\/p>\n","protected":false},"excerpt":{"rendered":"<p>Se contar\u00e1 con dos espacios para exhibici\u00f3n de material bibliogr\u00e1fico.<\/p>\n","protected":false},"author":1,"featured_media":0,"comment_status":"open","ping_status":"open","sticky":false,"template":"","format":"standard","meta":{"site-sidebar-layout":"default","site-content-layout":"","ast-site-content-layout":"default","site-content-style":"default","site-sidebar-style":"default","ast-global-header-display":"","ast-banner-title-visibility":"","ast-main-header-display":"","ast-hfb-above-header-display":"","ast-hfb-below-header-display":"","ast-hfb-mobile-header-display":"","site-post-title":"","ast-breadcrumbs-content":"","ast-featured-img":"","footer-sml-layout":"","ast-disable-related-posts":"","theme-transparent-header-meta":"","adv-header-id-meta":"","stick-header-meta":"","header-above-stick-meta":"","header-main-stick-meta":"","header-below-stick-meta":"","astra-migrate-meta-layouts":"default","ast-page-background-enabled":"default","ast-page-background-meta":{"desktop":{"background-color":"var(--ast-global-color-4)","background-image":"","background-repeat":"repeat","background-position":"center center","background-size":"auto","background-attachment":"scroll","background-type":"","background-media":"","overlay-type":"","overlay-color":"","overlay-opacity":"","overlay-gradient":""},"tablet":{"background-color":"","background-image":"","background-repeat":"repeat","background-position":"center center","background-size":"auto","background-attachment":"scroll","background-type":"","background-media":"","overlay-type":"","overlay-color":"","overlay-opacity":"","overlay-gradient":""},"mobile":{"background-color":"","background-image":"","background-repeat":"repeat","background-position":"center center","background-size":"auto","background-attachment":"scroll","background-type":"","background-media":"","overlay-type":"","overlay-color":"","overlay-opacity":"","overlay-gradient":""}},"ast-content-background-meta":{"desktop":{"background-color":"var(--ast-global-color-5)","background-image":"","background-repeat":"repeat","background-position":"center center","background-size":"auto","background-attachment":"scroll","background-type":"","background-media":"","overlay-type":"","overlay-color":"","overlay-opacity":"","overlay-gradient":""},"tablet":{"background-color":"var(--ast-global-color-5)","background-image":"","background-repeat":"repeat","background-position":"center center","background-size":"auto","background-attachment":"scroll","background-type":"","background-media":"","overlay-type":"","overlay-color":"","overlay-opacity":"","overlay-gradient":""},"mobile":{"background-color":"var(--ast-global-color-5)","background-image":"","background-repeat":"repeat","background-position":"center center","background-size":"auto","background-attachment":"scroll","background-type":"","background-media":"","overlay-type":"","overlay-color":"","overlay-opacity":"","overlay-gradient":""}},"footnotes":""},"categories":[25],"tags":[],"class_list":["post-10782","post","type-post","status-publish","format-standard","hentry","category-universidad-del-tolima"],"yoast_head":"<!-- This site is optimized with the Yoast SEO plugin v27.4 - https:\/\/yoast.com\/product\/yoast-seo-wordpress\/ -->\n<title>Progr\u00e1mese con la tercera Feria del Libro Universidad del Tolima - El Confesionario<\/title>\n<meta name=\"robots\" content=\"index, follow, max-snippet:-1, max-image-preview:large, max-video-preview:-1\" \/>\n<link rel=\"canonical\" href=\"https:\/\/confesionario.co\/w\/programese-con-la-tercera-feria-del-libro-universidad-del-tolima\/\" \/>\n<meta property=\"og:locale\" content=\"es_ES\" \/>\n<meta property=\"og:type\" content=\"article\" \/>\n<meta property=\"og:title\" content=\"Progr\u00e1mese con la tercera Feria del Libro Universidad del Tolima - El Confesionario\" \/>\n<meta property=\"og:description\" content=\"Se contar\u00e1 con dos espacios para exhibici\u00f3n de material bibliogr\u00e1fico.\" \/>\n<meta property=\"og:url\" content=\"https:\/\/confesionario.co\/w\/programese-con-la-tercera-feria-del-libro-universidad-del-tolima\/\" \/>\n<meta property=\"og:site_name\" content=\"El Confesionario\" \/>\n<meta property=\"article:published_time\" content=\"2023-10-25T17:27:16+00:00\" \/>\n<meta name=\"author\" content=\"admin\" \/>\n<meta name=\"twitter:card\" content=\"summary_large_image\" \/>\n<meta name=\"twitter:label1\" content=\"Escrito por\" \/>\n\t<meta name=\"twitter:data1\" content=\"admin\" \/>\n\t<meta name=\"twitter:label2\" content=\"Tiempo de lectura\" \/>\n\t<meta name=\"twitter:data2\" content=\"2 minutos\" \/>\n<script type=\"application\/ld+json\" class=\"yoast-schema-graph\">{\"@context\":\"https:\\\/\\\/schema.org\",\"@graph\":[{\"@type\":\"Article\",\"@id\":\"https:\\\/\\\/confesionario.co\\\/w\\\/programese-con-la-tercera-feria-del-libro-universidad-del-tolima\\\/#article\",\"isPartOf\":{\"@id\":\"https:\\\/\\\/confesionario.co\\\/w\\\/programese-con-la-tercera-feria-del-libro-universidad-del-tolima\\\/\"},\"author\":{\"name\":\"admin\",\"@id\":\"https:\\\/\\\/confesionario.co\\\/w\\\/#\\\/schema\\\/person\\\/85e99333497749318afab96ea0cc2342\"},\"headline\":\"Progr\u00e1mese con la tercera Feria del Libro Universidad del Tolima\",\"datePublished\":\"2023-10-25T17:27:16+00:00\",\"mainEntityOfPage\":{\"@id\":\"https:\\\/\\\/confesionario.co\\\/w\\\/programese-con-la-tercera-feria-del-libro-universidad-del-tolima\\\/\"},\"wordCount\":493,\"commentCount\":0,\"publisher\":{\"@id\":\"https:\\\/\\\/confesionario.co\\\/w\\\/#organization\"},\"articleSection\":[\"Universidad del Tolima\"],\"inLanguage\":\"es\",\"potentialAction\":[{\"@type\":\"CommentAction\",\"name\":\"Comment\",\"target\":[\"https:\\\/\\\/confesionario.co\\\/w\\\/programese-con-la-tercera-feria-del-libro-universidad-del-tolima\\\/#respond\"]}]},{\"@type\":\"WebPage\",\"@id\":\"https:\\\/\\\/confesionario.co\\\/w\\\/programese-con-la-tercera-feria-del-libro-universidad-del-tolima\\\/\",\"url\":\"https:\\\/\\\/confesionario.co\\\/w\\\/programese-con-la-tercera-feria-del-libro-universidad-del-tolima\\\/\",\"name\":\"Progr\u00e1mese con la tercera Feria del Libro Universidad del Tolima - El Confesionario\",\"isPartOf\":{\"@id\":\"https:\\\/\\\/confesionario.co\\\/w\\\/#website\"},\"datePublished\":\"2023-10-25T17:27:16+00:00\",\"breadcrumb\":{\"@id\":\"https:\\\/\\\/confesionario.co\\\/w\\\/programese-con-la-tercera-feria-del-libro-universidad-del-tolima\\\/#breadcrumb\"},\"inLanguage\":\"es\",\"potentialAction\":[{\"@type\":\"ReadAction\",\"target\":[\"https:\\\/\\\/confesionario.co\\\/w\\\/programese-con-la-tercera-feria-del-libro-universidad-del-tolima\\\/\"]}]},{\"@type\":\"BreadcrumbList\",\"@id\":\"https:\\\/\\\/confesionario.co\\\/w\\\/programese-con-la-tercera-feria-del-libro-universidad-del-tolima\\\/#breadcrumb\",\"itemListElement\":[{\"@type\":\"ListItem\",\"position\":1,\"name\":\"Portada\",\"item\":\"https:\\\/\\\/confesionario.co\\\/w\\\/\"},{\"@type\":\"ListItem\",\"position\":2,\"name\":\"Progr\u00e1mese con la tercera Feria del Libro Universidad del Tolima\"}]},{\"@type\":\"WebSite\",\"@id\":\"https:\\\/\\\/confesionario.co\\\/w\\\/#website\",\"url\":\"https:\\\/\\\/confesionario.co\\\/w\\\/\",\"name\":\"El Confesionario\",\"description\":\"\",\"publisher\":{\"@id\":\"https:\\\/\\\/confesionario.co\\\/w\\\/#organization\"},\"potentialAction\":[{\"@type\":\"SearchAction\",\"target\":{\"@type\":\"EntryPoint\",\"urlTemplate\":\"https:\\\/\\\/confesionario.co\\\/w\\\/?s={search_term_string}\"},\"query-input\":{\"@type\":\"PropertyValueSpecification\",\"valueRequired\":true,\"valueName\":\"search_term_string\"}}],\"inLanguage\":\"es\"},{\"@type\":\"Organization\",\"@id\":\"https:\\\/\\\/confesionario.co\\\/w\\\/#organization\",\"name\":\"El Confesionario\",\"url\":\"https:\\\/\\\/confesionario.co\\\/w\\\/\",\"logo\":{\"@type\":\"ImageObject\",\"inLanguage\":\"es\",\"@id\":\"https:\\\/\\\/confesionario.co\\\/w\\\/#\\\/schema\\\/logo\\\/image\\\/\",\"url\":\"https:\\\/\\\/confesionario.co\\\/w\\\/wp-content\\\/uploads\\\/2026\\\/02\\\/confesionario-horizontal.png\",\"contentUrl\":\"https:\\\/\\\/confesionario.co\\\/w\\\/wp-content\\\/uploads\\\/2026\\\/02\\\/confesionario-horizontal.png\",\"width\":581,\"height\":148,\"caption\":\"El Confesionario\"},\"image\":{\"@id\":\"https:\\\/\\\/confesionario.co\\\/w\\\/#\\\/schema\\\/logo\\\/image\\\/\"}},{\"@type\":\"Person\",\"@id\":\"https:\\\/\\\/confesionario.co\\\/w\\\/#\\\/schema\\\/person\\\/85e99333497749318afab96ea0cc2342\",\"name\":\"admin\",\"image\":{\"@type\":\"ImageObject\",\"inLanguage\":\"es\",\"@id\":\"https:\\\/\\\/secure.gravatar.com\\\/avatar\\\/f3358fe09cfbbfc24265a18ea411b8ee8e54296a50fb17d8acf3cffca66240d2?s=96&d=mm&r=g\",\"url\":\"https:\\\/\\\/secure.gravatar.com\\\/avatar\\\/f3358fe09cfbbfc24265a18ea411b8ee8e54296a50fb17d8acf3cffca66240d2?s=96&d=mm&r=g\",\"contentUrl\":\"https:\\\/\\\/secure.gravatar.com\\\/avatar\\\/f3358fe09cfbbfc24265a18ea411b8ee8e54296a50fb17d8acf3cffca66240d2?s=96&d=mm&r=g\",\"caption\":\"admin\"},\"sameAs\":[\"https:\\\/\\\/elconfesionario.co\\\/w\"],\"url\":\"https:\\\/\\\/confesionario.co\\\/w\\\/author\\\/osabuena\\\/\"}]}<\/script>\n<!-- \/ Yoast SEO plugin. -->","yoast_head_json":{"title":"Progr\u00e1mese con la tercera Feria del Libro Universidad del Tolima - El Confesionario","robots":{"index":"index","follow":"follow","max-snippet":"max-snippet:-1","max-image-preview":"max-image-preview:large","max-video-preview":"max-video-preview:-1"},"canonical":"https:\/\/confesionario.co\/w\/programese-con-la-tercera-feria-del-libro-universidad-del-tolima\/","og_locale":"es_ES","og_type":"article","og_title":"Progr\u00e1mese con la tercera Feria del Libro Universidad del Tolima - El Confesionario","og_description":"Se contar\u00e1 con dos espacios para exhibici\u00f3n de material bibliogr\u00e1fico.","og_url":"https:\/\/confesionario.co\/w\/programese-con-la-tercera-feria-del-libro-universidad-del-tolima\/","og_site_name":"El Confesionario","article_published_time":"2023-10-25T17:27:16+00:00","author":"admin","twitter_card":"summary_large_image","twitter_misc":{"Escrito por":"admin","Tiempo de lectura":"2 minutos"},"schema":{"@context":"https:\/\/schema.org","@graph":[{"@type":"Article","@id":"https:\/\/confesionario.co\/w\/programese-con-la-tercera-feria-del-libro-universidad-del-tolima\/#article","isPartOf":{"@id":"https:\/\/confesionario.co\/w\/programese-con-la-tercera-feria-del-libro-universidad-del-tolima\/"},"author":{"name":"admin","@id":"https:\/\/confesionario.co\/w\/#\/schema\/person\/85e99333497749318afab96ea0cc2342"},"headline":"Progr\u00e1mese con la tercera Feria del Libro Universidad del Tolima","datePublished":"2023-10-25T17:27:16+00:00","mainEntityOfPage":{"@id":"https:\/\/confesionario.co\/w\/programese-con-la-tercera-feria-del-libro-universidad-del-tolima\/"},"wordCount":493,"commentCount":0,"publisher":{"@id":"https:\/\/confesionario.co\/w\/#organization"},"articleSection":["Universidad del Tolima"],"inLanguage":"es","potentialAction":[{"@type":"CommentAction","name":"Comment","target":["https:\/\/confesionario.co\/w\/programese-con-la-tercera-feria-del-libro-universidad-del-tolima\/#respond"]}]},{"@type":"WebPage","@id":"https:\/\/confesionario.co\/w\/programese-con-la-tercera-feria-del-libro-universidad-del-tolima\/","url":"https:\/\/confesionario.co\/w\/programese-con-la-tercera-feria-del-libro-universidad-del-tolima\/","name":"Progr\u00e1mese con la tercera Feria del Libro Universidad del Tolima - El Confesionario","isPartOf":{"@id":"https:\/\/confesionario.co\/w\/#website"},"datePublished":"2023-10-25T17:27:16+00:00","breadcrumb":{"@id":"https:\/\/confesionario.co\/w\/programese-con-la-tercera-feria-del-libro-universidad-del-tolima\/#breadcrumb"},"inLanguage":"es","potentialAction":[{"@type":"ReadAction","target":["https:\/\/confesionario.co\/w\/programese-con-la-tercera-feria-del-libro-universidad-del-tolima\/"]}]},{"@type":"BreadcrumbList","@id":"https:\/\/confesionario.co\/w\/programese-con-la-tercera-feria-del-libro-universidad-del-tolima\/#breadcrumb","itemListElement":[{"@type":"ListItem","position":1,"name":"Portada","item":"https:\/\/confesionario.co\/w\/"},{"@type":"ListItem","position":2,"name":"Progr\u00e1mese con la tercera Feria del Libro Universidad del Tolima"}]},{"@type":"WebSite","@id":"https:\/\/confesionario.co\/w\/#website","url":"https:\/\/confesionario.co\/w\/","name":"El Confesionario","description":"","publisher":{"@id":"https:\/\/confesionario.co\/w\/#organization"},"potentialAction":[{"@type":"SearchAction","target":{"@type":"EntryPoint","urlTemplate":"https:\/\/confesionario.co\/w\/?s={search_term_string}"},"query-input":{"@type":"PropertyValueSpecification","valueRequired":true,"valueName":"search_term_string"}}],"inLanguage":"es"},{"@type":"Organization","@id":"https:\/\/confesionario.co\/w\/#organization","name":"El Confesionario","url":"https:\/\/confesionario.co\/w\/","logo":{"@type":"ImageObject","inLanguage":"es","@id":"https:\/\/confesionario.co\/w\/#\/schema\/logo\/image\/","url":"https:\/\/confesionario.co\/w\/wp-content\/uploads\/2026\/02\/confesionario-horizontal.png","contentUrl":"https:\/\/confesionario.co\/w\/wp-content\/uploads\/2026\/02\/confesionario-horizontal.png","width":581,"height":148,"caption":"El Confesionario"},"image":{"@id":"https:\/\/confesionario.co\/w\/#\/schema\/logo\/image\/"}},{"@type":"Person","@id":"https:\/\/confesionario.co\/w\/#\/schema\/person\/85e99333497749318afab96ea0cc2342","name":"admin","image":{"@type":"ImageObject","inLanguage":"es","@id":"https:\/\/secure.gravatar.com\/avatar\/f3358fe09cfbbfc24265a18ea411b8ee8e54296a50fb17d8acf3cffca66240d2?s=96&d=mm&r=g","url":"https:\/\/secure.gravatar.com\/avatar\/f3358fe09cfbbfc24265a18ea411b8ee8e54296a50fb17d8acf3cffca66240d2?s=96&d=mm&r=g","contentUrl":"https:\/\/secure.gravatar.com\/avatar\/f3358fe09cfbbfc24265a18ea411b8ee8e54296a50fb17d8acf3cffca66240d2?s=96&d=mm&r=g","caption":"admin"},"sameAs":["https:\/\/elconfesionario.co\/w"],"url":"https:\/\/confesionario.co\/w\/author\/osabuena\/"}]}},"jetpack_featured_media_url":"","_links":{"self":[{"href":"https:\/\/confesionario.co\/w\/wp-json\/wp\/v2\/posts\/10782","targetHints":{"allow":["GET"]}}],"collection":[{"href":"https:\/\/confesionario.co\/w\/wp-json\/wp\/v2\/posts"}],"about":[{"href":"https:\/\/confesionario.co\/w\/wp-json\/wp\/v2\/types\/post"}],"author":[{"embeddable":true,"href":"https:\/\/confesionario.co\/w\/wp-json\/wp\/v2\/users\/1"}],"replies":[{"embeddable":true,"href":"https:\/\/confesionario.co\/w\/wp-json\/wp\/v2\/comments?post=10782"}],"version-history":[{"count":0,"href":"https:\/\/confesionario.co\/w\/wp-json\/wp\/v2\/posts\/10782\/revisions"}],"wp:attachment":[{"href":"https:\/\/confesionario.co\/w\/wp-json\/wp\/v2\/media?parent=10782"}],"wp:term":[{"taxonomy":"category","embeddable":true,"href":"https:\/\/confesionario.co\/w\/wp-json\/wp\/v2\/categories?post=10782"},{"taxonomy":"post_tag","embeddable":true,"href":"https:\/\/confesionario.co\/w\/wp-json\/wp\/v2\/tags?post=10782"}],"curies":[{"name":"wp","href":"https:\/\/api.w.org\/{rel}","templated":true}]}}