{"id":10783,"date":"2023-10-26T01:13:38","date_gmt":"2023-10-26T01:13:38","guid":{"rendered":"https:\/\/confesionario.co\/w\/centro-de-rehabilitacion-wanda-leon-la-apuesta-de-adriana-matiz-para-las-personas-con-discapacidad\/"},"modified":"2023-10-26T01:13:38","modified_gmt":"2023-10-26T01:13:38","slug":"centro-de-rehabilitacion-wanda-leon-la-apuesta-de-adriana-matiz-para-las-personas-con-discapacidad","status":"publish","type":"post","link":"https:\/\/confesionario.co\/w\/centro-de-rehabilitacion-wanda-leon-la-apuesta-de-adriana-matiz-para-las-personas-con-discapacidad\/","title":{"rendered":"Centro de Rehabilitaci\u00f3n Wanda Le\u00f3n: La apuesta de Adriana Matiz para las personas con discapacidad"},"content":{"rendered":"<p class=\\\"MsoNormal\\\" style=\\\"text-align: justify;\\\"><span style=\\\"font-size: 12.0pt; line-height: 107%; font-family: \\'Arial\\',sans-serif;\\\">Wanda Le\u00f3n Su\u00e1rez, la joven \\\u00bbguerrera de la vida\\\u00bb que le di\u00f3 triunfos al Tolima, en el deporte del motociclismo, y qui\u00e9n tras un aparatoso accidente ocurrido el 18 de mayo de 2019 en M\u00e9xico, sufri\u00f3 serias afectaciones de salud; fue la inspiraci\u00f3n para la apuesta de la candidata a la Gobernaci\u00f3n del Tolima Adriana Magali Matiz, de proponer la creaci\u00f3n del Centro de Rehabilitaci\u00f3n para las Personas con Discapacidad durante su mandato, si los Tolimenses le dan la oportunidad de convertirse en Gobernadora el pr\u00f3ximo 29 de octubre.<\/span><\/p>\n<p><!--more--><\/p>\n<p class=\\\"MsoNormal\\\" style=\\\"text-align: justify;\\\"><span style=\\\"font-size: 12.0pt; line-height: 107%; font-family: \\'Arial\\',sans-serif;\\\">\\\u00bbLas personas con discapacidad y sus cuidadores representan un sector poblacional que ha sido relegado al olvido por la sociedad, sin embargo, su valor es incalculable. Sus cuidadores, que en su mayor\u00eda son mujeres, con un amor inquebrantable y dedicaci\u00f3n, desempe\u00f1an un papel crucial en su bienestar y calidad de vida, dedicando tiempo completo a su cuidado, lo que en su mayor\u00eda genera que estas personas dejen de vivir su vida por vivir la vida de la personas a su cuidado. Por ello reconocer y apoyar a estas personas es darle importancia a la inclusi\u00f3n social que debe ser fundamental en una sociedad justa\\\u00bb afirm\u00f3 Matiz <\/span><\/p>\n<p class=\\\"MsoNormal\\\" style=\\\"text-align: justify;\\\"><span style=\\\"font-size: 12.0pt; line-height: 107%; font-family: \\'Arial\\',sans-serif;\\\">Este proyecto responde a la experiencia que pudo evidenciar Adriana Matiz, luego de conocer<span style=\\\"mso-spacerun: yes;\\\">\u00a0 <\/span>a Carol Su\u00e1rez, madre de Wanda, qui\u00e9n le manifest\u00f3 las grandes dificultades que ha tenido que vivir<span style=\\\"mso-spacerun: yes;\\\">\u00a0 <\/span>para encontrar en Ibagu\u00e9, un lugar especializado, que permita acceder a los tratamientos que requiere su hija, lo que le ha obligado trasladarse a la ciudad de Cali en algunas ocasiones, con la dificultad de los altos costos de las terapias, sumado al desplazamiento y la manutenci\u00f3n. <\/span><\/p>\n<p class=\\\"MsoNormal\\\" style=\\\"text-align: justify;\\\"><span style=\\\"font-size: 12.0pt; line-height: 107%; font-family: \\'Arial\\',sans-serif;\\\">Para darle soluci\u00f3n a esta problem\u00e1tica, con este proyecto Adriana Magali Matiz, plantea crear en el Hospital Federico Lleras Acosta, un Centro de Rehabilitaci\u00f3n Integral Especializado para las personas con discapacidad; y as\u00ed mejorar la calidad de vida de los pacientes, brind\u00e1ndoles tratamientos interdisciplinarios para mejorar su motricidad parcial o total.<\/span><\/p>\n","protected":false},"excerpt":{"rendered":"<p>Wanda Le\u00f3n Su\u00e1rez, la joven \\\u00bbguerrera de la vida\\\u00bb que le di\u00f3 triunfos al Tolima, en el deporte del motociclismo, [&hellip;]<\/p>\n","protected":false},"author":1,"featured_media":0,"comment_status":"open","ping_status":"open","sticky":false,"template":"","format":"standard","meta":{"site-sidebar-layout":"default","site-content-layout":"","ast-site-content-layout":"default","site-content-style":"default","site-sidebar-style":"default","ast-global-header-display":"","ast-banner-title-visibility":"","ast-main-header-display":"","ast-hfb-above-header-display":"","ast-hfb-below-header-display":"","ast-hfb-mobile-header-display":"","site-post-title":"","ast-breadcrumbs-content":"","ast-featured-img":"","footer-sml-layout":"","ast-disable-related-posts":"","theme-transparent-header-meta":"","adv-header-id-meta":"","stick-header-meta":"","header-above-stick-meta":"","header-main-stick-meta":"","header-below-stick-meta":"","astra-migrate-meta-layouts":"default","ast-page-background-enabled":"default","ast-page-background-meta":{"desktop":{"background-color":"var(--ast-global-color-4)","background-image":"","background-repeat":"repeat","background-position":"center center","background-size":"auto","background-attachment":"scroll","background-type":"","background-media":"","overlay-type":"","overlay-color":"","overlay-opacity":"","overlay-gradient":""},"tablet":{"background-color":"","background-image":"","background-repeat":"repeat","background-position":"center center","background-size":"auto","background-attachment":"scroll","background-type":"","background-media":"","overlay-type":"","overlay-color":"","overlay-opacity":"","overlay-gradient":""},"mobile":{"background-color":"","background-image":"","background-repeat":"repeat","background-position":"center center","background-size":"auto","background-attachment":"scroll","background-type":"","background-media":"","overlay-type":"","overlay-color":"","overlay-opacity":"","overlay-gradient":""}},"ast-content-background-meta":{"desktop":{"background-color":"var(--ast-global-color-5)","background-image":"","background-repeat":"repeat","background-position":"center center","background-size":"auto","background-attachment":"scroll","background-type":"","background-media":"","overlay-type":"","overlay-color":"","overlay-opacity":"","overlay-gradient":""},"tablet":{"background-color":"var(--ast-global-color-5)","background-image":"","background-repeat":"repeat","background-position":"center center","background-size":"auto","background-attachment":"scroll","background-type":"","background-media":"","overlay-type":"","overlay-color":"","overlay-opacity":"","overlay-gradient":""},"mobile":{"background-color":"var(--ast-global-color-5)","background-image":"","background-repeat":"repeat","background-position":"center center","background-size":"auto","background-attachment":"scroll","background-type":"","background-media":"","overlay-type":"","overlay-color":"","overlay-opacity":"","overlay-gradient":""}},"footnotes":""},"categories":[15],"tags":[],"class_list":["post-10783","post","type-post","status-publish","format-standard","hentry","category-elecciones-tolima-2019"],"yoast_head":"<!-- This site is optimized with the Yoast SEO plugin v27.4 - https:\/\/yoast.com\/product\/yoast-seo-wordpress\/ -->\n<title>Centro de Rehabilitaci\u00f3n Wanda Le\u00f3n: La apuesta de Adriana Matiz para las personas con discapacidad - El Confesionario<\/title>\n<meta name=\"robots\" content=\"index, follow, max-snippet:-1, max-image-preview:large, max-video-preview:-1\" \/>\n<link rel=\"canonical\" href=\"https:\/\/confesionario.co\/w\/centro-de-rehabilitacion-wanda-leon-la-apuesta-de-adriana-matiz-para-las-personas-con-discapacidad\/\" \/>\n<meta property=\"og:locale\" content=\"es_ES\" \/>\n<meta property=\"og:type\" content=\"article\" \/>\n<meta property=\"og:title\" content=\"Centro de Rehabilitaci\u00f3n Wanda Le\u00f3n: La apuesta de Adriana Matiz para las personas con discapacidad - El Confesionario\" \/>\n<meta property=\"og:description\" content=\"Wanda Le\u00f3n Su\u00e1rez, la joven \u00bbguerrera de la vida\u00bb que le di\u00f3 triunfos al Tolima, en el deporte del motociclismo, [&hellip;]\" \/>\n<meta property=\"og:url\" content=\"https:\/\/confesionario.co\/w\/centro-de-rehabilitacion-wanda-leon-la-apuesta-de-adriana-matiz-para-las-personas-con-discapacidad\/\" \/>\n<meta property=\"og:site_name\" content=\"El Confesionario\" \/>\n<meta property=\"article:published_time\" content=\"2023-10-26T01:13:38+00:00\" \/>\n<meta name=\"author\" content=\"admin\" \/>\n<meta name=\"twitter:card\" content=\"summary_large_image\" \/>\n<meta name=\"twitter:label1\" content=\"Escrito por\" \/>\n\t<meta name=\"twitter:data1\" content=\"admin\" \/>\n\t<meta name=\"twitter:label2\" content=\"Tiempo de lectura\" \/>\n\t<meta name=\"twitter:data2\" content=\"2 minutos\" \/>\n<script type=\"application\/ld+json\" class=\"yoast-schema-graph\">{\"@context\":\"https:\\\/\\\/schema.org\",\"@graph\":[{\"@type\":\"Article\",\"@id\":\"https:\\\/\\\/confesionario.co\\\/w\\\/centro-de-rehabilitacion-wanda-leon-la-apuesta-de-adriana-matiz-para-las-personas-con-discapacidad\\\/#article\",\"isPartOf\":{\"@id\":\"https:\\\/\\\/confesionario.co\\\/w\\\/centro-de-rehabilitacion-wanda-leon-la-apuesta-de-adriana-matiz-para-las-personas-con-discapacidad\\\/\"},\"author\":{\"name\":\"admin\",\"@id\":\"https:\\\/\\\/confesionario.co\\\/w\\\/#\\\/schema\\\/person\\\/85e99333497749318afab96ea0cc2342\"},\"headline\":\"Centro de Rehabilitaci\u00f3n Wanda Le\u00f3n: La apuesta de Adriana Matiz para las personas con discapacidad\",\"datePublished\":\"2023-10-26T01:13:38+00:00\",\"mainEntityOfPage\":{\"@id\":\"https:\\\/\\\/confesionario.co\\\/w\\\/centro-de-rehabilitacion-wanda-leon-la-apuesta-de-adriana-matiz-para-las-personas-con-discapacidad\\\/\"},\"wordCount\":359,\"commentCount\":0,\"publisher\":{\"@id\":\"https:\\\/\\\/confesionario.co\\\/w\\\/#organization\"},\"articleSection\":[\"Pol\u00edtica\"],\"inLanguage\":\"es\",\"potentialAction\":[{\"@type\":\"CommentAction\",\"name\":\"Comment\",\"target\":[\"https:\\\/\\\/confesionario.co\\\/w\\\/centro-de-rehabilitacion-wanda-leon-la-apuesta-de-adriana-matiz-para-las-personas-con-discapacidad\\\/#respond\"]}]},{\"@type\":\"WebPage\",\"@id\":\"https:\\\/\\\/confesionario.co\\\/w\\\/centro-de-rehabilitacion-wanda-leon-la-apuesta-de-adriana-matiz-para-las-personas-con-discapacidad\\\/\",\"url\":\"https:\\\/\\\/confesionario.co\\\/w\\\/centro-de-rehabilitacion-wanda-leon-la-apuesta-de-adriana-matiz-para-las-personas-con-discapacidad\\\/\",\"name\":\"Centro de Rehabilitaci\u00f3n Wanda Le\u00f3n: La apuesta de Adriana Matiz para las personas con discapacidad - El Confesionario\",\"isPartOf\":{\"@id\":\"https:\\\/\\\/confesionario.co\\\/w\\\/#website\"},\"datePublished\":\"2023-10-26T01:13:38+00:00\",\"breadcrumb\":{\"@id\":\"https:\\\/\\\/confesionario.co\\\/w\\\/centro-de-rehabilitacion-wanda-leon-la-apuesta-de-adriana-matiz-para-las-personas-con-discapacidad\\\/#breadcrumb\"},\"inLanguage\":\"es\",\"potentialAction\":[{\"@type\":\"ReadAction\",\"target\":[\"https:\\\/\\\/confesionario.co\\\/w\\\/centro-de-rehabilitacion-wanda-leon-la-apuesta-de-adriana-matiz-para-las-personas-con-discapacidad\\\/\"]}]},{\"@type\":\"BreadcrumbList\",\"@id\":\"https:\\\/\\\/confesionario.co\\\/w\\\/centro-de-rehabilitacion-wanda-leon-la-apuesta-de-adriana-matiz-para-las-personas-con-discapacidad\\\/#breadcrumb\",\"itemListElement\":[{\"@type\":\"ListItem\",\"position\":1,\"name\":\"Portada\",\"item\":\"https:\\\/\\\/confesionario.co\\\/w\\\/\"},{\"@type\":\"ListItem\",\"position\":2,\"name\":\"Centro de Rehabilitaci\u00f3n Wanda Le\u00f3n: La apuesta de Adriana Matiz para las personas con discapacidad\"}]},{\"@type\":\"WebSite\",\"@id\":\"https:\\\/\\\/confesionario.co\\\/w\\\/#website\",\"url\":\"https:\\\/\\\/confesionario.co\\\/w\\\/\",\"name\":\"El Confesionario\",\"description\":\"\",\"publisher\":{\"@id\":\"https:\\\/\\\/confesionario.co\\\/w\\\/#organization\"},\"potentialAction\":[{\"@type\":\"SearchAction\",\"target\":{\"@type\":\"EntryPoint\",\"urlTemplate\":\"https:\\\/\\\/confesionario.co\\\/w\\\/?s={search_term_string}\"},\"query-input\":{\"@type\":\"PropertyValueSpecification\",\"valueRequired\":true,\"valueName\":\"search_term_string\"}}],\"inLanguage\":\"es\"},{\"@type\":\"Organization\",\"@id\":\"https:\\\/\\\/confesionario.co\\\/w\\\/#organization\",\"name\":\"El Confesionario\",\"url\":\"https:\\\/\\\/confesionario.co\\\/w\\\/\",\"logo\":{\"@type\":\"ImageObject\",\"inLanguage\":\"es\",\"@id\":\"https:\\\/\\\/confesionario.co\\\/w\\\/#\\\/schema\\\/logo\\\/image\\\/\",\"url\":\"https:\\\/\\\/confesionario.co\\\/w\\\/wp-content\\\/uploads\\\/2026\\\/02\\\/confesionario-horizontal.png\",\"contentUrl\":\"https:\\\/\\\/confesionario.co\\\/w\\\/wp-content\\\/uploads\\\/2026\\\/02\\\/confesionario-horizontal.png\",\"width\":581,\"height\":148,\"caption\":\"El Confesionario\"},\"image\":{\"@id\":\"https:\\\/\\\/confesionario.co\\\/w\\\/#\\\/schema\\\/logo\\\/image\\\/\"}},{\"@type\":\"Person\",\"@id\":\"https:\\\/\\\/confesionario.co\\\/w\\\/#\\\/schema\\\/person\\\/85e99333497749318afab96ea0cc2342\",\"name\":\"admin\",\"image\":{\"@type\":\"ImageObject\",\"inLanguage\":\"es\",\"@id\":\"https:\\\/\\\/secure.gravatar.com\\\/avatar\\\/f3358fe09cfbbfc24265a18ea411b8ee8e54296a50fb17d8acf3cffca66240d2?s=96&d=mm&r=g\",\"url\":\"https:\\\/\\\/secure.gravatar.com\\\/avatar\\\/f3358fe09cfbbfc24265a18ea411b8ee8e54296a50fb17d8acf3cffca66240d2?s=96&d=mm&r=g\",\"contentUrl\":\"https:\\\/\\\/secure.gravatar.com\\\/avatar\\\/f3358fe09cfbbfc24265a18ea411b8ee8e54296a50fb17d8acf3cffca66240d2?s=96&d=mm&r=g\",\"caption\":\"admin\"},\"sameAs\":[\"https:\\\/\\\/elconfesionario.co\\\/w\"],\"url\":\"https:\\\/\\\/confesionario.co\\\/w\\\/author\\\/osabuena\\\/\"}]}<\/script>\n<!-- \/ Yoast SEO plugin. -->","yoast_head_json":{"title":"Centro de Rehabilitaci\u00f3n Wanda Le\u00f3n: La apuesta de Adriana Matiz para las personas con discapacidad - El Confesionario","robots":{"index":"index","follow":"follow","max-snippet":"max-snippet:-1","max-image-preview":"max-image-preview:large","max-video-preview":"max-video-preview:-1"},"canonical":"https:\/\/confesionario.co\/w\/centro-de-rehabilitacion-wanda-leon-la-apuesta-de-adriana-matiz-para-las-personas-con-discapacidad\/","og_locale":"es_ES","og_type":"article","og_title":"Centro de Rehabilitaci\u00f3n Wanda Le\u00f3n: La apuesta de Adriana Matiz para las personas con discapacidad - El Confesionario","og_description":"Wanda Le\u00f3n Su\u00e1rez, la joven \u00bbguerrera de la vida\u00bb que le di\u00f3 triunfos al Tolima, en el deporte del motociclismo, [&hellip;]","og_url":"https:\/\/confesionario.co\/w\/centro-de-rehabilitacion-wanda-leon-la-apuesta-de-adriana-matiz-para-las-personas-con-discapacidad\/","og_site_name":"El Confesionario","article_published_time":"2023-10-26T01:13:38+00:00","author":"admin","twitter_card":"summary_large_image","twitter_misc":{"Escrito por":"admin","Tiempo de lectura":"2 minutos"},"schema":{"@context":"https:\/\/schema.org","@graph":[{"@type":"Article","@id":"https:\/\/confesionario.co\/w\/centro-de-rehabilitacion-wanda-leon-la-apuesta-de-adriana-matiz-para-las-personas-con-discapacidad\/#article","isPartOf":{"@id":"https:\/\/confesionario.co\/w\/centro-de-rehabilitacion-wanda-leon-la-apuesta-de-adriana-matiz-para-las-personas-con-discapacidad\/"},"author":{"name":"admin","@id":"https:\/\/confesionario.co\/w\/#\/schema\/person\/85e99333497749318afab96ea0cc2342"},"headline":"Centro de Rehabilitaci\u00f3n Wanda Le\u00f3n: La apuesta de Adriana Matiz para las personas con discapacidad","datePublished":"2023-10-26T01:13:38+00:00","mainEntityOfPage":{"@id":"https:\/\/confesionario.co\/w\/centro-de-rehabilitacion-wanda-leon-la-apuesta-de-adriana-matiz-para-las-personas-con-discapacidad\/"},"wordCount":359,"commentCount":0,"publisher":{"@id":"https:\/\/confesionario.co\/w\/#organization"},"articleSection":["Pol\u00edtica"],"inLanguage":"es","potentialAction":[{"@type":"CommentAction","name":"Comment","target":["https:\/\/confesionario.co\/w\/centro-de-rehabilitacion-wanda-leon-la-apuesta-de-adriana-matiz-para-las-personas-con-discapacidad\/#respond"]}]},{"@type":"WebPage","@id":"https:\/\/confesionario.co\/w\/centro-de-rehabilitacion-wanda-leon-la-apuesta-de-adriana-matiz-para-las-personas-con-discapacidad\/","url":"https:\/\/confesionario.co\/w\/centro-de-rehabilitacion-wanda-leon-la-apuesta-de-adriana-matiz-para-las-personas-con-discapacidad\/","name":"Centro de Rehabilitaci\u00f3n Wanda Le\u00f3n: La apuesta de Adriana Matiz para las personas con discapacidad - El Confesionario","isPartOf":{"@id":"https:\/\/confesionario.co\/w\/#website"},"datePublished":"2023-10-26T01:13:38+00:00","breadcrumb":{"@id":"https:\/\/confesionario.co\/w\/centro-de-rehabilitacion-wanda-leon-la-apuesta-de-adriana-matiz-para-las-personas-con-discapacidad\/#breadcrumb"},"inLanguage":"es","potentialAction":[{"@type":"ReadAction","target":["https:\/\/confesionario.co\/w\/centro-de-rehabilitacion-wanda-leon-la-apuesta-de-adriana-matiz-para-las-personas-con-discapacidad\/"]}]},{"@type":"BreadcrumbList","@id":"https:\/\/confesionario.co\/w\/centro-de-rehabilitacion-wanda-leon-la-apuesta-de-adriana-matiz-para-las-personas-con-discapacidad\/#breadcrumb","itemListElement":[{"@type":"ListItem","position":1,"name":"Portada","item":"https:\/\/confesionario.co\/w\/"},{"@type":"ListItem","position":2,"name":"Centro de Rehabilitaci\u00f3n Wanda Le\u00f3n: La apuesta de Adriana Matiz para las personas con discapacidad"}]},{"@type":"WebSite","@id":"https:\/\/confesionario.co\/w\/#website","url":"https:\/\/confesionario.co\/w\/","name":"El Confesionario","description":"","publisher":{"@id":"https:\/\/confesionario.co\/w\/#organization"},"potentialAction":[{"@type":"SearchAction","target":{"@type":"EntryPoint","urlTemplate":"https:\/\/confesionario.co\/w\/?s={search_term_string}"},"query-input":{"@type":"PropertyValueSpecification","valueRequired":true,"valueName":"search_term_string"}}],"inLanguage":"es"},{"@type":"Organization","@id":"https:\/\/confesionario.co\/w\/#organization","name":"El Confesionario","url":"https:\/\/confesionario.co\/w\/","logo":{"@type":"ImageObject","inLanguage":"es","@id":"https:\/\/confesionario.co\/w\/#\/schema\/logo\/image\/","url":"https:\/\/confesionario.co\/w\/wp-content\/uploads\/2026\/02\/confesionario-horizontal.png","contentUrl":"https:\/\/confesionario.co\/w\/wp-content\/uploads\/2026\/02\/confesionario-horizontal.png","width":581,"height":148,"caption":"El Confesionario"},"image":{"@id":"https:\/\/confesionario.co\/w\/#\/schema\/logo\/image\/"}},{"@type":"Person","@id":"https:\/\/confesionario.co\/w\/#\/schema\/person\/85e99333497749318afab96ea0cc2342","name":"admin","image":{"@type":"ImageObject","inLanguage":"es","@id":"https:\/\/secure.gravatar.com\/avatar\/f3358fe09cfbbfc24265a18ea411b8ee8e54296a50fb17d8acf3cffca66240d2?s=96&d=mm&r=g","url":"https:\/\/secure.gravatar.com\/avatar\/f3358fe09cfbbfc24265a18ea411b8ee8e54296a50fb17d8acf3cffca66240d2?s=96&d=mm&r=g","contentUrl":"https:\/\/secure.gravatar.com\/avatar\/f3358fe09cfbbfc24265a18ea411b8ee8e54296a50fb17d8acf3cffca66240d2?s=96&d=mm&r=g","caption":"admin"},"sameAs":["https:\/\/elconfesionario.co\/w"],"url":"https:\/\/confesionario.co\/w\/author\/osabuena\/"}]}},"jetpack_featured_media_url":"","_links":{"self":[{"href":"https:\/\/confesionario.co\/w\/wp-json\/wp\/v2\/posts\/10783","targetHints":{"allow":["GET"]}}],"collection":[{"href":"https:\/\/confesionario.co\/w\/wp-json\/wp\/v2\/posts"}],"about":[{"href":"https:\/\/confesionario.co\/w\/wp-json\/wp\/v2\/types\/post"}],"author":[{"embeddable":true,"href":"https:\/\/confesionario.co\/w\/wp-json\/wp\/v2\/users\/1"}],"replies":[{"embeddable":true,"href":"https:\/\/confesionario.co\/w\/wp-json\/wp\/v2\/comments?post=10783"}],"version-history":[{"count":0,"href":"https:\/\/confesionario.co\/w\/wp-json\/wp\/v2\/posts\/10783\/revisions"}],"wp:attachment":[{"href":"https:\/\/confesionario.co\/w\/wp-json\/wp\/v2\/media?parent=10783"}],"wp:term":[{"taxonomy":"category","embeddable":true,"href":"https:\/\/confesionario.co\/w\/wp-json\/wp\/v2\/categories?post=10783"},{"taxonomy":"post_tag","embeddable":true,"href":"https:\/\/confesionario.co\/w\/wp-json\/wp\/v2\/tags?post=10783"}],"curies":[{"name":"wp","href":"https:\/\/api.w.org\/{rel}","templated":true}]}}