{"id":10784,"date":"2023-10-26T16:57:38","date_gmt":"2023-10-26T16:57:38","guid":{"rendered":"https:\/\/confesionario.co\/w\/el-tanque-de-la-zona-industrial-sera-la-solucion-al-problema-de-agua-de-la-comuna-9-de-ibague\/"},"modified":"2023-10-26T16:57:38","modified_gmt":"2023-10-26T16:57:38","slug":"el-tanque-de-la-zona-industrial-sera-la-solucion-al-problema-de-agua-de-la-comuna-9-de-ibague","status":"publish","type":"post","link":"https:\/\/confesionario.co\/w\/el-tanque-de-la-zona-industrial-sera-la-solucion-al-problema-de-agua-de-la-comuna-9-de-ibague\/","title":{"rendered":"El tanque de la zona Industrial ser\u00e1 la soluci\u00f3n al problema de agua de la comuna 9 de Ibagu\u00e9"},"content":{"rendered":"<p class=\\\"MsoNormal\\\" style=\\\"text-align: justify;\\\"><span style=\\\"font-size: 12.0pt; line-height: 107%; font-family: \\'Arial\\',sans-serif;\\\">La construcci\u00f3n de la infraestructura ya supera el 80% de ejecuci\u00f3n. tanque de almacenamiento se encuentra en el izaje del d\u00e9cimo anillo de 12 que se instalan.<\/span><\/p>\n<p><!--more--><\/p>\n<p class=\\\"MsoNormal\\\" style=\\\"text-align: justify;\\\"><span style=\\\"font-size: 12.0pt; line-height: 107%; font-family: \\'Arial\\',sans-serif;\\\">Las obras del tanque Zona Industrial avanzan de forma satisfactoria, de d\u00eda y de noche sin ning\u00fan contratiempo. As\u00ed lo explic\u00f3 el alcalde Andr\u00e9s Hurtado, quien asegur\u00f3 que la infraestructura supera el 80% de ejecuci\u00f3n, a trav\u00e9s de la Empresa Ibaguere\u00f1a de Acueducto y Alcantarillado, IBAL. <\/span><\/p>\n<p class=\\\"MsoNormal\\\" style=\\\"text-align: justify;\\\"><span style=\\\"font-size: 12.0pt; line-height: 107%; font-family: \\'Arial\\',sans-serif;\\\">\\\u00bbEsta gran soluci\u00f3n que hoy le estamos brindando a los ibaguere\u00f1os es una realidad, y no como se dec\u00eda que no se hab\u00edan hecho las obras del Acueducto Complementario; una vez m\u00e1s, le estamos cumpliendo a los ibaguere\u00f1os, una vez m\u00e1s hemos honrado nuestra palabra con otro problema que era un elefante blanco en nuestra ciudad, hoy es uno de los tanques (Zona Industrial) m\u00e1s grande que tenemos con m\u00e1s de 10.000 metros c\u00fabicos de agua\\\u00bb, manifest\u00f3 el mandatario. <\/span><\/p>\n<p class=\\\"MsoNormal\\\" style=\\\"text-align: justify;\\\"><span style=\\\"font-size: 12.0pt; line-height: 107%; font-family: \\'Arial\\',sans-serif;\\\">Y agreg\u00f3: \\\u00bbLogramos por fin desenredar este l\u00edo jur\u00eddico e iniciar un proyecto tan importante para las comunas 7, 8 y 9 de nuestra ciudad, donde habitan 250.000 personas, donde dispusimos alrededor de 8.000 millones de pesos desde la alcald\u00eda traslados a nuestra empresa IBAL para garantizarles el suministro agua potable de manera permanente a estas comunas y el tanque de Piedra Pintada\\\u00bb. <\/span><\/p>\n<p class=\\\"MsoNormal\\\" style=\\\"text-align: justify;\\\"><span style=\\\"font-size: 12.0pt; line-height: 107%; font-family: \\'Arial\\',sans-serif;\\\">Es de destacar que, con el apoyo de los privados mediante el instrumento de Plusval\u00eda, en este proyecto de agua potable se est\u00e1n instalando 7 kil\u00f3metros de tuber\u00eda de acueducto de 20 pulgadas desde el tanque de Miramar hasta el tanque Zona Industrial, donde se abastecer\u00e1 con 477 litros por segundo. <\/span><\/p>\n<p class=\\\"MsoNormal\\\" style=\\\"text-align: justify;\\\"><span style=\\\"font-size: 12.0pt; line-height: 107%; font-family: \\'Arial\\',sans-serif;\\\">De acuerdo con la gerente del IBAL, Erika Palma, ya el tanque de almacenamiento se encuentra en el izaje del d\u00e9cimo anillo de 12 que se instalan. <\/span><\/p>\n<p class=\\\"MsoNormal\\\" style=\\\"text-align: justify;\\\"><span style=\\\"font-size: 12.0pt; line-height: 107%; font-family: \\'Arial\\',sans-serif;\\\">\\\u00bbHay que mencionar que se trata de una tecnolog\u00eda de vidrio fusionado al acero y con las dimensiones de 22 metros de alto con 29 metros de di\u00e1metro, la cual ser\u00e1 terminada y culminada con la instalaci\u00f3n de esa tuber\u00eda en diciembre; pero adicional a eso, ser\u00e1 terminado el tanque de almacenamiento en la segunda semana de noviembre y posterior a eso vamos a darle la conectividad al tanque Mirolindo\\\u00bb, acot\u00f3 Palma. <\/span><\/p>\n<p class=\\\"MsoNormal\\\" style=\\\"text-align: justify;\\\"><span style=\\\"font-size: 12.0pt; line-height: 107%; font-family: \\'Arial\\',sans-serif;\\\">Asimismo, se adecuar\u00e1n las obras civiles que comprenden la tuber\u00eda de ingreso y salida de agua, las cajas de las v\u00e1lvulas, los cerramientos, los andenes, los drenajes, y sus respectivos accesorios.<\/span><\/p>\n<p class=\\\"MsoNormal\\\" style=\\\"text-align: justify;\\\"><span style=\\\"font-size: 12.0pt; line-height: 107%; font-family: \\'Arial\\',sans-serif;\\\">Finalmente, Edgar Efr\u00e9n Murillo, l\u00edder de Villa Caf\u00e9, expres\u00f3: \\\u00bbYa hace 30 a\u00f1os vivo en Villa Caf\u00e9, y pr\u00e1cticamente hace por lo menos unos 20 a\u00f1os que el servicio siempre ha sido hasta mediod\u00eda, ya despu\u00e9s del mediod\u00eda pues ya nos toca usar tanques de almacenamiento, y hasta por la noche volvemos a tener el servicio de agua directamente de la red; obviamente este proyecto es algo fant\u00e1stico porque nos va a garantizar de ahora en adelante un servicio completamente permanente durante las 24 horas del d\u00eda\\\u00bb.<\/span><\/p>\n","protected":false},"excerpt":{"rendered":"<p>La construcci\u00f3n de la infraestructura ya supera el 80% de ejecuci\u00f3n. tanque de almacenamiento se encuentra en el izaje del [&hellip;]<\/p>\n","protected":false},"author":1,"featured_media":0,"comment_status":"open","ping_status":"open","sticky":false,"template":"","format":"standard","meta":{"site-sidebar-layout":"default","site-content-layout":"","ast-site-content-layout":"default","site-content-style":"default","site-sidebar-style":"default","ast-global-header-display":"","ast-banner-title-visibility":"","ast-main-header-display":"","ast-hfb-above-header-display":"","ast-hfb-below-header-display":"","ast-hfb-mobile-header-display":"","site-post-title":"","ast-breadcrumbs-content":"","ast-featured-img":"","footer-sml-layout":"","ast-disable-related-posts":"","theme-transparent-header-meta":"","adv-header-id-meta":"","stick-header-meta":"","header-above-stick-meta":"","header-main-stick-meta":"","header-below-stick-meta":"","astra-migrate-meta-layouts":"default","ast-page-background-enabled":"default","ast-page-background-meta":{"desktop":{"background-color":"var(--ast-global-color-4)","background-image":"","background-repeat":"repeat","background-position":"center center","background-size":"auto","background-attachment":"scroll","background-type":"","background-media":"","overlay-type":"","overlay-color":"","overlay-opacity":"","overlay-gradient":""},"tablet":{"background-color":"","background-image":"","background-repeat":"repeat","background-position":"center center","background-size":"auto","background-attachment":"scroll","background-type":"","background-media":"","overlay-type":"","overlay-color":"","overlay-opacity":"","overlay-gradient":""},"mobile":{"background-color":"","background-image":"","background-repeat":"repeat","background-position":"center center","background-size":"auto","background-attachment":"scroll","background-type":"","background-media":"","overlay-type":"","overlay-color":"","overlay-opacity":"","overlay-gradient":""}},"ast-content-background-meta":{"desktop":{"background-color":"var(--ast-global-color-5)","background-image":"","background-repeat":"repeat","background-position":"center center","background-size":"auto","background-attachment":"scroll","background-type":"","background-media":"","overlay-type":"","overlay-color":"","overlay-opacity":"","overlay-gradient":""},"tablet":{"background-color":"var(--ast-global-color-5)","background-image":"","background-repeat":"repeat","background-position":"center center","background-size":"auto","background-attachment":"scroll","background-type":"","background-media":"","overlay-type":"","overlay-color":"","overlay-opacity":"","overlay-gradient":""},"mobile":{"background-color":"var(--ast-global-color-5)","background-image":"","background-repeat":"repeat","background-position":"center center","background-size":"auto","background-attachment":"scroll","background-type":"","background-media":"","overlay-type":"","overlay-color":"","overlay-opacity":"","overlay-gradient":""}},"footnotes":""},"categories":[19],"tags":[],"class_list":["post-10784","post","type-post","status-publish","format-standard","hentry","category-ibague"],"yoast_head":"<!-- This site is optimized with the Yoast SEO plugin v27.4 - https:\/\/yoast.com\/product\/yoast-seo-wordpress\/ -->\n<title>El tanque de la zona Industrial ser\u00e1 la soluci\u00f3n al problema de agua de la comuna 9 de Ibagu\u00e9 - El Confesionario<\/title>\n<meta name=\"robots\" content=\"index, follow, max-snippet:-1, max-image-preview:large, max-video-preview:-1\" \/>\n<link rel=\"canonical\" href=\"https:\/\/confesionario.co\/w\/el-tanque-de-la-zona-industrial-sera-la-solucion-al-problema-de-agua-de-la-comuna-9-de-ibague\/\" \/>\n<meta property=\"og:locale\" content=\"es_ES\" \/>\n<meta property=\"og:type\" content=\"article\" \/>\n<meta property=\"og:title\" content=\"El tanque de la zona Industrial ser\u00e1 la soluci\u00f3n al problema de agua de la comuna 9 de Ibagu\u00e9 - El Confesionario\" \/>\n<meta property=\"og:description\" content=\"La construcci\u00f3n de la infraestructura ya supera el 80% de ejecuci\u00f3n. tanque de almacenamiento se encuentra en el izaje del [&hellip;]\" \/>\n<meta property=\"og:url\" content=\"https:\/\/confesionario.co\/w\/el-tanque-de-la-zona-industrial-sera-la-solucion-al-problema-de-agua-de-la-comuna-9-de-ibague\/\" \/>\n<meta property=\"og:site_name\" content=\"El Confesionario\" \/>\n<meta property=\"article:published_time\" content=\"2023-10-26T16:57:38+00:00\" \/>\n<meta name=\"author\" content=\"admin\" \/>\n<meta name=\"twitter:card\" content=\"summary_large_image\" \/>\n<meta name=\"twitter:label1\" content=\"Escrito por\" \/>\n\t<meta name=\"twitter:data1\" content=\"admin\" \/>\n\t<meta name=\"twitter:label2\" content=\"Tiempo de lectura\" \/>\n\t<meta name=\"twitter:data2\" content=\"3 minutos\" \/>\n<script type=\"application\/ld+json\" class=\"yoast-schema-graph\">{\"@context\":\"https:\\\/\\\/schema.org\",\"@graph\":[{\"@type\":\"Article\",\"@id\":\"https:\\\/\\\/confesionario.co\\\/w\\\/el-tanque-de-la-zona-industrial-sera-la-solucion-al-problema-de-agua-de-la-comuna-9-de-ibague\\\/#article\",\"isPartOf\":{\"@id\":\"https:\\\/\\\/confesionario.co\\\/w\\\/el-tanque-de-la-zona-industrial-sera-la-solucion-al-problema-de-agua-de-la-comuna-9-de-ibague\\\/\"},\"author\":{\"name\":\"admin\",\"@id\":\"https:\\\/\\\/confesionario.co\\\/w\\\/#\\\/schema\\\/person\\\/85e99333497749318afab96ea0cc2342\"},\"headline\":\"El tanque de la zona Industrial ser\u00e1 la soluci\u00f3n al problema de agua de la comuna 9 de Ibagu\u00e9\",\"datePublished\":\"2023-10-26T16:57:38+00:00\",\"mainEntityOfPage\":{\"@id\":\"https:\\\/\\\/confesionario.co\\\/w\\\/el-tanque-de-la-zona-industrial-sera-la-solucion-al-problema-de-agua-de-la-comuna-9-de-ibague\\\/\"},\"wordCount\":528,\"commentCount\":0,\"publisher\":{\"@id\":\"https:\\\/\\\/confesionario.co\\\/w\\\/#organization\"},\"articleSection\":[\"Ibagu\u00e9\"],\"inLanguage\":\"es\",\"potentialAction\":[{\"@type\":\"CommentAction\",\"name\":\"Comment\",\"target\":[\"https:\\\/\\\/confesionario.co\\\/w\\\/el-tanque-de-la-zona-industrial-sera-la-solucion-al-problema-de-agua-de-la-comuna-9-de-ibague\\\/#respond\"]}]},{\"@type\":\"WebPage\",\"@id\":\"https:\\\/\\\/confesionario.co\\\/w\\\/el-tanque-de-la-zona-industrial-sera-la-solucion-al-problema-de-agua-de-la-comuna-9-de-ibague\\\/\",\"url\":\"https:\\\/\\\/confesionario.co\\\/w\\\/el-tanque-de-la-zona-industrial-sera-la-solucion-al-problema-de-agua-de-la-comuna-9-de-ibague\\\/\",\"name\":\"El tanque de la zona Industrial ser\u00e1 la soluci\u00f3n al problema de agua de la comuna 9 de Ibagu\u00e9 - El Confesionario\",\"isPartOf\":{\"@id\":\"https:\\\/\\\/confesionario.co\\\/w\\\/#website\"},\"datePublished\":\"2023-10-26T16:57:38+00:00\",\"breadcrumb\":{\"@id\":\"https:\\\/\\\/confesionario.co\\\/w\\\/el-tanque-de-la-zona-industrial-sera-la-solucion-al-problema-de-agua-de-la-comuna-9-de-ibague\\\/#breadcrumb\"},\"inLanguage\":\"es\",\"potentialAction\":[{\"@type\":\"ReadAction\",\"target\":[\"https:\\\/\\\/confesionario.co\\\/w\\\/el-tanque-de-la-zona-industrial-sera-la-solucion-al-problema-de-agua-de-la-comuna-9-de-ibague\\\/\"]}]},{\"@type\":\"BreadcrumbList\",\"@id\":\"https:\\\/\\\/confesionario.co\\\/w\\\/el-tanque-de-la-zona-industrial-sera-la-solucion-al-problema-de-agua-de-la-comuna-9-de-ibague\\\/#breadcrumb\",\"itemListElement\":[{\"@type\":\"ListItem\",\"position\":1,\"name\":\"Portada\",\"item\":\"https:\\\/\\\/confesionario.co\\\/w\\\/\"},{\"@type\":\"ListItem\",\"position\":2,\"name\":\"El tanque de la zona Industrial ser\u00e1 la soluci\u00f3n al problema de agua de la comuna 9 de Ibagu\u00e9\"}]},{\"@type\":\"WebSite\",\"@id\":\"https:\\\/\\\/confesionario.co\\\/w\\\/#website\",\"url\":\"https:\\\/\\\/confesionario.co\\\/w\\\/\",\"name\":\"El Confesionario\",\"description\":\"\",\"publisher\":{\"@id\":\"https:\\\/\\\/confesionario.co\\\/w\\\/#organization\"},\"potentialAction\":[{\"@type\":\"SearchAction\",\"target\":{\"@type\":\"EntryPoint\",\"urlTemplate\":\"https:\\\/\\\/confesionario.co\\\/w\\\/?s={search_term_string}\"},\"query-input\":{\"@type\":\"PropertyValueSpecification\",\"valueRequired\":true,\"valueName\":\"search_term_string\"}}],\"inLanguage\":\"es\"},{\"@type\":\"Organization\",\"@id\":\"https:\\\/\\\/confesionario.co\\\/w\\\/#organization\",\"name\":\"El Confesionario\",\"url\":\"https:\\\/\\\/confesionario.co\\\/w\\\/\",\"logo\":{\"@type\":\"ImageObject\",\"inLanguage\":\"es\",\"@id\":\"https:\\\/\\\/confesionario.co\\\/w\\\/#\\\/schema\\\/logo\\\/image\\\/\",\"url\":\"https:\\\/\\\/confesionario.co\\\/w\\\/wp-content\\\/uploads\\\/2026\\\/02\\\/confesionario-horizontal.png\",\"contentUrl\":\"https:\\\/\\\/confesionario.co\\\/w\\\/wp-content\\\/uploads\\\/2026\\\/02\\\/confesionario-horizontal.png\",\"width\":581,\"height\":148,\"caption\":\"El Confesionario\"},\"image\":{\"@id\":\"https:\\\/\\\/confesionario.co\\\/w\\\/#\\\/schema\\\/logo\\\/image\\\/\"}},{\"@type\":\"Person\",\"@id\":\"https:\\\/\\\/confesionario.co\\\/w\\\/#\\\/schema\\\/person\\\/85e99333497749318afab96ea0cc2342\",\"name\":\"admin\",\"image\":{\"@type\":\"ImageObject\",\"inLanguage\":\"es\",\"@id\":\"https:\\\/\\\/secure.gravatar.com\\\/avatar\\\/f3358fe09cfbbfc24265a18ea411b8ee8e54296a50fb17d8acf3cffca66240d2?s=96&d=mm&r=g\",\"url\":\"https:\\\/\\\/secure.gravatar.com\\\/avatar\\\/f3358fe09cfbbfc24265a18ea411b8ee8e54296a50fb17d8acf3cffca66240d2?s=96&d=mm&r=g\",\"contentUrl\":\"https:\\\/\\\/secure.gravatar.com\\\/avatar\\\/f3358fe09cfbbfc24265a18ea411b8ee8e54296a50fb17d8acf3cffca66240d2?s=96&d=mm&r=g\",\"caption\":\"admin\"},\"sameAs\":[\"https:\\\/\\\/elconfesionario.co\\\/w\"],\"url\":\"https:\\\/\\\/confesionario.co\\\/w\\\/author\\\/osabuena\\\/\"}]}<\/script>\n<!-- \/ Yoast SEO plugin. -->","yoast_head_json":{"title":"El tanque de la zona Industrial ser\u00e1 la soluci\u00f3n al problema de agua de la comuna 9 de Ibagu\u00e9 - El Confesionario","robots":{"index":"index","follow":"follow","max-snippet":"max-snippet:-1","max-image-preview":"max-image-preview:large","max-video-preview":"max-video-preview:-1"},"canonical":"https:\/\/confesionario.co\/w\/el-tanque-de-la-zona-industrial-sera-la-solucion-al-problema-de-agua-de-la-comuna-9-de-ibague\/","og_locale":"es_ES","og_type":"article","og_title":"El tanque de la zona Industrial ser\u00e1 la soluci\u00f3n al problema de agua de la comuna 9 de Ibagu\u00e9 - El Confesionario","og_description":"La construcci\u00f3n de la infraestructura ya supera el 80% de ejecuci\u00f3n. tanque de almacenamiento se encuentra en el izaje del [&hellip;]","og_url":"https:\/\/confesionario.co\/w\/el-tanque-de-la-zona-industrial-sera-la-solucion-al-problema-de-agua-de-la-comuna-9-de-ibague\/","og_site_name":"El Confesionario","article_published_time":"2023-10-26T16:57:38+00:00","author":"admin","twitter_card":"summary_large_image","twitter_misc":{"Escrito por":"admin","Tiempo de lectura":"3 minutos"},"schema":{"@context":"https:\/\/schema.org","@graph":[{"@type":"Article","@id":"https:\/\/confesionario.co\/w\/el-tanque-de-la-zona-industrial-sera-la-solucion-al-problema-de-agua-de-la-comuna-9-de-ibague\/#article","isPartOf":{"@id":"https:\/\/confesionario.co\/w\/el-tanque-de-la-zona-industrial-sera-la-solucion-al-problema-de-agua-de-la-comuna-9-de-ibague\/"},"author":{"name":"admin","@id":"https:\/\/confesionario.co\/w\/#\/schema\/person\/85e99333497749318afab96ea0cc2342"},"headline":"El tanque de la zona Industrial ser\u00e1 la soluci\u00f3n al problema de agua de la comuna 9 de Ibagu\u00e9","datePublished":"2023-10-26T16:57:38+00:00","mainEntityOfPage":{"@id":"https:\/\/confesionario.co\/w\/el-tanque-de-la-zona-industrial-sera-la-solucion-al-problema-de-agua-de-la-comuna-9-de-ibague\/"},"wordCount":528,"commentCount":0,"publisher":{"@id":"https:\/\/confesionario.co\/w\/#organization"},"articleSection":["Ibagu\u00e9"],"inLanguage":"es","potentialAction":[{"@type":"CommentAction","name":"Comment","target":["https:\/\/confesionario.co\/w\/el-tanque-de-la-zona-industrial-sera-la-solucion-al-problema-de-agua-de-la-comuna-9-de-ibague\/#respond"]}]},{"@type":"WebPage","@id":"https:\/\/confesionario.co\/w\/el-tanque-de-la-zona-industrial-sera-la-solucion-al-problema-de-agua-de-la-comuna-9-de-ibague\/","url":"https:\/\/confesionario.co\/w\/el-tanque-de-la-zona-industrial-sera-la-solucion-al-problema-de-agua-de-la-comuna-9-de-ibague\/","name":"El tanque de la zona Industrial ser\u00e1 la soluci\u00f3n al problema de agua de la comuna 9 de Ibagu\u00e9 - El Confesionario","isPartOf":{"@id":"https:\/\/confesionario.co\/w\/#website"},"datePublished":"2023-10-26T16:57:38+00:00","breadcrumb":{"@id":"https:\/\/confesionario.co\/w\/el-tanque-de-la-zona-industrial-sera-la-solucion-al-problema-de-agua-de-la-comuna-9-de-ibague\/#breadcrumb"},"inLanguage":"es","potentialAction":[{"@type":"ReadAction","target":["https:\/\/confesionario.co\/w\/el-tanque-de-la-zona-industrial-sera-la-solucion-al-problema-de-agua-de-la-comuna-9-de-ibague\/"]}]},{"@type":"BreadcrumbList","@id":"https:\/\/confesionario.co\/w\/el-tanque-de-la-zona-industrial-sera-la-solucion-al-problema-de-agua-de-la-comuna-9-de-ibague\/#breadcrumb","itemListElement":[{"@type":"ListItem","position":1,"name":"Portada","item":"https:\/\/confesionario.co\/w\/"},{"@type":"ListItem","position":2,"name":"El tanque de la zona Industrial ser\u00e1 la soluci\u00f3n al problema de agua de la comuna 9 de Ibagu\u00e9"}]},{"@type":"WebSite","@id":"https:\/\/confesionario.co\/w\/#website","url":"https:\/\/confesionario.co\/w\/","name":"El Confesionario","description":"","publisher":{"@id":"https:\/\/confesionario.co\/w\/#organization"},"potentialAction":[{"@type":"SearchAction","target":{"@type":"EntryPoint","urlTemplate":"https:\/\/confesionario.co\/w\/?s={search_term_string}"},"query-input":{"@type":"PropertyValueSpecification","valueRequired":true,"valueName":"search_term_string"}}],"inLanguage":"es"},{"@type":"Organization","@id":"https:\/\/confesionario.co\/w\/#organization","name":"El Confesionario","url":"https:\/\/confesionario.co\/w\/","logo":{"@type":"ImageObject","inLanguage":"es","@id":"https:\/\/confesionario.co\/w\/#\/schema\/logo\/image\/","url":"https:\/\/confesionario.co\/w\/wp-content\/uploads\/2026\/02\/confesionario-horizontal.png","contentUrl":"https:\/\/confesionario.co\/w\/wp-content\/uploads\/2026\/02\/confesionario-horizontal.png","width":581,"height":148,"caption":"El Confesionario"},"image":{"@id":"https:\/\/confesionario.co\/w\/#\/schema\/logo\/image\/"}},{"@type":"Person","@id":"https:\/\/confesionario.co\/w\/#\/schema\/person\/85e99333497749318afab96ea0cc2342","name":"admin","image":{"@type":"ImageObject","inLanguage":"es","@id":"https:\/\/secure.gravatar.com\/avatar\/f3358fe09cfbbfc24265a18ea411b8ee8e54296a50fb17d8acf3cffca66240d2?s=96&d=mm&r=g","url":"https:\/\/secure.gravatar.com\/avatar\/f3358fe09cfbbfc24265a18ea411b8ee8e54296a50fb17d8acf3cffca66240d2?s=96&d=mm&r=g","contentUrl":"https:\/\/secure.gravatar.com\/avatar\/f3358fe09cfbbfc24265a18ea411b8ee8e54296a50fb17d8acf3cffca66240d2?s=96&d=mm&r=g","caption":"admin"},"sameAs":["https:\/\/elconfesionario.co\/w"],"url":"https:\/\/confesionario.co\/w\/author\/osabuena\/"}]}},"jetpack_featured_media_url":"","_links":{"self":[{"href":"https:\/\/confesionario.co\/w\/wp-json\/wp\/v2\/posts\/10784","targetHints":{"allow":["GET"]}}],"collection":[{"href":"https:\/\/confesionario.co\/w\/wp-json\/wp\/v2\/posts"}],"about":[{"href":"https:\/\/confesionario.co\/w\/wp-json\/wp\/v2\/types\/post"}],"author":[{"embeddable":true,"href":"https:\/\/confesionario.co\/w\/wp-json\/wp\/v2\/users\/1"}],"replies":[{"embeddable":true,"href":"https:\/\/confesionario.co\/w\/wp-json\/wp\/v2\/comments?post=10784"}],"version-history":[{"count":0,"href":"https:\/\/confesionario.co\/w\/wp-json\/wp\/v2\/posts\/10784\/revisions"}],"wp:attachment":[{"href":"https:\/\/confesionario.co\/w\/wp-json\/wp\/v2\/media?parent=10784"}],"wp:term":[{"taxonomy":"category","embeddable":true,"href":"https:\/\/confesionario.co\/w\/wp-json\/wp\/v2\/categories?post=10784"},{"taxonomy":"post_tag","embeddable":true,"href":"https:\/\/confesionario.co\/w\/wp-json\/wp\/v2\/tags?post=10784"}],"curies":[{"name":"wp","href":"https:\/\/api.w.org\/{rel}","templated":true}]}}