{"id":10786,"date":"2023-10-27T11:35:27","date_gmt":"2023-10-27T11:35:27","guid":{"rendered":"https:\/\/confesionario.co\/w\/la-alcaldia-de-ibague-es-la-tercera-administracion-con-mejor-desempeno-institucional-del-pais\/"},"modified":"2023-10-27T11:35:27","modified_gmt":"2023-10-27T11:35:27","slug":"la-alcaldia-de-ibague-es-la-tercera-administracion-con-mejor-desempeno-institucional-del-pais","status":"publish","type":"post","link":"https:\/\/confesionario.co\/w\/la-alcaldia-de-ibague-es-la-tercera-administracion-con-mejor-desempeno-institucional-del-pais\/","title":{"rendered":"La Alcald\u00eda de Ibagu\u00e9, es la tercera administraci\u00f3n con mejor desempe\u00f1o institucional del pa\u00eds"},"content":{"rendered":"<p class=\\\"MsoNormal\\\" style=\\\"text-align: justify;\\\"><span style=\\\"font-size: 12.0pt; line-height: 107%; font-family: \\'Arial\\',sans-serif;\\\">El puntaje obtenido en el \u00cdndice de Desempe\u00f1o Institucional deja a la Capital Musical por encima de ciudades principales como Medell\u00edn.<\/span><\/p>\n<p><!--more--><\/p>\n<p class=\\\"MsoNormal\\\" style=\\\"text-align: justify;\\\"><span style=\\\"font-size: 12.0pt; line-height: 107%; font-family: \\'Arial\\',sans-serif;\\\">La Alcald\u00eda de Ibagu\u00e9 es la tercera ciudad capital del pa\u00eds con el mejor \u00cdndice de Desempe\u00f1o Institucional, seg\u00fan medici\u00f3n anual que realiza el Gobierno Nacional, de acuerdo a lo reportado en el Formulario \u00danico de Reporte de Avance a la Gesti\u00f3n, Furag, para la vigencia del a\u00f1o 2022.<\/span><\/p>\n<p class=\\\"MsoNormal\\\" style=\\\"text-align: justify;\\\"><span style=\\\"font-size: 12.0pt; line-height: 107%; font-family: \\'Arial\\',sans-serif;\\\">La Capital Musical se queda en el honroso tercer lugar con 86.4 puntos, despu\u00e9s de Bucaramanga con 93.6 y Bogot\u00e1 con 93.8, y por encima de Medell\u00edn que obtuvo 86 puntos.<\/span><\/p>\n<p class=\\\"MsoNormal\\\" style=\\\"text-align: justify;\\\"><span style=\\\"font-size: 12.0pt; line-height: 107%; font-family: \\'Arial\\',sans-serif;\\\">\u201cHoy recibimos con gran satisfacci\u00f3n el resultado de nuestro reporte de avance a la gesti\u00f3n, el cual es una herramienta en l\u00ednea, para el monitoreo, la evaluaci\u00f3n y control de los resultados institucionales y sectoriales de la funci\u00f3n p\u00fablica, lo cual nos permite establecer que Ibagu\u00e9 se encuentra por encima de los est\u00e1ndares nacionales y que nos confirma que hicimos las cosas bien\u201d, expres\u00f3 Leandro Vera, secretario de Planeaci\u00f3n Municipal.<\/span><\/p>\n<p class=\\\"MsoNormal\\\" style=\\\"text-align: justify;\\\"><span style=\\\"font-size: 12.0pt; line-height: 107%; font-family: \\'Arial\\',sans-serif;\\\">Y agreg\u00f3: \\\u00bbDejamos a Ibagu\u00e9 como una de las ciudades pioneras en gesti\u00f3n institucional del pa\u00eds, demostrando que lo m\u00e1s importante para nuestra administraci\u00f3n es la atenci\u00f3n y el servicio hacia los ibaguere\u00f1os Es importante resaltar que este triunfo se debe al trabajo del personal directivo y operativo que lidera cada una de las 19 pol\u00edticas del Modelo Integrado de Planeaci\u00f3n y Gesti\u00f3n, MIPG, de nuestro gobierno, que fueron evaluadas con los mejores est\u00e1ndares y rigurosidad y felicitamos al se\u00f1or alcalde por ser la cabeza visible de este proceso\u201d.<\/span><\/p>\n<p class=\\\"MsoNormal\\\" style=\\\"text-align: justify;\\\"><span style=\\\"font-size: 12.0pt; line-height: 107%; font-family: \\'Arial\\',sans-serif;\\\">Es de destacar, que durante los \u00faltimos tres a\u00f1os la Capital Musical ha obtenido el tercer lugar en esta medici\u00f3n, entre las entidades p\u00fablicas del orden territorial. <\/span><\/p>\n<p class=\\\"MsoNormal\\\" style=\\\"text-align: justify;\\\"><span style=\\\"font-size: 12.0pt; line-height: 107%; font-family: \\'Arial\\',sans-serif;\\\">En dicha medici\u00f3n, se eval\u00faa la gesti\u00f3n de las entidades para el logro de metas institucionales y las necesidades de los grupos de valor, as\u00ed como las herramientas de control que permiten medir el nivel de logro de dichos resultados.<\/span><\/p>\n<p class=\\\"MsoNormal\\\" style=\\\"text-align: justify;\\\"><span style=\\\"font-size: 12.0pt; line-height: 107%; font-family: \\'Arial\\',sans-serif;\\\">En esta oportunidad, Ibagu\u00e9 se destac\u00f3 principalmente por la implementaci\u00f3n de pol\u00edticas de planeaci\u00f3n institucional, control interno y fortalecimiento organizacional y simplificaci\u00f3n de procesos, entre otras.<\/span><\/p>\n","protected":false},"excerpt":{"rendered":"<p>El puntaje obtenido en el \u00cdndice de Desempe\u00f1o Institucional deja a la Capital Musical por encima de ciudades principales como [&hellip;]<\/p>\n","protected":false},"author":1,"featured_media":0,"comment_status":"open","ping_status":"open","sticky":false,"template":"","format":"standard","meta":{"site-sidebar-layout":"default","site-content-layout":"","ast-site-content-layout":"default","site-content-style":"default","site-sidebar-style":"default","ast-global-header-display":"","ast-banner-title-visibility":"","ast-main-header-display":"","ast-hfb-above-header-display":"","ast-hfb-below-header-display":"","ast-hfb-mobile-header-display":"","site-post-title":"","ast-breadcrumbs-content":"","ast-featured-img":"","footer-sml-layout":"","ast-disable-related-posts":"","theme-transparent-header-meta":"","adv-header-id-meta":"","stick-header-meta":"","header-above-stick-meta":"","header-main-stick-meta":"","header-below-stick-meta":"","astra-migrate-meta-layouts":"default","ast-page-background-enabled":"default","ast-page-background-meta":{"desktop":{"background-color":"var(--ast-global-color-4)","background-image":"","background-repeat":"repeat","background-position":"center center","background-size":"auto","background-attachment":"scroll","background-type":"","background-media":"","overlay-type":"","overlay-color":"","overlay-opacity":"","overlay-gradient":""},"tablet":{"background-color":"","background-image":"","background-repeat":"repeat","background-position":"center center","background-size":"auto","background-attachment":"scroll","background-type":"","background-media":"","overlay-type":"","overlay-color":"","overlay-opacity":"","overlay-gradient":""},"mobile":{"background-color":"","background-image":"","background-repeat":"repeat","background-position":"center center","background-size":"auto","background-attachment":"scroll","background-type":"","background-media":"","overlay-type":"","overlay-color":"","overlay-opacity":"","overlay-gradient":""}},"ast-content-background-meta":{"desktop":{"background-color":"var(--ast-global-color-5)","background-image":"","background-repeat":"repeat","background-position":"center center","background-size":"auto","background-attachment":"scroll","background-type":"","background-media":"","overlay-type":"","overlay-color":"","overlay-opacity":"","overlay-gradient":""},"tablet":{"background-color":"var(--ast-global-color-5)","background-image":"","background-repeat":"repeat","background-position":"center center","background-size":"auto","background-attachment":"scroll","background-type":"","background-media":"","overlay-type":"","overlay-color":"","overlay-opacity":"","overlay-gradient":""},"mobile":{"background-color":"var(--ast-global-color-5)","background-image":"","background-repeat":"repeat","background-position":"center center","background-size":"auto","background-attachment":"scroll","background-type":"","background-media":"","overlay-type":"","overlay-color":"","overlay-opacity":"","overlay-gradient":""}},"footnotes":""},"categories":[19],"tags":[],"class_list":["post-10786","post","type-post","status-publish","format-standard","hentry","category-ibague"],"yoast_head":"<!-- This site is optimized with the Yoast SEO plugin v27.4 - https:\/\/yoast.com\/product\/yoast-seo-wordpress\/ -->\n<title>La Alcald\u00eda de Ibagu\u00e9, es la tercera administraci\u00f3n con mejor desempe\u00f1o institucional del pa\u00eds - El Confesionario<\/title>\n<meta name=\"robots\" content=\"index, follow, max-snippet:-1, max-image-preview:large, max-video-preview:-1\" \/>\n<link rel=\"canonical\" href=\"https:\/\/confesionario.co\/w\/la-alcaldia-de-ibague-es-la-tercera-administracion-con-mejor-desempeno-institucional-del-pais\/\" \/>\n<meta property=\"og:locale\" content=\"es_ES\" \/>\n<meta property=\"og:type\" content=\"article\" \/>\n<meta property=\"og:title\" content=\"La Alcald\u00eda de Ibagu\u00e9, es la tercera administraci\u00f3n con mejor desempe\u00f1o institucional del pa\u00eds - El Confesionario\" \/>\n<meta property=\"og:description\" content=\"El puntaje obtenido en el \u00cdndice de Desempe\u00f1o Institucional deja a la Capital Musical por encima de ciudades principales como [&hellip;]\" \/>\n<meta property=\"og:url\" content=\"https:\/\/confesionario.co\/w\/la-alcaldia-de-ibague-es-la-tercera-administracion-con-mejor-desempeno-institucional-del-pais\/\" \/>\n<meta property=\"og:site_name\" content=\"El Confesionario\" \/>\n<meta property=\"article:published_time\" content=\"2023-10-27T11:35:27+00:00\" \/>\n<meta name=\"author\" content=\"admin\" \/>\n<meta name=\"twitter:card\" content=\"summary_large_image\" \/>\n<meta name=\"twitter:label1\" content=\"Escrito por\" \/>\n\t<meta name=\"twitter:data1\" content=\"admin\" \/>\n\t<meta name=\"twitter:label2\" content=\"Tiempo de lectura\" \/>\n\t<meta name=\"twitter:data2\" content=\"2 minutos\" \/>\n<script type=\"application\/ld+json\" class=\"yoast-schema-graph\">{\"@context\":\"https:\\\/\\\/schema.org\",\"@graph\":[{\"@type\":\"Article\",\"@id\":\"https:\\\/\\\/confesionario.co\\\/w\\\/la-alcaldia-de-ibague-es-la-tercera-administracion-con-mejor-desempeno-institucional-del-pais\\\/#article\",\"isPartOf\":{\"@id\":\"https:\\\/\\\/confesionario.co\\\/w\\\/la-alcaldia-de-ibague-es-la-tercera-administracion-con-mejor-desempeno-institucional-del-pais\\\/\"},\"author\":{\"name\":\"admin\",\"@id\":\"https:\\\/\\\/confesionario.co\\\/w\\\/#\\\/schema\\\/person\\\/85e99333497749318afab96ea0cc2342\"},\"headline\":\"La Alcald\u00eda de Ibagu\u00e9, es la tercera administraci\u00f3n con mejor desempe\u00f1o institucional del pa\u00eds\",\"datePublished\":\"2023-10-27T11:35:27+00:00\",\"mainEntityOfPage\":{\"@id\":\"https:\\\/\\\/confesionario.co\\\/w\\\/la-alcaldia-de-ibague-es-la-tercera-administracion-con-mejor-desempeno-institucional-del-pais\\\/\"},\"wordCount\":405,\"commentCount\":0,\"publisher\":{\"@id\":\"https:\\\/\\\/confesionario.co\\\/w\\\/#organization\"},\"articleSection\":[\"Ibagu\u00e9\"],\"inLanguage\":\"es\",\"potentialAction\":[{\"@type\":\"CommentAction\",\"name\":\"Comment\",\"target\":[\"https:\\\/\\\/confesionario.co\\\/w\\\/la-alcaldia-de-ibague-es-la-tercera-administracion-con-mejor-desempeno-institucional-del-pais\\\/#respond\"]}]},{\"@type\":\"WebPage\",\"@id\":\"https:\\\/\\\/confesionario.co\\\/w\\\/la-alcaldia-de-ibague-es-la-tercera-administracion-con-mejor-desempeno-institucional-del-pais\\\/\",\"url\":\"https:\\\/\\\/confesionario.co\\\/w\\\/la-alcaldia-de-ibague-es-la-tercera-administracion-con-mejor-desempeno-institucional-del-pais\\\/\",\"name\":\"La Alcald\u00eda de Ibagu\u00e9, es la tercera administraci\u00f3n con mejor desempe\u00f1o institucional del pa\u00eds - El Confesionario\",\"isPartOf\":{\"@id\":\"https:\\\/\\\/confesionario.co\\\/w\\\/#website\"},\"datePublished\":\"2023-10-27T11:35:27+00:00\",\"breadcrumb\":{\"@id\":\"https:\\\/\\\/confesionario.co\\\/w\\\/la-alcaldia-de-ibague-es-la-tercera-administracion-con-mejor-desempeno-institucional-del-pais\\\/#breadcrumb\"},\"inLanguage\":\"es\",\"potentialAction\":[{\"@type\":\"ReadAction\",\"target\":[\"https:\\\/\\\/confesionario.co\\\/w\\\/la-alcaldia-de-ibague-es-la-tercera-administracion-con-mejor-desempeno-institucional-del-pais\\\/\"]}]},{\"@type\":\"BreadcrumbList\",\"@id\":\"https:\\\/\\\/confesionario.co\\\/w\\\/la-alcaldia-de-ibague-es-la-tercera-administracion-con-mejor-desempeno-institucional-del-pais\\\/#breadcrumb\",\"itemListElement\":[{\"@type\":\"ListItem\",\"position\":1,\"name\":\"Portada\",\"item\":\"https:\\\/\\\/confesionario.co\\\/w\\\/\"},{\"@type\":\"ListItem\",\"position\":2,\"name\":\"La Alcald\u00eda de Ibagu\u00e9, es la tercera administraci\u00f3n con mejor desempe\u00f1o institucional del pa\u00eds\"}]},{\"@type\":\"WebSite\",\"@id\":\"https:\\\/\\\/confesionario.co\\\/w\\\/#website\",\"url\":\"https:\\\/\\\/confesionario.co\\\/w\\\/\",\"name\":\"El Confesionario\",\"description\":\"\",\"publisher\":{\"@id\":\"https:\\\/\\\/confesionario.co\\\/w\\\/#organization\"},\"potentialAction\":[{\"@type\":\"SearchAction\",\"target\":{\"@type\":\"EntryPoint\",\"urlTemplate\":\"https:\\\/\\\/confesionario.co\\\/w\\\/?s={search_term_string}\"},\"query-input\":{\"@type\":\"PropertyValueSpecification\",\"valueRequired\":true,\"valueName\":\"search_term_string\"}}],\"inLanguage\":\"es\"},{\"@type\":\"Organization\",\"@id\":\"https:\\\/\\\/confesionario.co\\\/w\\\/#organization\",\"name\":\"El Confesionario\",\"url\":\"https:\\\/\\\/confesionario.co\\\/w\\\/\",\"logo\":{\"@type\":\"ImageObject\",\"inLanguage\":\"es\",\"@id\":\"https:\\\/\\\/confesionario.co\\\/w\\\/#\\\/schema\\\/logo\\\/image\\\/\",\"url\":\"https:\\\/\\\/confesionario.co\\\/w\\\/wp-content\\\/uploads\\\/2026\\\/02\\\/confesionario-horizontal.png\",\"contentUrl\":\"https:\\\/\\\/confesionario.co\\\/w\\\/wp-content\\\/uploads\\\/2026\\\/02\\\/confesionario-horizontal.png\",\"width\":581,\"height\":148,\"caption\":\"El Confesionario\"},\"image\":{\"@id\":\"https:\\\/\\\/confesionario.co\\\/w\\\/#\\\/schema\\\/logo\\\/image\\\/\"}},{\"@type\":\"Person\",\"@id\":\"https:\\\/\\\/confesionario.co\\\/w\\\/#\\\/schema\\\/person\\\/85e99333497749318afab96ea0cc2342\",\"name\":\"admin\",\"image\":{\"@type\":\"ImageObject\",\"inLanguage\":\"es\",\"@id\":\"https:\\\/\\\/secure.gravatar.com\\\/avatar\\\/f3358fe09cfbbfc24265a18ea411b8ee8e54296a50fb17d8acf3cffca66240d2?s=96&d=mm&r=g\",\"url\":\"https:\\\/\\\/secure.gravatar.com\\\/avatar\\\/f3358fe09cfbbfc24265a18ea411b8ee8e54296a50fb17d8acf3cffca66240d2?s=96&d=mm&r=g\",\"contentUrl\":\"https:\\\/\\\/secure.gravatar.com\\\/avatar\\\/f3358fe09cfbbfc24265a18ea411b8ee8e54296a50fb17d8acf3cffca66240d2?s=96&d=mm&r=g\",\"caption\":\"admin\"},\"sameAs\":[\"https:\\\/\\\/elconfesionario.co\\\/w\"],\"url\":\"https:\\\/\\\/confesionario.co\\\/w\\\/author\\\/osabuena\\\/\"}]}<\/script>\n<!-- \/ Yoast SEO plugin. -->","yoast_head_json":{"title":"La Alcald\u00eda de Ibagu\u00e9, es la tercera administraci\u00f3n con mejor desempe\u00f1o institucional del pa\u00eds - El Confesionario","robots":{"index":"index","follow":"follow","max-snippet":"max-snippet:-1","max-image-preview":"max-image-preview:large","max-video-preview":"max-video-preview:-1"},"canonical":"https:\/\/confesionario.co\/w\/la-alcaldia-de-ibague-es-la-tercera-administracion-con-mejor-desempeno-institucional-del-pais\/","og_locale":"es_ES","og_type":"article","og_title":"La Alcald\u00eda de Ibagu\u00e9, es la tercera administraci\u00f3n con mejor desempe\u00f1o institucional del pa\u00eds - El Confesionario","og_description":"El puntaje obtenido en el \u00cdndice de Desempe\u00f1o Institucional deja a la Capital Musical por encima de ciudades principales como [&hellip;]","og_url":"https:\/\/confesionario.co\/w\/la-alcaldia-de-ibague-es-la-tercera-administracion-con-mejor-desempeno-institucional-del-pais\/","og_site_name":"El Confesionario","article_published_time":"2023-10-27T11:35:27+00:00","author":"admin","twitter_card":"summary_large_image","twitter_misc":{"Escrito por":"admin","Tiempo de lectura":"2 minutos"},"schema":{"@context":"https:\/\/schema.org","@graph":[{"@type":"Article","@id":"https:\/\/confesionario.co\/w\/la-alcaldia-de-ibague-es-la-tercera-administracion-con-mejor-desempeno-institucional-del-pais\/#article","isPartOf":{"@id":"https:\/\/confesionario.co\/w\/la-alcaldia-de-ibague-es-la-tercera-administracion-con-mejor-desempeno-institucional-del-pais\/"},"author":{"name":"admin","@id":"https:\/\/confesionario.co\/w\/#\/schema\/person\/85e99333497749318afab96ea0cc2342"},"headline":"La Alcald\u00eda de Ibagu\u00e9, es la tercera administraci\u00f3n con mejor desempe\u00f1o institucional del pa\u00eds","datePublished":"2023-10-27T11:35:27+00:00","mainEntityOfPage":{"@id":"https:\/\/confesionario.co\/w\/la-alcaldia-de-ibague-es-la-tercera-administracion-con-mejor-desempeno-institucional-del-pais\/"},"wordCount":405,"commentCount":0,"publisher":{"@id":"https:\/\/confesionario.co\/w\/#organization"},"articleSection":["Ibagu\u00e9"],"inLanguage":"es","potentialAction":[{"@type":"CommentAction","name":"Comment","target":["https:\/\/confesionario.co\/w\/la-alcaldia-de-ibague-es-la-tercera-administracion-con-mejor-desempeno-institucional-del-pais\/#respond"]}]},{"@type":"WebPage","@id":"https:\/\/confesionario.co\/w\/la-alcaldia-de-ibague-es-la-tercera-administracion-con-mejor-desempeno-institucional-del-pais\/","url":"https:\/\/confesionario.co\/w\/la-alcaldia-de-ibague-es-la-tercera-administracion-con-mejor-desempeno-institucional-del-pais\/","name":"La Alcald\u00eda de Ibagu\u00e9, es la tercera administraci\u00f3n con mejor desempe\u00f1o institucional del pa\u00eds - El Confesionario","isPartOf":{"@id":"https:\/\/confesionario.co\/w\/#website"},"datePublished":"2023-10-27T11:35:27+00:00","breadcrumb":{"@id":"https:\/\/confesionario.co\/w\/la-alcaldia-de-ibague-es-la-tercera-administracion-con-mejor-desempeno-institucional-del-pais\/#breadcrumb"},"inLanguage":"es","potentialAction":[{"@type":"ReadAction","target":["https:\/\/confesionario.co\/w\/la-alcaldia-de-ibague-es-la-tercera-administracion-con-mejor-desempeno-institucional-del-pais\/"]}]},{"@type":"BreadcrumbList","@id":"https:\/\/confesionario.co\/w\/la-alcaldia-de-ibague-es-la-tercera-administracion-con-mejor-desempeno-institucional-del-pais\/#breadcrumb","itemListElement":[{"@type":"ListItem","position":1,"name":"Portada","item":"https:\/\/confesionario.co\/w\/"},{"@type":"ListItem","position":2,"name":"La Alcald\u00eda de Ibagu\u00e9, es la tercera administraci\u00f3n con mejor desempe\u00f1o institucional del pa\u00eds"}]},{"@type":"WebSite","@id":"https:\/\/confesionario.co\/w\/#website","url":"https:\/\/confesionario.co\/w\/","name":"El Confesionario","description":"","publisher":{"@id":"https:\/\/confesionario.co\/w\/#organization"},"potentialAction":[{"@type":"SearchAction","target":{"@type":"EntryPoint","urlTemplate":"https:\/\/confesionario.co\/w\/?s={search_term_string}"},"query-input":{"@type":"PropertyValueSpecification","valueRequired":true,"valueName":"search_term_string"}}],"inLanguage":"es"},{"@type":"Organization","@id":"https:\/\/confesionario.co\/w\/#organization","name":"El Confesionario","url":"https:\/\/confesionario.co\/w\/","logo":{"@type":"ImageObject","inLanguage":"es","@id":"https:\/\/confesionario.co\/w\/#\/schema\/logo\/image\/","url":"https:\/\/confesionario.co\/w\/wp-content\/uploads\/2026\/02\/confesionario-horizontal.png","contentUrl":"https:\/\/confesionario.co\/w\/wp-content\/uploads\/2026\/02\/confesionario-horizontal.png","width":581,"height":148,"caption":"El Confesionario"},"image":{"@id":"https:\/\/confesionario.co\/w\/#\/schema\/logo\/image\/"}},{"@type":"Person","@id":"https:\/\/confesionario.co\/w\/#\/schema\/person\/85e99333497749318afab96ea0cc2342","name":"admin","image":{"@type":"ImageObject","inLanguage":"es","@id":"https:\/\/secure.gravatar.com\/avatar\/f3358fe09cfbbfc24265a18ea411b8ee8e54296a50fb17d8acf3cffca66240d2?s=96&d=mm&r=g","url":"https:\/\/secure.gravatar.com\/avatar\/f3358fe09cfbbfc24265a18ea411b8ee8e54296a50fb17d8acf3cffca66240d2?s=96&d=mm&r=g","contentUrl":"https:\/\/secure.gravatar.com\/avatar\/f3358fe09cfbbfc24265a18ea411b8ee8e54296a50fb17d8acf3cffca66240d2?s=96&d=mm&r=g","caption":"admin"},"sameAs":["https:\/\/elconfesionario.co\/w"],"url":"https:\/\/confesionario.co\/w\/author\/osabuena\/"}]}},"jetpack_featured_media_url":"","_links":{"self":[{"href":"https:\/\/confesionario.co\/w\/wp-json\/wp\/v2\/posts\/10786","targetHints":{"allow":["GET"]}}],"collection":[{"href":"https:\/\/confesionario.co\/w\/wp-json\/wp\/v2\/posts"}],"about":[{"href":"https:\/\/confesionario.co\/w\/wp-json\/wp\/v2\/types\/post"}],"author":[{"embeddable":true,"href":"https:\/\/confesionario.co\/w\/wp-json\/wp\/v2\/users\/1"}],"replies":[{"embeddable":true,"href":"https:\/\/confesionario.co\/w\/wp-json\/wp\/v2\/comments?post=10786"}],"version-history":[{"count":0,"href":"https:\/\/confesionario.co\/w\/wp-json\/wp\/v2\/posts\/10786\/revisions"}],"wp:attachment":[{"href":"https:\/\/confesionario.co\/w\/wp-json\/wp\/v2\/media?parent=10786"}],"wp:term":[{"taxonomy":"category","embeddable":true,"href":"https:\/\/confesionario.co\/w\/wp-json\/wp\/v2\/categories?post=10786"},{"taxonomy":"post_tag","embeddable":true,"href":"https:\/\/confesionario.co\/w\/wp-json\/wp\/v2\/tags?post=10786"}],"curies":[{"name":"wp","href":"https:\/\/api.w.org\/{rel}","templated":true}]}}