{"id":10788,"date":"2023-10-27T15:04:40","date_gmt":"2023-10-27T15:04:40","guid":{"rendered":"https:\/\/confesionario.co\/w\/xtreme-park-la-musical-un-compromiso-que-se-hizo-realidad-en-ibague\/"},"modified":"2023-10-27T15:04:40","modified_gmt":"2023-10-27T15:04:40","slug":"xtreme-park-la-musical-un-compromiso-que-se-hizo-realidad-en-ibague","status":"publish","type":"post","link":"https:\/\/confesionario.co\/w\/xtreme-park-la-musical-un-compromiso-que-se-hizo-realidad-en-ibague\/","title":{"rendered":"\\&#8217;Xtreme-Park La Musical\u2019, un compromiso que se hizo realidad en Ibagu\u00e9"},"content":{"rendered":"<p style=\\\"text-align: justify;\\\"><span style=\\\"font-size: 12.16px;\\\">El sue\u00f1o de muchos aficionados del deporte a motor se cumpli\u00f3 gracias a la consecuci\u00f3n de este escenario que se seguir\u00e1 fortaleciendo en los pr\u00f3ximos meses.<\/span><\/p>\n<p><!--more--><\/p>\n<p style=\\\"text-align: justify;\\\"><span style=\\\"font-size: 12.16px;\\\">Desde antes de iniciar la Administraci\u00f3n \\&#8217;Ibagu\u00e9 Vibra\\&#8217; se hizo el compromiso con los deportistas amantes a las disciplinas a motor de la Capital Musical en la creaci\u00f3n de un escenario que hoy es una realidad con el \u2019Xtreme-Park La Musical\u2019.<\/span><\/p>\n<p style=\\\"text-align: justify;\\\"><span style=\\\"font-size: 12.16px;\\\">Este complejo cuenta con diferentes fases de construcci\u00f3n, de las cuales ya se han culminado dos y se espera que los mejores pilotos de talla nacional y mundial puedan competir en \u00e9l, para continuar fortaleciendo a Ibagu\u00e9 como la ciudad deportiva de Colombia.<\/span><\/p>\n<p style=\\\"text-align: justify;\\\"><span style=\\\"font-size: 12.16px;\\\">\u201cLa primera etapa era identificar el lote que nos permitiera una recta de cuarto de milla de m\u00e1s de 600 metros, mucho m\u00e1s larga que la de Tocancip\u00e1 (\u2026), y lo segundo fue construir esa pista de motocross que ustedes ya conocen\u201d,_ destac\u00f3 Carlos Jos\u00e9 Corral, gerente de Proyectos Estrat\u00e9gicos de la Alcald\u00eda de Ibagu\u00e9.<\/span><\/p>\n<p style=\\\"text-align: justify;\\\"><span style=\\\"font-size: 12.16px;\\\">Este centro de deportes a motor y eventos m\u00faltiples est\u00e1 ubicado metros m\u00e1s abajo del Parque Deportivo y all\u00ed se cuenta con 15 hect\u00e1reas para la construcci\u00f3n de una locaci\u00f3n de talla internacional, y en la cual ya se dio su apertura con la tercera V\u00e1lida Nacional de Motocross.<\/span><\/p>\n<p style=\\\"text-align: justify;\\\"><span style=\\\"font-size: 12.16px;\\\">\u201cQueremos que este parque deportivo de deportes a motor, sea pionero en el pa\u00eds, realmente estamos muy cerca de poderlo lograr y estamos muy orgullosos de ser parte de esta historia\u201d,_ afirm\u00f3 Juan Sebasti\u00e1n Fonseca, gerente del Imdri.<\/span><\/p>\n<p style=\\\"text-align: justify;\\\"><span style=\\\"font-size: 12.16px;\\\">Por su parte Franklin Osuna Gonz\u00e1lez, vicepresidente de la Federaci\u00f3n Colombiana de Motociclismo, dijo: _\u201cMuy importante este proyecto por parte de la Administraci\u00f3n Municipal, es algo que requiere la ciudad, son muchos los deportistas a motor que hay en la calle, hay que retirarlos y llevarlos a un escenario digno y con las especificaciones t\u00e9cnicas\u201d._<\/span><\/p>\n","protected":false},"excerpt":{"rendered":"<p>El sue\u00f1o de muchos aficionados del deporte a motor se cumpli\u00f3 gracias a la consecuci\u00f3n de este escenario que se [&hellip;]<\/p>\n","protected":false},"author":1,"featured_media":0,"comment_status":"open","ping_status":"open","sticky":false,"template":"","format":"standard","meta":{"site-sidebar-layout":"default","site-content-layout":"","ast-site-content-layout":"default","site-content-style":"default","site-sidebar-style":"default","ast-global-header-display":"","ast-banner-title-visibility":"","ast-main-header-display":"","ast-hfb-above-header-display":"","ast-hfb-below-header-display":"","ast-hfb-mobile-header-display":"","site-post-title":"","ast-breadcrumbs-content":"","ast-featured-img":"","footer-sml-layout":"","ast-disable-related-posts":"","theme-transparent-header-meta":"","adv-header-id-meta":"","stick-header-meta":"","header-above-stick-meta":"","header-main-stick-meta":"","header-below-stick-meta":"","astra-migrate-meta-layouts":"default","ast-page-background-enabled":"default","ast-page-background-meta":{"desktop":{"background-color":"var(--ast-global-color-4)","background-image":"","background-repeat":"repeat","background-position":"center center","background-size":"auto","background-attachment":"scroll","background-type":"","background-media":"","overlay-type":"","overlay-color":"","overlay-opacity":"","overlay-gradient":""},"tablet":{"background-color":"","background-image":"","background-repeat":"repeat","background-position":"center center","background-size":"auto","background-attachment":"scroll","background-type":"","background-media":"","overlay-type":"","overlay-color":"","overlay-opacity":"","overlay-gradient":""},"mobile":{"background-color":"","background-image":"","background-repeat":"repeat","background-position":"center center","background-size":"auto","background-attachment":"scroll","background-type":"","background-media":"","overlay-type":"","overlay-color":"","overlay-opacity":"","overlay-gradient":""}},"ast-content-background-meta":{"desktop":{"background-color":"var(--ast-global-color-5)","background-image":"","background-repeat":"repeat","background-position":"center center","background-size":"auto","background-attachment":"scroll","background-type":"","background-media":"","overlay-type":"","overlay-color":"","overlay-opacity":"","overlay-gradient":""},"tablet":{"background-color":"var(--ast-global-color-5)","background-image":"","background-repeat":"repeat","background-position":"center center","background-size":"auto","background-attachment":"scroll","background-type":"","background-media":"","overlay-type":"","overlay-color":"","overlay-opacity":"","overlay-gradient":""},"mobile":{"background-color":"var(--ast-global-color-5)","background-image":"","background-repeat":"repeat","background-position":"center center","background-size":"auto","background-attachment":"scroll","background-type":"","background-media":"","overlay-type":"","overlay-color":"","overlay-opacity":"","overlay-gradient":""}},"footnotes":""},"categories":[19],"tags":[],"class_list":["post-10788","post","type-post","status-publish","format-standard","hentry","category-ibague"],"yoast_head":"<!-- This site is optimized with the Yoast SEO plugin v27.4 - https:\/\/yoast.com\/product\/yoast-seo-wordpress\/ -->\n<title>\\&#039;Xtreme-Park La Musical\u2019, un compromiso que se hizo realidad en Ibagu\u00e9 - El Confesionario<\/title>\n<meta name=\"robots\" content=\"index, follow, max-snippet:-1, max-image-preview:large, max-video-preview:-1\" \/>\n<link rel=\"canonical\" href=\"https:\/\/confesionario.co\/w\/xtreme-park-la-musical-un-compromiso-que-se-hizo-realidad-en-ibague\/\" \/>\n<meta property=\"og:locale\" content=\"es_ES\" \/>\n<meta property=\"og:type\" content=\"article\" \/>\n<meta property=\"og:title\" content=\"\\&#039;Xtreme-Park La Musical\u2019, un compromiso que se hizo realidad en Ibagu\u00e9 - El Confesionario\" \/>\n<meta property=\"og:description\" content=\"El sue\u00f1o de muchos aficionados del deporte a motor se cumpli\u00f3 gracias a la consecuci\u00f3n de este escenario que se [&hellip;]\" \/>\n<meta property=\"og:url\" content=\"https:\/\/confesionario.co\/w\/xtreme-park-la-musical-un-compromiso-que-se-hizo-realidad-en-ibague\/\" \/>\n<meta property=\"og:site_name\" content=\"El Confesionario\" \/>\n<meta property=\"article:published_time\" content=\"2023-10-27T15:04:40+00:00\" \/>\n<meta name=\"author\" content=\"admin\" \/>\n<meta name=\"twitter:card\" content=\"summary_large_image\" \/>\n<meta name=\"twitter:label1\" content=\"Escrito por\" \/>\n\t<meta name=\"twitter:data1\" content=\"admin\" \/>\n\t<meta name=\"twitter:label2\" content=\"Tiempo de lectura\" \/>\n\t<meta name=\"twitter:data2\" content=\"2 minutos\" \/>\n<script type=\"application\/ld+json\" class=\"yoast-schema-graph\">{\"@context\":\"https:\\\/\\\/schema.org\",\"@graph\":[{\"@type\":\"Article\",\"@id\":\"https:\\\/\\\/confesionario.co\\\/w\\\/xtreme-park-la-musical-un-compromiso-que-se-hizo-realidad-en-ibague\\\/#article\",\"isPartOf\":{\"@id\":\"https:\\\/\\\/confesionario.co\\\/w\\\/xtreme-park-la-musical-un-compromiso-que-se-hizo-realidad-en-ibague\\\/\"},\"author\":{\"name\":\"admin\",\"@id\":\"https:\\\/\\\/confesionario.co\\\/w\\\/#\\\/schema\\\/person\\\/85e99333497749318afab96ea0cc2342\"},\"headline\":\"\\\\&#8217;Xtreme-Park La Musical\u2019, un compromiso que se hizo realidad en Ibagu\u00e9\",\"datePublished\":\"2023-10-27T15:04:40+00:00\",\"mainEntityOfPage\":{\"@id\":\"https:\\\/\\\/confesionario.co\\\/w\\\/xtreme-park-la-musical-un-compromiso-que-se-hizo-realidad-en-ibague\\\/\"},\"wordCount\":337,\"commentCount\":0,\"publisher\":{\"@id\":\"https:\\\/\\\/confesionario.co\\\/w\\\/#organization\"},\"articleSection\":[\"Ibagu\u00e9\"],\"inLanguage\":\"es\",\"potentialAction\":[{\"@type\":\"CommentAction\",\"name\":\"Comment\",\"target\":[\"https:\\\/\\\/confesionario.co\\\/w\\\/xtreme-park-la-musical-un-compromiso-que-se-hizo-realidad-en-ibague\\\/#respond\"]}]},{\"@type\":\"WebPage\",\"@id\":\"https:\\\/\\\/confesionario.co\\\/w\\\/xtreme-park-la-musical-un-compromiso-que-se-hizo-realidad-en-ibague\\\/\",\"url\":\"https:\\\/\\\/confesionario.co\\\/w\\\/xtreme-park-la-musical-un-compromiso-que-se-hizo-realidad-en-ibague\\\/\",\"name\":\"\\\\'Xtreme-Park La Musical\u2019, un compromiso que se hizo realidad en Ibagu\u00e9 - El Confesionario\",\"isPartOf\":{\"@id\":\"https:\\\/\\\/confesionario.co\\\/w\\\/#website\"},\"datePublished\":\"2023-10-27T15:04:40+00:00\",\"breadcrumb\":{\"@id\":\"https:\\\/\\\/confesionario.co\\\/w\\\/xtreme-park-la-musical-un-compromiso-que-se-hizo-realidad-en-ibague\\\/#breadcrumb\"},\"inLanguage\":\"es\",\"potentialAction\":[{\"@type\":\"ReadAction\",\"target\":[\"https:\\\/\\\/confesionario.co\\\/w\\\/xtreme-park-la-musical-un-compromiso-que-se-hizo-realidad-en-ibague\\\/\"]}]},{\"@type\":\"BreadcrumbList\",\"@id\":\"https:\\\/\\\/confesionario.co\\\/w\\\/xtreme-park-la-musical-un-compromiso-que-se-hizo-realidad-en-ibague\\\/#breadcrumb\",\"itemListElement\":[{\"@type\":\"ListItem\",\"position\":1,\"name\":\"Portada\",\"item\":\"https:\\\/\\\/confesionario.co\\\/w\\\/\"},{\"@type\":\"ListItem\",\"position\":2,\"name\":\"\\\\&#8217;Xtreme-Park La Musical\u2019, un compromiso que se hizo realidad en Ibagu\u00e9\"}]},{\"@type\":\"WebSite\",\"@id\":\"https:\\\/\\\/confesionario.co\\\/w\\\/#website\",\"url\":\"https:\\\/\\\/confesionario.co\\\/w\\\/\",\"name\":\"El Confesionario\",\"description\":\"\",\"publisher\":{\"@id\":\"https:\\\/\\\/confesionario.co\\\/w\\\/#organization\"},\"potentialAction\":[{\"@type\":\"SearchAction\",\"target\":{\"@type\":\"EntryPoint\",\"urlTemplate\":\"https:\\\/\\\/confesionario.co\\\/w\\\/?s={search_term_string}\"},\"query-input\":{\"@type\":\"PropertyValueSpecification\",\"valueRequired\":true,\"valueName\":\"search_term_string\"}}],\"inLanguage\":\"es\"},{\"@type\":\"Organization\",\"@id\":\"https:\\\/\\\/confesionario.co\\\/w\\\/#organization\",\"name\":\"El Confesionario\",\"url\":\"https:\\\/\\\/confesionario.co\\\/w\\\/\",\"logo\":{\"@type\":\"ImageObject\",\"inLanguage\":\"es\",\"@id\":\"https:\\\/\\\/confesionario.co\\\/w\\\/#\\\/schema\\\/logo\\\/image\\\/\",\"url\":\"https:\\\/\\\/confesionario.co\\\/w\\\/wp-content\\\/uploads\\\/2026\\\/02\\\/confesionario-horizontal.png\",\"contentUrl\":\"https:\\\/\\\/confesionario.co\\\/w\\\/wp-content\\\/uploads\\\/2026\\\/02\\\/confesionario-horizontal.png\",\"width\":581,\"height\":148,\"caption\":\"El Confesionario\"},\"image\":{\"@id\":\"https:\\\/\\\/confesionario.co\\\/w\\\/#\\\/schema\\\/logo\\\/image\\\/\"}},{\"@type\":\"Person\",\"@id\":\"https:\\\/\\\/confesionario.co\\\/w\\\/#\\\/schema\\\/person\\\/85e99333497749318afab96ea0cc2342\",\"name\":\"admin\",\"image\":{\"@type\":\"ImageObject\",\"inLanguage\":\"es\",\"@id\":\"https:\\\/\\\/secure.gravatar.com\\\/avatar\\\/f3358fe09cfbbfc24265a18ea411b8ee8e54296a50fb17d8acf3cffca66240d2?s=96&d=mm&r=g\",\"url\":\"https:\\\/\\\/secure.gravatar.com\\\/avatar\\\/f3358fe09cfbbfc24265a18ea411b8ee8e54296a50fb17d8acf3cffca66240d2?s=96&d=mm&r=g\",\"contentUrl\":\"https:\\\/\\\/secure.gravatar.com\\\/avatar\\\/f3358fe09cfbbfc24265a18ea411b8ee8e54296a50fb17d8acf3cffca66240d2?s=96&d=mm&r=g\",\"caption\":\"admin\"},\"sameAs\":[\"https:\\\/\\\/elconfesionario.co\\\/w\"],\"url\":\"https:\\\/\\\/confesionario.co\\\/w\\\/author\\\/osabuena\\\/\"}]}<\/script>\n<!-- \/ Yoast SEO plugin. -->","yoast_head_json":{"title":"\\'Xtreme-Park La Musical\u2019, un compromiso que se hizo realidad en Ibagu\u00e9 - El Confesionario","robots":{"index":"index","follow":"follow","max-snippet":"max-snippet:-1","max-image-preview":"max-image-preview:large","max-video-preview":"max-video-preview:-1"},"canonical":"https:\/\/confesionario.co\/w\/xtreme-park-la-musical-un-compromiso-que-se-hizo-realidad-en-ibague\/","og_locale":"es_ES","og_type":"article","og_title":"\\'Xtreme-Park La Musical\u2019, un compromiso que se hizo realidad en Ibagu\u00e9 - El Confesionario","og_description":"El sue\u00f1o de muchos aficionados del deporte a motor se cumpli\u00f3 gracias a la consecuci\u00f3n de este escenario que se [&hellip;]","og_url":"https:\/\/confesionario.co\/w\/xtreme-park-la-musical-un-compromiso-que-se-hizo-realidad-en-ibague\/","og_site_name":"El Confesionario","article_published_time":"2023-10-27T15:04:40+00:00","author":"admin","twitter_card":"summary_large_image","twitter_misc":{"Escrito por":"admin","Tiempo de lectura":"2 minutos"},"schema":{"@context":"https:\/\/schema.org","@graph":[{"@type":"Article","@id":"https:\/\/confesionario.co\/w\/xtreme-park-la-musical-un-compromiso-que-se-hizo-realidad-en-ibague\/#article","isPartOf":{"@id":"https:\/\/confesionario.co\/w\/xtreme-park-la-musical-un-compromiso-que-se-hizo-realidad-en-ibague\/"},"author":{"name":"admin","@id":"https:\/\/confesionario.co\/w\/#\/schema\/person\/85e99333497749318afab96ea0cc2342"},"headline":"\\&#8217;Xtreme-Park La Musical\u2019, un compromiso que se hizo realidad en Ibagu\u00e9","datePublished":"2023-10-27T15:04:40+00:00","mainEntityOfPage":{"@id":"https:\/\/confesionario.co\/w\/xtreme-park-la-musical-un-compromiso-que-se-hizo-realidad-en-ibague\/"},"wordCount":337,"commentCount":0,"publisher":{"@id":"https:\/\/confesionario.co\/w\/#organization"},"articleSection":["Ibagu\u00e9"],"inLanguage":"es","potentialAction":[{"@type":"CommentAction","name":"Comment","target":["https:\/\/confesionario.co\/w\/xtreme-park-la-musical-un-compromiso-que-se-hizo-realidad-en-ibague\/#respond"]}]},{"@type":"WebPage","@id":"https:\/\/confesionario.co\/w\/xtreme-park-la-musical-un-compromiso-que-se-hizo-realidad-en-ibague\/","url":"https:\/\/confesionario.co\/w\/xtreme-park-la-musical-un-compromiso-que-se-hizo-realidad-en-ibague\/","name":"\\'Xtreme-Park La Musical\u2019, un compromiso que se hizo realidad en Ibagu\u00e9 - El Confesionario","isPartOf":{"@id":"https:\/\/confesionario.co\/w\/#website"},"datePublished":"2023-10-27T15:04:40+00:00","breadcrumb":{"@id":"https:\/\/confesionario.co\/w\/xtreme-park-la-musical-un-compromiso-que-se-hizo-realidad-en-ibague\/#breadcrumb"},"inLanguage":"es","potentialAction":[{"@type":"ReadAction","target":["https:\/\/confesionario.co\/w\/xtreme-park-la-musical-un-compromiso-que-se-hizo-realidad-en-ibague\/"]}]},{"@type":"BreadcrumbList","@id":"https:\/\/confesionario.co\/w\/xtreme-park-la-musical-un-compromiso-que-se-hizo-realidad-en-ibague\/#breadcrumb","itemListElement":[{"@type":"ListItem","position":1,"name":"Portada","item":"https:\/\/confesionario.co\/w\/"},{"@type":"ListItem","position":2,"name":"\\&#8217;Xtreme-Park La Musical\u2019, un compromiso que se hizo realidad en Ibagu\u00e9"}]},{"@type":"WebSite","@id":"https:\/\/confesionario.co\/w\/#website","url":"https:\/\/confesionario.co\/w\/","name":"El Confesionario","description":"","publisher":{"@id":"https:\/\/confesionario.co\/w\/#organization"},"potentialAction":[{"@type":"SearchAction","target":{"@type":"EntryPoint","urlTemplate":"https:\/\/confesionario.co\/w\/?s={search_term_string}"},"query-input":{"@type":"PropertyValueSpecification","valueRequired":true,"valueName":"search_term_string"}}],"inLanguage":"es"},{"@type":"Organization","@id":"https:\/\/confesionario.co\/w\/#organization","name":"El Confesionario","url":"https:\/\/confesionario.co\/w\/","logo":{"@type":"ImageObject","inLanguage":"es","@id":"https:\/\/confesionario.co\/w\/#\/schema\/logo\/image\/","url":"https:\/\/confesionario.co\/w\/wp-content\/uploads\/2026\/02\/confesionario-horizontal.png","contentUrl":"https:\/\/confesionario.co\/w\/wp-content\/uploads\/2026\/02\/confesionario-horizontal.png","width":581,"height":148,"caption":"El Confesionario"},"image":{"@id":"https:\/\/confesionario.co\/w\/#\/schema\/logo\/image\/"}},{"@type":"Person","@id":"https:\/\/confesionario.co\/w\/#\/schema\/person\/85e99333497749318afab96ea0cc2342","name":"admin","image":{"@type":"ImageObject","inLanguage":"es","@id":"https:\/\/secure.gravatar.com\/avatar\/f3358fe09cfbbfc24265a18ea411b8ee8e54296a50fb17d8acf3cffca66240d2?s=96&d=mm&r=g","url":"https:\/\/secure.gravatar.com\/avatar\/f3358fe09cfbbfc24265a18ea411b8ee8e54296a50fb17d8acf3cffca66240d2?s=96&d=mm&r=g","contentUrl":"https:\/\/secure.gravatar.com\/avatar\/f3358fe09cfbbfc24265a18ea411b8ee8e54296a50fb17d8acf3cffca66240d2?s=96&d=mm&r=g","caption":"admin"},"sameAs":["https:\/\/elconfesionario.co\/w"],"url":"https:\/\/confesionario.co\/w\/author\/osabuena\/"}]}},"jetpack_featured_media_url":"","_links":{"self":[{"href":"https:\/\/confesionario.co\/w\/wp-json\/wp\/v2\/posts\/10788","targetHints":{"allow":["GET"]}}],"collection":[{"href":"https:\/\/confesionario.co\/w\/wp-json\/wp\/v2\/posts"}],"about":[{"href":"https:\/\/confesionario.co\/w\/wp-json\/wp\/v2\/types\/post"}],"author":[{"embeddable":true,"href":"https:\/\/confesionario.co\/w\/wp-json\/wp\/v2\/users\/1"}],"replies":[{"embeddable":true,"href":"https:\/\/confesionario.co\/w\/wp-json\/wp\/v2\/comments?post=10788"}],"version-history":[{"count":0,"href":"https:\/\/confesionario.co\/w\/wp-json\/wp\/v2\/posts\/10788\/revisions"}],"wp:attachment":[{"href":"https:\/\/confesionario.co\/w\/wp-json\/wp\/v2\/media?parent=10788"}],"wp:term":[{"taxonomy":"category","embeddable":true,"href":"https:\/\/confesionario.co\/w\/wp-json\/wp\/v2\/categories?post=10788"},{"taxonomy":"post_tag","embeddable":true,"href":"https:\/\/confesionario.co\/w\/wp-json\/wp\/v2\/tags?post=10788"}],"curies":[{"name":"wp","href":"https:\/\/api.w.org\/{rel}","templated":true}]}}