{"id":10793,"date":"2023-10-30T21:10:09","date_gmt":"2023-10-30T21:10:09","guid":{"rendered":"https:\/\/confesionario.co\/w\/se-cumplio-el-primer-encuentro-de-empalme-entre-johana-aranda-y-andres-hurtado\/"},"modified":"2023-10-30T21:10:09","modified_gmt":"2023-10-30T21:10:09","slug":"se-cumplio-el-primer-encuentro-de-empalme-entre-johana-aranda-y-andres-hurtado","status":"publish","type":"post","link":"https:\/\/confesionario.co\/w\/se-cumplio-el-primer-encuentro-de-empalme-entre-johana-aranda-y-andres-hurtado\/","title":{"rendered":"Se cumpli\u00f3 el primer encuentro de empalme entre Johana Aranda y Andr\u00e9s Hurtado"},"content":{"rendered":"<p class=\\\"MsoNormal\\\" style=\\\"text-align: justify;\\\"><span style=\\\"font-size: 12.0pt; line-height: 107%; font-family: \\'Arial\\',sans-serif;\\\">En la reuni\u00f3n, Hurtado realiz\u00f3 el balance de los proyectos entregados, aquellos que se encuentran en ejecuci\u00f3n y obras formuladas a futuro.<span style=\\\"mso-spacerun: yes;\\\">\u00a0<\/span><\/span><\/p>\n<p><!--more--><\/p>\n<p class=\\\"MsoNormal\\\" style=\\\"text-align: justify;\\\"><span style=\\\"font-size: 12.0pt; line-height: 107%; font-family: \\'Arial\\',sans-serif;\\\">Tras los resultados de las Elecciones Territoriales 2023 en la capital del Tolima, el Gobierno \u2018Ibagu\u00e9 Vibra\u2019 adelant\u00f3 el primer encuentro de empalme con la alcaldesa electa, Johana Aranda, quien se reuni\u00f3 con el actual mandatario y su equipo de trabajo.<\/span><\/p>\n<p class=\\\"MsoNormal\\\" style=\\\"text-align: justify;\\\"><span style=\\\"font-size: 12.0pt; line-height: 107%; font-family: \\'Arial\\',sans-serif;\\\">As\u00ed las cosas, el ingeniero Andr\u00e9s Hurtado aprovech\u00f3 para exponer y explicar en detalle cada una de las obras y proyectos que ha gestionado a lo largo de estos cuatro a\u00f1os y, por supuesto, entregado en su mayor\u00eda. Asimismo, recalc\u00f3 la importancia de continuar trabajando en algunos programas trazados para avanzar hacia el desarrollo de Ibagu\u00e9.<\/span><\/p>\n<p class=\\\"MsoNormal\\\" style=\\\"text-align: justify;\\\"><span style=\\\"font-size: 12.0pt; line-height: 107%; font-family: \\'Arial\\',sans-serif;\\\">\u201cHoy, cuando la gente reclama v\u00edas, quedan formulados todos los proyectos con estudios y dise\u00f1os presupuestados para llegar a los $ 3,8 billones, y as\u00ed poder reponer toda la malla vial de la ciudad, lo cual requerir\u00e1 el esfuerzo de m\u00e1s de un mandato\u201d, resalt\u00f3 Andr\u00e9s Hurtado, alcalde de Ibagu\u00e9.<\/span><\/p>\n<p class=\\\"MsoNormal\\\" style=\\\"text-align: justify;\\\"><span style=\\\"font-size: 12.0pt; line-height: 107%; font-family: \\'Arial\\',sans-serif;\\\">Entre tanto, aclar\u00f3 que la mayor\u00eda de los escenarios deportivos se entreg\u00f3 en su Administraci\u00f3n, restando las Piscinas de la 42 y la Piscina de Olas del Parque Deportivo, el cual ser\u00e1 completamente adjudicado en diciembre, con un tiempo de construcci\u00f3n proyectado a 10 meses.<\/span><\/p>\n<p class=\\\"MsoNormal\\\" style=\\\"text-align: justify;\\\"><span style=\\\"font-size: 12.0pt; line-height: 107%; font-family: \\'Arial\\',sans-serif;\\\">\u201cEsperamos esta semana y la semana entrante empezar a hacer el llenado de la Piscinas de la 42; haremos el enchape y se importar\u00e1n las bombas y plataformas de clavados que esperamos lleguen en diciembre, pero quedar\u00e1n funcionando. De pasarnos, creo que a m\u00e1s tardar podr\u00e1 usted entregarlo en enero\u201d, agreg\u00f3 Hurtado.<\/span><\/p>\n<p class=\\\"MsoNormal\\\" style=\\\"text-align: justify;\\\"><span style=\\\"font-size: 12.0pt; line-height: 107%; font-family: \\'Arial\\',sans-serif;\\\">Igualmente, Hurtado encomend\u00f3 a la alcaldesa electa continuar con la ampliaci\u00f3n de los comedores comunitarios, proyecto que hoy beneficia a 7.000 ni\u00f1os y adultos mayores de la ciudad; el cable a\u00e9reo, que ya se encuentra adjudicado con estudios y dise\u00f1os, quedando en Fase III para su radicaci\u00f3n de solicitud de recursos ante el Gobierno Nacional, junto a la flota el\u00e9ctrica y el sistema de trenes el\u00e9ctricos, proyectos visualizados a la mejora de la movilidad para los pr\u00f3ximos 50 a\u00f1os.<\/span><\/p>\n<p class=\\\"MsoNormal\\\" style=\\\"text-align: justify;\\\"><span style=\\\"font-size: 12.0pt; line-height: 107%; font-family: \\'Arial\\',sans-serif;\\\">Tambi\u00e9n, le encarg\u00f3 permitir el avance de la ciudad con la continuaci\u00f3n de la construcci\u00f3n del Puente Elevado de la Quinta, la terminaci\u00f3n de actualizaci\u00f3n de las redes de acueducto y alcantarillado, las plantas de saneamiento de agua, entre otras obras que deja formuladas esperando su actuaci\u00f3n por el bienestar de los ibaguere\u00f1os.<\/span><\/p>\n<p class=\\\"MsoNormal\\\" style=\\\"text-align: justify;\\\"><span style=\\\"font-size: 12.0pt; line-height: 107%; font-family: \\'Arial\\',sans-serif;\\\">\u201cEsto es hist\u00f3rico, nunca se hab\u00eda visto en Ibagu\u00e9 que se entregara mano a mano un gobierno. Esto habla de lo que queremos, construir sobre lo construido, le agradezco se\u00f1or alcalde que nos permitiera hoy sentar a toda la fuerza pol\u00edtica\u201d, destac\u00f3 Johana Aranda, alcaldesa electa para el periodo 2024 &#8211; 2027.<\/span><\/p>\n<p class=\\\"MsoNormal\\\" style=\\\"text-align: justify;\\\"><span style=\\\"font-size: 12.0pt; line-height: 107%; font-family: \\'Arial\\',sans-serif;\\\">Y agreg\u00f3: \u201cTenemos que valorar enormemente lo que se hizo, usted alcalde, le pag\u00f3 deudas hist\u00f3ricas a Ibagu\u00e9. Le toc\u00f3 cambiar su Plan de Gobierno y dedicarse a saldar deudas. Usted es el alcalde de las obras, y hoy hay que reconocer lo bueno que se hizo por Ibagu\u00e9, lo que se le entrega a la ciudad\u201d.<\/span><\/p>\n","protected":false},"excerpt":{"rendered":"<p>En la reuni\u00f3n, Hurtado realiz\u00f3 el balance de los proyectos entregados, aquellos que se encuentran en ejecuci\u00f3n y obras formuladas [&hellip;]<\/p>\n","protected":false},"author":1,"featured_media":0,"comment_status":"open","ping_status":"open","sticky":false,"template":"","format":"standard","meta":{"site-sidebar-layout":"default","site-content-layout":"","ast-site-content-layout":"default","site-content-style":"default","site-sidebar-style":"default","ast-global-header-display":"","ast-banner-title-visibility":"","ast-main-header-display":"","ast-hfb-above-header-display":"","ast-hfb-below-header-display":"","ast-hfb-mobile-header-display":"","site-post-title":"","ast-breadcrumbs-content":"","ast-featured-img":"","footer-sml-layout":"","ast-disable-related-posts":"","theme-transparent-header-meta":"","adv-header-id-meta":"","stick-header-meta":"","header-above-stick-meta":"","header-main-stick-meta":"","header-below-stick-meta":"","astra-migrate-meta-layouts":"default","ast-page-background-enabled":"default","ast-page-background-meta":{"desktop":{"background-color":"var(--ast-global-color-4)","background-image":"","background-repeat":"repeat","background-position":"center center","background-size":"auto","background-attachment":"scroll","background-type":"","background-media":"","overlay-type":"","overlay-color":"","overlay-opacity":"","overlay-gradient":""},"tablet":{"background-color":"","background-image":"","background-repeat":"repeat","background-position":"center center","background-size":"auto","background-attachment":"scroll","background-type":"","background-media":"","overlay-type":"","overlay-color":"","overlay-opacity":"","overlay-gradient":""},"mobile":{"background-color":"","background-image":"","background-repeat":"repeat","background-position":"center center","background-size":"auto","background-attachment":"scroll","background-type":"","background-media":"","overlay-type":"","overlay-color":"","overlay-opacity":"","overlay-gradient":""}},"ast-content-background-meta":{"desktop":{"background-color":"var(--ast-global-color-5)","background-image":"","background-repeat":"repeat","background-position":"center center","background-size":"auto","background-attachment":"scroll","background-type":"","background-media":"","overlay-type":"","overlay-color":"","overlay-opacity":"","overlay-gradient":""},"tablet":{"background-color":"var(--ast-global-color-5)","background-image":"","background-repeat":"repeat","background-position":"center center","background-size":"auto","background-attachment":"scroll","background-type":"","background-media":"","overlay-type":"","overlay-color":"","overlay-opacity":"","overlay-gradient":""},"mobile":{"background-color":"var(--ast-global-color-5)","background-image":"","background-repeat":"repeat","background-position":"center center","background-size":"auto","background-attachment":"scroll","background-type":"","background-media":"","overlay-type":"","overlay-color":"","overlay-opacity":"","overlay-gradient":""}},"footnotes":""},"categories":[19],"tags":[],"class_list":["post-10793","post","type-post","status-publish","format-standard","hentry","category-ibague"],"yoast_head":"<!-- This site is optimized with the Yoast SEO plugin v27.4 - https:\/\/yoast.com\/product\/yoast-seo-wordpress\/ -->\n<title>Se cumpli\u00f3 el primer encuentro de empalme entre Johana Aranda y Andr\u00e9s Hurtado - El Confesionario<\/title>\n<meta name=\"robots\" content=\"index, follow, max-snippet:-1, max-image-preview:large, max-video-preview:-1\" \/>\n<link rel=\"canonical\" href=\"https:\/\/confesionario.co\/w\/se-cumplio-el-primer-encuentro-de-empalme-entre-johana-aranda-y-andres-hurtado\/\" \/>\n<meta property=\"og:locale\" content=\"es_ES\" \/>\n<meta property=\"og:type\" content=\"article\" \/>\n<meta property=\"og:title\" content=\"Se cumpli\u00f3 el primer encuentro de empalme entre Johana Aranda y Andr\u00e9s Hurtado - El Confesionario\" \/>\n<meta property=\"og:description\" content=\"En la reuni\u00f3n, Hurtado realiz\u00f3 el balance de los proyectos entregados, aquellos que se encuentran en ejecuci\u00f3n y obras formuladas [&hellip;]\" \/>\n<meta property=\"og:url\" content=\"https:\/\/confesionario.co\/w\/se-cumplio-el-primer-encuentro-de-empalme-entre-johana-aranda-y-andres-hurtado\/\" \/>\n<meta property=\"og:site_name\" content=\"El Confesionario\" \/>\n<meta property=\"article:published_time\" content=\"2023-10-30T21:10:09+00:00\" \/>\n<meta name=\"author\" content=\"admin\" \/>\n<meta name=\"twitter:card\" content=\"summary_large_image\" \/>\n<meta name=\"twitter:label1\" content=\"Escrito por\" \/>\n\t<meta name=\"twitter:data1\" content=\"admin\" \/>\n\t<meta name=\"twitter:label2\" content=\"Tiempo de lectura\" \/>\n\t<meta name=\"twitter:data2\" content=\"3 minutos\" \/>\n<script type=\"application\/ld+json\" class=\"yoast-schema-graph\">{\"@context\":\"https:\\\/\\\/schema.org\",\"@graph\":[{\"@type\":\"Article\",\"@id\":\"https:\\\/\\\/confesionario.co\\\/w\\\/se-cumplio-el-primer-encuentro-de-empalme-entre-johana-aranda-y-andres-hurtado\\\/#article\",\"isPartOf\":{\"@id\":\"https:\\\/\\\/confesionario.co\\\/w\\\/se-cumplio-el-primer-encuentro-de-empalme-entre-johana-aranda-y-andres-hurtado\\\/\"},\"author\":{\"name\":\"admin\",\"@id\":\"https:\\\/\\\/confesionario.co\\\/w\\\/#\\\/schema\\\/person\\\/85e99333497749318afab96ea0cc2342\"},\"headline\":\"Se cumpli\u00f3 el primer encuentro de empalme entre Johana Aranda y Andr\u00e9s Hurtado\",\"datePublished\":\"2023-10-30T21:10:09+00:00\",\"mainEntityOfPage\":{\"@id\":\"https:\\\/\\\/confesionario.co\\\/w\\\/se-cumplio-el-primer-encuentro-de-empalme-entre-johana-aranda-y-andres-hurtado\\\/\"},\"wordCount\":547,\"commentCount\":0,\"publisher\":{\"@id\":\"https:\\\/\\\/confesionario.co\\\/w\\\/#organization\"},\"articleSection\":[\"Ibagu\u00e9\"],\"inLanguage\":\"es\",\"potentialAction\":[{\"@type\":\"CommentAction\",\"name\":\"Comment\",\"target\":[\"https:\\\/\\\/confesionario.co\\\/w\\\/se-cumplio-el-primer-encuentro-de-empalme-entre-johana-aranda-y-andres-hurtado\\\/#respond\"]}]},{\"@type\":\"WebPage\",\"@id\":\"https:\\\/\\\/confesionario.co\\\/w\\\/se-cumplio-el-primer-encuentro-de-empalme-entre-johana-aranda-y-andres-hurtado\\\/\",\"url\":\"https:\\\/\\\/confesionario.co\\\/w\\\/se-cumplio-el-primer-encuentro-de-empalme-entre-johana-aranda-y-andres-hurtado\\\/\",\"name\":\"Se cumpli\u00f3 el primer encuentro de empalme entre Johana Aranda y Andr\u00e9s Hurtado - El Confesionario\",\"isPartOf\":{\"@id\":\"https:\\\/\\\/confesionario.co\\\/w\\\/#website\"},\"datePublished\":\"2023-10-30T21:10:09+00:00\",\"breadcrumb\":{\"@id\":\"https:\\\/\\\/confesionario.co\\\/w\\\/se-cumplio-el-primer-encuentro-de-empalme-entre-johana-aranda-y-andres-hurtado\\\/#breadcrumb\"},\"inLanguage\":\"es\",\"potentialAction\":[{\"@type\":\"ReadAction\",\"target\":[\"https:\\\/\\\/confesionario.co\\\/w\\\/se-cumplio-el-primer-encuentro-de-empalme-entre-johana-aranda-y-andres-hurtado\\\/\"]}]},{\"@type\":\"BreadcrumbList\",\"@id\":\"https:\\\/\\\/confesionario.co\\\/w\\\/se-cumplio-el-primer-encuentro-de-empalme-entre-johana-aranda-y-andres-hurtado\\\/#breadcrumb\",\"itemListElement\":[{\"@type\":\"ListItem\",\"position\":1,\"name\":\"Portada\",\"item\":\"https:\\\/\\\/confesionario.co\\\/w\\\/\"},{\"@type\":\"ListItem\",\"position\":2,\"name\":\"Se cumpli\u00f3 el primer encuentro de empalme entre Johana Aranda y Andr\u00e9s Hurtado\"}]},{\"@type\":\"WebSite\",\"@id\":\"https:\\\/\\\/confesionario.co\\\/w\\\/#website\",\"url\":\"https:\\\/\\\/confesionario.co\\\/w\\\/\",\"name\":\"El Confesionario\",\"description\":\"\",\"publisher\":{\"@id\":\"https:\\\/\\\/confesionario.co\\\/w\\\/#organization\"},\"potentialAction\":[{\"@type\":\"SearchAction\",\"target\":{\"@type\":\"EntryPoint\",\"urlTemplate\":\"https:\\\/\\\/confesionario.co\\\/w\\\/?s={search_term_string}\"},\"query-input\":{\"@type\":\"PropertyValueSpecification\",\"valueRequired\":true,\"valueName\":\"search_term_string\"}}],\"inLanguage\":\"es\"},{\"@type\":\"Organization\",\"@id\":\"https:\\\/\\\/confesionario.co\\\/w\\\/#organization\",\"name\":\"El Confesionario\",\"url\":\"https:\\\/\\\/confesionario.co\\\/w\\\/\",\"logo\":{\"@type\":\"ImageObject\",\"inLanguage\":\"es\",\"@id\":\"https:\\\/\\\/confesionario.co\\\/w\\\/#\\\/schema\\\/logo\\\/image\\\/\",\"url\":\"https:\\\/\\\/confesionario.co\\\/w\\\/wp-content\\\/uploads\\\/2026\\\/02\\\/confesionario-horizontal.png\",\"contentUrl\":\"https:\\\/\\\/confesionario.co\\\/w\\\/wp-content\\\/uploads\\\/2026\\\/02\\\/confesionario-horizontal.png\",\"width\":581,\"height\":148,\"caption\":\"El Confesionario\"},\"image\":{\"@id\":\"https:\\\/\\\/confesionario.co\\\/w\\\/#\\\/schema\\\/logo\\\/image\\\/\"}},{\"@type\":\"Person\",\"@id\":\"https:\\\/\\\/confesionario.co\\\/w\\\/#\\\/schema\\\/person\\\/85e99333497749318afab96ea0cc2342\",\"name\":\"admin\",\"image\":{\"@type\":\"ImageObject\",\"inLanguage\":\"es\",\"@id\":\"https:\\\/\\\/secure.gravatar.com\\\/avatar\\\/f3358fe09cfbbfc24265a18ea411b8ee8e54296a50fb17d8acf3cffca66240d2?s=96&d=mm&r=g\",\"url\":\"https:\\\/\\\/secure.gravatar.com\\\/avatar\\\/f3358fe09cfbbfc24265a18ea411b8ee8e54296a50fb17d8acf3cffca66240d2?s=96&d=mm&r=g\",\"contentUrl\":\"https:\\\/\\\/secure.gravatar.com\\\/avatar\\\/f3358fe09cfbbfc24265a18ea411b8ee8e54296a50fb17d8acf3cffca66240d2?s=96&d=mm&r=g\",\"caption\":\"admin\"},\"sameAs\":[\"https:\\\/\\\/elconfesionario.co\\\/w\"],\"url\":\"https:\\\/\\\/confesionario.co\\\/w\\\/author\\\/osabuena\\\/\"}]}<\/script>\n<!-- \/ Yoast SEO plugin. -->","yoast_head_json":{"title":"Se cumpli\u00f3 el primer encuentro de empalme entre Johana Aranda y Andr\u00e9s Hurtado - El Confesionario","robots":{"index":"index","follow":"follow","max-snippet":"max-snippet:-1","max-image-preview":"max-image-preview:large","max-video-preview":"max-video-preview:-1"},"canonical":"https:\/\/confesionario.co\/w\/se-cumplio-el-primer-encuentro-de-empalme-entre-johana-aranda-y-andres-hurtado\/","og_locale":"es_ES","og_type":"article","og_title":"Se cumpli\u00f3 el primer encuentro de empalme entre Johana Aranda y Andr\u00e9s Hurtado - El Confesionario","og_description":"En la reuni\u00f3n, Hurtado realiz\u00f3 el balance de los proyectos entregados, aquellos que se encuentran en ejecuci\u00f3n y obras formuladas [&hellip;]","og_url":"https:\/\/confesionario.co\/w\/se-cumplio-el-primer-encuentro-de-empalme-entre-johana-aranda-y-andres-hurtado\/","og_site_name":"El Confesionario","article_published_time":"2023-10-30T21:10:09+00:00","author":"admin","twitter_card":"summary_large_image","twitter_misc":{"Escrito por":"admin","Tiempo de lectura":"3 minutos"},"schema":{"@context":"https:\/\/schema.org","@graph":[{"@type":"Article","@id":"https:\/\/confesionario.co\/w\/se-cumplio-el-primer-encuentro-de-empalme-entre-johana-aranda-y-andres-hurtado\/#article","isPartOf":{"@id":"https:\/\/confesionario.co\/w\/se-cumplio-el-primer-encuentro-de-empalme-entre-johana-aranda-y-andres-hurtado\/"},"author":{"name":"admin","@id":"https:\/\/confesionario.co\/w\/#\/schema\/person\/85e99333497749318afab96ea0cc2342"},"headline":"Se cumpli\u00f3 el primer encuentro de empalme entre Johana Aranda y Andr\u00e9s Hurtado","datePublished":"2023-10-30T21:10:09+00:00","mainEntityOfPage":{"@id":"https:\/\/confesionario.co\/w\/se-cumplio-el-primer-encuentro-de-empalme-entre-johana-aranda-y-andres-hurtado\/"},"wordCount":547,"commentCount":0,"publisher":{"@id":"https:\/\/confesionario.co\/w\/#organization"},"articleSection":["Ibagu\u00e9"],"inLanguage":"es","potentialAction":[{"@type":"CommentAction","name":"Comment","target":["https:\/\/confesionario.co\/w\/se-cumplio-el-primer-encuentro-de-empalme-entre-johana-aranda-y-andres-hurtado\/#respond"]}]},{"@type":"WebPage","@id":"https:\/\/confesionario.co\/w\/se-cumplio-el-primer-encuentro-de-empalme-entre-johana-aranda-y-andres-hurtado\/","url":"https:\/\/confesionario.co\/w\/se-cumplio-el-primer-encuentro-de-empalme-entre-johana-aranda-y-andres-hurtado\/","name":"Se cumpli\u00f3 el primer encuentro de empalme entre Johana Aranda y Andr\u00e9s Hurtado - El Confesionario","isPartOf":{"@id":"https:\/\/confesionario.co\/w\/#website"},"datePublished":"2023-10-30T21:10:09+00:00","breadcrumb":{"@id":"https:\/\/confesionario.co\/w\/se-cumplio-el-primer-encuentro-de-empalme-entre-johana-aranda-y-andres-hurtado\/#breadcrumb"},"inLanguage":"es","potentialAction":[{"@type":"ReadAction","target":["https:\/\/confesionario.co\/w\/se-cumplio-el-primer-encuentro-de-empalme-entre-johana-aranda-y-andres-hurtado\/"]}]},{"@type":"BreadcrumbList","@id":"https:\/\/confesionario.co\/w\/se-cumplio-el-primer-encuentro-de-empalme-entre-johana-aranda-y-andres-hurtado\/#breadcrumb","itemListElement":[{"@type":"ListItem","position":1,"name":"Portada","item":"https:\/\/confesionario.co\/w\/"},{"@type":"ListItem","position":2,"name":"Se cumpli\u00f3 el primer encuentro de empalme entre Johana Aranda y Andr\u00e9s Hurtado"}]},{"@type":"WebSite","@id":"https:\/\/confesionario.co\/w\/#website","url":"https:\/\/confesionario.co\/w\/","name":"El Confesionario","description":"","publisher":{"@id":"https:\/\/confesionario.co\/w\/#organization"},"potentialAction":[{"@type":"SearchAction","target":{"@type":"EntryPoint","urlTemplate":"https:\/\/confesionario.co\/w\/?s={search_term_string}"},"query-input":{"@type":"PropertyValueSpecification","valueRequired":true,"valueName":"search_term_string"}}],"inLanguage":"es"},{"@type":"Organization","@id":"https:\/\/confesionario.co\/w\/#organization","name":"El Confesionario","url":"https:\/\/confesionario.co\/w\/","logo":{"@type":"ImageObject","inLanguage":"es","@id":"https:\/\/confesionario.co\/w\/#\/schema\/logo\/image\/","url":"https:\/\/confesionario.co\/w\/wp-content\/uploads\/2026\/02\/confesionario-horizontal.png","contentUrl":"https:\/\/confesionario.co\/w\/wp-content\/uploads\/2026\/02\/confesionario-horizontal.png","width":581,"height":148,"caption":"El Confesionario"},"image":{"@id":"https:\/\/confesionario.co\/w\/#\/schema\/logo\/image\/"}},{"@type":"Person","@id":"https:\/\/confesionario.co\/w\/#\/schema\/person\/85e99333497749318afab96ea0cc2342","name":"admin","image":{"@type":"ImageObject","inLanguage":"es","@id":"https:\/\/secure.gravatar.com\/avatar\/f3358fe09cfbbfc24265a18ea411b8ee8e54296a50fb17d8acf3cffca66240d2?s=96&d=mm&r=g","url":"https:\/\/secure.gravatar.com\/avatar\/f3358fe09cfbbfc24265a18ea411b8ee8e54296a50fb17d8acf3cffca66240d2?s=96&d=mm&r=g","contentUrl":"https:\/\/secure.gravatar.com\/avatar\/f3358fe09cfbbfc24265a18ea411b8ee8e54296a50fb17d8acf3cffca66240d2?s=96&d=mm&r=g","caption":"admin"},"sameAs":["https:\/\/elconfesionario.co\/w"],"url":"https:\/\/confesionario.co\/w\/author\/osabuena\/"}]}},"jetpack_featured_media_url":"","_links":{"self":[{"href":"https:\/\/confesionario.co\/w\/wp-json\/wp\/v2\/posts\/10793","targetHints":{"allow":["GET"]}}],"collection":[{"href":"https:\/\/confesionario.co\/w\/wp-json\/wp\/v2\/posts"}],"about":[{"href":"https:\/\/confesionario.co\/w\/wp-json\/wp\/v2\/types\/post"}],"author":[{"embeddable":true,"href":"https:\/\/confesionario.co\/w\/wp-json\/wp\/v2\/users\/1"}],"replies":[{"embeddable":true,"href":"https:\/\/confesionario.co\/w\/wp-json\/wp\/v2\/comments?post=10793"}],"version-history":[{"count":0,"href":"https:\/\/confesionario.co\/w\/wp-json\/wp\/v2\/posts\/10793\/revisions"}],"wp:attachment":[{"href":"https:\/\/confesionario.co\/w\/wp-json\/wp\/v2\/media?parent=10793"}],"wp:term":[{"taxonomy":"category","embeddable":true,"href":"https:\/\/confesionario.co\/w\/wp-json\/wp\/v2\/categories?post=10793"},{"taxonomy":"post_tag","embeddable":true,"href":"https:\/\/confesionario.co\/w\/wp-json\/wp\/v2\/tags?post=10793"}],"curies":[{"name":"wp","href":"https:\/\/api.w.org\/{rel}","templated":true}]}}