{"id":10797,"date":"2023-10-30T22:20:33","date_gmt":"2023-10-30T22:20:33","guid":{"rendered":"https:\/\/confesionario.co\/w\/gina-vanesa-silva-la-alcaldesa-electa-mas-joven-en-el-tolima\/"},"modified":"2023-10-30T22:20:33","modified_gmt":"2023-10-30T22:20:33","slug":"gina-vanesa-silva-la-alcaldesa-electa-mas-joven-en-el-tolima","status":"publish","type":"post","link":"https:\/\/confesionario.co\/w\/gina-vanesa-silva-la-alcaldesa-electa-mas-joven-en-el-tolima\/","title":{"rendered":"Gina Vanesa Silva, la alcaldesa electa m\u00e1s joven en el Tolima"},"content":{"rendered":"<p class=\\\"MsoNormal\\\" style=\\\"text-align: justify;\\\"><span style=\\\"font-size: 12.0pt; line-height: 107%; font-family: \\'Arial\\',sans-serif;\\\">Silva desde la edad de 6 a\u00f1os aprendi\u00f3 de sus padres, Oscar y Nancy, el valor del trabajo y la vocaci\u00f3n de servir a sus paisanos<\/span><\/p>\n<p><!--more--><\/p>\n<p class=\\\"MsoNormal\\\" style=\\\"text-align: justify;\\\"><span style=\\\"font-size: 12.0pt; line-height: 107%; font-family: \\'Arial\\',sans-serif;\\\">La experiencia acumulada en cuatro a\u00f1os de campa\u00f1a y m\u00e1s de 12 a\u00f1os de trabajo social le dieron a la productora y exportadora de Aguacate Hass, el visto bueno para ganar el respaldo de 2331 electores y ser la primera mujer que alcaldesa de Herveo en el norte del departamento.<\/span><\/p>\n<p class=\\\"MsoNormal\\\" style=\\\"text-align: justify;\\\"><span style=\\\"font-size: 12.0pt; line-height: 107%; font-family: \\'Arial\\',sans-serif;\\\">Con el 58.67 % de la votaci\u00f3n a su favor, lo que se tradujo en 2.331 votos, 951 m\u00e1s que la persona que ocup\u00f3 el segundo lugar, siendo esta la cifra m\u00e1s alta para la elecci\u00f3n de un alcalde Popular en Herveo, la joven empresaria Gina Vanesa Silva Buritic\u00e1 fue elegida como nueva alcaldesa de este municipio del norte tolimense.<\/span><\/p>\n<p class=\\\"MsoNormal\\\" style=\\\"text-align: justify;\\\"><span style=\\\"font-size: 12.0pt; line-height: 107%; font-family: \\'Arial\\',sans-serif;\\\">Gina Vanesa Silva, es una joven que <a name=\\\"_Hlk149579626\\\"><\/a>desde la edad de 6 a\u00f1os aprendi\u00f3 de sus padres, Oscar y Nancy, el valor del trabajo y la vocaci\u00f3n de servir a sus paisanos, hace cuatro a\u00f1os fue segunda en las elecciones para la Alcald\u00eda de Herveo, ha realizado un exitoso proceso como exportadora de Aguacate Hass, que combina con sus estudios de derecho y el recorrido de las veredas y el trabajo social, donde la mujer y la ni\u00f1ez tienen un papel fundamental.<\/span><\/p>\n<p class=\\\"MsoNormal\\\" style=\\\"text-align: justify;\\\"><span style=\\\"font-size: 12.0pt; line-height: 107%; font-family: \\'Arial\\',sans-serif;\\\">El Partido Conservador y el ADA y la Liga Anticorrupci\u00f3n le dieron el aval a Gina Vanesa Silva para aspirar y conquistar la Alcald\u00eda de Herveo, en una clara muestra de verdadero empoderamiento de la mujer campesina que le quiere servir a sus paisanos y sacar adelante a un municipio de gran potencial agr\u00edcola y tur\u00edstico.<\/span><\/p>\n","protected":false},"excerpt":{"rendered":"<p>Silva desde la edad de 6 a\u00f1os aprendi\u00f3 de sus padres, Oscar y Nancy, el valor del trabajo y la [&hellip;]<\/p>\n","protected":false},"author":1,"featured_media":0,"comment_status":"open","ping_status":"open","sticky":false,"template":"","format":"standard","meta":{"site-sidebar-layout":"default","site-content-layout":"","ast-site-content-layout":"default","site-content-style":"default","site-sidebar-style":"default","ast-global-header-display":"","ast-banner-title-visibility":"","ast-main-header-display":"","ast-hfb-above-header-display":"","ast-hfb-below-header-display":"","ast-hfb-mobile-header-display":"","site-post-title":"","ast-breadcrumbs-content":"","ast-featured-img":"","footer-sml-layout":"","ast-disable-related-posts":"","theme-transparent-header-meta":"","adv-header-id-meta":"","stick-header-meta":"","header-above-stick-meta":"","header-main-stick-meta":"","header-below-stick-meta":"","astra-migrate-meta-layouts":"default","ast-page-background-enabled":"default","ast-page-background-meta":{"desktop":{"background-color":"var(--ast-global-color-4)","background-image":"","background-repeat":"repeat","background-position":"center center","background-size":"auto","background-attachment":"scroll","background-type":"","background-media":"","overlay-type":"","overlay-color":"","overlay-opacity":"","overlay-gradient":""},"tablet":{"background-color":"","background-image":"","background-repeat":"repeat","background-position":"center center","background-size":"auto","background-attachment":"scroll","background-type":"","background-media":"","overlay-type":"","overlay-color":"","overlay-opacity":"","overlay-gradient":""},"mobile":{"background-color":"","background-image":"","background-repeat":"repeat","background-position":"center center","background-size":"auto","background-attachment":"scroll","background-type":"","background-media":"","overlay-type":"","overlay-color":"","overlay-opacity":"","overlay-gradient":""}},"ast-content-background-meta":{"desktop":{"background-color":"var(--ast-global-color-5)","background-image":"","background-repeat":"repeat","background-position":"center center","background-size":"auto","background-attachment":"scroll","background-type":"","background-media":"","overlay-type":"","overlay-color":"","overlay-opacity":"","overlay-gradient":""},"tablet":{"background-color":"var(--ast-global-color-5)","background-image":"","background-repeat":"repeat","background-position":"center center","background-size":"auto","background-attachment":"scroll","background-type":"","background-media":"","overlay-type":"","overlay-color":"","overlay-opacity":"","overlay-gradient":""},"mobile":{"background-color":"var(--ast-global-color-5)","background-image":"","background-repeat":"repeat","background-position":"center center","background-size":"auto","background-attachment":"scroll","background-type":"","background-media":"","overlay-type":"","overlay-color":"","overlay-opacity":"","overlay-gradient":""}},"footnotes":""},"categories":[17],"tags":[],"class_list":["post-10797","post","type-post","status-publish","format-standard","hentry","category-otras-cofesiones"],"yoast_head":"<!-- This site is optimized with the Yoast SEO plugin v27.4 - https:\/\/yoast.com\/product\/yoast-seo-wordpress\/ -->\n<title>Gina Vanesa Silva, la alcaldesa electa m\u00e1s joven en el Tolima - El Confesionario<\/title>\n<meta name=\"robots\" content=\"index, follow, max-snippet:-1, max-image-preview:large, max-video-preview:-1\" \/>\n<link rel=\"canonical\" href=\"https:\/\/confesionario.co\/w\/gina-vanesa-silva-la-alcaldesa-electa-mas-joven-en-el-tolima\/\" \/>\n<meta property=\"og:locale\" content=\"es_ES\" \/>\n<meta property=\"og:type\" content=\"article\" \/>\n<meta property=\"og:title\" content=\"Gina Vanesa Silva, la alcaldesa electa m\u00e1s joven en el Tolima - El Confesionario\" \/>\n<meta property=\"og:description\" content=\"Silva desde la edad de 6 a\u00f1os aprendi\u00f3 de sus padres, Oscar y Nancy, el valor del trabajo y la [&hellip;]\" \/>\n<meta property=\"og:url\" content=\"https:\/\/confesionario.co\/w\/gina-vanesa-silva-la-alcaldesa-electa-mas-joven-en-el-tolima\/\" \/>\n<meta property=\"og:site_name\" content=\"El Confesionario\" \/>\n<meta property=\"article:published_time\" content=\"2023-10-30T22:20:33+00:00\" \/>\n<meta name=\"author\" content=\"admin\" \/>\n<meta name=\"twitter:card\" content=\"summary_large_image\" \/>\n<meta name=\"twitter:label1\" content=\"Escrito por\" \/>\n\t<meta name=\"twitter:data1\" content=\"admin\" \/>\n\t<meta name=\"twitter:label2\" content=\"Tiempo de lectura\" \/>\n\t<meta name=\"twitter:data2\" content=\"1 minuto\" \/>\n<script type=\"application\/ld+json\" class=\"yoast-schema-graph\">{\"@context\":\"https:\\\/\\\/schema.org\",\"@graph\":[{\"@type\":\"Article\",\"@id\":\"https:\\\/\\\/confesionario.co\\\/w\\\/gina-vanesa-silva-la-alcaldesa-electa-mas-joven-en-el-tolima\\\/#article\",\"isPartOf\":{\"@id\":\"https:\\\/\\\/confesionario.co\\\/w\\\/gina-vanesa-silva-la-alcaldesa-electa-mas-joven-en-el-tolima\\\/\"},\"author\":{\"name\":\"admin\",\"@id\":\"https:\\\/\\\/confesionario.co\\\/w\\\/#\\\/schema\\\/person\\\/85e99333497749318afab96ea0cc2342\"},\"headline\":\"Gina Vanesa Silva, la alcaldesa electa m\u00e1s joven en el Tolima\",\"datePublished\":\"2023-10-30T22:20:33+00:00\",\"mainEntityOfPage\":{\"@id\":\"https:\\\/\\\/confesionario.co\\\/w\\\/gina-vanesa-silva-la-alcaldesa-electa-mas-joven-en-el-tolima\\\/\"},\"wordCount\":297,\"commentCount\":0,\"publisher\":{\"@id\":\"https:\\\/\\\/confesionario.co\\\/w\\\/#organization\"},\"articleSection\":[\"Otras confesiones\"],\"inLanguage\":\"es\",\"potentialAction\":[{\"@type\":\"CommentAction\",\"name\":\"Comment\",\"target\":[\"https:\\\/\\\/confesionario.co\\\/w\\\/gina-vanesa-silva-la-alcaldesa-electa-mas-joven-en-el-tolima\\\/#respond\"]}]},{\"@type\":\"WebPage\",\"@id\":\"https:\\\/\\\/confesionario.co\\\/w\\\/gina-vanesa-silva-la-alcaldesa-electa-mas-joven-en-el-tolima\\\/\",\"url\":\"https:\\\/\\\/confesionario.co\\\/w\\\/gina-vanesa-silva-la-alcaldesa-electa-mas-joven-en-el-tolima\\\/\",\"name\":\"Gina Vanesa Silva, la alcaldesa electa m\u00e1s joven en el Tolima - El Confesionario\",\"isPartOf\":{\"@id\":\"https:\\\/\\\/confesionario.co\\\/w\\\/#website\"},\"datePublished\":\"2023-10-30T22:20:33+00:00\",\"breadcrumb\":{\"@id\":\"https:\\\/\\\/confesionario.co\\\/w\\\/gina-vanesa-silva-la-alcaldesa-electa-mas-joven-en-el-tolima\\\/#breadcrumb\"},\"inLanguage\":\"es\",\"potentialAction\":[{\"@type\":\"ReadAction\",\"target\":[\"https:\\\/\\\/confesionario.co\\\/w\\\/gina-vanesa-silva-la-alcaldesa-electa-mas-joven-en-el-tolima\\\/\"]}]},{\"@type\":\"BreadcrumbList\",\"@id\":\"https:\\\/\\\/confesionario.co\\\/w\\\/gina-vanesa-silva-la-alcaldesa-electa-mas-joven-en-el-tolima\\\/#breadcrumb\",\"itemListElement\":[{\"@type\":\"ListItem\",\"position\":1,\"name\":\"Portada\",\"item\":\"https:\\\/\\\/confesionario.co\\\/w\\\/\"},{\"@type\":\"ListItem\",\"position\":2,\"name\":\"Gina Vanesa Silva, la alcaldesa electa m\u00e1s joven en el Tolima\"}]},{\"@type\":\"WebSite\",\"@id\":\"https:\\\/\\\/confesionario.co\\\/w\\\/#website\",\"url\":\"https:\\\/\\\/confesionario.co\\\/w\\\/\",\"name\":\"El Confesionario\",\"description\":\"\",\"publisher\":{\"@id\":\"https:\\\/\\\/confesionario.co\\\/w\\\/#organization\"},\"potentialAction\":[{\"@type\":\"SearchAction\",\"target\":{\"@type\":\"EntryPoint\",\"urlTemplate\":\"https:\\\/\\\/confesionario.co\\\/w\\\/?s={search_term_string}\"},\"query-input\":{\"@type\":\"PropertyValueSpecification\",\"valueRequired\":true,\"valueName\":\"search_term_string\"}}],\"inLanguage\":\"es\"},{\"@type\":\"Organization\",\"@id\":\"https:\\\/\\\/confesionario.co\\\/w\\\/#organization\",\"name\":\"El Confesionario\",\"url\":\"https:\\\/\\\/confesionario.co\\\/w\\\/\",\"logo\":{\"@type\":\"ImageObject\",\"inLanguage\":\"es\",\"@id\":\"https:\\\/\\\/confesionario.co\\\/w\\\/#\\\/schema\\\/logo\\\/image\\\/\",\"url\":\"https:\\\/\\\/confesionario.co\\\/w\\\/wp-content\\\/uploads\\\/2026\\\/02\\\/confesionario-horizontal.png\",\"contentUrl\":\"https:\\\/\\\/confesionario.co\\\/w\\\/wp-content\\\/uploads\\\/2026\\\/02\\\/confesionario-horizontal.png\",\"width\":581,\"height\":148,\"caption\":\"El Confesionario\"},\"image\":{\"@id\":\"https:\\\/\\\/confesionario.co\\\/w\\\/#\\\/schema\\\/logo\\\/image\\\/\"}},{\"@type\":\"Person\",\"@id\":\"https:\\\/\\\/confesionario.co\\\/w\\\/#\\\/schema\\\/person\\\/85e99333497749318afab96ea0cc2342\",\"name\":\"admin\",\"image\":{\"@type\":\"ImageObject\",\"inLanguage\":\"es\",\"@id\":\"https:\\\/\\\/secure.gravatar.com\\\/avatar\\\/f3358fe09cfbbfc24265a18ea411b8ee8e54296a50fb17d8acf3cffca66240d2?s=96&d=mm&r=g\",\"url\":\"https:\\\/\\\/secure.gravatar.com\\\/avatar\\\/f3358fe09cfbbfc24265a18ea411b8ee8e54296a50fb17d8acf3cffca66240d2?s=96&d=mm&r=g\",\"contentUrl\":\"https:\\\/\\\/secure.gravatar.com\\\/avatar\\\/f3358fe09cfbbfc24265a18ea411b8ee8e54296a50fb17d8acf3cffca66240d2?s=96&d=mm&r=g\",\"caption\":\"admin\"},\"sameAs\":[\"https:\\\/\\\/elconfesionario.co\\\/w\"],\"url\":\"https:\\\/\\\/confesionario.co\\\/w\\\/author\\\/osabuena\\\/\"}]}<\/script>\n<!-- \/ Yoast SEO plugin. -->","yoast_head_json":{"title":"Gina Vanesa Silva, la alcaldesa electa m\u00e1s joven en el Tolima - El Confesionario","robots":{"index":"index","follow":"follow","max-snippet":"max-snippet:-1","max-image-preview":"max-image-preview:large","max-video-preview":"max-video-preview:-1"},"canonical":"https:\/\/confesionario.co\/w\/gina-vanesa-silva-la-alcaldesa-electa-mas-joven-en-el-tolima\/","og_locale":"es_ES","og_type":"article","og_title":"Gina Vanesa Silva, la alcaldesa electa m\u00e1s joven en el Tolima - El Confesionario","og_description":"Silva desde la edad de 6 a\u00f1os aprendi\u00f3 de sus padres, Oscar y Nancy, el valor del trabajo y la [&hellip;]","og_url":"https:\/\/confesionario.co\/w\/gina-vanesa-silva-la-alcaldesa-electa-mas-joven-en-el-tolima\/","og_site_name":"El Confesionario","article_published_time":"2023-10-30T22:20:33+00:00","author":"admin","twitter_card":"summary_large_image","twitter_misc":{"Escrito por":"admin","Tiempo de lectura":"1 minuto"},"schema":{"@context":"https:\/\/schema.org","@graph":[{"@type":"Article","@id":"https:\/\/confesionario.co\/w\/gina-vanesa-silva-la-alcaldesa-electa-mas-joven-en-el-tolima\/#article","isPartOf":{"@id":"https:\/\/confesionario.co\/w\/gina-vanesa-silva-la-alcaldesa-electa-mas-joven-en-el-tolima\/"},"author":{"name":"admin","@id":"https:\/\/confesionario.co\/w\/#\/schema\/person\/85e99333497749318afab96ea0cc2342"},"headline":"Gina Vanesa Silva, la alcaldesa electa m\u00e1s joven en el Tolima","datePublished":"2023-10-30T22:20:33+00:00","mainEntityOfPage":{"@id":"https:\/\/confesionario.co\/w\/gina-vanesa-silva-la-alcaldesa-electa-mas-joven-en-el-tolima\/"},"wordCount":297,"commentCount":0,"publisher":{"@id":"https:\/\/confesionario.co\/w\/#organization"},"articleSection":["Otras confesiones"],"inLanguage":"es","potentialAction":[{"@type":"CommentAction","name":"Comment","target":["https:\/\/confesionario.co\/w\/gina-vanesa-silva-la-alcaldesa-electa-mas-joven-en-el-tolima\/#respond"]}]},{"@type":"WebPage","@id":"https:\/\/confesionario.co\/w\/gina-vanesa-silva-la-alcaldesa-electa-mas-joven-en-el-tolima\/","url":"https:\/\/confesionario.co\/w\/gina-vanesa-silva-la-alcaldesa-electa-mas-joven-en-el-tolima\/","name":"Gina Vanesa Silva, la alcaldesa electa m\u00e1s joven en el Tolima - El Confesionario","isPartOf":{"@id":"https:\/\/confesionario.co\/w\/#website"},"datePublished":"2023-10-30T22:20:33+00:00","breadcrumb":{"@id":"https:\/\/confesionario.co\/w\/gina-vanesa-silva-la-alcaldesa-electa-mas-joven-en-el-tolima\/#breadcrumb"},"inLanguage":"es","potentialAction":[{"@type":"ReadAction","target":["https:\/\/confesionario.co\/w\/gina-vanesa-silva-la-alcaldesa-electa-mas-joven-en-el-tolima\/"]}]},{"@type":"BreadcrumbList","@id":"https:\/\/confesionario.co\/w\/gina-vanesa-silva-la-alcaldesa-electa-mas-joven-en-el-tolima\/#breadcrumb","itemListElement":[{"@type":"ListItem","position":1,"name":"Portada","item":"https:\/\/confesionario.co\/w\/"},{"@type":"ListItem","position":2,"name":"Gina Vanesa Silva, la alcaldesa electa m\u00e1s joven en el Tolima"}]},{"@type":"WebSite","@id":"https:\/\/confesionario.co\/w\/#website","url":"https:\/\/confesionario.co\/w\/","name":"El Confesionario","description":"","publisher":{"@id":"https:\/\/confesionario.co\/w\/#organization"},"potentialAction":[{"@type":"SearchAction","target":{"@type":"EntryPoint","urlTemplate":"https:\/\/confesionario.co\/w\/?s={search_term_string}"},"query-input":{"@type":"PropertyValueSpecification","valueRequired":true,"valueName":"search_term_string"}}],"inLanguage":"es"},{"@type":"Organization","@id":"https:\/\/confesionario.co\/w\/#organization","name":"El Confesionario","url":"https:\/\/confesionario.co\/w\/","logo":{"@type":"ImageObject","inLanguage":"es","@id":"https:\/\/confesionario.co\/w\/#\/schema\/logo\/image\/","url":"https:\/\/confesionario.co\/w\/wp-content\/uploads\/2026\/02\/confesionario-horizontal.png","contentUrl":"https:\/\/confesionario.co\/w\/wp-content\/uploads\/2026\/02\/confesionario-horizontal.png","width":581,"height":148,"caption":"El Confesionario"},"image":{"@id":"https:\/\/confesionario.co\/w\/#\/schema\/logo\/image\/"}},{"@type":"Person","@id":"https:\/\/confesionario.co\/w\/#\/schema\/person\/85e99333497749318afab96ea0cc2342","name":"admin","image":{"@type":"ImageObject","inLanguage":"es","@id":"https:\/\/secure.gravatar.com\/avatar\/f3358fe09cfbbfc24265a18ea411b8ee8e54296a50fb17d8acf3cffca66240d2?s=96&d=mm&r=g","url":"https:\/\/secure.gravatar.com\/avatar\/f3358fe09cfbbfc24265a18ea411b8ee8e54296a50fb17d8acf3cffca66240d2?s=96&d=mm&r=g","contentUrl":"https:\/\/secure.gravatar.com\/avatar\/f3358fe09cfbbfc24265a18ea411b8ee8e54296a50fb17d8acf3cffca66240d2?s=96&d=mm&r=g","caption":"admin"},"sameAs":["https:\/\/elconfesionario.co\/w"],"url":"https:\/\/confesionario.co\/w\/author\/osabuena\/"}]}},"jetpack_featured_media_url":"","_links":{"self":[{"href":"https:\/\/confesionario.co\/w\/wp-json\/wp\/v2\/posts\/10797","targetHints":{"allow":["GET"]}}],"collection":[{"href":"https:\/\/confesionario.co\/w\/wp-json\/wp\/v2\/posts"}],"about":[{"href":"https:\/\/confesionario.co\/w\/wp-json\/wp\/v2\/types\/post"}],"author":[{"embeddable":true,"href":"https:\/\/confesionario.co\/w\/wp-json\/wp\/v2\/users\/1"}],"replies":[{"embeddable":true,"href":"https:\/\/confesionario.co\/w\/wp-json\/wp\/v2\/comments?post=10797"}],"version-history":[{"count":0,"href":"https:\/\/confesionario.co\/w\/wp-json\/wp\/v2\/posts\/10797\/revisions"}],"wp:attachment":[{"href":"https:\/\/confesionario.co\/w\/wp-json\/wp\/v2\/media?parent=10797"}],"wp:term":[{"taxonomy":"category","embeddable":true,"href":"https:\/\/confesionario.co\/w\/wp-json\/wp\/v2\/categories?post=10797"},{"taxonomy":"post_tag","embeddable":true,"href":"https:\/\/confesionario.co\/w\/wp-json\/wp\/v2\/tags?post=10797"}],"curies":[{"name":"wp","href":"https:\/\/api.w.org\/{rel}","templated":true}]}}