{"id":10801,"date":"2023-10-31T18:03:29","date_gmt":"2023-10-31T18:03:29","guid":{"rendered":"https:\/\/confesionario.co\/w\/comenzo-el-empalme-entre-ricardo-orozco-y-adriana-magali-matiz\/"},"modified":"2023-10-31T18:03:29","modified_gmt":"2023-10-31T18:03:29","slug":"comenzo-el-empalme-entre-ricardo-orozco-y-adriana-magali-matiz","status":"publish","type":"post","link":"https:\/\/confesionario.co\/w\/comenzo-el-empalme-entre-ricardo-orozco-y-adriana-magali-matiz\/","title":{"rendered":"Comenz\u00f3 el empalme entre Ricardo Orozco y Adriana Magali Matiz"},"content":{"rendered":"<p class=\\\"MsoNormal\\\" style=\\\"text-align: justify;\\\"><span style=\\\"font-size: 12.0pt; line-height: 107%; font-family: \\'Arial\\',sans-serif;\\\">Este martes 31 de octubre, en el despacho del Gobernador Orozco, se adelant\u00f3 la primera jornada de empalme entre el actual mandatario de los tolimenses y la Gobernadora electa Adriana Magali Matiz, qui\u00e9n sali\u00f3 elegida el pasado domingo 29 de octubre con una votaci\u00f3n hist\u00f3rica de m\u00e1s de 352 mil votos.<\/span><\/p>\n<p><!--more--><\/p>\n<p class=\\\"MsoNormal\\\" style=\\\"text-align: justify;\\\"><span style=\\\"font-size: 12.0pt; line-height: 107%; font-family: \\'Arial\\',sans-serif;\\\">En la primera reuni\u00f3n de empalme, se dej\u00f3 un mensaje de unidad entre las partes que permitir\u00e1 darle continuidad a las obras para el desarrollo del Tolima \\\u00bbQuiero decirles que hagamos un ejercicio muy juicioso en este proceso de empalme que hoy damos inicio. Nosotros ya vamos a empezar a trabajar con nuestro equipo de trabajo, con la formulaci\u00f3n de nuestro Plan de Desarrollo, porque queremos que se apruebe r\u00e1pidamente en la Asamblea del departamento del Tolima\\\u00bb. expres\u00f3 Matiz al gobernador Orozco. <\/span><\/p>\n<p class=\\\"MsoNormal\\\" style=\\\"text-align: justify;\\\"><span style=\\\"font-size: 12.0pt; line-height: 107%; font-family: \\'Arial\\',sans-serif;\\\">Asimismo Matiz reconoci\u00f3 la labor de Orozco durante su mandato \\\u00bbQuiero aprovechar esta oportunidad para reconocer ese arduo trabajo que usted lider\u00f3 durante estos cuatro a\u00f1os y su equipo de trabajo, de verdad todo nuestro reconocimiento y toda nuestra admiraci\u00f3n. Usted logr\u00f3 en su primer a\u00f1o de gobierno algo muy importante y fue darle un norte al gobierno, saber que la gran apuesta era en el tema de la Salud y la Educaci\u00f3n y hoy estamos viendo los resultados de ese trabajo\\\u00bb.<\/span><\/p>\n<p class=\\\"MsoNormal\\\" style=\\\"text-align: justify;\\\"><span style=\\\"font-size: 12.0pt; line-height: 107%; font-family: \\'Arial\\',sans-serif;\\\">En la misma l\u00ednea y en un mensaje de unidad la Gobernadora electa expres\u00f3 \\\u00bbAqu\u00ed Ibagu\u00e9, miren las elecciones pasaron y creo que es el momento de conjugar a todos a unirnos, sin sectarismos, con m\u00e1s oportunidades y posibilidades de di\u00e1logos porque aqu\u00ed todos los que estamos en esta mesa que conocemos como funciona la administraci\u00f3n p\u00fablica, sabemos que la soluci\u00f3n a los problemas que hoy tenemos los ibaguere\u00f1os y los tolimenses no est\u00e1 en salir a pelear en un medio de comunicaci\u00f3n\\\u00bb. <\/span><\/p>\n<p class=\\\"MsoNormal\\\" style=\\\"text-align: justify;\\\"><span style=\\\"font-size: 12.0pt; line-height: 107%; font-family: \\'Arial\\',sans-serif;\\\">A lo que concluy\u00f3 el Gobernador Orozco \\\u00bbEn este empalme quiero desearte los mejores \u00e9xitos, se que lo vas a lograr, conozco tu capacidad de trabajo. Gobernar no es f\u00e1cil, es dif\u00edcil, pero es lleno de satisfacciones de poder cambiarle la vida a miles de ciudadanos. Esperamos que este empalme surja de la mejor manera, muchas gracias a usted Adriana y a su equipo que la acompa\u00f1a el d\u00eda de hoy, y esperamos que r\u00e1pidamente se pueda realizar este empalme entre el Gobierno el Tolima nos Une y el Gobierno de Los Pies en el Territorio\\\u00bb.<\/span><\/p>\n","protected":false},"excerpt":{"rendered":"<p>Este martes 31 de octubre, en el despacho del Gobernador Orozco, se adelant\u00f3 la primera jornada de empalme entre el [&hellip;]<\/p>\n","protected":false},"author":1,"featured_media":0,"comment_status":"open","ping_status":"open","sticky":false,"template":"","format":"standard","meta":{"site-sidebar-layout":"default","site-content-layout":"","ast-site-content-layout":"default","site-content-style":"default","site-sidebar-style":"default","ast-global-header-display":"","ast-banner-title-visibility":"","ast-main-header-display":"","ast-hfb-above-header-display":"","ast-hfb-below-header-display":"","ast-hfb-mobile-header-display":"","site-post-title":"","ast-breadcrumbs-content":"","ast-featured-img":"","footer-sml-layout":"","ast-disable-related-posts":"","theme-transparent-header-meta":"","adv-header-id-meta":"","stick-header-meta":"","header-above-stick-meta":"","header-main-stick-meta":"","header-below-stick-meta":"","astra-migrate-meta-layouts":"default","ast-page-background-enabled":"default","ast-page-background-meta":{"desktop":{"background-color":"var(--ast-global-color-4)","background-image":"","background-repeat":"repeat","background-position":"center center","background-size":"auto","background-attachment":"scroll","background-type":"","background-media":"","overlay-type":"","overlay-color":"","overlay-opacity":"","overlay-gradient":""},"tablet":{"background-color":"","background-image":"","background-repeat":"repeat","background-position":"center center","background-size":"auto","background-attachment":"scroll","background-type":"","background-media":"","overlay-type":"","overlay-color":"","overlay-opacity":"","overlay-gradient":""},"mobile":{"background-color":"","background-image":"","background-repeat":"repeat","background-position":"center center","background-size":"auto","background-attachment":"scroll","background-type":"","background-media":"","overlay-type":"","overlay-color":"","overlay-opacity":"","overlay-gradient":""}},"ast-content-background-meta":{"desktop":{"background-color":"var(--ast-global-color-5)","background-image":"","background-repeat":"repeat","background-position":"center center","background-size":"auto","background-attachment":"scroll","background-type":"","background-media":"","overlay-type":"","overlay-color":"","overlay-opacity":"","overlay-gradient":""},"tablet":{"background-color":"var(--ast-global-color-5)","background-image":"","background-repeat":"repeat","background-position":"center center","background-size":"auto","background-attachment":"scroll","background-type":"","background-media":"","overlay-type":"","overlay-color":"","overlay-opacity":"","overlay-gradient":""},"mobile":{"background-color":"var(--ast-global-color-5)","background-image":"","background-repeat":"repeat","background-position":"center center","background-size":"auto","background-attachment":"scroll","background-type":"","background-media":"","overlay-type":"","overlay-color":"","overlay-opacity":"","overlay-gradient":""}},"footnotes":""},"categories":[17],"tags":[],"class_list":["post-10801","post","type-post","status-publish","format-standard","hentry","category-otras-cofesiones"],"yoast_head":"<!-- This site is optimized with the Yoast SEO plugin v27.4 - https:\/\/yoast.com\/product\/yoast-seo-wordpress\/ -->\n<title>Comenz\u00f3 el empalme entre Ricardo Orozco y Adriana Magali Matiz - El Confesionario<\/title>\n<meta name=\"robots\" content=\"index, follow, max-snippet:-1, max-image-preview:large, max-video-preview:-1\" \/>\n<link rel=\"canonical\" href=\"https:\/\/confesionario.co\/w\/comenzo-el-empalme-entre-ricardo-orozco-y-adriana-magali-matiz\/\" \/>\n<meta property=\"og:locale\" content=\"es_ES\" \/>\n<meta property=\"og:type\" content=\"article\" \/>\n<meta property=\"og:title\" content=\"Comenz\u00f3 el empalme entre Ricardo Orozco y Adriana Magali Matiz - El Confesionario\" \/>\n<meta property=\"og:description\" content=\"Este martes 31 de octubre, en el despacho del Gobernador Orozco, se adelant\u00f3 la primera jornada de empalme entre el [&hellip;]\" \/>\n<meta property=\"og:url\" content=\"https:\/\/confesionario.co\/w\/comenzo-el-empalme-entre-ricardo-orozco-y-adriana-magali-matiz\/\" \/>\n<meta property=\"og:site_name\" content=\"El Confesionario\" \/>\n<meta property=\"article:published_time\" content=\"2023-10-31T18:03:29+00:00\" \/>\n<meta name=\"author\" content=\"admin\" \/>\n<meta name=\"twitter:card\" content=\"summary_large_image\" \/>\n<meta name=\"twitter:label1\" content=\"Escrito por\" \/>\n\t<meta name=\"twitter:data1\" content=\"admin\" \/>\n\t<meta name=\"twitter:label2\" content=\"Tiempo de lectura\" \/>\n\t<meta name=\"twitter:data2\" content=\"2 minutos\" \/>\n<script type=\"application\/ld+json\" class=\"yoast-schema-graph\">{\"@context\":\"https:\\\/\\\/schema.org\",\"@graph\":[{\"@type\":\"Article\",\"@id\":\"https:\\\/\\\/confesionario.co\\\/w\\\/comenzo-el-empalme-entre-ricardo-orozco-y-adriana-magali-matiz\\\/#article\",\"isPartOf\":{\"@id\":\"https:\\\/\\\/confesionario.co\\\/w\\\/comenzo-el-empalme-entre-ricardo-orozco-y-adriana-magali-matiz\\\/\"},\"author\":{\"name\":\"admin\",\"@id\":\"https:\\\/\\\/confesionario.co\\\/w\\\/#\\\/schema\\\/person\\\/85e99333497749318afab96ea0cc2342\"},\"headline\":\"Comenz\u00f3 el empalme entre Ricardo Orozco y Adriana Magali Matiz\",\"datePublished\":\"2023-10-31T18:03:29+00:00\",\"mainEntityOfPage\":{\"@id\":\"https:\\\/\\\/confesionario.co\\\/w\\\/comenzo-el-empalme-entre-ricardo-orozco-y-adriana-magali-matiz\\\/\"},\"wordCount\":425,\"commentCount\":0,\"publisher\":{\"@id\":\"https:\\\/\\\/confesionario.co\\\/w\\\/#organization\"},\"articleSection\":[\"Otras confesiones\"],\"inLanguage\":\"es\",\"potentialAction\":[{\"@type\":\"CommentAction\",\"name\":\"Comment\",\"target\":[\"https:\\\/\\\/confesionario.co\\\/w\\\/comenzo-el-empalme-entre-ricardo-orozco-y-adriana-magali-matiz\\\/#respond\"]}]},{\"@type\":\"WebPage\",\"@id\":\"https:\\\/\\\/confesionario.co\\\/w\\\/comenzo-el-empalme-entre-ricardo-orozco-y-adriana-magali-matiz\\\/\",\"url\":\"https:\\\/\\\/confesionario.co\\\/w\\\/comenzo-el-empalme-entre-ricardo-orozco-y-adriana-magali-matiz\\\/\",\"name\":\"Comenz\u00f3 el empalme entre Ricardo Orozco y Adriana Magali Matiz - El Confesionario\",\"isPartOf\":{\"@id\":\"https:\\\/\\\/confesionario.co\\\/w\\\/#website\"},\"datePublished\":\"2023-10-31T18:03:29+00:00\",\"breadcrumb\":{\"@id\":\"https:\\\/\\\/confesionario.co\\\/w\\\/comenzo-el-empalme-entre-ricardo-orozco-y-adriana-magali-matiz\\\/#breadcrumb\"},\"inLanguage\":\"es\",\"potentialAction\":[{\"@type\":\"ReadAction\",\"target\":[\"https:\\\/\\\/confesionario.co\\\/w\\\/comenzo-el-empalme-entre-ricardo-orozco-y-adriana-magali-matiz\\\/\"]}]},{\"@type\":\"BreadcrumbList\",\"@id\":\"https:\\\/\\\/confesionario.co\\\/w\\\/comenzo-el-empalme-entre-ricardo-orozco-y-adriana-magali-matiz\\\/#breadcrumb\",\"itemListElement\":[{\"@type\":\"ListItem\",\"position\":1,\"name\":\"Portada\",\"item\":\"https:\\\/\\\/confesionario.co\\\/w\\\/\"},{\"@type\":\"ListItem\",\"position\":2,\"name\":\"Comenz\u00f3 el empalme entre Ricardo Orozco y Adriana Magali Matiz\"}]},{\"@type\":\"WebSite\",\"@id\":\"https:\\\/\\\/confesionario.co\\\/w\\\/#website\",\"url\":\"https:\\\/\\\/confesionario.co\\\/w\\\/\",\"name\":\"El Confesionario\",\"description\":\"\",\"publisher\":{\"@id\":\"https:\\\/\\\/confesionario.co\\\/w\\\/#organization\"},\"potentialAction\":[{\"@type\":\"SearchAction\",\"target\":{\"@type\":\"EntryPoint\",\"urlTemplate\":\"https:\\\/\\\/confesionario.co\\\/w\\\/?s={search_term_string}\"},\"query-input\":{\"@type\":\"PropertyValueSpecification\",\"valueRequired\":true,\"valueName\":\"search_term_string\"}}],\"inLanguage\":\"es\"},{\"@type\":\"Organization\",\"@id\":\"https:\\\/\\\/confesionario.co\\\/w\\\/#organization\",\"name\":\"El Confesionario\",\"url\":\"https:\\\/\\\/confesionario.co\\\/w\\\/\",\"logo\":{\"@type\":\"ImageObject\",\"inLanguage\":\"es\",\"@id\":\"https:\\\/\\\/confesionario.co\\\/w\\\/#\\\/schema\\\/logo\\\/image\\\/\",\"url\":\"https:\\\/\\\/confesionario.co\\\/w\\\/wp-content\\\/uploads\\\/2026\\\/02\\\/confesionario-horizontal.png\",\"contentUrl\":\"https:\\\/\\\/confesionario.co\\\/w\\\/wp-content\\\/uploads\\\/2026\\\/02\\\/confesionario-horizontal.png\",\"width\":581,\"height\":148,\"caption\":\"El Confesionario\"},\"image\":{\"@id\":\"https:\\\/\\\/confesionario.co\\\/w\\\/#\\\/schema\\\/logo\\\/image\\\/\"}},{\"@type\":\"Person\",\"@id\":\"https:\\\/\\\/confesionario.co\\\/w\\\/#\\\/schema\\\/person\\\/85e99333497749318afab96ea0cc2342\",\"name\":\"admin\",\"image\":{\"@type\":\"ImageObject\",\"inLanguage\":\"es\",\"@id\":\"https:\\\/\\\/secure.gravatar.com\\\/avatar\\\/f3358fe09cfbbfc24265a18ea411b8ee8e54296a50fb17d8acf3cffca66240d2?s=96&d=mm&r=g\",\"url\":\"https:\\\/\\\/secure.gravatar.com\\\/avatar\\\/f3358fe09cfbbfc24265a18ea411b8ee8e54296a50fb17d8acf3cffca66240d2?s=96&d=mm&r=g\",\"contentUrl\":\"https:\\\/\\\/secure.gravatar.com\\\/avatar\\\/f3358fe09cfbbfc24265a18ea411b8ee8e54296a50fb17d8acf3cffca66240d2?s=96&d=mm&r=g\",\"caption\":\"admin\"},\"sameAs\":[\"https:\\\/\\\/elconfesionario.co\\\/w\"],\"url\":\"https:\\\/\\\/confesionario.co\\\/w\\\/author\\\/osabuena\\\/\"}]}<\/script>\n<!-- \/ Yoast SEO plugin. -->","yoast_head_json":{"title":"Comenz\u00f3 el empalme entre Ricardo Orozco y Adriana Magali Matiz - El Confesionario","robots":{"index":"index","follow":"follow","max-snippet":"max-snippet:-1","max-image-preview":"max-image-preview:large","max-video-preview":"max-video-preview:-1"},"canonical":"https:\/\/confesionario.co\/w\/comenzo-el-empalme-entre-ricardo-orozco-y-adriana-magali-matiz\/","og_locale":"es_ES","og_type":"article","og_title":"Comenz\u00f3 el empalme entre Ricardo Orozco y Adriana Magali Matiz - El Confesionario","og_description":"Este martes 31 de octubre, en el despacho del Gobernador Orozco, se adelant\u00f3 la primera jornada de empalme entre el [&hellip;]","og_url":"https:\/\/confesionario.co\/w\/comenzo-el-empalme-entre-ricardo-orozco-y-adriana-magali-matiz\/","og_site_name":"El Confesionario","article_published_time":"2023-10-31T18:03:29+00:00","author":"admin","twitter_card":"summary_large_image","twitter_misc":{"Escrito por":"admin","Tiempo de lectura":"2 minutos"},"schema":{"@context":"https:\/\/schema.org","@graph":[{"@type":"Article","@id":"https:\/\/confesionario.co\/w\/comenzo-el-empalme-entre-ricardo-orozco-y-adriana-magali-matiz\/#article","isPartOf":{"@id":"https:\/\/confesionario.co\/w\/comenzo-el-empalme-entre-ricardo-orozco-y-adriana-magali-matiz\/"},"author":{"name":"admin","@id":"https:\/\/confesionario.co\/w\/#\/schema\/person\/85e99333497749318afab96ea0cc2342"},"headline":"Comenz\u00f3 el empalme entre Ricardo Orozco y Adriana Magali Matiz","datePublished":"2023-10-31T18:03:29+00:00","mainEntityOfPage":{"@id":"https:\/\/confesionario.co\/w\/comenzo-el-empalme-entre-ricardo-orozco-y-adriana-magali-matiz\/"},"wordCount":425,"commentCount":0,"publisher":{"@id":"https:\/\/confesionario.co\/w\/#organization"},"articleSection":["Otras confesiones"],"inLanguage":"es","potentialAction":[{"@type":"CommentAction","name":"Comment","target":["https:\/\/confesionario.co\/w\/comenzo-el-empalme-entre-ricardo-orozco-y-adriana-magali-matiz\/#respond"]}]},{"@type":"WebPage","@id":"https:\/\/confesionario.co\/w\/comenzo-el-empalme-entre-ricardo-orozco-y-adriana-magali-matiz\/","url":"https:\/\/confesionario.co\/w\/comenzo-el-empalme-entre-ricardo-orozco-y-adriana-magali-matiz\/","name":"Comenz\u00f3 el empalme entre Ricardo Orozco y Adriana Magali Matiz - El Confesionario","isPartOf":{"@id":"https:\/\/confesionario.co\/w\/#website"},"datePublished":"2023-10-31T18:03:29+00:00","breadcrumb":{"@id":"https:\/\/confesionario.co\/w\/comenzo-el-empalme-entre-ricardo-orozco-y-adriana-magali-matiz\/#breadcrumb"},"inLanguage":"es","potentialAction":[{"@type":"ReadAction","target":["https:\/\/confesionario.co\/w\/comenzo-el-empalme-entre-ricardo-orozco-y-adriana-magali-matiz\/"]}]},{"@type":"BreadcrumbList","@id":"https:\/\/confesionario.co\/w\/comenzo-el-empalme-entre-ricardo-orozco-y-adriana-magali-matiz\/#breadcrumb","itemListElement":[{"@type":"ListItem","position":1,"name":"Portada","item":"https:\/\/confesionario.co\/w\/"},{"@type":"ListItem","position":2,"name":"Comenz\u00f3 el empalme entre Ricardo Orozco y Adriana Magali Matiz"}]},{"@type":"WebSite","@id":"https:\/\/confesionario.co\/w\/#website","url":"https:\/\/confesionario.co\/w\/","name":"El Confesionario","description":"","publisher":{"@id":"https:\/\/confesionario.co\/w\/#organization"},"potentialAction":[{"@type":"SearchAction","target":{"@type":"EntryPoint","urlTemplate":"https:\/\/confesionario.co\/w\/?s={search_term_string}"},"query-input":{"@type":"PropertyValueSpecification","valueRequired":true,"valueName":"search_term_string"}}],"inLanguage":"es"},{"@type":"Organization","@id":"https:\/\/confesionario.co\/w\/#organization","name":"El Confesionario","url":"https:\/\/confesionario.co\/w\/","logo":{"@type":"ImageObject","inLanguage":"es","@id":"https:\/\/confesionario.co\/w\/#\/schema\/logo\/image\/","url":"https:\/\/confesionario.co\/w\/wp-content\/uploads\/2026\/02\/confesionario-horizontal.png","contentUrl":"https:\/\/confesionario.co\/w\/wp-content\/uploads\/2026\/02\/confesionario-horizontal.png","width":581,"height":148,"caption":"El Confesionario"},"image":{"@id":"https:\/\/confesionario.co\/w\/#\/schema\/logo\/image\/"}},{"@type":"Person","@id":"https:\/\/confesionario.co\/w\/#\/schema\/person\/85e99333497749318afab96ea0cc2342","name":"admin","image":{"@type":"ImageObject","inLanguage":"es","@id":"https:\/\/secure.gravatar.com\/avatar\/f3358fe09cfbbfc24265a18ea411b8ee8e54296a50fb17d8acf3cffca66240d2?s=96&d=mm&r=g","url":"https:\/\/secure.gravatar.com\/avatar\/f3358fe09cfbbfc24265a18ea411b8ee8e54296a50fb17d8acf3cffca66240d2?s=96&d=mm&r=g","contentUrl":"https:\/\/secure.gravatar.com\/avatar\/f3358fe09cfbbfc24265a18ea411b8ee8e54296a50fb17d8acf3cffca66240d2?s=96&d=mm&r=g","caption":"admin"},"sameAs":["https:\/\/elconfesionario.co\/w"],"url":"https:\/\/confesionario.co\/w\/author\/osabuena\/"}]}},"jetpack_featured_media_url":"","_links":{"self":[{"href":"https:\/\/confesionario.co\/w\/wp-json\/wp\/v2\/posts\/10801","targetHints":{"allow":["GET"]}}],"collection":[{"href":"https:\/\/confesionario.co\/w\/wp-json\/wp\/v2\/posts"}],"about":[{"href":"https:\/\/confesionario.co\/w\/wp-json\/wp\/v2\/types\/post"}],"author":[{"embeddable":true,"href":"https:\/\/confesionario.co\/w\/wp-json\/wp\/v2\/users\/1"}],"replies":[{"embeddable":true,"href":"https:\/\/confesionario.co\/w\/wp-json\/wp\/v2\/comments?post=10801"}],"version-history":[{"count":0,"href":"https:\/\/confesionario.co\/w\/wp-json\/wp\/v2\/posts\/10801\/revisions"}],"wp:attachment":[{"href":"https:\/\/confesionario.co\/w\/wp-json\/wp\/v2\/media?parent=10801"}],"wp:term":[{"taxonomy":"category","embeddable":true,"href":"https:\/\/confesionario.co\/w\/wp-json\/wp\/v2\/categories?post=10801"},{"taxonomy":"post_tag","embeddable":true,"href":"https:\/\/confesionario.co\/w\/wp-json\/wp\/v2\/tags?post=10801"}],"curies":[{"name":"wp","href":"https:\/\/api.w.org\/{rel}","templated":true}]}}