{"id":10805,"date":"2023-11-02T11:47:18","date_gmt":"2023-11-02T11:47:18","guid":{"rendered":"https:\/\/confesionario.co\/w\/pae-llego-a-los-54-000-beneficiarios-en-el-dia-de-los-ninos-en-ibague\/"},"modified":"2023-11-02T11:47:18","modified_gmt":"2023-11-02T11:47:18","slug":"pae-llego-a-los-54-000-beneficiarios-en-el-dia-de-los-ninos-en-ibague","status":"publish","type":"post","link":"https:\/\/confesionario.co\/w\/pae-llego-a-los-54-000-beneficiarios-en-el-dia-de-los-ninos-en-ibague\/","title":{"rendered":"PAE lleg\u00f3 a los 54.000 beneficiarios en el D\u00eda de los Ni\u00f1os en Ibagu\u00e9"},"content":{"rendered":"<p class=\\\"MsoNormal\\\" style=\\\"text-align: justify;\\\"><span style=\\\"font-size: 12.0pt; line-height: 107%; font-family: \\'Arial\\',sans-serif;\\\">La meta establecida en el Plan de Desarrollo \u2018Ibagu\u00e9 Vibra\u2019, se cumpli\u00f3 este martes.<\/span><\/p>\n<p><!--more--><\/p>\n<p class=\\\"MsoNormal\\\" style=\\\"text-align: justify;\\\"><span style=\\\"font-size: 12.0pt; line-height: 107%; font-family: \\'Arial\\',sans-serif;\\\">54.000 estudiantes de las 57 instituciones educativas de la Capital Musical recibieron este martes 31 de octubre, el Programa de Alimentaci\u00f3n Escolar (PAE), durante la celebraci\u00f3n del D\u00eda de los Ni\u00f1os.<\/span><\/p>\n<p class=\\\"MsoNormal\\\" style=\\\"text-align: justify;\\\"><span style=\\\"font-size: 12.0pt; line-height: 107%; font-family: \\'Arial\\',sans-serif;\\\">Con esto, la meta establecida en el Plan de Desarrollo \u2018Ibagu\u00e9 Vibra\u2019 2020-2023 se cumpli\u00f3 entre la alegr\u00eda y creatividad de los ni\u00f1os y j\u00f3venes que llegaron disfrazados a sus aulas de clase.<\/span><\/p>\n<p class=\\\"MsoNormal\\\" style=\\\"text-align: justify;\\\"><span style=\\\"font-size: 12.0pt; line-height: 107%; font-family: \\'Arial\\',sans-serif;\\\">Durante la jornada se estableci\u00f3 un men\u00fa especial que consisti\u00f3 en un perro caliente con jugo para el caso de las preparaciones calientes (complemento y almuerzo preparado en sitio, as\u00ed como comida caliente transportada); y brownie, leche, barra de granola y fruta, para el caso de las raciones industrializadas.<\/span><\/p>\n<p class=\\\"MsoNormal\\\" style=\\\"text-align: justify;\\\"><span style=\\\"font-size: 12.0pt; line-height: 107%; font-family: \\'Arial\\',sans-serif;\\\">\\\u00bbMuy contenta de los refrigerios que les dan aqu\u00ed a las ni\u00f1as, ellas son muy felices con lo que la Secretar\u00eda les env\u00eda, es muy saludable lo que les dan, el men\u00fa es delicioso\\\u00bb, expres\u00f3 Diana Capera, abuela de estudiantes de la instituci\u00f3n educativa<\/span><\/p>\n","protected":false},"excerpt":{"rendered":"<p>La meta establecida en el Plan de Desarrollo \u2018Ibagu\u00e9 Vibra\u2019, se cumpli\u00f3 este martes.<\/p>\n","protected":false},"author":1,"featured_media":0,"comment_status":"open","ping_status":"open","sticky":false,"template":"","format":"standard","meta":{"site-sidebar-layout":"default","site-content-layout":"","ast-site-content-layout":"default","site-content-style":"default","site-sidebar-style":"default","ast-global-header-display":"","ast-banner-title-visibility":"","ast-main-header-display":"","ast-hfb-above-header-display":"","ast-hfb-below-header-display":"","ast-hfb-mobile-header-display":"","site-post-title":"","ast-breadcrumbs-content":"","ast-featured-img":"","footer-sml-layout":"","ast-disable-related-posts":"","theme-transparent-header-meta":"","adv-header-id-meta":"","stick-header-meta":"","header-above-stick-meta":"","header-main-stick-meta":"","header-below-stick-meta":"","astra-migrate-meta-layouts":"default","ast-page-background-enabled":"default","ast-page-background-meta":{"desktop":{"background-color":"var(--ast-global-color-4)","background-image":"","background-repeat":"repeat","background-position":"center center","background-size":"auto","background-attachment":"scroll","background-type":"","background-media":"","overlay-type":"","overlay-color":"","overlay-opacity":"","overlay-gradient":""},"tablet":{"background-color":"","background-image":"","background-repeat":"repeat","background-position":"center center","background-size":"auto","background-attachment":"scroll","background-type":"","background-media":"","overlay-type":"","overlay-color":"","overlay-opacity":"","overlay-gradient":""},"mobile":{"background-color":"","background-image":"","background-repeat":"repeat","background-position":"center center","background-size":"auto","background-attachment":"scroll","background-type":"","background-media":"","overlay-type":"","overlay-color":"","overlay-opacity":"","overlay-gradient":""}},"ast-content-background-meta":{"desktop":{"background-color":"var(--ast-global-color-5)","background-image":"","background-repeat":"repeat","background-position":"center center","background-size":"auto","background-attachment":"scroll","background-type":"","background-media":"","overlay-type":"","overlay-color":"","overlay-opacity":"","overlay-gradient":""},"tablet":{"background-color":"var(--ast-global-color-5)","background-image":"","background-repeat":"repeat","background-position":"center center","background-size":"auto","background-attachment":"scroll","background-type":"","background-media":"","overlay-type":"","overlay-color":"","overlay-opacity":"","overlay-gradient":""},"mobile":{"background-color":"var(--ast-global-color-5)","background-image":"","background-repeat":"repeat","background-position":"center center","background-size":"auto","background-attachment":"scroll","background-type":"","background-media":"","overlay-type":"","overlay-color":"","overlay-opacity":"","overlay-gradient":""}},"footnotes":""},"categories":[19],"tags":[],"class_list":["post-10805","post","type-post","status-publish","format-standard","hentry","category-ibague"],"yoast_head":"<!-- This site is optimized with the Yoast SEO plugin v27.4 - https:\/\/yoast.com\/product\/yoast-seo-wordpress\/ -->\n<title>PAE lleg\u00f3 a los 54.000 beneficiarios en el D\u00eda de los Ni\u00f1os en Ibagu\u00e9 - El Confesionario<\/title>\n<meta name=\"robots\" content=\"index, follow, max-snippet:-1, max-image-preview:large, max-video-preview:-1\" \/>\n<link rel=\"canonical\" href=\"https:\/\/confesionario.co\/w\/pae-llego-a-los-54-000-beneficiarios-en-el-dia-de-los-ninos-en-ibague\/\" \/>\n<meta property=\"og:locale\" content=\"es_ES\" \/>\n<meta property=\"og:type\" content=\"article\" \/>\n<meta property=\"og:title\" content=\"PAE lleg\u00f3 a los 54.000 beneficiarios en el D\u00eda de los Ni\u00f1os en Ibagu\u00e9 - El Confesionario\" \/>\n<meta property=\"og:description\" content=\"La meta establecida en el Plan de Desarrollo \u2018Ibagu\u00e9 Vibra\u2019, se cumpli\u00f3 este martes.\" \/>\n<meta property=\"og:url\" content=\"https:\/\/confesionario.co\/w\/pae-llego-a-los-54-000-beneficiarios-en-el-dia-de-los-ninos-en-ibague\/\" \/>\n<meta property=\"og:site_name\" content=\"El Confesionario\" \/>\n<meta property=\"article:published_time\" content=\"2023-11-02T11:47:18+00:00\" \/>\n<meta name=\"author\" content=\"admin\" \/>\n<meta name=\"twitter:card\" content=\"summary_large_image\" \/>\n<meta name=\"twitter:label1\" content=\"Escrito por\" \/>\n\t<meta name=\"twitter:data1\" content=\"admin\" \/>\n\t<meta name=\"twitter:label2\" content=\"Tiempo de lectura\" \/>\n\t<meta name=\"twitter:data2\" content=\"1 minuto\" \/>\n<script type=\"application\/ld+json\" class=\"yoast-schema-graph\">{\"@context\":\"https:\\\/\\\/schema.org\",\"@graph\":[{\"@type\":\"Article\",\"@id\":\"https:\\\/\\\/confesionario.co\\\/w\\\/pae-llego-a-los-54-000-beneficiarios-en-el-dia-de-los-ninos-en-ibague\\\/#article\",\"isPartOf\":{\"@id\":\"https:\\\/\\\/confesionario.co\\\/w\\\/pae-llego-a-los-54-000-beneficiarios-en-el-dia-de-los-ninos-en-ibague\\\/\"},\"author\":{\"name\":\"admin\",\"@id\":\"https:\\\/\\\/confesionario.co\\\/w\\\/#\\\/schema\\\/person\\\/85e99333497749318afab96ea0cc2342\"},\"headline\":\"PAE lleg\u00f3 a los 54.000 beneficiarios en el D\u00eda de los Ni\u00f1os en Ibagu\u00e9\",\"datePublished\":\"2023-11-02T11:47:18+00:00\",\"mainEntityOfPage\":{\"@id\":\"https:\\\/\\\/confesionario.co\\\/w\\\/pae-llego-a-los-54-000-beneficiarios-en-el-dia-de-los-ninos-en-ibague\\\/\"},\"wordCount\":194,\"commentCount\":0,\"publisher\":{\"@id\":\"https:\\\/\\\/confesionario.co\\\/w\\\/#organization\"},\"articleSection\":[\"Ibagu\u00e9\"],\"inLanguage\":\"es\",\"potentialAction\":[{\"@type\":\"CommentAction\",\"name\":\"Comment\",\"target\":[\"https:\\\/\\\/confesionario.co\\\/w\\\/pae-llego-a-los-54-000-beneficiarios-en-el-dia-de-los-ninos-en-ibague\\\/#respond\"]}]},{\"@type\":\"WebPage\",\"@id\":\"https:\\\/\\\/confesionario.co\\\/w\\\/pae-llego-a-los-54-000-beneficiarios-en-el-dia-de-los-ninos-en-ibague\\\/\",\"url\":\"https:\\\/\\\/confesionario.co\\\/w\\\/pae-llego-a-los-54-000-beneficiarios-en-el-dia-de-los-ninos-en-ibague\\\/\",\"name\":\"PAE lleg\u00f3 a los 54.000 beneficiarios en el D\u00eda de los Ni\u00f1os en Ibagu\u00e9 - El Confesionario\",\"isPartOf\":{\"@id\":\"https:\\\/\\\/confesionario.co\\\/w\\\/#website\"},\"datePublished\":\"2023-11-02T11:47:18+00:00\",\"breadcrumb\":{\"@id\":\"https:\\\/\\\/confesionario.co\\\/w\\\/pae-llego-a-los-54-000-beneficiarios-en-el-dia-de-los-ninos-en-ibague\\\/#breadcrumb\"},\"inLanguage\":\"es\",\"potentialAction\":[{\"@type\":\"ReadAction\",\"target\":[\"https:\\\/\\\/confesionario.co\\\/w\\\/pae-llego-a-los-54-000-beneficiarios-en-el-dia-de-los-ninos-en-ibague\\\/\"]}]},{\"@type\":\"BreadcrumbList\",\"@id\":\"https:\\\/\\\/confesionario.co\\\/w\\\/pae-llego-a-los-54-000-beneficiarios-en-el-dia-de-los-ninos-en-ibague\\\/#breadcrumb\",\"itemListElement\":[{\"@type\":\"ListItem\",\"position\":1,\"name\":\"Portada\",\"item\":\"https:\\\/\\\/confesionario.co\\\/w\\\/\"},{\"@type\":\"ListItem\",\"position\":2,\"name\":\"PAE lleg\u00f3 a los 54.000 beneficiarios en el D\u00eda de los Ni\u00f1os en Ibagu\u00e9\"}]},{\"@type\":\"WebSite\",\"@id\":\"https:\\\/\\\/confesionario.co\\\/w\\\/#website\",\"url\":\"https:\\\/\\\/confesionario.co\\\/w\\\/\",\"name\":\"El Confesionario\",\"description\":\"\",\"publisher\":{\"@id\":\"https:\\\/\\\/confesionario.co\\\/w\\\/#organization\"},\"potentialAction\":[{\"@type\":\"SearchAction\",\"target\":{\"@type\":\"EntryPoint\",\"urlTemplate\":\"https:\\\/\\\/confesionario.co\\\/w\\\/?s={search_term_string}\"},\"query-input\":{\"@type\":\"PropertyValueSpecification\",\"valueRequired\":true,\"valueName\":\"search_term_string\"}}],\"inLanguage\":\"es\"},{\"@type\":\"Organization\",\"@id\":\"https:\\\/\\\/confesionario.co\\\/w\\\/#organization\",\"name\":\"El Confesionario\",\"url\":\"https:\\\/\\\/confesionario.co\\\/w\\\/\",\"logo\":{\"@type\":\"ImageObject\",\"inLanguage\":\"es\",\"@id\":\"https:\\\/\\\/confesionario.co\\\/w\\\/#\\\/schema\\\/logo\\\/image\\\/\",\"url\":\"https:\\\/\\\/confesionario.co\\\/w\\\/wp-content\\\/uploads\\\/2026\\\/02\\\/confesionario-horizontal.png\",\"contentUrl\":\"https:\\\/\\\/confesionario.co\\\/w\\\/wp-content\\\/uploads\\\/2026\\\/02\\\/confesionario-horizontal.png\",\"width\":581,\"height\":148,\"caption\":\"El Confesionario\"},\"image\":{\"@id\":\"https:\\\/\\\/confesionario.co\\\/w\\\/#\\\/schema\\\/logo\\\/image\\\/\"}},{\"@type\":\"Person\",\"@id\":\"https:\\\/\\\/confesionario.co\\\/w\\\/#\\\/schema\\\/person\\\/85e99333497749318afab96ea0cc2342\",\"name\":\"admin\",\"image\":{\"@type\":\"ImageObject\",\"inLanguage\":\"es\",\"@id\":\"https:\\\/\\\/secure.gravatar.com\\\/avatar\\\/f3358fe09cfbbfc24265a18ea411b8ee8e54296a50fb17d8acf3cffca66240d2?s=96&d=mm&r=g\",\"url\":\"https:\\\/\\\/secure.gravatar.com\\\/avatar\\\/f3358fe09cfbbfc24265a18ea411b8ee8e54296a50fb17d8acf3cffca66240d2?s=96&d=mm&r=g\",\"contentUrl\":\"https:\\\/\\\/secure.gravatar.com\\\/avatar\\\/f3358fe09cfbbfc24265a18ea411b8ee8e54296a50fb17d8acf3cffca66240d2?s=96&d=mm&r=g\",\"caption\":\"admin\"},\"sameAs\":[\"https:\\\/\\\/elconfesionario.co\\\/w\"],\"url\":\"https:\\\/\\\/confesionario.co\\\/w\\\/author\\\/osabuena\\\/\"}]}<\/script>\n<!-- \/ Yoast SEO plugin. -->","yoast_head_json":{"title":"PAE lleg\u00f3 a los 54.000 beneficiarios en el D\u00eda de los Ni\u00f1os en Ibagu\u00e9 - El Confesionario","robots":{"index":"index","follow":"follow","max-snippet":"max-snippet:-1","max-image-preview":"max-image-preview:large","max-video-preview":"max-video-preview:-1"},"canonical":"https:\/\/confesionario.co\/w\/pae-llego-a-los-54-000-beneficiarios-en-el-dia-de-los-ninos-en-ibague\/","og_locale":"es_ES","og_type":"article","og_title":"PAE lleg\u00f3 a los 54.000 beneficiarios en el D\u00eda de los Ni\u00f1os en Ibagu\u00e9 - El Confesionario","og_description":"La meta establecida en el Plan de Desarrollo \u2018Ibagu\u00e9 Vibra\u2019, se cumpli\u00f3 este martes.","og_url":"https:\/\/confesionario.co\/w\/pae-llego-a-los-54-000-beneficiarios-en-el-dia-de-los-ninos-en-ibague\/","og_site_name":"El Confesionario","article_published_time":"2023-11-02T11:47:18+00:00","author":"admin","twitter_card":"summary_large_image","twitter_misc":{"Escrito por":"admin","Tiempo de lectura":"1 minuto"},"schema":{"@context":"https:\/\/schema.org","@graph":[{"@type":"Article","@id":"https:\/\/confesionario.co\/w\/pae-llego-a-los-54-000-beneficiarios-en-el-dia-de-los-ninos-en-ibague\/#article","isPartOf":{"@id":"https:\/\/confesionario.co\/w\/pae-llego-a-los-54-000-beneficiarios-en-el-dia-de-los-ninos-en-ibague\/"},"author":{"name":"admin","@id":"https:\/\/confesionario.co\/w\/#\/schema\/person\/85e99333497749318afab96ea0cc2342"},"headline":"PAE lleg\u00f3 a los 54.000 beneficiarios en el D\u00eda de los Ni\u00f1os en Ibagu\u00e9","datePublished":"2023-11-02T11:47:18+00:00","mainEntityOfPage":{"@id":"https:\/\/confesionario.co\/w\/pae-llego-a-los-54-000-beneficiarios-en-el-dia-de-los-ninos-en-ibague\/"},"wordCount":194,"commentCount":0,"publisher":{"@id":"https:\/\/confesionario.co\/w\/#organization"},"articleSection":["Ibagu\u00e9"],"inLanguage":"es","potentialAction":[{"@type":"CommentAction","name":"Comment","target":["https:\/\/confesionario.co\/w\/pae-llego-a-los-54-000-beneficiarios-en-el-dia-de-los-ninos-en-ibague\/#respond"]}]},{"@type":"WebPage","@id":"https:\/\/confesionario.co\/w\/pae-llego-a-los-54-000-beneficiarios-en-el-dia-de-los-ninos-en-ibague\/","url":"https:\/\/confesionario.co\/w\/pae-llego-a-los-54-000-beneficiarios-en-el-dia-de-los-ninos-en-ibague\/","name":"PAE lleg\u00f3 a los 54.000 beneficiarios en el D\u00eda de los Ni\u00f1os en Ibagu\u00e9 - El Confesionario","isPartOf":{"@id":"https:\/\/confesionario.co\/w\/#website"},"datePublished":"2023-11-02T11:47:18+00:00","breadcrumb":{"@id":"https:\/\/confesionario.co\/w\/pae-llego-a-los-54-000-beneficiarios-en-el-dia-de-los-ninos-en-ibague\/#breadcrumb"},"inLanguage":"es","potentialAction":[{"@type":"ReadAction","target":["https:\/\/confesionario.co\/w\/pae-llego-a-los-54-000-beneficiarios-en-el-dia-de-los-ninos-en-ibague\/"]}]},{"@type":"BreadcrumbList","@id":"https:\/\/confesionario.co\/w\/pae-llego-a-los-54-000-beneficiarios-en-el-dia-de-los-ninos-en-ibague\/#breadcrumb","itemListElement":[{"@type":"ListItem","position":1,"name":"Portada","item":"https:\/\/confesionario.co\/w\/"},{"@type":"ListItem","position":2,"name":"PAE lleg\u00f3 a los 54.000 beneficiarios en el D\u00eda de los Ni\u00f1os en Ibagu\u00e9"}]},{"@type":"WebSite","@id":"https:\/\/confesionario.co\/w\/#website","url":"https:\/\/confesionario.co\/w\/","name":"El Confesionario","description":"","publisher":{"@id":"https:\/\/confesionario.co\/w\/#organization"},"potentialAction":[{"@type":"SearchAction","target":{"@type":"EntryPoint","urlTemplate":"https:\/\/confesionario.co\/w\/?s={search_term_string}"},"query-input":{"@type":"PropertyValueSpecification","valueRequired":true,"valueName":"search_term_string"}}],"inLanguage":"es"},{"@type":"Organization","@id":"https:\/\/confesionario.co\/w\/#organization","name":"El Confesionario","url":"https:\/\/confesionario.co\/w\/","logo":{"@type":"ImageObject","inLanguage":"es","@id":"https:\/\/confesionario.co\/w\/#\/schema\/logo\/image\/","url":"https:\/\/confesionario.co\/w\/wp-content\/uploads\/2026\/02\/confesionario-horizontal.png","contentUrl":"https:\/\/confesionario.co\/w\/wp-content\/uploads\/2026\/02\/confesionario-horizontal.png","width":581,"height":148,"caption":"El Confesionario"},"image":{"@id":"https:\/\/confesionario.co\/w\/#\/schema\/logo\/image\/"}},{"@type":"Person","@id":"https:\/\/confesionario.co\/w\/#\/schema\/person\/85e99333497749318afab96ea0cc2342","name":"admin","image":{"@type":"ImageObject","inLanguage":"es","@id":"https:\/\/secure.gravatar.com\/avatar\/f3358fe09cfbbfc24265a18ea411b8ee8e54296a50fb17d8acf3cffca66240d2?s=96&d=mm&r=g","url":"https:\/\/secure.gravatar.com\/avatar\/f3358fe09cfbbfc24265a18ea411b8ee8e54296a50fb17d8acf3cffca66240d2?s=96&d=mm&r=g","contentUrl":"https:\/\/secure.gravatar.com\/avatar\/f3358fe09cfbbfc24265a18ea411b8ee8e54296a50fb17d8acf3cffca66240d2?s=96&d=mm&r=g","caption":"admin"},"sameAs":["https:\/\/elconfesionario.co\/w"],"url":"https:\/\/confesionario.co\/w\/author\/osabuena\/"}]}},"jetpack_featured_media_url":"","_links":{"self":[{"href":"https:\/\/confesionario.co\/w\/wp-json\/wp\/v2\/posts\/10805","targetHints":{"allow":["GET"]}}],"collection":[{"href":"https:\/\/confesionario.co\/w\/wp-json\/wp\/v2\/posts"}],"about":[{"href":"https:\/\/confesionario.co\/w\/wp-json\/wp\/v2\/types\/post"}],"author":[{"embeddable":true,"href":"https:\/\/confesionario.co\/w\/wp-json\/wp\/v2\/users\/1"}],"replies":[{"embeddable":true,"href":"https:\/\/confesionario.co\/w\/wp-json\/wp\/v2\/comments?post=10805"}],"version-history":[{"count":0,"href":"https:\/\/confesionario.co\/w\/wp-json\/wp\/v2\/posts\/10805\/revisions"}],"wp:attachment":[{"href":"https:\/\/confesionario.co\/w\/wp-json\/wp\/v2\/media?parent=10805"}],"wp:term":[{"taxonomy":"category","embeddable":true,"href":"https:\/\/confesionario.co\/w\/wp-json\/wp\/v2\/categories?post=10805"},{"taxonomy":"post_tag","embeddable":true,"href":"https:\/\/confesionario.co\/w\/wp-json\/wp\/v2\/tags?post=10805"}],"curies":[{"name":"wp","href":"https:\/\/api.w.org\/{rel}","templated":true}]}}