{"id":10808,"date":"2023-11-02T12:08:46","date_gmt":"2023-11-02T12:08:46","guid":{"rendered":"https:\/\/confesionario.co\/w\/programese-con-la-agenda-cultural-de-noviembre-en-el-tolima-tierra-de-festivales\/"},"modified":"2023-11-02T12:08:46","modified_gmt":"2023-11-02T12:08:46","slug":"programese-con-la-agenda-cultural-de-noviembre-en-el-tolima-tierra-de-festivales","status":"publish","type":"post","link":"https:\/\/confesionario.co\/w\/programese-con-la-agenda-cultural-de-noviembre-en-el-tolima-tierra-de-festivales\/","title":{"rendered":"Progr\u00e1mese con la agenda cultural de noviembre en el Tolima, \u201cTierra de Festivales\u201d"},"content":{"rendered":"<p class=\\\"MsoNormal\\\" style=\\\"text-align: justify;\\\"><span style=\\\"font-size: 12.0pt; line-height: 107%; font-family: \\'Arial\\',sans-serif;\\\">Los tolimenses tienen una vez m\u00e1s una variada programaci\u00f3n de eventos culturales a los que podr\u00e1n asistir con amigos y familiares de forma gratuita en el pen\u00faltimo mes del 2023.<\/span><\/p>\n<p><!--more--><\/p>\n<p class=\\\"MsoNormal\\\" style=\\\"text-align: justify;\\\"><span style=\\\"font-size: 12.0pt; line-height: 107%; font-family: \\'Arial\\',sans-serif;\\\">Para noviembre, visitantes y propios tendr\u00e1n la oportunidad de disfrutar de eventos para todos los p\u00fablicos en los que el arte en todas sus expresiones es protagonista.<span style=\\\"mso-spacerun: yes;\\\">\u00a0 <\/span>De acuerdo con Jaiber Berm\u00fadez, director de Cultura Departamental del Tolima, hay actividades para todos los gustos, no solo en Ibagu\u00e9, tambi\u00e9n en otras partes de la regi\u00f3n. <\/span><\/p>\n<p class=\\\"MsoNormal\\\" style=\\\"text-align: justify;\\\"><b><span style=\\\"font-size: 12.0pt; line-height: 107%; font-family: \\'Arial\\',sans-serif;\\\">Festival del Libro del Tolima<\/span><\/b><\/p>\n<p class=\\\"MsoNormal\\\" style=\\\"text-align: justify;\\\"><span style=\\\"font-size: 12.0pt; line-height: 107%; font-family: \\'Arial\\',sans-serif;\\\">El mes inicia con el primer Festival del Libro del Tolima, un evento que se desarrollar\u00e1 en el Centro de Convenciones Alfonso L\u00f3pez Pumarejo del 1 al 4 de noviembre y contar\u00e1 con m\u00e1s de 50 actividades en las que estar\u00e1n presentes m\u00e1s de 100 escritores de la regi\u00f3n y el pa\u00eds, y editoriales de todo el mundo. <\/span><\/p>\n<p class=\\\"MsoNormal\\\" style=\\\"text-align: justify;\\\"><b><span style=\\\"font-size: 12.0pt; line-height: 107%; font-family: \\'Arial\\',sans-serif;\\\">II Encuentro de Bibliotecarios del Tolima<\/span><\/b><\/p>\n<p class=\\\"MsoNormal\\\" style=\\\"text-align: justify;\\\"><span style=\\\"font-size: 12.0pt; line-height: 107%; font-family: \\'Arial\\',sans-serif;\\\">Del Primero al 4 de noviembre, la capital tolimense acoger\u00e1 a m\u00e1s de 50 bibliotecarios de todo el departamento que estar\u00e1n capacit\u00e1ndose en el auditorio de la Biblioteca Dar\u00edo Echand\u00eda con el seminario \u201cLa biblioteca como patrimonio material e inmaterial de la cultura\u201d. <\/span><\/p>\n<p class=\\\"MsoNormal\\\" style=\\\"text-align: justify;\\\"><b><span style=\\\"font-size: 12.0pt; line-height: 107%; font-family: \\'Arial\\',sans-serif;\\\">Exposici\u00f3n \u201cMi segunda piel\u201d en el Museo de Arte del Tolima<\/span><\/b><\/p>\n<p class=\\\"MsoNormal\\\" style=\\\"text-align: justify;\\\"><span style=\\\"font-size: 12.0pt; line-height: 107%; font-family: \\'Arial\\',sans-serif;\\\">Todas las salas del Museo de Arte del Tolima es\u00e1n dispuestas para la exposici\u00f3n \\\u00bbMi Segunda Piel\\\u00bb de la artista tolimense Mariana Varela. El pa\u00eds, el paisaje y la violencia mostrada simb\u00f3lica y po\u00e9ticamente con una actitud \u00e9tica, la mujer y los estereotipos, son los temas que aborda esta revisi\u00f3n de tan solo una parte de la extensa obra de la artista.<\/span><\/p>\n<p class=\\\"MsoNormal\\\" style=\\\"text-align: justify;\\\"><b><span style=\\\"font-size: 12.0pt; line-height: 107%; font-family: \\'Arial\\',sans-serif;\\\">Mano Al Aire Fest<\/span><\/b><\/p>\n<p class=\\\"MsoNormal\\\" style=\\\"text-align: justify;\\\"><span style=\\\"font-size: 12.0pt; line-height: 107%; font-family: \\'Arial\\',sans-serif;\\\">Es el evento de DJ\u2019s y Electr\u00f3nica m\u00e1s importante del centro del pa\u00eds. Su sexto showcase se llevar\u00e1 a cabo este 3 de noviembre en la discoteca Black Room con los DJ\u2019s invitados al showcase: DJ Sspoke, Ztyler, Robiie Carrillo, Berxet y Sariah.<span style=\\\"mso-spacerun: yes;\\\">\u00a0 <\/span>El evento principal de esta iniciativa se realizar\u00e1 el siguiente viernes en el parque Murillo Toro con la presentaci\u00f3n de artistas nacionales e internacionales. <\/span><\/p>\n<p class=\\\"MsoNormal\\\" style=\\\"text-align: justify;\\\"><b><span style=\\\"font-size: 12.0pt; line-height: 107%; font-family: \\'Arial\\',sans-serif;\\\">Ibafest<\/span><\/b><\/p>\n<p class=\\\"MsoNormal\\\" style=\\\"text-align: justify;\\\"><span style=\\\"font-size: 12.0pt; line-height: 107%; font-family: \\'Arial\\',sans-serif;\\\">Del Primero al 6 de noviembre se celebrar\u00e1 la s\u00e9ptima versi\u00f3n del \u2018Ibafest\u2019, un Festival Internacional de Coros y Orquestas Infantojuveniles en el que participan m\u00e1s de 300 artistas de diferentes partes del pa\u00eds. Los escenarios en los que se vivir\u00e1n los grandes conciertos en esta versi\u00f3n son el Pan\u00f3ptico de Ibagu\u00e9, los centros comerciales Acqua Power Center y Multicentro, adem\u00e1s de varias instituciones educativas de la capital tolimense. <\/span><\/p>\n<p class=\\\"MsoNormal\\\" style=\\\"text-align: justify;\\\"><b><span style=\\\"font-size: 12.0pt; line-height: 107%; font-family: \\'Arial\\',sans-serif;\\\">18\u00b0 Festival Internacional de Hip Hop \u201c\u00c1rmate de Arte\u201d<\/span><\/b><\/p>\n<p class=\\\"MsoNormal\\\" style=\\\"text-align: justify;\\\"><span style=\\\"font-size: 12.0pt; line-height: 107%; font-family: \\'Arial\\',sans-serif;\\\">Esta actividad es considerada como una de las mayores plataformas para las artes urbanas de Latinoam\u00e9rica con 18 versiones. Est\u00e1 articulada con artistas de Francia, Espa\u00f1a, Holanda, Eslovaquia, Portugal, Per\u00fa, M\u00e9xico, Canad\u00e1, Estados Unidos, Argentina, Ecuador, Chile Y Jap\u00f3n. Contar\u00e1 en sus escenarios con Workshops, emprendimientos, Battles de Breaking &amp; Open Style, Intervenciones de Graffiti, muestras de Freestyle, exhibiciones de DJ\u2019s y conciertos de RAP.<\/span><\/p>\n<p class=\\\"MsoNormal\\\" style=\\\"text-align: justify;\\\"><b><span style=\\\"font-size: 12.0pt; line-height: 107%; font-family: \\'Arial\\',sans-serif;\\\">Chaparral Quiere Rock<\/span><\/b><\/p>\n<p class=\\\"MsoNormal\\\" style=\\\"text-align: justify;\\\"><span style=\\\"font-size: 12.0pt; line-height: 107%; font-family: \\'Arial\\',sans-serif;\\\">El Festival Chaparral Quiere Rock llega a su decimoprimera versi\u00f3n y se realizar\u00e1 este s\u00e1bado 4 de noviembre en la Calle del Indio de este municipio. Es considerado el segundo evento de rock m\u00e1s grande del Tolima y contar\u00e1 en esta versi\u00f3n con la participaci\u00f3n de cinco bandas de orden local y nacional: AtrapamoSkas, Dizkordia, Insoportable, Juan Calyptra, Destroy, Dafne Marahunta y Ekhymosis.<\/span><\/p>\n<p class=\\\"MsoNormal\\\" style=\\\"text-align: justify;\\\"><b><span style=\\\"font-size: 12.0pt; line-height: 107%; font-family: \\'Arial\\',sans-serif;\\\">Primer Festival de Bandas de Marcha<\/span><\/b><\/p>\n<p class=\\\"MsoNormal\\\" style=\\\"text-align: justify;\\\"><span style=\\\"font-size: 12.0pt; line-height: 107%; font-family: \\'Arial\\',sans-serif;\\\">Se llevar\u00e1 a cabo el pr\u00f3ximo domingo 5 de noviembre en el Coliseo Cubierto Villa Ol\u00edmpica del municipio del L\u00edbano. Contar\u00e1 con bandas de marchas provenientes de Cali, Cajic\u00e1, Puerto Boyac\u00e1, L\u00edbano &#8211; corregimiento de Convenio, Soacha, Ibagu\u00e9, Yolomb\u00f3, Fr\u00edas, Murillo, Cachipay y Bogot\u00e1. Habr\u00e1 presentaciones coreogr\u00e1ficas, batallas de tambor mayor, y premios para los mejores bastones, liras, vientos, percusi\u00f3n latina, y percusi\u00f3n tradicional de las bandas. <\/span><\/p>\n<p class=\\\"MsoNormal\\\" style=\\\"text-align: justify;\\\"><b><span style=\\\"font-size: 12.0pt; line-height: 107%; font-family: \\'Arial\\',sans-serif;\\\">Palo pa\u2019 Rumba<\/span><\/b><\/p>\n<p class=\\\"MsoNormal\\\" style=\\\"text-align: justify;\\\"><span style=\\\"font-size: 12.0pt; line-height: 107%; font-family: \\'Arial\\',sans-serif;\\\">M\u00e1s de 1.000 participantes se dar\u00e1n cita del 10 al 13 de noviembre en uno de los eventos de bailes latinos m\u00e1s importantes de Colombia. Contar\u00e1 con participantes de 30 ciudades del pa\u00eds y sus escenarios ser\u00e1n el Teatro Tolima y el Parque Murillo Toro de la Ciudad Musical y contar\u00e1 con m\u00e1s de $60 millones en premios distribuidos en 55 categor\u00edas en los g\u00e9neros de salsa, bachata y urbano.<\/span><\/p>\n<p class=\\\"MsoNormal\\\" style=\\\"text-align: justify;\\\"><b><span style=\\\"font-size: 12.0pt; line-height: 107%; font-family: \\'Arial\\',sans-serif;\\\">Festival Internacional de videodanza cuerpo expandido Fivce<\/span><\/b><\/p>\n<p class=\\\"MsoNormal\\\" style=\\\"text-align: justify;\\\"><span style=\\\"font-size: 12.0pt; line-height: 107%; font-family: \\'Arial\\',sans-serif;\\\">Es una red que promueve la circulaci\u00f3n, formaci\u00f3n y realizaci\u00f3n alrededor de proyectos h\u00edbridos en los que convergen la danza y la realizaci\u00f3n audiovisual. Su objetivo es que sean los artistas de la ciudad y el departamento quienes sean beneficiarios de los procesos de formaci\u00f3n y producci\u00f3n alrededor del concepto videodanza. <\/span><\/p>\n<p class=\\\"MsoNormal\\\" style=\\\"text-align: justify;\\\"><b><span style=\\\"font-size: 12.0pt; line-height: 107%; font-family: \\'Arial\\',sans-serif;\\\">Cuarto Festival Internacional Cuerpo Vibratil<\/span><\/b><\/p>\n<p class=\\\"MsoNormal\\\" style=\\\"text-align: justify;\\\"><span style=\\\"font-size: 12.0pt; line-height: 107%; font-family: \\'Arial\\',sans-serif;\\\">Como parte de su programaci\u00f3n se llevar\u00e1 a cabo este jueves 2 de noviembre el \u201cJam Cuerpo Vibr\u00e1til\u201d, un encuentro de improvisaci\u00f3n abierta dirigido a todos los artistas exploradores del movimiento. El gran cierre del festival ser\u00e1 el 3 de noviembre en teatro Tolima donde se presentar\u00e1n los cinco ganadores nacionales e internacionales de la convocatoria. <\/span><\/p>\n<p class=\\\"MsoNormal\\\" style=\\\"text-align: justify;\\\"><b><span style=\\\"font-size: 12.0pt; line-height: 107%; font-family: \\'Arial\\',sans-serif;\\\">Sweet Maid Con<\/span><\/b><\/p>\n<p class=\\\"MsoNormal\\\" style=\\\"text-align: justify;\\\"><span style=\\\"font-size: 12.0pt; line-height: 107%; font-family: \\'Arial\\',sans-serif;\\\">Se realizar\u00e1 el 11 y 12 de noviembre en el centro de convenciones Alfonso L\u00f3pez Pumarejo con ingreso gratuito para sus asistentes. Contar\u00e1 con concursos de Cosplay, karaoke, y Just Dance, adem\u00e1s de torneos de consolas y Pok\u00e9mon. Estar\u00e1n presentes las comunidades invitadas Rol Nerdvana, Kpop Hallyu Ibagu\u00e9, Zantetsu Ryu Laido.<\/span><\/p>\n","protected":false},"excerpt":{"rendered":"<p>Los tolimenses tienen una vez m\u00e1s una variada programaci\u00f3n de eventos culturales a los que podr\u00e1n asistir con amigos y [&hellip;]<\/p>\n","protected":false},"author":1,"featured_media":0,"comment_status":"open","ping_status":"open","sticky":false,"template":"","format":"standard","meta":{"site-sidebar-layout":"default","site-content-layout":"","ast-site-content-layout":"default","site-content-style":"default","site-sidebar-style":"default","ast-global-header-display":"","ast-banner-title-visibility":"","ast-main-header-display":"","ast-hfb-above-header-display":"","ast-hfb-below-header-display":"","ast-hfb-mobile-header-display":"","site-post-title":"","ast-breadcrumbs-content":"","ast-featured-img":"","footer-sml-layout":"","ast-disable-related-posts":"","theme-transparent-header-meta":"","adv-header-id-meta":"","stick-header-meta":"","header-above-stick-meta":"","header-main-stick-meta":"","header-below-stick-meta":"","astra-migrate-meta-layouts":"default","ast-page-background-enabled":"default","ast-page-background-meta":{"desktop":{"background-color":"var(--ast-global-color-4)","background-image":"","background-repeat":"repeat","background-position":"center center","background-size":"auto","background-attachment":"scroll","background-type":"","background-media":"","overlay-type":"","overlay-color":"","overlay-opacity":"","overlay-gradient":""},"tablet":{"background-color":"","background-image":"","background-repeat":"repeat","background-position":"center center","background-size":"auto","background-attachment":"scroll","background-type":"","background-media":"","overlay-type":"","overlay-color":"","overlay-opacity":"","overlay-gradient":""},"mobile":{"background-color":"","background-image":"","background-repeat":"repeat","background-position":"center center","background-size":"auto","background-attachment":"scroll","background-type":"","background-media":"","overlay-type":"","overlay-color":"","overlay-opacity":"","overlay-gradient":""}},"ast-content-background-meta":{"desktop":{"background-color":"var(--ast-global-color-5)","background-image":"","background-repeat":"repeat","background-position":"center center","background-size":"auto","background-attachment":"scroll","background-type":"","background-media":"","overlay-type":"","overlay-color":"","overlay-opacity":"","overlay-gradient":""},"tablet":{"background-color":"var(--ast-global-color-5)","background-image":"","background-repeat":"repeat","background-position":"center center","background-size":"auto","background-attachment":"scroll","background-type":"","background-media":"","overlay-type":"","overlay-color":"","overlay-opacity":"","overlay-gradient":""},"mobile":{"background-color":"var(--ast-global-color-5)","background-image":"","background-repeat":"repeat","background-position":"center center","background-size":"auto","background-attachment":"scroll","background-type":"","background-media":"","overlay-type":"","overlay-color":"","overlay-opacity":"","overlay-gradient":""}},"footnotes":""},"categories":[19],"tags":[],"class_list":["post-10808","post","type-post","status-publish","format-standard","hentry","category-ibague"],"yoast_head":"<!-- This site is optimized with the Yoast SEO plugin v27.5 - https:\/\/yoast.com\/product\/yoast-seo-wordpress\/ -->\n<title>Progr\u00e1mese con la agenda cultural de noviembre en el Tolima, \u201cTierra de Festivales\u201d - El Confesionario<\/title>\n<meta name=\"robots\" content=\"index, follow, max-snippet:-1, max-image-preview:large, max-video-preview:-1\" \/>\n<link rel=\"canonical\" href=\"https:\/\/confesionario.co\/w\/programese-con-la-agenda-cultural-de-noviembre-en-el-tolima-tierra-de-festivales\/\" \/>\n<meta property=\"og:locale\" content=\"es_ES\" \/>\n<meta property=\"og:type\" content=\"article\" \/>\n<meta property=\"og:title\" content=\"Progr\u00e1mese con la agenda cultural de noviembre en el Tolima, \u201cTierra de Festivales\u201d - El Confesionario\" \/>\n<meta property=\"og:description\" content=\"Los tolimenses tienen una vez m\u00e1s una variada programaci\u00f3n de eventos culturales a los que podr\u00e1n asistir con amigos y [&hellip;]\" \/>\n<meta property=\"og:url\" content=\"https:\/\/confesionario.co\/w\/programese-con-la-agenda-cultural-de-noviembre-en-el-tolima-tierra-de-festivales\/\" \/>\n<meta property=\"og:site_name\" content=\"El Confesionario\" \/>\n<meta property=\"article:published_time\" content=\"2023-11-02T12:08:46+00:00\" \/>\n<meta name=\"author\" content=\"admin\" \/>\n<meta name=\"twitter:card\" content=\"summary_large_image\" \/>\n<meta name=\"twitter:label1\" content=\"Escrito por\" \/>\n\t<meta name=\"twitter:data1\" content=\"admin\" \/>\n\t<meta name=\"twitter:label2\" content=\"Tiempo de lectura\" \/>\n\t<meta name=\"twitter:data2\" content=\"5 minutos\" \/>\n<script type=\"application\/ld+json\" class=\"yoast-schema-graph\">{\"@context\":\"https:\\\/\\\/schema.org\",\"@graph\":[{\"@type\":\"Article\",\"@id\":\"https:\\\/\\\/confesionario.co\\\/w\\\/programese-con-la-agenda-cultural-de-noviembre-en-el-tolima-tierra-de-festivales\\\/#article\",\"isPartOf\":{\"@id\":\"https:\\\/\\\/confesionario.co\\\/w\\\/programese-con-la-agenda-cultural-de-noviembre-en-el-tolima-tierra-de-festivales\\\/\"},\"author\":{\"name\":\"admin\",\"@id\":\"https:\\\/\\\/confesionario.co\\\/w\\\/#\\\/schema\\\/person\\\/85e99333497749318afab96ea0cc2342\"},\"headline\":\"Progr\u00e1mese con la agenda cultural de noviembre en el Tolima, \u201cTierra de Festivales\u201d\",\"datePublished\":\"2023-11-02T12:08:46+00:00\",\"mainEntityOfPage\":{\"@id\":\"https:\\\/\\\/confesionario.co\\\/w\\\/programese-con-la-agenda-cultural-de-noviembre-en-el-tolima-tierra-de-festivales\\\/\"},\"wordCount\":942,\"commentCount\":0,\"publisher\":{\"@id\":\"https:\\\/\\\/confesionario.co\\\/w\\\/#organization\"},\"articleSection\":[\"Ibagu\u00e9\"],\"inLanguage\":\"es\",\"potentialAction\":[{\"@type\":\"CommentAction\",\"name\":\"Comment\",\"target\":[\"https:\\\/\\\/confesionario.co\\\/w\\\/programese-con-la-agenda-cultural-de-noviembre-en-el-tolima-tierra-de-festivales\\\/#respond\"]}]},{\"@type\":\"WebPage\",\"@id\":\"https:\\\/\\\/confesionario.co\\\/w\\\/programese-con-la-agenda-cultural-de-noviembre-en-el-tolima-tierra-de-festivales\\\/\",\"url\":\"https:\\\/\\\/confesionario.co\\\/w\\\/programese-con-la-agenda-cultural-de-noviembre-en-el-tolima-tierra-de-festivales\\\/\",\"name\":\"Progr\u00e1mese con la agenda cultural de noviembre en el Tolima, \u201cTierra de Festivales\u201d - El Confesionario\",\"isPartOf\":{\"@id\":\"https:\\\/\\\/confesionario.co\\\/w\\\/#website\"},\"datePublished\":\"2023-11-02T12:08:46+00:00\",\"breadcrumb\":{\"@id\":\"https:\\\/\\\/confesionario.co\\\/w\\\/programese-con-la-agenda-cultural-de-noviembre-en-el-tolima-tierra-de-festivales\\\/#breadcrumb\"},\"inLanguage\":\"es\",\"potentialAction\":[{\"@type\":\"ReadAction\",\"target\":[\"https:\\\/\\\/confesionario.co\\\/w\\\/programese-con-la-agenda-cultural-de-noviembre-en-el-tolima-tierra-de-festivales\\\/\"]}]},{\"@type\":\"BreadcrumbList\",\"@id\":\"https:\\\/\\\/confesionario.co\\\/w\\\/programese-con-la-agenda-cultural-de-noviembre-en-el-tolima-tierra-de-festivales\\\/#breadcrumb\",\"itemListElement\":[{\"@type\":\"ListItem\",\"position\":1,\"name\":\"Portada\",\"item\":\"https:\\\/\\\/confesionario.co\\\/w\\\/\"},{\"@type\":\"ListItem\",\"position\":2,\"name\":\"Progr\u00e1mese con la agenda cultural de noviembre en el Tolima, \u201cTierra de Festivales\u201d\"}]},{\"@type\":\"WebSite\",\"@id\":\"https:\\\/\\\/confesionario.co\\\/w\\\/#website\",\"url\":\"https:\\\/\\\/confesionario.co\\\/w\\\/\",\"name\":\"El Confesionario\",\"description\":\"\",\"publisher\":{\"@id\":\"https:\\\/\\\/confesionario.co\\\/w\\\/#organization\"},\"potentialAction\":[{\"@type\":\"SearchAction\",\"target\":{\"@type\":\"EntryPoint\",\"urlTemplate\":\"https:\\\/\\\/confesionario.co\\\/w\\\/?s={search_term_string}\"},\"query-input\":{\"@type\":\"PropertyValueSpecification\",\"valueRequired\":true,\"valueName\":\"search_term_string\"}}],\"inLanguage\":\"es\"},{\"@type\":\"Organization\",\"@id\":\"https:\\\/\\\/confesionario.co\\\/w\\\/#organization\",\"name\":\"El Confesionario\",\"url\":\"https:\\\/\\\/confesionario.co\\\/w\\\/\",\"logo\":{\"@type\":\"ImageObject\",\"inLanguage\":\"es\",\"@id\":\"https:\\\/\\\/confesionario.co\\\/w\\\/#\\\/schema\\\/logo\\\/image\\\/\",\"url\":\"https:\\\/\\\/confesionario.co\\\/w\\\/wp-content\\\/uploads\\\/2026\\\/02\\\/confesionario-horizontal.png\",\"contentUrl\":\"https:\\\/\\\/confesionario.co\\\/w\\\/wp-content\\\/uploads\\\/2026\\\/02\\\/confesionario-horizontal.png\",\"width\":581,\"height\":148,\"caption\":\"El Confesionario\"},\"image\":{\"@id\":\"https:\\\/\\\/confesionario.co\\\/w\\\/#\\\/schema\\\/logo\\\/image\\\/\"}},{\"@type\":\"Person\",\"@id\":\"https:\\\/\\\/confesionario.co\\\/w\\\/#\\\/schema\\\/person\\\/85e99333497749318afab96ea0cc2342\",\"name\":\"admin\",\"image\":{\"@type\":\"ImageObject\",\"inLanguage\":\"es\",\"@id\":\"https:\\\/\\\/secure.gravatar.com\\\/avatar\\\/f3358fe09cfbbfc24265a18ea411b8ee8e54296a50fb17d8acf3cffca66240d2?s=96&d=mm&r=g\",\"url\":\"https:\\\/\\\/secure.gravatar.com\\\/avatar\\\/f3358fe09cfbbfc24265a18ea411b8ee8e54296a50fb17d8acf3cffca66240d2?s=96&d=mm&r=g\",\"contentUrl\":\"https:\\\/\\\/secure.gravatar.com\\\/avatar\\\/f3358fe09cfbbfc24265a18ea411b8ee8e54296a50fb17d8acf3cffca66240d2?s=96&d=mm&r=g\",\"caption\":\"admin\"},\"sameAs\":[\"https:\\\/\\\/elconfesionario.co\\\/w\"],\"url\":\"https:\\\/\\\/confesionario.co\\\/w\\\/author\\\/osabuena\\\/\"}]}<\/script>\n<!-- \/ Yoast SEO plugin. -->","yoast_head_json":{"title":"Progr\u00e1mese con la agenda cultural de noviembre en el Tolima, \u201cTierra de Festivales\u201d - El Confesionario","robots":{"index":"index","follow":"follow","max-snippet":"max-snippet:-1","max-image-preview":"max-image-preview:large","max-video-preview":"max-video-preview:-1"},"canonical":"https:\/\/confesionario.co\/w\/programese-con-la-agenda-cultural-de-noviembre-en-el-tolima-tierra-de-festivales\/","og_locale":"es_ES","og_type":"article","og_title":"Progr\u00e1mese con la agenda cultural de noviembre en el Tolima, \u201cTierra de Festivales\u201d - El Confesionario","og_description":"Los tolimenses tienen una vez m\u00e1s una variada programaci\u00f3n de eventos culturales a los que podr\u00e1n asistir con amigos y [&hellip;]","og_url":"https:\/\/confesionario.co\/w\/programese-con-la-agenda-cultural-de-noviembre-en-el-tolima-tierra-de-festivales\/","og_site_name":"El Confesionario","article_published_time":"2023-11-02T12:08:46+00:00","author":"admin","twitter_card":"summary_large_image","twitter_misc":{"Escrito por":"admin","Tiempo de lectura":"5 minutos"},"schema":{"@context":"https:\/\/schema.org","@graph":[{"@type":"Article","@id":"https:\/\/confesionario.co\/w\/programese-con-la-agenda-cultural-de-noviembre-en-el-tolima-tierra-de-festivales\/#article","isPartOf":{"@id":"https:\/\/confesionario.co\/w\/programese-con-la-agenda-cultural-de-noviembre-en-el-tolima-tierra-de-festivales\/"},"author":{"name":"admin","@id":"https:\/\/confesionario.co\/w\/#\/schema\/person\/85e99333497749318afab96ea0cc2342"},"headline":"Progr\u00e1mese con la agenda cultural de noviembre en el Tolima, \u201cTierra de Festivales\u201d","datePublished":"2023-11-02T12:08:46+00:00","mainEntityOfPage":{"@id":"https:\/\/confesionario.co\/w\/programese-con-la-agenda-cultural-de-noviembre-en-el-tolima-tierra-de-festivales\/"},"wordCount":942,"commentCount":0,"publisher":{"@id":"https:\/\/confesionario.co\/w\/#organization"},"articleSection":["Ibagu\u00e9"],"inLanguage":"es","potentialAction":[{"@type":"CommentAction","name":"Comment","target":["https:\/\/confesionario.co\/w\/programese-con-la-agenda-cultural-de-noviembre-en-el-tolima-tierra-de-festivales\/#respond"]}]},{"@type":"WebPage","@id":"https:\/\/confesionario.co\/w\/programese-con-la-agenda-cultural-de-noviembre-en-el-tolima-tierra-de-festivales\/","url":"https:\/\/confesionario.co\/w\/programese-con-la-agenda-cultural-de-noviembre-en-el-tolima-tierra-de-festivales\/","name":"Progr\u00e1mese con la agenda cultural de noviembre en el Tolima, \u201cTierra de Festivales\u201d - El Confesionario","isPartOf":{"@id":"https:\/\/confesionario.co\/w\/#website"},"datePublished":"2023-11-02T12:08:46+00:00","breadcrumb":{"@id":"https:\/\/confesionario.co\/w\/programese-con-la-agenda-cultural-de-noviembre-en-el-tolima-tierra-de-festivales\/#breadcrumb"},"inLanguage":"es","potentialAction":[{"@type":"ReadAction","target":["https:\/\/confesionario.co\/w\/programese-con-la-agenda-cultural-de-noviembre-en-el-tolima-tierra-de-festivales\/"]}]},{"@type":"BreadcrumbList","@id":"https:\/\/confesionario.co\/w\/programese-con-la-agenda-cultural-de-noviembre-en-el-tolima-tierra-de-festivales\/#breadcrumb","itemListElement":[{"@type":"ListItem","position":1,"name":"Portada","item":"https:\/\/confesionario.co\/w\/"},{"@type":"ListItem","position":2,"name":"Progr\u00e1mese con la agenda cultural de noviembre en el Tolima, \u201cTierra de Festivales\u201d"}]},{"@type":"WebSite","@id":"https:\/\/confesionario.co\/w\/#website","url":"https:\/\/confesionario.co\/w\/","name":"El Confesionario","description":"","publisher":{"@id":"https:\/\/confesionario.co\/w\/#organization"},"potentialAction":[{"@type":"SearchAction","target":{"@type":"EntryPoint","urlTemplate":"https:\/\/confesionario.co\/w\/?s={search_term_string}"},"query-input":{"@type":"PropertyValueSpecification","valueRequired":true,"valueName":"search_term_string"}}],"inLanguage":"es"},{"@type":"Organization","@id":"https:\/\/confesionario.co\/w\/#organization","name":"El Confesionario","url":"https:\/\/confesionario.co\/w\/","logo":{"@type":"ImageObject","inLanguage":"es","@id":"https:\/\/confesionario.co\/w\/#\/schema\/logo\/image\/","url":"https:\/\/confesionario.co\/w\/wp-content\/uploads\/2026\/02\/confesionario-horizontal.png","contentUrl":"https:\/\/confesionario.co\/w\/wp-content\/uploads\/2026\/02\/confesionario-horizontal.png","width":581,"height":148,"caption":"El Confesionario"},"image":{"@id":"https:\/\/confesionario.co\/w\/#\/schema\/logo\/image\/"}},{"@type":"Person","@id":"https:\/\/confesionario.co\/w\/#\/schema\/person\/85e99333497749318afab96ea0cc2342","name":"admin","image":{"@type":"ImageObject","inLanguage":"es","@id":"https:\/\/secure.gravatar.com\/avatar\/f3358fe09cfbbfc24265a18ea411b8ee8e54296a50fb17d8acf3cffca66240d2?s=96&d=mm&r=g","url":"https:\/\/secure.gravatar.com\/avatar\/f3358fe09cfbbfc24265a18ea411b8ee8e54296a50fb17d8acf3cffca66240d2?s=96&d=mm&r=g","contentUrl":"https:\/\/secure.gravatar.com\/avatar\/f3358fe09cfbbfc24265a18ea411b8ee8e54296a50fb17d8acf3cffca66240d2?s=96&d=mm&r=g","caption":"admin"},"sameAs":["https:\/\/elconfesionario.co\/w"],"url":"https:\/\/confesionario.co\/w\/author\/osabuena\/"}]}},"jetpack_featured_media_url":"","_links":{"self":[{"href":"https:\/\/confesionario.co\/w\/wp-json\/wp\/v2\/posts\/10808","targetHints":{"allow":["GET"]}}],"collection":[{"href":"https:\/\/confesionario.co\/w\/wp-json\/wp\/v2\/posts"}],"about":[{"href":"https:\/\/confesionario.co\/w\/wp-json\/wp\/v2\/types\/post"}],"author":[{"embeddable":true,"href":"https:\/\/confesionario.co\/w\/wp-json\/wp\/v2\/users\/1"}],"replies":[{"embeddable":true,"href":"https:\/\/confesionario.co\/w\/wp-json\/wp\/v2\/comments?post=10808"}],"version-history":[{"count":0,"href":"https:\/\/confesionario.co\/w\/wp-json\/wp\/v2\/posts\/10808\/revisions"}],"wp:attachment":[{"href":"https:\/\/confesionario.co\/w\/wp-json\/wp\/v2\/media?parent=10808"}],"wp:term":[{"taxonomy":"category","embeddable":true,"href":"https:\/\/confesionario.co\/w\/wp-json\/wp\/v2\/categories?post=10808"},{"taxonomy":"post_tag","embeddable":true,"href":"https:\/\/confesionario.co\/w\/wp-json\/wp\/v2\/tags?post=10808"}],"curies":[{"name":"wp","href":"https:\/\/api.w.org\/{rel}","templated":true}]}}