{"id":10811,"date":"2023-11-03T16:48:08","date_gmt":"2023-11-03T16:48:08","guid":{"rendered":"https:\/\/confesionario.co\/w\/la-universidad-del-tolima-inaugura-el-centro-de-idiomas-mas-grande-de-la-region\/"},"modified":"2023-11-03T16:48:08","modified_gmt":"2023-11-03T16:48:08","slug":"la-universidad-del-tolima-inaugura-el-centro-de-idiomas-mas-grande-de-la-region","status":"publish","type":"post","link":"https:\/\/confesionario.co\/w\/la-universidad-del-tolima-inaugura-el-centro-de-idiomas-mas-grande-de-la-region\/","title":{"rendered":"La Universidad del Tolima inaugura el Centro de Idiomas m\u00e1s grande de la regi\u00f3n"},"content":{"rendered":"<p class=\\\"MsoNormal\\\" style=\\\"text-align: justify;\\\"><span style=\\\"font-size: 12.0pt; line-height: 107%; font-family: \\'Arial\\',sans-serif; mso-bidi-font-weight: bold;\\\">La nueva sede de la U.T est\u00e1 ubicada en el coraz\u00f3n de Ibagu\u00e9.<\/span><\/p>\n<p><!--more--><\/p>\n<p class=\\\"MsoNormal\\\" style=\\\"text-align: justify;\\\"><span style=\\\"font-size: 12.0pt; line-height: 107%; font-family: \\'Arial\\',sans-serif;\\\">La Universidad del Tolima abri\u00f3 las puertas del Centro de Idiomas m\u00e1s grande de la regi\u00f3n, un hito significativo en la oferta educativa y cultural de la Instituci\u00f3n. El evento de inauguraci\u00f3n, que tuvo lugar en el centro de la ciudad de Ibagu\u00e9, marc\u00f3 un momento hist\u00f3rico en la promoci\u00f3n de la educaci\u00f3n multiling\u00fce y el intercambio cultural en la regi\u00f3n.<\/span><\/p>\n<p class=\\\"MsoNormal\\\" style=\\\"text-align: justify;\\\"><span style=\\\"font-size: 12.0pt; line-height: 107%; font-family: \\'Arial\\',sans-serif;\\\">El nuevo Centro de Idiomas de la Universidad del Tolima se erige como un epicentro de aprendizaje de idiomas de renombre regional. Este centro de vanguardia brindar\u00e1 una amplia gama de oportunidades educativas en idiomas extranjeros y nacionales, y se proyecta como el m\u00e1s grande de su tipo en la regi\u00f3n, con instalaciones modernas y un equipo de profesionales altamente capacitados.<\/span><\/p>\n<p class=\\\"MsoNormal\\\" style=\\\"text-align: justify;\\\"><span style=\\\"font-size: 12.0pt; line-height: 107%; font-family: \\'Arial\\',sans-serif;\\\">Los estudiantes tendr\u00e1n acceso a recursos audiovisuales y aulas interactivas que facilitar\u00e1n la inmersi\u00f3n ling\u00fc\u00edstica, as\u00ed mismo, una oferta multiling\u00fce en cursos de ingl\u00e9s, franc\u00e9s, alem\u00e1n, portugu\u00e9s, italiano, chino mandar\u00edn y una variedad de idiomas nativos de la regi\u00f3n, y los que exija la demanda.<\/span><\/p>\n<p class=\\\"MsoNormal\\\" style=\\\"text-align: justify;\\\"><span style=\\\"font-size: 12.0pt; line-height: 107%; font-family: \\'Arial\\',sans-serif;\\\"><img src=\\\"\/w\/images\/ColombiAlaska\/UT_centro_1.jpeg\\\" alt=\\\"\\\" \/><\/span><\/p>\n<p class=\\\"MsoNormal\\\" style=\\\"text-align: justify;\\\"><span style=\\\"font-size: 12.0pt; line-height: 107%; font-family: \\'Arial\\',sans-serif;\\\">Se destaca la participaci\u00f3n de profesores altamente cualificados, expertos y certificados en la ense\u00f1anza de idiomas, garantizando una educaci\u00f3n de calidad y la programaci\u00f3n flexible para que los estudiantes (ni\u00f1os, j\u00f3venes, adultos y comunidad universitaria), tengan la opci\u00f3n de elegir horarios que se adapten a sus necesidades y horarios.<\/span><\/p>\n<p class=\\\"MsoNormal\\\" style=\\\"text-align: justify;\\\"><span style=\\\"font-size: 12.0pt; line-height: 107%; font-family: \\'Arial\\',sans-serif;\\\">El rector de la Universidad del Tolima, Omar Mej\u00eda Pati\u00f1o, expres\u00f3 su entusiasmo por la apertura del Centro de Idiomas, destacando su importancia en el fortalecimiento de la formaci\u00f3n acad\u00e9mica y la internacionalizaci\u00f3n de la instituci\u00f3n, adem\u00e1s de expresar su profundo agradecimiento \u201cNo existe ning\u00fan logro que no sea colectivo. Este proyecto es de y para ustedes, y me siento altamente honrado de haber sido el servidor p\u00fablico y profesor que aport\u00f3 para que hoy recorramos los salones, pasillos y dem\u00e1s escenarios de lo que cre\u00edmos impensable\\\u00bb, puntualiz\u00f3. <\/span><\/p>\n<p class=\\\"MsoNormal\\\" style=\\\"text-align: justify;\\\"><span style=\\\"font-size: 12.0pt; line-height: 107%; font-family: \\'Arial\\',sans-serif;\\\">Con el lanzamiento del Centro de Idiomas de la Universidad del Tolima, la Instituci\u00f3n se compromete a enriquecer la educaci\u00f3n y la cultura en la regi\u00f3n, brindando a los estudiantes una ventana al mundo a trav\u00e9s de la adquisici\u00f3n de nuevos idiomas. Esta inauguraci\u00f3n es un paso importante hacia la internacionalizaci\u00f3n de la educaci\u00f3n y un testimonio del compromiso de la Universidad del Tolima con la excelencia acad\u00e9mica.<\/span><\/p>\n<p class=\\\"MsoNormal\\\" style=\\\"text-align: justify;\\\"><span style=\\\"font-size: 12.0pt; line-height: 107%; font-family: \\'Arial\\',sans-serif;\\\"><img src=\\\"\/w\/images\/ColombiAlaska\/UT_centro_3.jpeg\\\" alt=\\\"\\\" \/><\/span><\/p>\n<p class=\\\"MsoNormal\\\" style=\\\"text-align: justify;\\\"><span style=\\\"font-size: 12.0pt; line-height: 107%; font-family: \\'Arial\\',sans-serif;\\\">Por su parte, Norma Dur\u00e1n, directora del Centro de Idiomas, manifest\u00f3 la intenci\u00f3n de la Instituci\u00f3n en aunar el trabajo de formaci\u00f3n con las IES de la ciudad y el Departamento.<\/span><\/p>\n<p class=\\\"MsoNormal\\\" style=\\\"text-align: justify;\\\"><span style=\\\"font-size: 12.0pt; line-height: 107%; font-family: \\'Arial\\',sans-serif;\\\">\u201c<\/span><span lang=\\\"ES\\\" style=\\\"font-size: 12.0pt; line-height: 107%; font-family: \\'Arial\\',sans-serif; mso-ansi-language: ES;\\\">Restablecer y ampliar los convenios con las instituciones p\u00fablicas y privadas tambi\u00e9n est\u00e1 en nuestra agenda de formaci\u00f3n y contribuci\u00f3n al fortalecimiento de las competencias ling\u00fc\u00edsticas de nuestros bachilleres, no solamente para responder a las metas del Ministerio de Educaci\u00f3n Nacional, sino tambi\u00e9n facilitar as\u00ed su tr\u00e1nsito a la vida universitaria\u201d, afirm\u00f3 Norma Dur\u00e1n.<\/span><\/p>\n<p class=\\\"MsoNormal\\\" style=\\\"text-align: justify;\\\"><span style=\\\"font-size: 12.0pt; line-height: 107%; font-family: \\'Arial\\',sans-serif;\\\">Para obtener m\u00e1s informaci\u00f3n sobre los cursos disponibles y el proceso de inscripci\u00f3n, los interesados \u200b\u200bpueden visitar el sitio web del Centro de Idiomas de la Universidad del Tolima <a href=\\\"http:\/\/fce.ut.edu.co\/centro-idiomas.html\\\">http:\/\/fce.ut.edu.co\/centro-idiomas.html<\/a> <\/span><\/p>\n<p class=\\\"MsoNormal\\\" style=\\\"text-align: justify;\\\"><span style=\\\"font-size: 12.0pt; line-height: 107%; font-family: \\'Arial\\',sans-serif;\\\"><span style=\\\"mso-spacerun: yes;\\\">\u00a0<\/span><\/span><\/p>\n<p class=\\\"MsoNormal\\\" style=\\\"text-align: justify;\\\"><span style=\\\"font-size: 12.0pt; line-height: 107%; font-family: \\'Arial\\',sans-serif;\\\">\u00a0<\/span><\/p>\n<p class=\\\"MsoNormal\\\" style=\\\"text-align: justify;\\\"><span style=\\\"font-size: 12.0pt; line-height: 107%; font-family: \\'Arial\\',sans-serif;\\\">\u00a0<\/span><\/p>\n<p class=\\\"MsoNormal\\\" style=\\\"text-align: justify;\\\"><span style=\\\"font-size: 12.0pt; line-height: 107%; font-family: \\'Arial\\',sans-serif;\\\">\u00a0<\/span><\/p>\n<p class=\\\"MsoNormal\\\" style=\\\"text-align: justify;\\\"><span style=\\\"font-size: 12.0pt; line-height: 107%; font-family: \\'Arial\\',sans-serif;\\\">\u00a0<\/span><\/p>\n","protected":false},"excerpt":{"rendered":"<p>La nueva sede de la U.T est\u00e1 ubicada en el coraz\u00f3n de Ibagu\u00e9.<\/p>\n","protected":false},"author":1,"featured_media":0,"comment_status":"open","ping_status":"open","sticky":false,"template":"","format":"standard","meta":{"site-sidebar-layout":"default","site-content-layout":"","ast-site-content-layout":"default","site-content-style":"default","site-sidebar-style":"default","ast-global-header-display":"","ast-banner-title-visibility":"","ast-main-header-display":"","ast-hfb-above-header-display":"","ast-hfb-below-header-display":"","ast-hfb-mobile-header-display":"","site-post-title":"","ast-breadcrumbs-content":"","ast-featured-img":"","footer-sml-layout":"","ast-disable-related-posts":"","theme-transparent-header-meta":"","adv-header-id-meta":"","stick-header-meta":"","header-above-stick-meta":"","header-main-stick-meta":"","header-below-stick-meta":"","astra-migrate-meta-layouts":"default","ast-page-background-enabled":"default","ast-page-background-meta":{"desktop":{"background-color":"var(--ast-global-color-4)","background-image":"","background-repeat":"repeat","background-position":"center center","background-size":"auto","background-attachment":"scroll","background-type":"","background-media":"","overlay-type":"","overlay-color":"","overlay-opacity":"","overlay-gradient":""},"tablet":{"background-color":"","background-image":"","background-repeat":"repeat","background-position":"center center","background-size":"auto","background-attachment":"scroll","background-type":"","background-media":"","overlay-type":"","overlay-color":"","overlay-opacity":"","overlay-gradient":""},"mobile":{"background-color":"","background-image":"","background-repeat":"repeat","background-position":"center center","background-size":"auto","background-attachment":"scroll","background-type":"","background-media":"","overlay-type":"","overlay-color":"","overlay-opacity":"","overlay-gradient":""}},"ast-content-background-meta":{"desktop":{"background-color":"var(--ast-global-color-5)","background-image":"","background-repeat":"repeat","background-position":"center center","background-size":"auto","background-attachment":"scroll","background-type":"","background-media":"","overlay-type":"","overlay-color":"","overlay-opacity":"","overlay-gradient":""},"tablet":{"background-color":"var(--ast-global-color-5)","background-image":"","background-repeat":"repeat","background-position":"center center","background-size":"auto","background-attachment":"scroll","background-type":"","background-media":"","overlay-type":"","overlay-color":"","overlay-opacity":"","overlay-gradient":""},"mobile":{"background-color":"var(--ast-global-color-5)","background-image":"","background-repeat":"repeat","background-position":"center center","background-size":"auto","background-attachment":"scroll","background-type":"","background-media":"","overlay-type":"","overlay-color":"","overlay-opacity":"","overlay-gradient":""}},"footnotes":""},"categories":[25],"tags":[],"class_list":["post-10811","post","type-post","status-publish","format-standard","hentry","category-universidad-del-tolima"],"yoast_head":"<!-- This site is optimized with the Yoast SEO plugin v27.5 - https:\/\/yoast.com\/product\/yoast-seo-wordpress\/ -->\n<title>La Universidad del Tolima inaugura el Centro de Idiomas m\u00e1s grande de la regi\u00f3n - El Confesionario<\/title>\n<meta name=\"robots\" content=\"index, follow, max-snippet:-1, max-image-preview:large, max-video-preview:-1\" \/>\n<link rel=\"canonical\" href=\"https:\/\/confesionario.co\/w\/la-universidad-del-tolima-inaugura-el-centro-de-idiomas-mas-grande-de-la-region\/\" \/>\n<meta property=\"og:locale\" content=\"es_ES\" \/>\n<meta property=\"og:type\" content=\"article\" \/>\n<meta property=\"og:title\" content=\"La Universidad del Tolima inaugura el Centro de Idiomas m\u00e1s grande de la regi\u00f3n - El Confesionario\" \/>\n<meta property=\"og:description\" content=\"La nueva sede de la U.T est\u00e1 ubicada en el coraz\u00f3n de Ibagu\u00e9.\" \/>\n<meta property=\"og:url\" content=\"https:\/\/confesionario.co\/w\/la-universidad-del-tolima-inaugura-el-centro-de-idiomas-mas-grande-de-la-region\/\" \/>\n<meta property=\"og:site_name\" content=\"El Confesionario\" \/>\n<meta property=\"article:published_time\" content=\"2023-11-03T16:48:08+00:00\" \/>\n<meta name=\"author\" content=\"admin\" \/>\n<meta name=\"twitter:card\" content=\"summary_large_image\" \/>\n<meta name=\"twitter:label1\" content=\"Escrito por\" \/>\n\t<meta name=\"twitter:data1\" content=\"admin\" \/>\n\t<meta name=\"twitter:label2\" content=\"Tiempo de lectura\" \/>\n\t<meta name=\"twitter:data2\" content=\"3 minutos\" \/>\n<script type=\"application\/ld+json\" class=\"yoast-schema-graph\">{\"@context\":\"https:\\\/\\\/schema.org\",\"@graph\":[{\"@type\":\"Article\",\"@id\":\"https:\\\/\\\/confesionario.co\\\/w\\\/la-universidad-del-tolima-inaugura-el-centro-de-idiomas-mas-grande-de-la-region\\\/#article\",\"isPartOf\":{\"@id\":\"https:\\\/\\\/confesionario.co\\\/w\\\/la-universidad-del-tolima-inaugura-el-centro-de-idiomas-mas-grande-de-la-region\\\/\"},\"author\":{\"name\":\"admin\",\"@id\":\"https:\\\/\\\/confesionario.co\\\/w\\\/#\\\/schema\\\/person\\\/85e99333497749318afab96ea0cc2342\"},\"headline\":\"La Universidad del Tolima inaugura el Centro de Idiomas m\u00e1s grande de la regi\u00f3n\",\"datePublished\":\"2023-11-03T16:48:08+00:00\",\"mainEntityOfPage\":{\"@id\":\"https:\\\/\\\/confesionario.co\\\/w\\\/la-universidad-del-tolima-inaugura-el-centro-de-idiomas-mas-grande-de-la-region\\\/\"},\"wordCount\":589,\"commentCount\":0,\"publisher\":{\"@id\":\"https:\\\/\\\/confesionario.co\\\/w\\\/#organization\"},\"articleSection\":[\"Universidad del Tolima\"],\"inLanguage\":\"es\",\"potentialAction\":[{\"@type\":\"CommentAction\",\"name\":\"Comment\",\"target\":[\"https:\\\/\\\/confesionario.co\\\/w\\\/la-universidad-del-tolima-inaugura-el-centro-de-idiomas-mas-grande-de-la-region\\\/#respond\"]}]},{\"@type\":\"WebPage\",\"@id\":\"https:\\\/\\\/confesionario.co\\\/w\\\/la-universidad-del-tolima-inaugura-el-centro-de-idiomas-mas-grande-de-la-region\\\/\",\"url\":\"https:\\\/\\\/confesionario.co\\\/w\\\/la-universidad-del-tolima-inaugura-el-centro-de-idiomas-mas-grande-de-la-region\\\/\",\"name\":\"La Universidad del Tolima inaugura el Centro de Idiomas m\u00e1s grande de la regi\u00f3n - El Confesionario\",\"isPartOf\":{\"@id\":\"https:\\\/\\\/confesionario.co\\\/w\\\/#website\"},\"datePublished\":\"2023-11-03T16:48:08+00:00\",\"breadcrumb\":{\"@id\":\"https:\\\/\\\/confesionario.co\\\/w\\\/la-universidad-del-tolima-inaugura-el-centro-de-idiomas-mas-grande-de-la-region\\\/#breadcrumb\"},\"inLanguage\":\"es\",\"potentialAction\":[{\"@type\":\"ReadAction\",\"target\":[\"https:\\\/\\\/confesionario.co\\\/w\\\/la-universidad-del-tolima-inaugura-el-centro-de-idiomas-mas-grande-de-la-region\\\/\"]}]},{\"@type\":\"BreadcrumbList\",\"@id\":\"https:\\\/\\\/confesionario.co\\\/w\\\/la-universidad-del-tolima-inaugura-el-centro-de-idiomas-mas-grande-de-la-region\\\/#breadcrumb\",\"itemListElement\":[{\"@type\":\"ListItem\",\"position\":1,\"name\":\"Portada\",\"item\":\"https:\\\/\\\/confesionario.co\\\/w\\\/\"},{\"@type\":\"ListItem\",\"position\":2,\"name\":\"La Universidad del Tolima inaugura el Centro de Idiomas m\u00e1s grande de la regi\u00f3n\"}]},{\"@type\":\"WebSite\",\"@id\":\"https:\\\/\\\/confesionario.co\\\/w\\\/#website\",\"url\":\"https:\\\/\\\/confesionario.co\\\/w\\\/\",\"name\":\"El Confesionario\",\"description\":\"\",\"publisher\":{\"@id\":\"https:\\\/\\\/confesionario.co\\\/w\\\/#organization\"},\"potentialAction\":[{\"@type\":\"SearchAction\",\"target\":{\"@type\":\"EntryPoint\",\"urlTemplate\":\"https:\\\/\\\/confesionario.co\\\/w\\\/?s={search_term_string}\"},\"query-input\":{\"@type\":\"PropertyValueSpecification\",\"valueRequired\":true,\"valueName\":\"search_term_string\"}}],\"inLanguage\":\"es\"},{\"@type\":\"Organization\",\"@id\":\"https:\\\/\\\/confesionario.co\\\/w\\\/#organization\",\"name\":\"El Confesionario\",\"url\":\"https:\\\/\\\/confesionario.co\\\/w\\\/\",\"logo\":{\"@type\":\"ImageObject\",\"inLanguage\":\"es\",\"@id\":\"https:\\\/\\\/confesionario.co\\\/w\\\/#\\\/schema\\\/logo\\\/image\\\/\",\"url\":\"https:\\\/\\\/confesionario.co\\\/w\\\/wp-content\\\/uploads\\\/2026\\\/02\\\/confesionario-horizontal.png\",\"contentUrl\":\"https:\\\/\\\/confesionario.co\\\/w\\\/wp-content\\\/uploads\\\/2026\\\/02\\\/confesionario-horizontal.png\",\"width\":581,\"height\":148,\"caption\":\"El Confesionario\"},\"image\":{\"@id\":\"https:\\\/\\\/confesionario.co\\\/w\\\/#\\\/schema\\\/logo\\\/image\\\/\"}},{\"@type\":\"Person\",\"@id\":\"https:\\\/\\\/confesionario.co\\\/w\\\/#\\\/schema\\\/person\\\/85e99333497749318afab96ea0cc2342\",\"name\":\"admin\",\"image\":{\"@type\":\"ImageObject\",\"inLanguage\":\"es\",\"@id\":\"https:\\\/\\\/secure.gravatar.com\\\/avatar\\\/f3358fe09cfbbfc24265a18ea411b8ee8e54296a50fb17d8acf3cffca66240d2?s=96&d=mm&r=g\",\"url\":\"https:\\\/\\\/secure.gravatar.com\\\/avatar\\\/f3358fe09cfbbfc24265a18ea411b8ee8e54296a50fb17d8acf3cffca66240d2?s=96&d=mm&r=g\",\"contentUrl\":\"https:\\\/\\\/secure.gravatar.com\\\/avatar\\\/f3358fe09cfbbfc24265a18ea411b8ee8e54296a50fb17d8acf3cffca66240d2?s=96&d=mm&r=g\",\"caption\":\"admin\"},\"sameAs\":[\"https:\\\/\\\/elconfesionario.co\\\/w\"],\"url\":\"https:\\\/\\\/confesionario.co\\\/w\\\/author\\\/osabuena\\\/\"}]}<\/script>\n<!-- \/ Yoast SEO plugin. -->","yoast_head_json":{"title":"La Universidad del Tolima inaugura el Centro de Idiomas m\u00e1s grande de la regi\u00f3n - El Confesionario","robots":{"index":"index","follow":"follow","max-snippet":"max-snippet:-1","max-image-preview":"max-image-preview:large","max-video-preview":"max-video-preview:-1"},"canonical":"https:\/\/confesionario.co\/w\/la-universidad-del-tolima-inaugura-el-centro-de-idiomas-mas-grande-de-la-region\/","og_locale":"es_ES","og_type":"article","og_title":"La Universidad del Tolima inaugura el Centro de Idiomas m\u00e1s grande de la regi\u00f3n - El Confesionario","og_description":"La nueva sede de la U.T est\u00e1 ubicada en el coraz\u00f3n de Ibagu\u00e9.","og_url":"https:\/\/confesionario.co\/w\/la-universidad-del-tolima-inaugura-el-centro-de-idiomas-mas-grande-de-la-region\/","og_site_name":"El Confesionario","article_published_time":"2023-11-03T16:48:08+00:00","author":"admin","twitter_card":"summary_large_image","twitter_misc":{"Escrito por":"admin","Tiempo de lectura":"3 minutos"},"schema":{"@context":"https:\/\/schema.org","@graph":[{"@type":"Article","@id":"https:\/\/confesionario.co\/w\/la-universidad-del-tolima-inaugura-el-centro-de-idiomas-mas-grande-de-la-region\/#article","isPartOf":{"@id":"https:\/\/confesionario.co\/w\/la-universidad-del-tolima-inaugura-el-centro-de-idiomas-mas-grande-de-la-region\/"},"author":{"name":"admin","@id":"https:\/\/confesionario.co\/w\/#\/schema\/person\/85e99333497749318afab96ea0cc2342"},"headline":"La Universidad del Tolima inaugura el Centro de Idiomas m\u00e1s grande de la regi\u00f3n","datePublished":"2023-11-03T16:48:08+00:00","mainEntityOfPage":{"@id":"https:\/\/confesionario.co\/w\/la-universidad-del-tolima-inaugura-el-centro-de-idiomas-mas-grande-de-la-region\/"},"wordCount":589,"commentCount":0,"publisher":{"@id":"https:\/\/confesionario.co\/w\/#organization"},"articleSection":["Universidad del Tolima"],"inLanguage":"es","potentialAction":[{"@type":"CommentAction","name":"Comment","target":["https:\/\/confesionario.co\/w\/la-universidad-del-tolima-inaugura-el-centro-de-idiomas-mas-grande-de-la-region\/#respond"]}]},{"@type":"WebPage","@id":"https:\/\/confesionario.co\/w\/la-universidad-del-tolima-inaugura-el-centro-de-idiomas-mas-grande-de-la-region\/","url":"https:\/\/confesionario.co\/w\/la-universidad-del-tolima-inaugura-el-centro-de-idiomas-mas-grande-de-la-region\/","name":"La Universidad del Tolima inaugura el Centro de Idiomas m\u00e1s grande de la regi\u00f3n - El Confesionario","isPartOf":{"@id":"https:\/\/confesionario.co\/w\/#website"},"datePublished":"2023-11-03T16:48:08+00:00","breadcrumb":{"@id":"https:\/\/confesionario.co\/w\/la-universidad-del-tolima-inaugura-el-centro-de-idiomas-mas-grande-de-la-region\/#breadcrumb"},"inLanguage":"es","potentialAction":[{"@type":"ReadAction","target":["https:\/\/confesionario.co\/w\/la-universidad-del-tolima-inaugura-el-centro-de-idiomas-mas-grande-de-la-region\/"]}]},{"@type":"BreadcrumbList","@id":"https:\/\/confesionario.co\/w\/la-universidad-del-tolima-inaugura-el-centro-de-idiomas-mas-grande-de-la-region\/#breadcrumb","itemListElement":[{"@type":"ListItem","position":1,"name":"Portada","item":"https:\/\/confesionario.co\/w\/"},{"@type":"ListItem","position":2,"name":"La Universidad del Tolima inaugura el Centro de Idiomas m\u00e1s grande de la regi\u00f3n"}]},{"@type":"WebSite","@id":"https:\/\/confesionario.co\/w\/#website","url":"https:\/\/confesionario.co\/w\/","name":"El Confesionario","description":"","publisher":{"@id":"https:\/\/confesionario.co\/w\/#organization"},"potentialAction":[{"@type":"SearchAction","target":{"@type":"EntryPoint","urlTemplate":"https:\/\/confesionario.co\/w\/?s={search_term_string}"},"query-input":{"@type":"PropertyValueSpecification","valueRequired":true,"valueName":"search_term_string"}}],"inLanguage":"es"},{"@type":"Organization","@id":"https:\/\/confesionario.co\/w\/#organization","name":"El Confesionario","url":"https:\/\/confesionario.co\/w\/","logo":{"@type":"ImageObject","inLanguage":"es","@id":"https:\/\/confesionario.co\/w\/#\/schema\/logo\/image\/","url":"https:\/\/confesionario.co\/w\/wp-content\/uploads\/2026\/02\/confesionario-horizontal.png","contentUrl":"https:\/\/confesionario.co\/w\/wp-content\/uploads\/2026\/02\/confesionario-horizontal.png","width":581,"height":148,"caption":"El Confesionario"},"image":{"@id":"https:\/\/confesionario.co\/w\/#\/schema\/logo\/image\/"}},{"@type":"Person","@id":"https:\/\/confesionario.co\/w\/#\/schema\/person\/85e99333497749318afab96ea0cc2342","name":"admin","image":{"@type":"ImageObject","inLanguage":"es","@id":"https:\/\/secure.gravatar.com\/avatar\/f3358fe09cfbbfc24265a18ea411b8ee8e54296a50fb17d8acf3cffca66240d2?s=96&d=mm&r=g","url":"https:\/\/secure.gravatar.com\/avatar\/f3358fe09cfbbfc24265a18ea411b8ee8e54296a50fb17d8acf3cffca66240d2?s=96&d=mm&r=g","contentUrl":"https:\/\/secure.gravatar.com\/avatar\/f3358fe09cfbbfc24265a18ea411b8ee8e54296a50fb17d8acf3cffca66240d2?s=96&d=mm&r=g","caption":"admin"},"sameAs":["https:\/\/elconfesionario.co\/w"],"url":"https:\/\/confesionario.co\/w\/author\/osabuena\/"}]}},"jetpack_featured_media_url":"","_links":{"self":[{"href":"https:\/\/confesionario.co\/w\/wp-json\/wp\/v2\/posts\/10811","targetHints":{"allow":["GET"]}}],"collection":[{"href":"https:\/\/confesionario.co\/w\/wp-json\/wp\/v2\/posts"}],"about":[{"href":"https:\/\/confesionario.co\/w\/wp-json\/wp\/v2\/types\/post"}],"author":[{"embeddable":true,"href":"https:\/\/confesionario.co\/w\/wp-json\/wp\/v2\/users\/1"}],"replies":[{"embeddable":true,"href":"https:\/\/confesionario.co\/w\/wp-json\/wp\/v2\/comments?post=10811"}],"version-history":[{"count":0,"href":"https:\/\/confesionario.co\/w\/wp-json\/wp\/v2\/posts\/10811\/revisions"}],"wp:attachment":[{"href":"https:\/\/confesionario.co\/w\/wp-json\/wp\/v2\/media?parent=10811"}],"wp:term":[{"taxonomy":"category","embeddable":true,"href":"https:\/\/confesionario.co\/w\/wp-json\/wp\/v2\/categories?post=10811"},{"taxonomy":"post_tag","embeddable":true,"href":"https:\/\/confesionario.co\/w\/wp-json\/wp\/v2\/tags?post=10811"}],"curies":[{"name":"wp","href":"https:\/\/api.w.org\/{rel}","templated":true}]}}