{"id":10816,"date":"2023-11-04T23:28:23","date_gmt":"2023-11-04T23:28:23","guid":{"rendered":"https:\/\/confesionario.co\/w\/ibague-es-magica-inicio-la-instalacion-del-alumbrado-navideno\/"},"modified":"2023-11-04T23:28:23","modified_gmt":"2023-11-04T23:28:23","slug":"ibague-es-magica-inicio-la-instalacion-del-alumbrado-navideno","status":"publish","type":"post","link":"https:\/\/confesionario.co\/w\/ibague-es-magica-inicio-la-instalacion-del-alumbrado-navideno\/","title":{"rendered":"\u00a1Ibagu\u00e9 es m\u00e1gica! Inici\u00f3 la instalaci\u00f3n del alumbrado navide\u00f1o"},"content":{"rendered":"<p class=\\\"MsoNormal\\\" style=\\\"text-align: justify;\\\"><span style=\\\"font-size: 12.0pt; line-height: 107%; font-family: \\'Arial\\',sans-serif;\\\">M\u00e1s de 4.500 figuras llenar\u00e1n de luz y color las calles, avenidas y lugares emblem\u00e1ticos de la Capital Musical.<\/span><\/p>\n<p><!--more--><\/p>\n<p class=\\\"MsoNormal\\\" style=\\\"text-align: justify;\\\"><span style=\\\"font-size: 12.0pt; line-height: 107%; font-family: \\'Arial\\',sans-serif;\\\">El Gobierno \u2018Ibagu\u00e9 Vibra\u2019 comenz\u00f3 a prepararse para envolver a propios y visitantes en un mundo m\u00e1gico y de fantas\u00eda con la instalaci\u00f3n del alumbrado navide\u00f1o, que se convertir\u00e1 en un espect\u00e1culo visual digno de contemplar en los 21 puntos que estar\u00e1n iluminados en la ciudad. <\/span><\/p>\n<p class=\\\"MsoNormal\\\" style=\\\"text-align: justify;\\\"><span style=\\\"font-size: 12.0pt; line-height: 107%; font-family: \\'Arial\\',sans-serif;\\\">Ser\u00e1n cerca de 4.500 figuras las que adornar\u00e1n y llenar\u00e1n de luz las principales calles, avenidas y centros emblem\u00e1ticos de la ciudad, con una tem\u00e1tica entre mitos, leyendas, folclor y tradici\u00f3n, que har\u00e1n vivir una experiencia inolvidable a sus visitantes. <\/span><\/p>\n<p class=\\\"MsoNormal\\\" style=\\\"text-align: justify;\\\"><span style=\\\"font-size: 12.0pt; line-height: 107%; font-family: \\'Arial\\',sans-serif;\\\">\u201cInicialmente las cuadrillas estar\u00e1n colocando las figuras desde la calle 60 con carrera Quinta hasta la calle 80 con carrera Quinta, donde se instalar\u00e1n m\u00e1s de 70 apliques en los postes; seguidamente, estaremos en la calle 60 desde el Centro Comercial La Estaci\u00f3n hasta la Cl\u00ednica Nuestra\u201d, dijo Felipe La Rota, gerente de Infibagu\u00e9.<\/span><\/p>\n<p class=\\\"MsoNormal\\\" style=\\\"text-align: justify;\\\"><span style=\\\"font-size: 12.0pt; line-height: 107%; font-family: \\'Arial\\',sans-serif;\\\"><img src=\\\"\/w\/images\/ColombiAlaska\/Infi_2.jpeg\\\" alt=\\\"\\\" \/><\/span><\/p>\n<p class=\\\"MsoNormal\\\" style=\\\"text-align: justify;\\\"><span style=\\\"font-size: 12.0pt; line-height: 107%; font-family: \\'Arial\\',sans-serif;\\\">Por otro lado, una vez terminadas las labores sobre la calle 60, las cuadrillas iniciar\u00e1n sobre la carrera Quinta hasta llegar al Centro de la ciudad. <\/span><\/p>\n<p class=\\\"MsoNormal\\\" style=\\\"text-align: justify;\\\"><span style=\\\"font-size: 12.0pt; line-height: 107%; font-family: \\'Arial\\',sans-serif;\\\">\u201cEste a\u00f1o contaremos con m\u00faltiples sorpresas, entre las que se destacan figuras simb\u00f3licas del Tolima como El Mohan, La Madremonte, Patasola, El Tunjo, El Sombrer\u00f3n, entre otras criaturas que adornar\u00e1n la Plaza de Bol\u00edvar. En el Parque de La M\u00fasica tendremos tamboras y bailarines entre otras figuras que har\u00e1n homenaje a los m\u00fasicos y artistas que han dejado en alto el nombre de la Capital Musical; adem\u00e1s en el Parque Centenario, tendremos la locomotora, barco a vapor, entre otros elementos\u201d, coment\u00f3 el gerente. <\/span><\/p>\n<p class=\\\"MsoNormal\\\" style=\\\"text-align: justify;\\\"><span style=\\\"font-size: 12.0pt; line-height: 107%; font-family: \\'Arial\\',sans-serif;\\\">Es de resaltar que este a\u00f1o el alumbrado navide\u00f1o estar\u00e1 dispuesto en puntos estrat\u00e9gicos entre los que se destacan Parque Centenario, Murillo, El Salado, Corregimiento de Villa Restrepo, Glorieta Mirolindo, Ambal\u00e1, Universidad de Ibagu\u00e9 y El Vergel, adem\u00e1s las calles 9, 10, 60, avenidas Pedro Tafur, Mirolindo y las carreras Tercera y Quinta.<\/span><\/p>\n<p class=\\\"MsoNormal\\\" style=\\\"text-align: justify;\\\"><span style=\\\"font-size: 12.0pt; line-height: 107%; font-family: \\'Arial\\',sans-serif;\\\"><img src=\\\"\/w\/images\/ColombiAlaska\/Infi_3.jpeg\\\" alt=\\\"\\\" \/><\/span><\/p>\n<p class=\\\"MsoNormal\\\" style=\\\"text-align: justify;\\\"><span style=\\\"font-size: 12.0pt; line-height: 107%; font-family: \\'Arial\\',sans-serif;\\\">\u00a0<\/span><\/p>\n<p class=\\\"MsoNormal\\\" style=\\\"text-align: justify;\\\"><span style=\\\"font-size: 12.0pt; line-height: 107%; font-family: \\'Arial\\',sans-serif;\\\">\u00a0<\/span><\/p>\n","protected":false},"excerpt":{"rendered":"<p>M\u00e1s de 4.500 figuras llenar\u00e1n de luz y color las calles, avenidas y lugares emblem\u00e1ticos de la Capital Musical.<\/p>\n","protected":false},"author":1,"featured_media":0,"comment_status":"open","ping_status":"open","sticky":false,"template":"","format":"standard","meta":{"site-sidebar-layout":"default","site-content-layout":"","ast-site-content-layout":"default","site-content-style":"default","site-sidebar-style":"default","ast-global-header-display":"","ast-banner-title-visibility":"","ast-main-header-display":"","ast-hfb-above-header-display":"","ast-hfb-below-header-display":"","ast-hfb-mobile-header-display":"","site-post-title":"","ast-breadcrumbs-content":"","ast-featured-img":"","footer-sml-layout":"","ast-disable-related-posts":"","theme-transparent-header-meta":"","adv-header-id-meta":"","stick-header-meta":"","header-above-stick-meta":"","header-main-stick-meta":"","header-below-stick-meta":"","astra-migrate-meta-layouts":"default","ast-page-background-enabled":"default","ast-page-background-meta":{"desktop":{"background-color":"var(--ast-global-color-4)","background-image":"","background-repeat":"repeat","background-position":"center center","background-size":"auto","background-attachment":"scroll","background-type":"","background-media":"","overlay-type":"","overlay-color":"","overlay-opacity":"","overlay-gradient":""},"tablet":{"background-color":"","background-image":"","background-repeat":"repeat","background-position":"center center","background-size":"auto","background-attachment":"scroll","background-type":"","background-media":"","overlay-type":"","overlay-color":"","overlay-opacity":"","overlay-gradient":""},"mobile":{"background-color":"","background-image":"","background-repeat":"repeat","background-position":"center center","background-size":"auto","background-attachment":"scroll","background-type":"","background-media":"","overlay-type":"","overlay-color":"","overlay-opacity":"","overlay-gradient":""}},"ast-content-background-meta":{"desktop":{"background-color":"var(--ast-global-color-5)","background-image":"","background-repeat":"repeat","background-position":"center center","background-size":"auto","background-attachment":"scroll","background-type":"","background-media":"","overlay-type":"","overlay-color":"","overlay-opacity":"","overlay-gradient":""},"tablet":{"background-color":"var(--ast-global-color-5)","background-image":"","background-repeat":"repeat","background-position":"center center","background-size":"auto","background-attachment":"scroll","background-type":"","background-media":"","overlay-type":"","overlay-color":"","overlay-opacity":"","overlay-gradient":""},"mobile":{"background-color":"var(--ast-global-color-5)","background-image":"","background-repeat":"repeat","background-position":"center center","background-size":"auto","background-attachment":"scroll","background-type":"","background-media":"","overlay-type":"","overlay-color":"","overlay-opacity":"","overlay-gradient":""}},"footnotes":""},"categories":[280],"tags":[],"class_list":["post-10816","post","type-post","status-publish","format-standard","hentry","category-infibague"],"yoast_head":"<!-- This site is optimized with the Yoast SEO plugin v27.5 - https:\/\/yoast.com\/product\/yoast-seo-wordpress\/ -->\n<title>\u00a1Ibagu\u00e9 es m\u00e1gica! Inici\u00f3 la instalaci\u00f3n del alumbrado navide\u00f1o - El Confesionario<\/title>\n<meta name=\"robots\" content=\"index, follow, max-snippet:-1, max-image-preview:large, max-video-preview:-1\" \/>\n<link rel=\"canonical\" href=\"https:\/\/confesionario.co\/w\/ibague-es-magica-inicio-la-instalacion-del-alumbrado-navideno\/\" \/>\n<meta property=\"og:locale\" content=\"es_ES\" \/>\n<meta property=\"og:type\" content=\"article\" \/>\n<meta property=\"og:title\" content=\"\u00a1Ibagu\u00e9 es m\u00e1gica! Inici\u00f3 la instalaci\u00f3n del alumbrado navide\u00f1o - El Confesionario\" \/>\n<meta property=\"og:description\" content=\"M\u00e1s de 4.500 figuras llenar\u00e1n de luz y color las calles, avenidas y lugares emblem\u00e1ticos de la Capital Musical.\" \/>\n<meta property=\"og:url\" content=\"https:\/\/confesionario.co\/w\/ibague-es-magica-inicio-la-instalacion-del-alumbrado-navideno\/\" \/>\n<meta property=\"og:site_name\" content=\"El Confesionario\" \/>\n<meta property=\"article:published_time\" content=\"2023-11-04T23:28:23+00:00\" \/>\n<meta name=\"author\" content=\"admin\" \/>\n<meta name=\"twitter:card\" content=\"summary_large_image\" \/>\n<meta name=\"twitter:label1\" content=\"Escrito por\" \/>\n\t<meta name=\"twitter:data1\" content=\"admin\" \/>\n\t<meta name=\"twitter:label2\" content=\"Tiempo de lectura\" \/>\n\t<meta name=\"twitter:data2\" content=\"2 minutos\" \/>\n<script type=\"application\/ld+json\" class=\"yoast-schema-graph\">{\"@context\":\"https:\\\/\\\/schema.org\",\"@graph\":[{\"@type\":\"Article\",\"@id\":\"https:\\\/\\\/confesionario.co\\\/w\\\/ibague-es-magica-inicio-la-instalacion-del-alumbrado-navideno\\\/#article\",\"isPartOf\":{\"@id\":\"https:\\\/\\\/confesionario.co\\\/w\\\/ibague-es-magica-inicio-la-instalacion-del-alumbrado-navideno\\\/\"},\"author\":{\"name\":\"admin\",\"@id\":\"https:\\\/\\\/confesionario.co\\\/w\\\/#\\\/schema\\\/person\\\/85e99333497749318afab96ea0cc2342\"},\"headline\":\"\u00a1Ibagu\u00e9 es m\u00e1gica! Inici\u00f3 la instalaci\u00f3n del alumbrado navide\u00f1o\",\"datePublished\":\"2023-11-04T23:28:23+00:00\",\"mainEntityOfPage\":{\"@id\":\"https:\\\/\\\/confesionario.co\\\/w\\\/ibague-es-magica-inicio-la-instalacion-del-alumbrado-navideno\\\/\"},\"wordCount\":358,\"commentCount\":0,\"publisher\":{\"@id\":\"https:\\\/\\\/confesionario.co\\\/w\\\/#organization\"},\"articleSection\":[\"Infibagu\u00e9\"],\"inLanguage\":\"es\",\"potentialAction\":[{\"@type\":\"CommentAction\",\"name\":\"Comment\",\"target\":[\"https:\\\/\\\/confesionario.co\\\/w\\\/ibague-es-magica-inicio-la-instalacion-del-alumbrado-navideno\\\/#respond\"]}]},{\"@type\":\"WebPage\",\"@id\":\"https:\\\/\\\/confesionario.co\\\/w\\\/ibague-es-magica-inicio-la-instalacion-del-alumbrado-navideno\\\/\",\"url\":\"https:\\\/\\\/confesionario.co\\\/w\\\/ibague-es-magica-inicio-la-instalacion-del-alumbrado-navideno\\\/\",\"name\":\"\u00a1Ibagu\u00e9 es m\u00e1gica! Inici\u00f3 la instalaci\u00f3n del alumbrado navide\u00f1o - El Confesionario\",\"isPartOf\":{\"@id\":\"https:\\\/\\\/confesionario.co\\\/w\\\/#website\"},\"datePublished\":\"2023-11-04T23:28:23+00:00\",\"breadcrumb\":{\"@id\":\"https:\\\/\\\/confesionario.co\\\/w\\\/ibague-es-magica-inicio-la-instalacion-del-alumbrado-navideno\\\/#breadcrumb\"},\"inLanguage\":\"es\",\"potentialAction\":[{\"@type\":\"ReadAction\",\"target\":[\"https:\\\/\\\/confesionario.co\\\/w\\\/ibague-es-magica-inicio-la-instalacion-del-alumbrado-navideno\\\/\"]}]},{\"@type\":\"BreadcrumbList\",\"@id\":\"https:\\\/\\\/confesionario.co\\\/w\\\/ibague-es-magica-inicio-la-instalacion-del-alumbrado-navideno\\\/#breadcrumb\",\"itemListElement\":[{\"@type\":\"ListItem\",\"position\":1,\"name\":\"Portada\",\"item\":\"https:\\\/\\\/confesionario.co\\\/w\\\/\"},{\"@type\":\"ListItem\",\"position\":2,\"name\":\"\u00a1Ibagu\u00e9 es m\u00e1gica! Inici\u00f3 la instalaci\u00f3n del alumbrado navide\u00f1o\"}]},{\"@type\":\"WebSite\",\"@id\":\"https:\\\/\\\/confesionario.co\\\/w\\\/#website\",\"url\":\"https:\\\/\\\/confesionario.co\\\/w\\\/\",\"name\":\"El Confesionario\",\"description\":\"\",\"publisher\":{\"@id\":\"https:\\\/\\\/confesionario.co\\\/w\\\/#organization\"},\"potentialAction\":[{\"@type\":\"SearchAction\",\"target\":{\"@type\":\"EntryPoint\",\"urlTemplate\":\"https:\\\/\\\/confesionario.co\\\/w\\\/?s={search_term_string}\"},\"query-input\":{\"@type\":\"PropertyValueSpecification\",\"valueRequired\":true,\"valueName\":\"search_term_string\"}}],\"inLanguage\":\"es\"},{\"@type\":\"Organization\",\"@id\":\"https:\\\/\\\/confesionario.co\\\/w\\\/#organization\",\"name\":\"El Confesionario\",\"url\":\"https:\\\/\\\/confesionario.co\\\/w\\\/\",\"logo\":{\"@type\":\"ImageObject\",\"inLanguage\":\"es\",\"@id\":\"https:\\\/\\\/confesionario.co\\\/w\\\/#\\\/schema\\\/logo\\\/image\\\/\",\"url\":\"https:\\\/\\\/confesionario.co\\\/w\\\/wp-content\\\/uploads\\\/2026\\\/02\\\/confesionario-horizontal.png\",\"contentUrl\":\"https:\\\/\\\/confesionario.co\\\/w\\\/wp-content\\\/uploads\\\/2026\\\/02\\\/confesionario-horizontal.png\",\"width\":581,\"height\":148,\"caption\":\"El Confesionario\"},\"image\":{\"@id\":\"https:\\\/\\\/confesionario.co\\\/w\\\/#\\\/schema\\\/logo\\\/image\\\/\"}},{\"@type\":\"Person\",\"@id\":\"https:\\\/\\\/confesionario.co\\\/w\\\/#\\\/schema\\\/person\\\/85e99333497749318afab96ea0cc2342\",\"name\":\"admin\",\"image\":{\"@type\":\"ImageObject\",\"inLanguage\":\"es\",\"@id\":\"https:\\\/\\\/secure.gravatar.com\\\/avatar\\\/f3358fe09cfbbfc24265a18ea411b8ee8e54296a50fb17d8acf3cffca66240d2?s=96&d=mm&r=g\",\"url\":\"https:\\\/\\\/secure.gravatar.com\\\/avatar\\\/f3358fe09cfbbfc24265a18ea411b8ee8e54296a50fb17d8acf3cffca66240d2?s=96&d=mm&r=g\",\"contentUrl\":\"https:\\\/\\\/secure.gravatar.com\\\/avatar\\\/f3358fe09cfbbfc24265a18ea411b8ee8e54296a50fb17d8acf3cffca66240d2?s=96&d=mm&r=g\",\"caption\":\"admin\"},\"sameAs\":[\"https:\\\/\\\/elconfesionario.co\\\/w\"],\"url\":\"https:\\\/\\\/confesionario.co\\\/w\\\/author\\\/osabuena\\\/\"}]}<\/script>\n<!-- \/ Yoast SEO plugin. -->","yoast_head_json":{"title":"\u00a1Ibagu\u00e9 es m\u00e1gica! Inici\u00f3 la instalaci\u00f3n del alumbrado navide\u00f1o - El Confesionario","robots":{"index":"index","follow":"follow","max-snippet":"max-snippet:-1","max-image-preview":"max-image-preview:large","max-video-preview":"max-video-preview:-1"},"canonical":"https:\/\/confesionario.co\/w\/ibague-es-magica-inicio-la-instalacion-del-alumbrado-navideno\/","og_locale":"es_ES","og_type":"article","og_title":"\u00a1Ibagu\u00e9 es m\u00e1gica! Inici\u00f3 la instalaci\u00f3n del alumbrado navide\u00f1o - El Confesionario","og_description":"M\u00e1s de 4.500 figuras llenar\u00e1n de luz y color las calles, avenidas y lugares emblem\u00e1ticos de la Capital Musical.","og_url":"https:\/\/confesionario.co\/w\/ibague-es-magica-inicio-la-instalacion-del-alumbrado-navideno\/","og_site_name":"El Confesionario","article_published_time":"2023-11-04T23:28:23+00:00","author":"admin","twitter_card":"summary_large_image","twitter_misc":{"Escrito por":"admin","Tiempo de lectura":"2 minutos"},"schema":{"@context":"https:\/\/schema.org","@graph":[{"@type":"Article","@id":"https:\/\/confesionario.co\/w\/ibague-es-magica-inicio-la-instalacion-del-alumbrado-navideno\/#article","isPartOf":{"@id":"https:\/\/confesionario.co\/w\/ibague-es-magica-inicio-la-instalacion-del-alumbrado-navideno\/"},"author":{"name":"admin","@id":"https:\/\/confesionario.co\/w\/#\/schema\/person\/85e99333497749318afab96ea0cc2342"},"headline":"\u00a1Ibagu\u00e9 es m\u00e1gica! Inici\u00f3 la instalaci\u00f3n del alumbrado navide\u00f1o","datePublished":"2023-11-04T23:28:23+00:00","mainEntityOfPage":{"@id":"https:\/\/confesionario.co\/w\/ibague-es-magica-inicio-la-instalacion-del-alumbrado-navideno\/"},"wordCount":358,"commentCount":0,"publisher":{"@id":"https:\/\/confesionario.co\/w\/#organization"},"articleSection":["Infibagu\u00e9"],"inLanguage":"es","potentialAction":[{"@type":"CommentAction","name":"Comment","target":["https:\/\/confesionario.co\/w\/ibague-es-magica-inicio-la-instalacion-del-alumbrado-navideno\/#respond"]}]},{"@type":"WebPage","@id":"https:\/\/confesionario.co\/w\/ibague-es-magica-inicio-la-instalacion-del-alumbrado-navideno\/","url":"https:\/\/confesionario.co\/w\/ibague-es-magica-inicio-la-instalacion-del-alumbrado-navideno\/","name":"\u00a1Ibagu\u00e9 es m\u00e1gica! Inici\u00f3 la instalaci\u00f3n del alumbrado navide\u00f1o - El Confesionario","isPartOf":{"@id":"https:\/\/confesionario.co\/w\/#website"},"datePublished":"2023-11-04T23:28:23+00:00","breadcrumb":{"@id":"https:\/\/confesionario.co\/w\/ibague-es-magica-inicio-la-instalacion-del-alumbrado-navideno\/#breadcrumb"},"inLanguage":"es","potentialAction":[{"@type":"ReadAction","target":["https:\/\/confesionario.co\/w\/ibague-es-magica-inicio-la-instalacion-del-alumbrado-navideno\/"]}]},{"@type":"BreadcrumbList","@id":"https:\/\/confesionario.co\/w\/ibague-es-magica-inicio-la-instalacion-del-alumbrado-navideno\/#breadcrumb","itemListElement":[{"@type":"ListItem","position":1,"name":"Portada","item":"https:\/\/confesionario.co\/w\/"},{"@type":"ListItem","position":2,"name":"\u00a1Ibagu\u00e9 es m\u00e1gica! Inici\u00f3 la instalaci\u00f3n del alumbrado navide\u00f1o"}]},{"@type":"WebSite","@id":"https:\/\/confesionario.co\/w\/#website","url":"https:\/\/confesionario.co\/w\/","name":"El Confesionario","description":"","publisher":{"@id":"https:\/\/confesionario.co\/w\/#organization"},"potentialAction":[{"@type":"SearchAction","target":{"@type":"EntryPoint","urlTemplate":"https:\/\/confesionario.co\/w\/?s={search_term_string}"},"query-input":{"@type":"PropertyValueSpecification","valueRequired":true,"valueName":"search_term_string"}}],"inLanguage":"es"},{"@type":"Organization","@id":"https:\/\/confesionario.co\/w\/#organization","name":"El Confesionario","url":"https:\/\/confesionario.co\/w\/","logo":{"@type":"ImageObject","inLanguage":"es","@id":"https:\/\/confesionario.co\/w\/#\/schema\/logo\/image\/","url":"https:\/\/confesionario.co\/w\/wp-content\/uploads\/2026\/02\/confesionario-horizontal.png","contentUrl":"https:\/\/confesionario.co\/w\/wp-content\/uploads\/2026\/02\/confesionario-horizontal.png","width":581,"height":148,"caption":"El Confesionario"},"image":{"@id":"https:\/\/confesionario.co\/w\/#\/schema\/logo\/image\/"}},{"@type":"Person","@id":"https:\/\/confesionario.co\/w\/#\/schema\/person\/85e99333497749318afab96ea0cc2342","name":"admin","image":{"@type":"ImageObject","inLanguage":"es","@id":"https:\/\/secure.gravatar.com\/avatar\/f3358fe09cfbbfc24265a18ea411b8ee8e54296a50fb17d8acf3cffca66240d2?s=96&d=mm&r=g","url":"https:\/\/secure.gravatar.com\/avatar\/f3358fe09cfbbfc24265a18ea411b8ee8e54296a50fb17d8acf3cffca66240d2?s=96&d=mm&r=g","contentUrl":"https:\/\/secure.gravatar.com\/avatar\/f3358fe09cfbbfc24265a18ea411b8ee8e54296a50fb17d8acf3cffca66240d2?s=96&d=mm&r=g","caption":"admin"},"sameAs":["https:\/\/elconfesionario.co\/w"],"url":"https:\/\/confesionario.co\/w\/author\/osabuena\/"}]}},"jetpack_featured_media_url":"","_links":{"self":[{"href":"https:\/\/confesionario.co\/w\/wp-json\/wp\/v2\/posts\/10816","targetHints":{"allow":["GET"]}}],"collection":[{"href":"https:\/\/confesionario.co\/w\/wp-json\/wp\/v2\/posts"}],"about":[{"href":"https:\/\/confesionario.co\/w\/wp-json\/wp\/v2\/types\/post"}],"author":[{"embeddable":true,"href":"https:\/\/confesionario.co\/w\/wp-json\/wp\/v2\/users\/1"}],"replies":[{"embeddable":true,"href":"https:\/\/confesionario.co\/w\/wp-json\/wp\/v2\/comments?post=10816"}],"version-history":[{"count":0,"href":"https:\/\/confesionario.co\/w\/wp-json\/wp\/v2\/posts\/10816\/revisions"}],"wp:attachment":[{"href":"https:\/\/confesionario.co\/w\/wp-json\/wp\/v2\/media?parent=10816"}],"wp:term":[{"taxonomy":"category","embeddable":true,"href":"https:\/\/confesionario.co\/w\/wp-json\/wp\/v2\/categories?post=10816"},{"taxonomy":"post_tag","embeddable":true,"href":"https:\/\/confesionario.co\/w\/wp-json\/wp\/v2\/tags?post=10816"}],"curies":[{"name":"wp","href":"https:\/\/api.w.org\/{rel}","templated":true}]}}