{"id":10823,"date":"2023-11-09T12:48:05","date_gmt":"2023-11-09T12:48:05","guid":{"rendered":"https:\/\/confesionario.co\/w\/alcaldia-realizara-inspeccion-tecnica-con-sobrevuelos-en-el-canon-del-combeima\/"},"modified":"2023-11-09T12:48:05","modified_gmt":"2023-11-09T12:48:05","slug":"alcaldia-realizara-inspeccion-tecnica-con-sobrevuelos-en-el-canon-del-combeima","status":"publish","type":"post","link":"https:\/\/confesionario.co\/w\/alcaldia-realizara-inspeccion-tecnica-con-sobrevuelos-en-el-canon-del-combeima\/","title":{"rendered":"Alcald\u00eda realizar\u00e1 inspecci\u00f3n t\u00e9cnica con sobrevuelos en el Ca\u00f1\u00f3n del Combeima"},"content":{"rendered":"<p style=\\\"text-align: justify;\\\"><span style=\\\"font-size: 12.16px;\\\">Junto a la comunidad se llevar\u00e1 a cabo un diagn\u00f3stico desde el aire al r\u00edo Combeima para descartar afectaciones.<\/span><\/p>\n<p><!--more--><\/p>\n<p style=\\\"text-align: justify;\\\"><span style=\\\"font-size: 12.16px;\\\">La Alcald\u00eda de Ibagu\u00e9 contin\u00faa comprometida y haciendo un respectivo acompa\u00f1amiento a los habitantes del Ca\u00f1\u00f3n del Combeima, luego de las fuertes lluvias en la zona.\u00a0<\/span><\/p>\n<p style=\\\"text-align: justify;\\\"><span style=\\\"font-size: 12.16px;\\\">La Administraci\u00f3n Municipal lleg\u00f3 hasta el sitio la semana anterior con ayudas humanitarias para los pobladores afectados por la creciente y el deslizamiento de una de las quebradas.\u00a0<\/span><\/p>\n<p style=\\\"text-align: justify;\\\"><span style=\\\"font-size: 12.16px;\\\">Asimismo, es de resaltar el trabajo con los jarillones que se viene ejecutando meses atr\u00e1s, que ha dado como resultado la disminuci\u00f3n de riesgos.\u00a0<\/span><\/p>\n<p style=\\\"text-align: justify;\\\"><span style=\\\"font-size: 12.16px;\\\">\u201cPor directriz del mandatario de los ibaguere\u00f1os, el ingeniero Andr\u00e9s Hurtado, se est\u00e1 trabajando en la contrataci\u00f3n de los radios y alarmas del sector, para tener una comunicaci\u00f3n m\u00e1s oportuna con los habitantes\u201d,_ manifest\u00f3 Jessica Salcedo, secretaria de Ambiente y Gesti\u00f3n del Riesgo.\u00a0<\/span><\/p>\n<p style=\\\"text-align: justify;\\\"><span style=\\\"font-size: 12.16px;\\\">La funcionaria tambi\u00e9n asegur\u00f3 que este mi\u00e9rcoles, junto a la comunidad, har\u00e1n un sobrevuelo sobre el r\u00edo para descartar cualquier afectaci\u00f3n o falla geol\u00f3gica. Igualmente se espera que el pr\u00f3ximo s\u00e1bado se lleve a cabo la misma metodolog\u00eda en este sector.\u00a0<\/span><\/p>\n<p style=\\\"text-align: justify;\\\"><span style=\\\"font-size: 12.16px;\\\">Igualmente, Perdomo mencion\u00f3 que este es un compromiso de todos, por eso hizo un llamado a la Gobernaci\u00f3n del Tolima y a Cortolima, por la responsabilidad compartida, y a trav\u00e9s de estas acciones podr\u00edan mitigar una eventualidad mayor.\u00a0<\/span><\/p>\n<p style=\\\"text-align: justify;\\\"><span style=\\\"font-size: 12.16px;\\\">Por otro lado, _\u201ca partir de hoy se iniciar\u00e1 la intervenci\u00f3n en el cauce del r\u00edo con una retroexcavadora de oruga para hacer el levantamiento de lodos y as\u00ed realizar los mejoramientos de v\u00edas\u201d,_ dijo Daniel Jaramillo, secretario de Agricultura y Desarrollo Rural.\u00a0<\/span><\/p>\n<p style=\\\"text-align: justify;\\\"><span style=\\\"font-size: 12.16px;\\\">En reuni\u00f3n con las personas afectadas y habitantes del Ca\u00f1\u00f3n del Combeima, los lugare\u00f1os manifestaron su agradecimiento a la Alcald\u00eda de Ibagu\u00e9.\u00a0<\/span><\/p>\n<p style=\\\"text-align: justify;\\\"><span style=\\\"font-size: 12.16px;\\\">\u201cUn respaldo total por la Administraci\u00f3n Municipal en cabeza del Ingeniero Andr\u00e9s Hurtado y a las secretar\u00edas competentes, porque al fin encontramos personas que escuchan las problem\u00e1ticas de nuestros campesinos\u201d,_ concluy\u00f3 Luis Albeiro Mora, representante social de los campesinos.<\/span><\/p>\n","protected":false},"excerpt":{"rendered":"<p>Junto a la comunidad se llevar\u00e1 a cabo un diagn\u00f3stico desde el aire al r\u00edo Combeima para descartar afectaciones.<\/p>\n","protected":false},"author":1,"featured_media":0,"comment_status":"open","ping_status":"open","sticky":false,"template":"","format":"standard","meta":{"site-sidebar-layout":"default","site-content-layout":"","ast-site-content-layout":"default","site-content-style":"default","site-sidebar-style":"default","ast-global-header-display":"","ast-banner-title-visibility":"","ast-main-header-display":"","ast-hfb-above-header-display":"","ast-hfb-below-header-display":"","ast-hfb-mobile-header-display":"","site-post-title":"","ast-breadcrumbs-content":"","ast-featured-img":"","footer-sml-layout":"","ast-disable-related-posts":"","theme-transparent-header-meta":"","adv-header-id-meta":"","stick-header-meta":"","header-above-stick-meta":"","header-main-stick-meta":"","header-below-stick-meta":"","astra-migrate-meta-layouts":"default","ast-page-background-enabled":"default","ast-page-background-meta":{"desktop":{"background-color":"var(--ast-global-color-4)","background-image":"","background-repeat":"repeat","background-position":"center center","background-size":"auto","background-attachment":"scroll","background-type":"","background-media":"","overlay-type":"","overlay-color":"","overlay-opacity":"","overlay-gradient":""},"tablet":{"background-color":"","background-image":"","background-repeat":"repeat","background-position":"center center","background-size":"auto","background-attachment":"scroll","background-type":"","background-media":"","overlay-type":"","overlay-color":"","overlay-opacity":"","overlay-gradient":""},"mobile":{"background-color":"","background-image":"","background-repeat":"repeat","background-position":"center center","background-size":"auto","background-attachment":"scroll","background-type":"","background-media":"","overlay-type":"","overlay-color":"","overlay-opacity":"","overlay-gradient":""}},"ast-content-background-meta":{"desktop":{"background-color":"var(--ast-global-color-5)","background-image":"","background-repeat":"repeat","background-position":"center center","background-size":"auto","background-attachment":"scroll","background-type":"","background-media":"","overlay-type":"","overlay-color":"","overlay-opacity":"","overlay-gradient":""},"tablet":{"background-color":"var(--ast-global-color-5)","background-image":"","background-repeat":"repeat","background-position":"center center","background-size":"auto","background-attachment":"scroll","background-type":"","background-media":"","overlay-type":"","overlay-color":"","overlay-opacity":"","overlay-gradient":""},"mobile":{"background-color":"var(--ast-global-color-5)","background-image":"","background-repeat":"repeat","background-position":"center center","background-size":"auto","background-attachment":"scroll","background-type":"","background-media":"","overlay-type":"","overlay-color":"","overlay-opacity":"","overlay-gradient":""}},"footnotes":""},"categories":[19],"tags":[],"class_list":["post-10823","post","type-post","status-publish","format-standard","hentry","category-ibague"],"yoast_head":"<!-- This site is optimized with the Yoast SEO plugin v27.5 - https:\/\/yoast.com\/product\/yoast-seo-wordpress\/ -->\n<title>Alcald\u00eda realizar\u00e1 inspecci\u00f3n t\u00e9cnica con sobrevuelos en el Ca\u00f1\u00f3n del Combeima - El Confesionario<\/title>\n<meta name=\"robots\" content=\"index, follow, max-snippet:-1, max-image-preview:large, max-video-preview:-1\" \/>\n<link rel=\"canonical\" href=\"https:\/\/confesionario.co\/w\/alcaldia-realizara-inspeccion-tecnica-con-sobrevuelos-en-el-canon-del-combeima\/\" \/>\n<meta property=\"og:locale\" content=\"es_ES\" \/>\n<meta property=\"og:type\" content=\"article\" \/>\n<meta property=\"og:title\" content=\"Alcald\u00eda realizar\u00e1 inspecci\u00f3n t\u00e9cnica con sobrevuelos en el Ca\u00f1\u00f3n del Combeima - El Confesionario\" \/>\n<meta property=\"og:description\" content=\"Junto a la comunidad se llevar\u00e1 a cabo un diagn\u00f3stico desde el aire al r\u00edo Combeima para descartar afectaciones.\" \/>\n<meta property=\"og:url\" content=\"https:\/\/confesionario.co\/w\/alcaldia-realizara-inspeccion-tecnica-con-sobrevuelos-en-el-canon-del-combeima\/\" \/>\n<meta property=\"og:site_name\" content=\"El Confesionario\" \/>\n<meta property=\"article:published_time\" content=\"2023-11-09T12:48:05+00:00\" \/>\n<meta name=\"author\" content=\"admin\" \/>\n<meta name=\"twitter:card\" content=\"summary_large_image\" \/>\n<meta name=\"twitter:label1\" content=\"Escrito por\" \/>\n\t<meta name=\"twitter:data1\" content=\"admin\" \/>\n\t<meta name=\"twitter:label2\" content=\"Tiempo de lectura\" \/>\n\t<meta name=\"twitter:data2\" content=\"2 minutos\" \/>\n<script type=\"application\/ld+json\" class=\"yoast-schema-graph\">{\"@context\":\"https:\\\/\\\/schema.org\",\"@graph\":[{\"@type\":\"Article\",\"@id\":\"https:\\\/\\\/confesionario.co\\\/w\\\/alcaldia-realizara-inspeccion-tecnica-con-sobrevuelos-en-el-canon-del-combeima\\\/#article\",\"isPartOf\":{\"@id\":\"https:\\\/\\\/confesionario.co\\\/w\\\/alcaldia-realizara-inspeccion-tecnica-con-sobrevuelos-en-el-canon-del-combeima\\\/\"},\"author\":{\"name\":\"admin\",\"@id\":\"https:\\\/\\\/confesionario.co\\\/w\\\/#\\\/schema\\\/person\\\/85e99333497749318afab96ea0cc2342\"},\"headline\":\"Alcald\u00eda realizar\u00e1 inspecci\u00f3n t\u00e9cnica con sobrevuelos en el Ca\u00f1\u00f3n del Combeima\",\"datePublished\":\"2023-11-09T12:48:05+00:00\",\"mainEntityOfPage\":{\"@id\":\"https:\\\/\\\/confesionario.co\\\/w\\\/alcaldia-realizara-inspeccion-tecnica-con-sobrevuelos-en-el-canon-del-combeima\\\/\"},\"wordCount\":376,\"commentCount\":0,\"publisher\":{\"@id\":\"https:\\\/\\\/confesionario.co\\\/w\\\/#organization\"},\"articleSection\":[\"Ibagu\u00e9\"],\"inLanguage\":\"es\",\"potentialAction\":[{\"@type\":\"CommentAction\",\"name\":\"Comment\",\"target\":[\"https:\\\/\\\/confesionario.co\\\/w\\\/alcaldia-realizara-inspeccion-tecnica-con-sobrevuelos-en-el-canon-del-combeima\\\/#respond\"]}]},{\"@type\":\"WebPage\",\"@id\":\"https:\\\/\\\/confesionario.co\\\/w\\\/alcaldia-realizara-inspeccion-tecnica-con-sobrevuelos-en-el-canon-del-combeima\\\/\",\"url\":\"https:\\\/\\\/confesionario.co\\\/w\\\/alcaldia-realizara-inspeccion-tecnica-con-sobrevuelos-en-el-canon-del-combeima\\\/\",\"name\":\"Alcald\u00eda realizar\u00e1 inspecci\u00f3n t\u00e9cnica con sobrevuelos en el Ca\u00f1\u00f3n del Combeima - El Confesionario\",\"isPartOf\":{\"@id\":\"https:\\\/\\\/confesionario.co\\\/w\\\/#website\"},\"datePublished\":\"2023-11-09T12:48:05+00:00\",\"breadcrumb\":{\"@id\":\"https:\\\/\\\/confesionario.co\\\/w\\\/alcaldia-realizara-inspeccion-tecnica-con-sobrevuelos-en-el-canon-del-combeima\\\/#breadcrumb\"},\"inLanguage\":\"es\",\"potentialAction\":[{\"@type\":\"ReadAction\",\"target\":[\"https:\\\/\\\/confesionario.co\\\/w\\\/alcaldia-realizara-inspeccion-tecnica-con-sobrevuelos-en-el-canon-del-combeima\\\/\"]}]},{\"@type\":\"BreadcrumbList\",\"@id\":\"https:\\\/\\\/confesionario.co\\\/w\\\/alcaldia-realizara-inspeccion-tecnica-con-sobrevuelos-en-el-canon-del-combeima\\\/#breadcrumb\",\"itemListElement\":[{\"@type\":\"ListItem\",\"position\":1,\"name\":\"Portada\",\"item\":\"https:\\\/\\\/confesionario.co\\\/w\\\/\"},{\"@type\":\"ListItem\",\"position\":2,\"name\":\"Alcald\u00eda realizar\u00e1 inspecci\u00f3n t\u00e9cnica con sobrevuelos en el Ca\u00f1\u00f3n del Combeima\"}]},{\"@type\":\"WebSite\",\"@id\":\"https:\\\/\\\/confesionario.co\\\/w\\\/#website\",\"url\":\"https:\\\/\\\/confesionario.co\\\/w\\\/\",\"name\":\"El Confesionario\",\"description\":\"\",\"publisher\":{\"@id\":\"https:\\\/\\\/confesionario.co\\\/w\\\/#organization\"},\"potentialAction\":[{\"@type\":\"SearchAction\",\"target\":{\"@type\":\"EntryPoint\",\"urlTemplate\":\"https:\\\/\\\/confesionario.co\\\/w\\\/?s={search_term_string}\"},\"query-input\":{\"@type\":\"PropertyValueSpecification\",\"valueRequired\":true,\"valueName\":\"search_term_string\"}}],\"inLanguage\":\"es\"},{\"@type\":\"Organization\",\"@id\":\"https:\\\/\\\/confesionario.co\\\/w\\\/#organization\",\"name\":\"El Confesionario\",\"url\":\"https:\\\/\\\/confesionario.co\\\/w\\\/\",\"logo\":{\"@type\":\"ImageObject\",\"inLanguage\":\"es\",\"@id\":\"https:\\\/\\\/confesionario.co\\\/w\\\/#\\\/schema\\\/logo\\\/image\\\/\",\"url\":\"https:\\\/\\\/confesionario.co\\\/w\\\/wp-content\\\/uploads\\\/2026\\\/02\\\/confesionario-horizontal.png\",\"contentUrl\":\"https:\\\/\\\/confesionario.co\\\/w\\\/wp-content\\\/uploads\\\/2026\\\/02\\\/confesionario-horizontal.png\",\"width\":581,\"height\":148,\"caption\":\"El Confesionario\"},\"image\":{\"@id\":\"https:\\\/\\\/confesionario.co\\\/w\\\/#\\\/schema\\\/logo\\\/image\\\/\"}},{\"@type\":\"Person\",\"@id\":\"https:\\\/\\\/confesionario.co\\\/w\\\/#\\\/schema\\\/person\\\/85e99333497749318afab96ea0cc2342\",\"name\":\"admin\",\"image\":{\"@type\":\"ImageObject\",\"inLanguage\":\"es\",\"@id\":\"https:\\\/\\\/secure.gravatar.com\\\/avatar\\\/f3358fe09cfbbfc24265a18ea411b8ee8e54296a50fb17d8acf3cffca66240d2?s=96&d=mm&r=g\",\"url\":\"https:\\\/\\\/secure.gravatar.com\\\/avatar\\\/f3358fe09cfbbfc24265a18ea411b8ee8e54296a50fb17d8acf3cffca66240d2?s=96&d=mm&r=g\",\"contentUrl\":\"https:\\\/\\\/secure.gravatar.com\\\/avatar\\\/f3358fe09cfbbfc24265a18ea411b8ee8e54296a50fb17d8acf3cffca66240d2?s=96&d=mm&r=g\",\"caption\":\"admin\"},\"sameAs\":[\"https:\\\/\\\/elconfesionario.co\\\/w\"],\"url\":\"https:\\\/\\\/confesionario.co\\\/w\\\/author\\\/osabuena\\\/\"}]}<\/script>\n<!-- \/ Yoast SEO plugin. -->","yoast_head_json":{"title":"Alcald\u00eda realizar\u00e1 inspecci\u00f3n t\u00e9cnica con sobrevuelos en el Ca\u00f1\u00f3n del Combeima - El Confesionario","robots":{"index":"index","follow":"follow","max-snippet":"max-snippet:-1","max-image-preview":"max-image-preview:large","max-video-preview":"max-video-preview:-1"},"canonical":"https:\/\/confesionario.co\/w\/alcaldia-realizara-inspeccion-tecnica-con-sobrevuelos-en-el-canon-del-combeima\/","og_locale":"es_ES","og_type":"article","og_title":"Alcald\u00eda realizar\u00e1 inspecci\u00f3n t\u00e9cnica con sobrevuelos en el Ca\u00f1\u00f3n del Combeima - El Confesionario","og_description":"Junto a la comunidad se llevar\u00e1 a cabo un diagn\u00f3stico desde el aire al r\u00edo Combeima para descartar afectaciones.","og_url":"https:\/\/confesionario.co\/w\/alcaldia-realizara-inspeccion-tecnica-con-sobrevuelos-en-el-canon-del-combeima\/","og_site_name":"El Confesionario","article_published_time":"2023-11-09T12:48:05+00:00","author":"admin","twitter_card":"summary_large_image","twitter_misc":{"Escrito por":"admin","Tiempo de lectura":"2 minutos"},"schema":{"@context":"https:\/\/schema.org","@graph":[{"@type":"Article","@id":"https:\/\/confesionario.co\/w\/alcaldia-realizara-inspeccion-tecnica-con-sobrevuelos-en-el-canon-del-combeima\/#article","isPartOf":{"@id":"https:\/\/confesionario.co\/w\/alcaldia-realizara-inspeccion-tecnica-con-sobrevuelos-en-el-canon-del-combeima\/"},"author":{"name":"admin","@id":"https:\/\/confesionario.co\/w\/#\/schema\/person\/85e99333497749318afab96ea0cc2342"},"headline":"Alcald\u00eda realizar\u00e1 inspecci\u00f3n t\u00e9cnica con sobrevuelos en el Ca\u00f1\u00f3n del Combeima","datePublished":"2023-11-09T12:48:05+00:00","mainEntityOfPage":{"@id":"https:\/\/confesionario.co\/w\/alcaldia-realizara-inspeccion-tecnica-con-sobrevuelos-en-el-canon-del-combeima\/"},"wordCount":376,"commentCount":0,"publisher":{"@id":"https:\/\/confesionario.co\/w\/#organization"},"articleSection":["Ibagu\u00e9"],"inLanguage":"es","potentialAction":[{"@type":"CommentAction","name":"Comment","target":["https:\/\/confesionario.co\/w\/alcaldia-realizara-inspeccion-tecnica-con-sobrevuelos-en-el-canon-del-combeima\/#respond"]}]},{"@type":"WebPage","@id":"https:\/\/confesionario.co\/w\/alcaldia-realizara-inspeccion-tecnica-con-sobrevuelos-en-el-canon-del-combeima\/","url":"https:\/\/confesionario.co\/w\/alcaldia-realizara-inspeccion-tecnica-con-sobrevuelos-en-el-canon-del-combeima\/","name":"Alcald\u00eda realizar\u00e1 inspecci\u00f3n t\u00e9cnica con sobrevuelos en el Ca\u00f1\u00f3n del Combeima - El Confesionario","isPartOf":{"@id":"https:\/\/confesionario.co\/w\/#website"},"datePublished":"2023-11-09T12:48:05+00:00","breadcrumb":{"@id":"https:\/\/confesionario.co\/w\/alcaldia-realizara-inspeccion-tecnica-con-sobrevuelos-en-el-canon-del-combeima\/#breadcrumb"},"inLanguage":"es","potentialAction":[{"@type":"ReadAction","target":["https:\/\/confesionario.co\/w\/alcaldia-realizara-inspeccion-tecnica-con-sobrevuelos-en-el-canon-del-combeima\/"]}]},{"@type":"BreadcrumbList","@id":"https:\/\/confesionario.co\/w\/alcaldia-realizara-inspeccion-tecnica-con-sobrevuelos-en-el-canon-del-combeima\/#breadcrumb","itemListElement":[{"@type":"ListItem","position":1,"name":"Portada","item":"https:\/\/confesionario.co\/w\/"},{"@type":"ListItem","position":2,"name":"Alcald\u00eda realizar\u00e1 inspecci\u00f3n t\u00e9cnica con sobrevuelos en el Ca\u00f1\u00f3n del Combeima"}]},{"@type":"WebSite","@id":"https:\/\/confesionario.co\/w\/#website","url":"https:\/\/confesionario.co\/w\/","name":"El Confesionario","description":"","publisher":{"@id":"https:\/\/confesionario.co\/w\/#organization"},"potentialAction":[{"@type":"SearchAction","target":{"@type":"EntryPoint","urlTemplate":"https:\/\/confesionario.co\/w\/?s={search_term_string}"},"query-input":{"@type":"PropertyValueSpecification","valueRequired":true,"valueName":"search_term_string"}}],"inLanguage":"es"},{"@type":"Organization","@id":"https:\/\/confesionario.co\/w\/#organization","name":"El Confesionario","url":"https:\/\/confesionario.co\/w\/","logo":{"@type":"ImageObject","inLanguage":"es","@id":"https:\/\/confesionario.co\/w\/#\/schema\/logo\/image\/","url":"https:\/\/confesionario.co\/w\/wp-content\/uploads\/2026\/02\/confesionario-horizontal.png","contentUrl":"https:\/\/confesionario.co\/w\/wp-content\/uploads\/2026\/02\/confesionario-horizontal.png","width":581,"height":148,"caption":"El Confesionario"},"image":{"@id":"https:\/\/confesionario.co\/w\/#\/schema\/logo\/image\/"}},{"@type":"Person","@id":"https:\/\/confesionario.co\/w\/#\/schema\/person\/85e99333497749318afab96ea0cc2342","name":"admin","image":{"@type":"ImageObject","inLanguage":"es","@id":"https:\/\/secure.gravatar.com\/avatar\/f3358fe09cfbbfc24265a18ea411b8ee8e54296a50fb17d8acf3cffca66240d2?s=96&d=mm&r=g","url":"https:\/\/secure.gravatar.com\/avatar\/f3358fe09cfbbfc24265a18ea411b8ee8e54296a50fb17d8acf3cffca66240d2?s=96&d=mm&r=g","contentUrl":"https:\/\/secure.gravatar.com\/avatar\/f3358fe09cfbbfc24265a18ea411b8ee8e54296a50fb17d8acf3cffca66240d2?s=96&d=mm&r=g","caption":"admin"},"sameAs":["https:\/\/elconfesionario.co\/w"],"url":"https:\/\/confesionario.co\/w\/author\/osabuena\/"}]}},"jetpack_featured_media_url":"","_links":{"self":[{"href":"https:\/\/confesionario.co\/w\/wp-json\/wp\/v2\/posts\/10823","targetHints":{"allow":["GET"]}}],"collection":[{"href":"https:\/\/confesionario.co\/w\/wp-json\/wp\/v2\/posts"}],"about":[{"href":"https:\/\/confesionario.co\/w\/wp-json\/wp\/v2\/types\/post"}],"author":[{"embeddable":true,"href":"https:\/\/confesionario.co\/w\/wp-json\/wp\/v2\/users\/1"}],"replies":[{"embeddable":true,"href":"https:\/\/confesionario.co\/w\/wp-json\/wp\/v2\/comments?post=10823"}],"version-history":[{"count":0,"href":"https:\/\/confesionario.co\/w\/wp-json\/wp\/v2\/posts\/10823\/revisions"}],"wp:attachment":[{"href":"https:\/\/confesionario.co\/w\/wp-json\/wp\/v2\/media?parent=10823"}],"wp:term":[{"taxonomy":"category","embeddable":true,"href":"https:\/\/confesionario.co\/w\/wp-json\/wp\/v2\/categories?post=10823"},{"taxonomy":"post_tag","embeddable":true,"href":"https:\/\/confesionario.co\/w\/wp-json\/wp\/v2\/tags?post=10823"}],"curies":[{"name":"wp","href":"https:\/\/api.w.org\/{rel}","templated":true}]}}