{"id":10826,"date":"2023-11-09T21:03:27","date_gmt":"2023-11-09T21:03:27","guid":{"rendered":"https:\/\/confesionario.co\/w\/el-22-de-noviembre-sera-el-dia-sin-carro-y-sin-moto-en-ibague\/"},"modified":"2023-11-09T21:03:27","modified_gmt":"2023-11-09T21:03:27","slug":"el-22-de-noviembre-sera-el-dia-sin-carro-y-sin-moto-en-ibague","status":"publish","type":"post","link":"https:\/\/confesionario.co\/w\/el-22-de-noviembre-sera-el-dia-sin-carro-y-sin-moto-en-ibague\/","title":{"rendered":"El 22 de noviembre ser\u00e1 el d\u00eda sin carro y sin moto en Ibagu\u00e9"},"content":{"rendered":"<p style=\\\"text-align: justify;\\\"><span style=\\\"font-size: 12.16px;\\\">La jornada se realizar\u00e1 el mi\u00e9rcoles 22 de noviembre, de 6:00 de la ma\u00f1ana a 8:00 de la noche.<\/span><\/p>\n<p><!--more--><\/p>\n<p style=\\\"text-align: justify;\\\"><span style=\\\"font-size: 12.16px;\\\">La Capital Musical se alista para la segunda jornada del a\u00f1o que debi\u00f3 realizarse el pasado 20 de septiembre, pero por el desarrollo del \u2018Campeonato Mundial de Patinaje Art\u00edstico\u2019 se decidi\u00f3 aplazar para no afectar la din\u00e1mica de la econom\u00eda de la ciudad.<\/span><\/p>\n<p style=\\\"text-align: justify;\\\"><span style=\\\"font-size: 12.16px;\\\">Por tal raz\u00f3n, el Gobierno Local defini\u00f3 como fecha el 22 de noviembre para dar cumplimiento al Acuerdo 009 del 22 de mayo de 2018, que estipula el \u2018D\u00eda sin carro y sin moto\u2019, desde las 6:00 de la ma\u00f1ana hasta las 8:00 de la noche.<\/span><\/p>\n<p style=\\\"text-align: justify;\\\"><span style=\\\"font-size: 12.16px;\\\">\\\u00bbUno de los motivos del aplazamiento fueron las afectaciones comerciales producidas por el paro de los transportadores. Invitamos a todas las autoridades a participar en esta jornada que busca el mejoramiento de las condiciones del medio ambiente\u201d,_ mencion\u00f3 Miguel Saavedra, secretario de Movilidad (e).<\/span><\/p>\n<p style=\\\"text-align: justify;\\\"><span style=\\\"font-size: 12.16px;\\\">Durante dicho d\u00eda se llevar\u00e1n a cabo puestos de control por parte de los Agentes de Tr\u00e1nsito para garantizar que se cumpla con la medida.<\/span><\/p>\n","protected":false},"excerpt":{"rendered":"<p>La jornada se realizar\u00e1 el mi\u00e9rcoles 22 de noviembre, de 6:00 de la ma\u00f1ana a 8:00 de la noche.<\/p>\n","protected":false},"author":1,"featured_media":0,"comment_status":"open","ping_status":"open","sticky":false,"template":"","format":"standard","meta":{"site-sidebar-layout":"default","site-content-layout":"","ast-site-content-layout":"default","site-content-style":"default","site-sidebar-style":"default","ast-global-header-display":"","ast-banner-title-visibility":"","ast-main-header-display":"","ast-hfb-above-header-display":"","ast-hfb-below-header-display":"","ast-hfb-mobile-header-display":"","site-post-title":"","ast-breadcrumbs-content":"","ast-featured-img":"","footer-sml-layout":"","ast-disable-related-posts":"","theme-transparent-header-meta":"","adv-header-id-meta":"","stick-header-meta":"","header-above-stick-meta":"","header-main-stick-meta":"","header-below-stick-meta":"","astra-migrate-meta-layouts":"default","ast-page-background-enabled":"default","ast-page-background-meta":{"desktop":{"background-color":"var(--ast-global-color-4)","background-image":"","background-repeat":"repeat","background-position":"center center","background-size":"auto","background-attachment":"scroll","background-type":"","background-media":"","overlay-type":"","overlay-color":"","overlay-opacity":"","overlay-gradient":""},"tablet":{"background-color":"","background-image":"","background-repeat":"repeat","background-position":"center center","background-size":"auto","background-attachment":"scroll","background-type":"","background-media":"","overlay-type":"","overlay-color":"","overlay-opacity":"","overlay-gradient":""},"mobile":{"background-color":"","background-image":"","background-repeat":"repeat","background-position":"center center","background-size":"auto","background-attachment":"scroll","background-type":"","background-media":"","overlay-type":"","overlay-color":"","overlay-opacity":"","overlay-gradient":""}},"ast-content-background-meta":{"desktop":{"background-color":"var(--ast-global-color-5)","background-image":"","background-repeat":"repeat","background-position":"center center","background-size":"auto","background-attachment":"scroll","background-type":"","background-media":"","overlay-type":"","overlay-color":"","overlay-opacity":"","overlay-gradient":""},"tablet":{"background-color":"var(--ast-global-color-5)","background-image":"","background-repeat":"repeat","background-position":"center center","background-size":"auto","background-attachment":"scroll","background-type":"","background-media":"","overlay-type":"","overlay-color":"","overlay-opacity":"","overlay-gradient":""},"mobile":{"background-color":"var(--ast-global-color-5)","background-image":"","background-repeat":"repeat","background-position":"center center","background-size":"auto","background-attachment":"scroll","background-type":"","background-media":"","overlay-type":"","overlay-color":"","overlay-opacity":"","overlay-gradient":""}},"footnotes":""},"categories":[19],"tags":[],"class_list":["post-10826","post","type-post","status-publish","format-standard","hentry","category-ibague"],"yoast_head":"<!-- This site is optimized with the Yoast SEO plugin v27.5 - https:\/\/yoast.com\/product\/yoast-seo-wordpress\/ -->\n<title>El 22 de noviembre ser\u00e1 el d\u00eda sin carro y sin moto en Ibagu\u00e9 - El Confesionario<\/title>\n<meta name=\"robots\" content=\"index, follow, max-snippet:-1, max-image-preview:large, max-video-preview:-1\" \/>\n<link rel=\"canonical\" href=\"https:\/\/confesionario.co\/w\/el-22-de-noviembre-sera-el-dia-sin-carro-y-sin-moto-en-ibague\/\" \/>\n<meta property=\"og:locale\" content=\"es_ES\" \/>\n<meta property=\"og:type\" content=\"article\" \/>\n<meta property=\"og:title\" content=\"El 22 de noviembre ser\u00e1 el d\u00eda sin carro y sin moto en Ibagu\u00e9 - El Confesionario\" \/>\n<meta property=\"og:description\" content=\"La jornada se realizar\u00e1 el mi\u00e9rcoles 22 de noviembre, de 6:00 de la ma\u00f1ana a 8:00 de la noche.\" \/>\n<meta property=\"og:url\" content=\"https:\/\/confesionario.co\/w\/el-22-de-noviembre-sera-el-dia-sin-carro-y-sin-moto-en-ibague\/\" \/>\n<meta property=\"og:site_name\" content=\"El Confesionario\" \/>\n<meta property=\"article:published_time\" content=\"2023-11-09T21:03:27+00:00\" \/>\n<meta name=\"author\" content=\"admin\" \/>\n<meta name=\"twitter:card\" content=\"summary_large_image\" \/>\n<meta name=\"twitter:label1\" content=\"Escrito por\" \/>\n\t<meta name=\"twitter:data1\" content=\"admin\" \/>\n\t<meta name=\"twitter:label2\" content=\"Tiempo de lectura\" \/>\n\t<meta name=\"twitter:data2\" content=\"1 minuto\" \/>\n<script type=\"application\/ld+json\" class=\"yoast-schema-graph\">{\"@context\":\"https:\\\/\\\/schema.org\",\"@graph\":[{\"@type\":\"Article\",\"@id\":\"https:\\\/\\\/confesionario.co\\\/w\\\/el-22-de-noviembre-sera-el-dia-sin-carro-y-sin-moto-en-ibague\\\/#article\",\"isPartOf\":{\"@id\":\"https:\\\/\\\/confesionario.co\\\/w\\\/el-22-de-noviembre-sera-el-dia-sin-carro-y-sin-moto-en-ibague\\\/\"},\"author\":{\"name\":\"admin\",\"@id\":\"https:\\\/\\\/confesionario.co\\\/w\\\/#\\\/schema\\\/person\\\/85e99333497749318afab96ea0cc2342\"},\"headline\":\"El 22 de noviembre ser\u00e1 el d\u00eda sin carro y sin moto en Ibagu\u00e9\",\"datePublished\":\"2023-11-09T21:03:27+00:00\",\"mainEntityOfPage\":{\"@id\":\"https:\\\/\\\/confesionario.co\\\/w\\\/el-22-de-noviembre-sera-el-dia-sin-carro-y-sin-moto-en-ibague\\\/\"},\"wordCount\":193,\"commentCount\":0,\"publisher\":{\"@id\":\"https:\\\/\\\/confesionario.co\\\/w\\\/#organization\"},\"articleSection\":[\"Ibagu\u00e9\"],\"inLanguage\":\"es\",\"potentialAction\":[{\"@type\":\"CommentAction\",\"name\":\"Comment\",\"target\":[\"https:\\\/\\\/confesionario.co\\\/w\\\/el-22-de-noviembre-sera-el-dia-sin-carro-y-sin-moto-en-ibague\\\/#respond\"]}]},{\"@type\":\"WebPage\",\"@id\":\"https:\\\/\\\/confesionario.co\\\/w\\\/el-22-de-noviembre-sera-el-dia-sin-carro-y-sin-moto-en-ibague\\\/\",\"url\":\"https:\\\/\\\/confesionario.co\\\/w\\\/el-22-de-noviembre-sera-el-dia-sin-carro-y-sin-moto-en-ibague\\\/\",\"name\":\"El 22 de noviembre ser\u00e1 el d\u00eda sin carro y sin moto en Ibagu\u00e9 - El Confesionario\",\"isPartOf\":{\"@id\":\"https:\\\/\\\/confesionario.co\\\/w\\\/#website\"},\"datePublished\":\"2023-11-09T21:03:27+00:00\",\"breadcrumb\":{\"@id\":\"https:\\\/\\\/confesionario.co\\\/w\\\/el-22-de-noviembre-sera-el-dia-sin-carro-y-sin-moto-en-ibague\\\/#breadcrumb\"},\"inLanguage\":\"es\",\"potentialAction\":[{\"@type\":\"ReadAction\",\"target\":[\"https:\\\/\\\/confesionario.co\\\/w\\\/el-22-de-noviembre-sera-el-dia-sin-carro-y-sin-moto-en-ibague\\\/\"]}]},{\"@type\":\"BreadcrumbList\",\"@id\":\"https:\\\/\\\/confesionario.co\\\/w\\\/el-22-de-noviembre-sera-el-dia-sin-carro-y-sin-moto-en-ibague\\\/#breadcrumb\",\"itemListElement\":[{\"@type\":\"ListItem\",\"position\":1,\"name\":\"Portada\",\"item\":\"https:\\\/\\\/confesionario.co\\\/w\\\/\"},{\"@type\":\"ListItem\",\"position\":2,\"name\":\"El 22 de noviembre ser\u00e1 el d\u00eda sin carro y sin moto en Ibagu\u00e9\"}]},{\"@type\":\"WebSite\",\"@id\":\"https:\\\/\\\/confesionario.co\\\/w\\\/#website\",\"url\":\"https:\\\/\\\/confesionario.co\\\/w\\\/\",\"name\":\"El Confesionario\",\"description\":\"\",\"publisher\":{\"@id\":\"https:\\\/\\\/confesionario.co\\\/w\\\/#organization\"},\"potentialAction\":[{\"@type\":\"SearchAction\",\"target\":{\"@type\":\"EntryPoint\",\"urlTemplate\":\"https:\\\/\\\/confesionario.co\\\/w\\\/?s={search_term_string}\"},\"query-input\":{\"@type\":\"PropertyValueSpecification\",\"valueRequired\":true,\"valueName\":\"search_term_string\"}}],\"inLanguage\":\"es\"},{\"@type\":\"Organization\",\"@id\":\"https:\\\/\\\/confesionario.co\\\/w\\\/#organization\",\"name\":\"El Confesionario\",\"url\":\"https:\\\/\\\/confesionario.co\\\/w\\\/\",\"logo\":{\"@type\":\"ImageObject\",\"inLanguage\":\"es\",\"@id\":\"https:\\\/\\\/confesionario.co\\\/w\\\/#\\\/schema\\\/logo\\\/image\\\/\",\"url\":\"https:\\\/\\\/confesionario.co\\\/w\\\/wp-content\\\/uploads\\\/2026\\\/02\\\/confesionario-horizontal.png\",\"contentUrl\":\"https:\\\/\\\/confesionario.co\\\/w\\\/wp-content\\\/uploads\\\/2026\\\/02\\\/confesionario-horizontal.png\",\"width\":581,\"height\":148,\"caption\":\"El Confesionario\"},\"image\":{\"@id\":\"https:\\\/\\\/confesionario.co\\\/w\\\/#\\\/schema\\\/logo\\\/image\\\/\"}},{\"@type\":\"Person\",\"@id\":\"https:\\\/\\\/confesionario.co\\\/w\\\/#\\\/schema\\\/person\\\/85e99333497749318afab96ea0cc2342\",\"name\":\"admin\",\"image\":{\"@type\":\"ImageObject\",\"inLanguage\":\"es\",\"@id\":\"https:\\\/\\\/secure.gravatar.com\\\/avatar\\\/f3358fe09cfbbfc24265a18ea411b8ee8e54296a50fb17d8acf3cffca66240d2?s=96&d=mm&r=g\",\"url\":\"https:\\\/\\\/secure.gravatar.com\\\/avatar\\\/f3358fe09cfbbfc24265a18ea411b8ee8e54296a50fb17d8acf3cffca66240d2?s=96&d=mm&r=g\",\"contentUrl\":\"https:\\\/\\\/secure.gravatar.com\\\/avatar\\\/f3358fe09cfbbfc24265a18ea411b8ee8e54296a50fb17d8acf3cffca66240d2?s=96&d=mm&r=g\",\"caption\":\"admin\"},\"sameAs\":[\"https:\\\/\\\/elconfesionario.co\\\/w\"],\"url\":\"https:\\\/\\\/confesionario.co\\\/w\\\/author\\\/osabuena\\\/\"}]}<\/script>\n<!-- \/ Yoast SEO plugin. -->","yoast_head_json":{"title":"El 22 de noviembre ser\u00e1 el d\u00eda sin carro y sin moto en Ibagu\u00e9 - El Confesionario","robots":{"index":"index","follow":"follow","max-snippet":"max-snippet:-1","max-image-preview":"max-image-preview:large","max-video-preview":"max-video-preview:-1"},"canonical":"https:\/\/confesionario.co\/w\/el-22-de-noviembre-sera-el-dia-sin-carro-y-sin-moto-en-ibague\/","og_locale":"es_ES","og_type":"article","og_title":"El 22 de noviembre ser\u00e1 el d\u00eda sin carro y sin moto en Ibagu\u00e9 - El Confesionario","og_description":"La jornada se realizar\u00e1 el mi\u00e9rcoles 22 de noviembre, de 6:00 de la ma\u00f1ana a 8:00 de la noche.","og_url":"https:\/\/confesionario.co\/w\/el-22-de-noviembre-sera-el-dia-sin-carro-y-sin-moto-en-ibague\/","og_site_name":"El Confesionario","article_published_time":"2023-11-09T21:03:27+00:00","author":"admin","twitter_card":"summary_large_image","twitter_misc":{"Escrito por":"admin","Tiempo de lectura":"1 minuto"},"schema":{"@context":"https:\/\/schema.org","@graph":[{"@type":"Article","@id":"https:\/\/confesionario.co\/w\/el-22-de-noviembre-sera-el-dia-sin-carro-y-sin-moto-en-ibague\/#article","isPartOf":{"@id":"https:\/\/confesionario.co\/w\/el-22-de-noviembre-sera-el-dia-sin-carro-y-sin-moto-en-ibague\/"},"author":{"name":"admin","@id":"https:\/\/confesionario.co\/w\/#\/schema\/person\/85e99333497749318afab96ea0cc2342"},"headline":"El 22 de noviembre ser\u00e1 el d\u00eda sin carro y sin moto en Ibagu\u00e9","datePublished":"2023-11-09T21:03:27+00:00","mainEntityOfPage":{"@id":"https:\/\/confesionario.co\/w\/el-22-de-noviembre-sera-el-dia-sin-carro-y-sin-moto-en-ibague\/"},"wordCount":193,"commentCount":0,"publisher":{"@id":"https:\/\/confesionario.co\/w\/#organization"},"articleSection":["Ibagu\u00e9"],"inLanguage":"es","potentialAction":[{"@type":"CommentAction","name":"Comment","target":["https:\/\/confesionario.co\/w\/el-22-de-noviembre-sera-el-dia-sin-carro-y-sin-moto-en-ibague\/#respond"]}]},{"@type":"WebPage","@id":"https:\/\/confesionario.co\/w\/el-22-de-noviembre-sera-el-dia-sin-carro-y-sin-moto-en-ibague\/","url":"https:\/\/confesionario.co\/w\/el-22-de-noviembre-sera-el-dia-sin-carro-y-sin-moto-en-ibague\/","name":"El 22 de noviembre ser\u00e1 el d\u00eda sin carro y sin moto en Ibagu\u00e9 - El Confesionario","isPartOf":{"@id":"https:\/\/confesionario.co\/w\/#website"},"datePublished":"2023-11-09T21:03:27+00:00","breadcrumb":{"@id":"https:\/\/confesionario.co\/w\/el-22-de-noviembre-sera-el-dia-sin-carro-y-sin-moto-en-ibague\/#breadcrumb"},"inLanguage":"es","potentialAction":[{"@type":"ReadAction","target":["https:\/\/confesionario.co\/w\/el-22-de-noviembre-sera-el-dia-sin-carro-y-sin-moto-en-ibague\/"]}]},{"@type":"BreadcrumbList","@id":"https:\/\/confesionario.co\/w\/el-22-de-noviembre-sera-el-dia-sin-carro-y-sin-moto-en-ibague\/#breadcrumb","itemListElement":[{"@type":"ListItem","position":1,"name":"Portada","item":"https:\/\/confesionario.co\/w\/"},{"@type":"ListItem","position":2,"name":"El 22 de noviembre ser\u00e1 el d\u00eda sin carro y sin moto en Ibagu\u00e9"}]},{"@type":"WebSite","@id":"https:\/\/confesionario.co\/w\/#website","url":"https:\/\/confesionario.co\/w\/","name":"El Confesionario","description":"","publisher":{"@id":"https:\/\/confesionario.co\/w\/#organization"},"potentialAction":[{"@type":"SearchAction","target":{"@type":"EntryPoint","urlTemplate":"https:\/\/confesionario.co\/w\/?s={search_term_string}"},"query-input":{"@type":"PropertyValueSpecification","valueRequired":true,"valueName":"search_term_string"}}],"inLanguage":"es"},{"@type":"Organization","@id":"https:\/\/confesionario.co\/w\/#organization","name":"El Confesionario","url":"https:\/\/confesionario.co\/w\/","logo":{"@type":"ImageObject","inLanguage":"es","@id":"https:\/\/confesionario.co\/w\/#\/schema\/logo\/image\/","url":"https:\/\/confesionario.co\/w\/wp-content\/uploads\/2026\/02\/confesionario-horizontal.png","contentUrl":"https:\/\/confesionario.co\/w\/wp-content\/uploads\/2026\/02\/confesionario-horizontal.png","width":581,"height":148,"caption":"El Confesionario"},"image":{"@id":"https:\/\/confesionario.co\/w\/#\/schema\/logo\/image\/"}},{"@type":"Person","@id":"https:\/\/confesionario.co\/w\/#\/schema\/person\/85e99333497749318afab96ea0cc2342","name":"admin","image":{"@type":"ImageObject","inLanguage":"es","@id":"https:\/\/secure.gravatar.com\/avatar\/f3358fe09cfbbfc24265a18ea411b8ee8e54296a50fb17d8acf3cffca66240d2?s=96&d=mm&r=g","url":"https:\/\/secure.gravatar.com\/avatar\/f3358fe09cfbbfc24265a18ea411b8ee8e54296a50fb17d8acf3cffca66240d2?s=96&d=mm&r=g","contentUrl":"https:\/\/secure.gravatar.com\/avatar\/f3358fe09cfbbfc24265a18ea411b8ee8e54296a50fb17d8acf3cffca66240d2?s=96&d=mm&r=g","caption":"admin"},"sameAs":["https:\/\/elconfesionario.co\/w"],"url":"https:\/\/confesionario.co\/w\/author\/osabuena\/"}]}},"jetpack_featured_media_url":"","_links":{"self":[{"href":"https:\/\/confesionario.co\/w\/wp-json\/wp\/v2\/posts\/10826","targetHints":{"allow":["GET"]}}],"collection":[{"href":"https:\/\/confesionario.co\/w\/wp-json\/wp\/v2\/posts"}],"about":[{"href":"https:\/\/confesionario.co\/w\/wp-json\/wp\/v2\/types\/post"}],"author":[{"embeddable":true,"href":"https:\/\/confesionario.co\/w\/wp-json\/wp\/v2\/users\/1"}],"replies":[{"embeddable":true,"href":"https:\/\/confesionario.co\/w\/wp-json\/wp\/v2\/comments?post=10826"}],"version-history":[{"count":0,"href":"https:\/\/confesionario.co\/w\/wp-json\/wp\/v2\/posts\/10826\/revisions"}],"wp:attachment":[{"href":"https:\/\/confesionario.co\/w\/wp-json\/wp\/v2\/media?parent=10826"}],"wp:term":[{"taxonomy":"category","embeddable":true,"href":"https:\/\/confesionario.co\/w\/wp-json\/wp\/v2\/categories?post=10826"},{"taxonomy":"post_tag","embeddable":true,"href":"https:\/\/confesionario.co\/w\/wp-json\/wp\/v2\/tags?post=10826"}],"curies":[{"name":"wp","href":"https:\/\/api.w.org\/{rel}","templated":true}]}}