{"id":14415,"date":"2024-11-20T20:26:02","date_gmt":"2024-11-20T20:26:02","guid":{"rendered":"https:\/\/confesionario.co\/w\/alcaldia-genera-nuevos-empleos-con-la-construccion-del-alumbrado-navideno-de-2024\/"},"modified":"2024-11-20T20:26:02","modified_gmt":"2024-11-20T20:26:02","slug":"alcaldia-genera-nuevos-empleos-con-la-construccion-del-alumbrado-navideno-de-2024","status":"publish","type":"post","link":"https:\/\/confesionario.co\/w\/alcaldia-genera-nuevos-empleos-con-la-construccion-del-alumbrado-navideno-de-2024\/","title":{"rendered":"Alcald\u00eda de Ibagu\u00e9  genera nuevos empleos con la construcci\u00f3n del alumbrado navide\u00f1o de 2024"},"content":{"rendered":"<p class=\\\"MsoNormal\\\"><span style=\\\"font-size: 12.0pt; line-height: 107%; font-family: \\'Arial\\',sans-serif;\\\">M\u00e1s de 40 personas, entre madres cabeza de familia, j\u00f3venes y adultos mayores, hacen parte del equipo que se ocup\u00f3 para iluminar la ciudad a partir del pr\u00f3ximo 6 de diciembre.<\/span><\/p>\n<p><!--more--><\/p>\n<p class=\\\"MsoNormal\\\"><span style=\\\"font-size: 12.0pt; line-height: 107%; font-family: \\'Arial\\',sans-serif;\\\">El alumbrado navide\u00f1o de Ibagu\u00e9 se construye con mano de obra local. Cerca de 40 personas entre madres cabeza de familia, j\u00f3venes, adultos mayores son los encargados de fabricar las 4.000 figuras que iluminar\u00e1n calles, parques y zonas principales de la ciudad durante el fin de a\u00f1o y comienzos de 2025. <\/span><\/p>\n<p class=\\\"MsoNormal\\\"><span style=\\\"font-size: 12.0pt; line-height: 107%; font-family: \\'Arial\\',sans-serif;\\\">Este es un proyecto con el que la Alcald\u00eda de Ibagu\u00e9 , a trav\u00e9s de Infibagu\u00e9 incentiva las tradiciones navide\u00f1as, sigue apuntando a la reactivaci\u00f3n econ\u00f3mica y a la generaci\u00f3n de empleo local, ya que en su totalidad los trabajadores del alumbrado son habitantes de barrios como El Salado, Ricaurte, Ambal\u00e1, Gait\u00e1n, Galarza, Las Ferias, incluso de zona rural.<\/span><\/p>\n<p class=\\\"MsoNormal\\\"><span style=\\\"font-size: 12.0pt; line-height: 107%; font-family: \\'Arial\\',sans-serif;\\\">As\u00ed es la historia de Zulay Tapias, una habitante del Yuldaima, madre cabeza de familia de dos hijos, una sobreviviente del c\u00e1ncer a quien le cambio la vida gracias a este trabajo. <\/span><\/p>\n<p class=\\\"MsoNormal\\\"><span style=\\\"font-size: 12.0pt; line-height: 107%; font-family: \\'Arial\\',sans-serif;\\\">\u201cYo ten\u00eda los pulmones desechos, ten\u00eda un c\u00e1ncer muy invasivo, pero gracias a Dios y la fuerza de mis hijos me recuper\u00e9 y sobreviv\u00ed. Pas\u00e9 varios meses sin trabajar, hasta que puede ingresar al taller del alumbrado gracias a la Alcaldesa. Aqu\u00ed he aprendido de todos los que saben, y es un arte que aprend\u00ed a amar\u201d, indic\u00f3 Tapias. <\/span><\/p>\n<p class=\\\"MsoNormal\\\"><span style=\\\"font-size: 12.0pt; line-height: 107%; font-family: \\'Arial\\',sans-serif;\\\">Por su parte, Rosa Mar\u00eda Rodr\u00edguez comenta que gracias a su trabajo en el taller de alumbrado sostiene a su familia y ayuda a su esposo que tiene graves problemas de salud. <\/span><\/p>\n<p class=\\\"MsoNormal\\\"><span style=\\\"font-size: 12.0pt; line-height: 107%; font-family: \\'Arial\\',sans-serif;\\\">\u201cHace un tiempo no ten\u00eda trabajo, y me toc\u00f3 muy duro porque mi esposo necesita muchos pa\u00f1ales, pero Dios nos deja solos y gracias a esta oportunidad laboral hemos salido adelante. Para mi trabajar en el taller es maravillo, porque creamos todas las figuras que ponen linda la ciudad\u201d, expres\u00f3 Rodr\u00edguez. <\/span><\/p>\n<p class=\\\"MsoNormal\\\"><span style=\\\"font-size: 12.0pt; line-height: 107%; font-family: \\'Arial\\',sans-serif;\\\">Es pertinente recordar que este a\u00f1o, las manos del alumbrado est\u00e1n elaborando figuras tridimensionales e interactivas, como los igl\u00fas, osos polares, duendes, renos, entre otros. Adem\u00e1s, algunas im\u00e1genes representar\u00e1n la m\u00fasica y la biodiversidad de Ibagu\u00e9.<\/span><\/p>\n","protected":false},"excerpt":{"rendered":"<p>M\u00e1s de 40 personas, entre madres cabeza de familia, j\u00f3venes y adultos mayores, hacen parte del equipo que se ocup\u00f3 [&hellip;]<\/p>\n","protected":false},"author":1,"featured_media":0,"comment_status":"open","ping_status":"closed","sticky":false,"template":"","format":"standard","meta":{"site-sidebar-layout":"default","site-content-layout":"","ast-site-content-layout":"default","site-content-style":"default","site-sidebar-style":"default","ast-global-header-display":"","ast-banner-title-visibility":"","ast-main-header-display":"","ast-hfb-above-header-display":"","ast-hfb-below-header-display":"","ast-hfb-mobile-header-display":"","site-post-title":"","ast-breadcrumbs-content":"","ast-featured-img":"","footer-sml-layout":"","ast-disable-related-posts":"","theme-transparent-header-meta":"","adv-header-id-meta":"","stick-header-meta":"","header-above-stick-meta":"","header-main-stick-meta":"","header-below-stick-meta":"","astra-migrate-meta-layouts":"default","ast-page-background-enabled":"default","ast-page-background-meta":{"desktop":{"background-color":"var(--ast-global-color-4)","background-image":"","background-repeat":"repeat","background-position":"center center","background-size":"auto","background-attachment":"scroll","background-type":"","background-media":"","overlay-type":"","overlay-color":"","overlay-opacity":"","overlay-gradient":""},"tablet":{"background-color":"","background-image":"","background-repeat":"repeat","background-position":"center center","background-size":"auto","background-attachment":"scroll","background-type":"","background-media":"","overlay-type":"","overlay-color":"","overlay-opacity":"","overlay-gradient":""},"mobile":{"background-color":"","background-image":"","background-repeat":"repeat","background-position":"center center","background-size":"auto","background-attachment":"scroll","background-type":"","background-media":"","overlay-type":"","overlay-color":"","overlay-opacity":"","overlay-gradient":""}},"ast-content-background-meta":{"desktop":{"background-color":"var(--ast-global-color-5)","background-image":"","background-repeat":"repeat","background-position":"center center","background-size":"auto","background-attachment":"scroll","background-type":"","background-media":"","overlay-type":"","overlay-color":"","overlay-opacity":"","overlay-gradient":""},"tablet":{"background-color":"var(--ast-global-color-5)","background-image":"","background-repeat":"repeat","background-position":"center center","background-size":"auto","background-attachment":"scroll","background-type":"","background-media":"","overlay-type":"","overlay-color":"","overlay-opacity":"","overlay-gradient":""},"mobile":{"background-color":"var(--ast-global-color-5)","background-image":"","background-repeat":"repeat","background-position":"center center","background-size":"auto","background-attachment":"scroll","background-type":"","background-media":"","overlay-type":"","overlay-color":"","overlay-opacity":"","overlay-gradient":""}},"footnotes":""},"categories":[19],"tags":[],"class_list":["post-14415","post","type-post","status-publish","format-standard","hentry","category-ibague"],"yoast_head":"<!-- This site is optimized with the Yoast SEO plugin v27.4 - https:\/\/yoast.com\/product\/yoast-seo-wordpress\/ -->\n<title>Alcald\u00eda de Ibagu\u00e9 genera nuevos empleos con la construcci\u00f3n del alumbrado navide\u00f1o de 2024 - El Confesionario<\/title>\n<meta name=\"robots\" content=\"index, follow, max-snippet:-1, max-image-preview:large, max-video-preview:-1\" \/>\n<link rel=\"canonical\" href=\"https:\/\/confesionario.co\/w\/alcaldia-genera-nuevos-empleos-con-la-construccion-del-alumbrado-navideno-de-2024\/\" \/>\n<meta property=\"og:locale\" content=\"es_ES\" \/>\n<meta property=\"og:type\" content=\"article\" \/>\n<meta property=\"og:title\" content=\"Alcald\u00eda de Ibagu\u00e9 genera nuevos empleos con la construcci\u00f3n del alumbrado navide\u00f1o de 2024 - El Confesionario\" \/>\n<meta property=\"og:description\" content=\"M\u00e1s de 40 personas, entre madres cabeza de familia, j\u00f3venes y adultos mayores, hacen parte del equipo que se ocup\u00f3 [&hellip;]\" \/>\n<meta property=\"og:url\" content=\"https:\/\/confesionario.co\/w\/alcaldia-genera-nuevos-empleos-con-la-construccion-del-alumbrado-navideno-de-2024\/\" \/>\n<meta property=\"og:site_name\" content=\"El Confesionario\" \/>\n<meta property=\"article:published_time\" content=\"2024-11-20T20:26:02+00:00\" \/>\n<meta name=\"author\" content=\"admin\" \/>\n<meta name=\"twitter:card\" content=\"summary_large_image\" \/>\n<meta name=\"twitter:label1\" content=\"Escrito por\" \/>\n\t<meta name=\"twitter:data1\" content=\"admin\" \/>\n\t<meta name=\"twitter:label2\" content=\"Tiempo de lectura\" \/>\n\t<meta name=\"twitter:data2\" content=\"2 minutos\" \/>\n<script type=\"application\/ld+json\" class=\"yoast-schema-graph\">{\"@context\":\"https:\\\/\\\/schema.org\",\"@graph\":[{\"@type\":\"Article\",\"@id\":\"https:\\\/\\\/confesionario.co\\\/w\\\/alcaldia-genera-nuevos-empleos-con-la-construccion-del-alumbrado-navideno-de-2024\\\/#article\",\"isPartOf\":{\"@id\":\"https:\\\/\\\/confesionario.co\\\/w\\\/alcaldia-genera-nuevos-empleos-con-la-construccion-del-alumbrado-navideno-de-2024\\\/\"},\"author\":{\"name\":\"admin\",\"@id\":\"https:\\\/\\\/confesionario.co\\\/w\\\/#\\\/schema\\\/person\\\/85e99333497749318afab96ea0cc2342\"},\"headline\":\"Alcald\u00eda de Ibagu\u00e9 genera nuevos empleos con la construcci\u00f3n del alumbrado navide\u00f1o de 2024\",\"datePublished\":\"2024-11-20T20:26:02+00:00\",\"mainEntityOfPage\":{\"@id\":\"https:\\\/\\\/confesionario.co\\\/w\\\/alcaldia-genera-nuevos-empleos-con-la-construccion-del-alumbrado-navideno-de-2024\\\/\"},\"wordCount\":391,\"commentCount\":0,\"publisher\":{\"@id\":\"https:\\\/\\\/confesionario.co\\\/w\\\/#organization\"},\"articleSection\":[\"Ibagu\u00e9\"],\"inLanguage\":\"es\",\"potentialAction\":[{\"@type\":\"CommentAction\",\"name\":\"Comment\",\"target\":[\"https:\\\/\\\/confesionario.co\\\/w\\\/alcaldia-genera-nuevos-empleos-con-la-construccion-del-alumbrado-navideno-de-2024\\\/#respond\"]}]},{\"@type\":\"WebPage\",\"@id\":\"https:\\\/\\\/confesionario.co\\\/w\\\/alcaldia-genera-nuevos-empleos-con-la-construccion-del-alumbrado-navideno-de-2024\\\/\",\"url\":\"https:\\\/\\\/confesionario.co\\\/w\\\/alcaldia-genera-nuevos-empleos-con-la-construccion-del-alumbrado-navideno-de-2024\\\/\",\"name\":\"Alcald\u00eda de Ibagu\u00e9 genera nuevos empleos con la construcci\u00f3n del alumbrado navide\u00f1o de 2024 - El Confesionario\",\"isPartOf\":{\"@id\":\"https:\\\/\\\/confesionario.co\\\/w\\\/#website\"},\"datePublished\":\"2024-11-20T20:26:02+00:00\",\"breadcrumb\":{\"@id\":\"https:\\\/\\\/confesionario.co\\\/w\\\/alcaldia-genera-nuevos-empleos-con-la-construccion-del-alumbrado-navideno-de-2024\\\/#breadcrumb\"},\"inLanguage\":\"es\",\"potentialAction\":[{\"@type\":\"ReadAction\",\"target\":[\"https:\\\/\\\/confesionario.co\\\/w\\\/alcaldia-genera-nuevos-empleos-con-la-construccion-del-alumbrado-navideno-de-2024\\\/\"]}]},{\"@type\":\"BreadcrumbList\",\"@id\":\"https:\\\/\\\/confesionario.co\\\/w\\\/alcaldia-genera-nuevos-empleos-con-la-construccion-del-alumbrado-navideno-de-2024\\\/#breadcrumb\",\"itemListElement\":[{\"@type\":\"ListItem\",\"position\":1,\"name\":\"Portada\",\"item\":\"https:\\\/\\\/confesionario.co\\\/w\\\/\"},{\"@type\":\"ListItem\",\"position\":2,\"name\":\"Alcald\u00eda de Ibagu\u00e9 genera nuevos empleos con la construcci\u00f3n del alumbrado navide\u00f1o de 2024\"}]},{\"@type\":\"WebSite\",\"@id\":\"https:\\\/\\\/confesionario.co\\\/w\\\/#website\",\"url\":\"https:\\\/\\\/confesionario.co\\\/w\\\/\",\"name\":\"El Confesionario\",\"description\":\"\",\"publisher\":{\"@id\":\"https:\\\/\\\/confesionario.co\\\/w\\\/#organization\"},\"potentialAction\":[{\"@type\":\"SearchAction\",\"target\":{\"@type\":\"EntryPoint\",\"urlTemplate\":\"https:\\\/\\\/confesionario.co\\\/w\\\/?s={search_term_string}\"},\"query-input\":{\"@type\":\"PropertyValueSpecification\",\"valueRequired\":true,\"valueName\":\"search_term_string\"}}],\"inLanguage\":\"es\"},{\"@type\":\"Organization\",\"@id\":\"https:\\\/\\\/confesionario.co\\\/w\\\/#organization\",\"name\":\"El Confesionario\",\"url\":\"https:\\\/\\\/confesionario.co\\\/w\\\/\",\"logo\":{\"@type\":\"ImageObject\",\"inLanguage\":\"es\",\"@id\":\"https:\\\/\\\/confesionario.co\\\/w\\\/#\\\/schema\\\/logo\\\/image\\\/\",\"url\":\"https:\\\/\\\/confesionario.co\\\/w\\\/wp-content\\\/uploads\\\/2026\\\/02\\\/confesionario-horizontal.png\",\"contentUrl\":\"https:\\\/\\\/confesionario.co\\\/w\\\/wp-content\\\/uploads\\\/2026\\\/02\\\/confesionario-horizontal.png\",\"width\":581,\"height\":148,\"caption\":\"El Confesionario\"},\"image\":{\"@id\":\"https:\\\/\\\/confesionario.co\\\/w\\\/#\\\/schema\\\/logo\\\/image\\\/\"}},{\"@type\":\"Person\",\"@id\":\"https:\\\/\\\/confesionario.co\\\/w\\\/#\\\/schema\\\/person\\\/85e99333497749318afab96ea0cc2342\",\"name\":\"admin\",\"image\":{\"@type\":\"ImageObject\",\"inLanguage\":\"es\",\"@id\":\"https:\\\/\\\/secure.gravatar.com\\\/avatar\\\/f3358fe09cfbbfc24265a18ea411b8ee8e54296a50fb17d8acf3cffca66240d2?s=96&d=mm&r=g\",\"url\":\"https:\\\/\\\/secure.gravatar.com\\\/avatar\\\/f3358fe09cfbbfc24265a18ea411b8ee8e54296a50fb17d8acf3cffca66240d2?s=96&d=mm&r=g\",\"contentUrl\":\"https:\\\/\\\/secure.gravatar.com\\\/avatar\\\/f3358fe09cfbbfc24265a18ea411b8ee8e54296a50fb17d8acf3cffca66240d2?s=96&d=mm&r=g\",\"caption\":\"admin\"},\"sameAs\":[\"https:\\\/\\\/elconfesionario.co\\\/w\"],\"url\":\"https:\\\/\\\/confesionario.co\\\/w\\\/author\\\/osabuena\\\/\"}]}<\/script>\n<!-- \/ Yoast SEO plugin. -->","yoast_head_json":{"title":"Alcald\u00eda de Ibagu\u00e9 genera nuevos empleos con la construcci\u00f3n del alumbrado navide\u00f1o de 2024 - El Confesionario","robots":{"index":"index","follow":"follow","max-snippet":"max-snippet:-1","max-image-preview":"max-image-preview:large","max-video-preview":"max-video-preview:-1"},"canonical":"https:\/\/confesionario.co\/w\/alcaldia-genera-nuevos-empleos-con-la-construccion-del-alumbrado-navideno-de-2024\/","og_locale":"es_ES","og_type":"article","og_title":"Alcald\u00eda de Ibagu\u00e9 genera nuevos empleos con la construcci\u00f3n del alumbrado navide\u00f1o de 2024 - El Confesionario","og_description":"M\u00e1s de 40 personas, entre madres cabeza de familia, j\u00f3venes y adultos mayores, hacen parte del equipo que se ocup\u00f3 [&hellip;]","og_url":"https:\/\/confesionario.co\/w\/alcaldia-genera-nuevos-empleos-con-la-construccion-del-alumbrado-navideno-de-2024\/","og_site_name":"El Confesionario","article_published_time":"2024-11-20T20:26:02+00:00","author":"admin","twitter_card":"summary_large_image","twitter_misc":{"Escrito por":"admin","Tiempo de lectura":"2 minutos"},"schema":{"@context":"https:\/\/schema.org","@graph":[{"@type":"Article","@id":"https:\/\/confesionario.co\/w\/alcaldia-genera-nuevos-empleos-con-la-construccion-del-alumbrado-navideno-de-2024\/#article","isPartOf":{"@id":"https:\/\/confesionario.co\/w\/alcaldia-genera-nuevos-empleos-con-la-construccion-del-alumbrado-navideno-de-2024\/"},"author":{"name":"admin","@id":"https:\/\/confesionario.co\/w\/#\/schema\/person\/85e99333497749318afab96ea0cc2342"},"headline":"Alcald\u00eda de Ibagu\u00e9 genera nuevos empleos con la construcci\u00f3n del alumbrado navide\u00f1o de 2024","datePublished":"2024-11-20T20:26:02+00:00","mainEntityOfPage":{"@id":"https:\/\/confesionario.co\/w\/alcaldia-genera-nuevos-empleos-con-la-construccion-del-alumbrado-navideno-de-2024\/"},"wordCount":391,"commentCount":0,"publisher":{"@id":"https:\/\/confesionario.co\/w\/#organization"},"articleSection":["Ibagu\u00e9"],"inLanguage":"es","potentialAction":[{"@type":"CommentAction","name":"Comment","target":["https:\/\/confesionario.co\/w\/alcaldia-genera-nuevos-empleos-con-la-construccion-del-alumbrado-navideno-de-2024\/#respond"]}]},{"@type":"WebPage","@id":"https:\/\/confesionario.co\/w\/alcaldia-genera-nuevos-empleos-con-la-construccion-del-alumbrado-navideno-de-2024\/","url":"https:\/\/confesionario.co\/w\/alcaldia-genera-nuevos-empleos-con-la-construccion-del-alumbrado-navideno-de-2024\/","name":"Alcald\u00eda de Ibagu\u00e9 genera nuevos empleos con la construcci\u00f3n del alumbrado navide\u00f1o de 2024 - El Confesionario","isPartOf":{"@id":"https:\/\/confesionario.co\/w\/#website"},"datePublished":"2024-11-20T20:26:02+00:00","breadcrumb":{"@id":"https:\/\/confesionario.co\/w\/alcaldia-genera-nuevos-empleos-con-la-construccion-del-alumbrado-navideno-de-2024\/#breadcrumb"},"inLanguage":"es","potentialAction":[{"@type":"ReadAction","target":["https:\/\/confesionario.co\/w\/alcaldia-genera-nuevos-empleos-con-la-construccion-del-alumbrado-navideno-de-2024\/"]}]},{"@type":"BreadcrumbList","@id":"https:\/\/confesionario.co\/w\/alcaldia-genera-nuevos-empleos-con-la-construccion-del-alumbrado-navideno-de-2024\/#breadcrumb","itemListElement":[{"@type":"ListItem","position":1,"name":"Portada","item":"https:\/\/confesionario.co\/w\/"},{"@type":"ListItem","position":2,"name":"Alcald\u00eda de Ibagu\u00e9 genera nuevos empleos con la construcci\u00f3n del alumbrado navide\u00f1o de 2024"}]},{"@type":"WebSite","@id":"https:\/\/confesionario.co\/w\/#website","url":"https:\/\/confesionario.co\/w\/","name":"El Confesionario","description":"","publisher":{"@id":"https:\/\/confesionario.co\/w\/#organization"},"potentialAction":[{"@type":"SearchAction","target":{"@type":"EntryPoint","urlTemplate":"https:\/\/confesionario.co\/w\/?s={search_term_string}"},"query-input":{"@type":"PropertyValueSpecification","valueRequired":true,"valueName":"search_term_string"}}],"inLanguage":"es"},{"@type":"Organization","@id":"https:\/\/confesionario.co\/w\/#organization","name":"El Confesionario","url":"https:\/\/confesionario.co\/w\/","logo":{"@type":"ImageObject","inLanguage":"es","@id":"https:\/\/confesionario.co\/w\/#\/schema\/logo\/image\/","url":"https:\/\/confesionario.co\/w\/wp-content\/uploads\/2026\/02\/confesionario-horizontal.png","contentUrl":"https:\/\/confesionario.co\/w\/wp-content\/uploads\/2026\/02\/confesionario-horizontal.png","width":581,"height":148,"caption":"El Confesionario"},"image":{"@id":"https:\/\/confesionario.co\/w\/#\/schema\/logo\/image\/"}},{"@type":"Person","@id":"https:\/\/confesionario.co\/w\/#\/schema\/person\/85e99333497749318afab96ea0cc2342","name":"admin","image":{"@type":"ImageObject","inLanguage":"es","@id":"https:\/\/secure.gravatar.com\/avatar\/f3358fe09cfbbfc24265a18ea411b8ee8e54296a50fb17d8acf3cffca66240d2?s=96&d=mm&r=g","url":"https:\/\/secure.gravatar.com\/avatar\/f3358fe09cfbbfc24265a18ea411b8ee8e54296a50fb17d8acf3cffca66240d2?s=96&d=mm&r=g","contentUrl":"https:\/\/secure.gravatar.com\/avatar\/f3358fe09cfbbfc24265a18ea411b8ee8e54296a50fb17d8acf3cffca66240d2?s=96&d=mm&r=g","caption":"admin"},"sameAs":["https:\/\/elconfesionario.co\/w"],"url":"https:\/\/confesionario.co\/w\/author\/osabuena\/"}]}},"jetpack_featured_media_url":"","_links":{"self":[{"href":"https:\/\/confesionario.co\/w\/wp-json\/wp\/v2\/posts\/14415","targetHints":{"allow":["GET"]}}],"collection":[{"href":"https:\/\/confesionario.co\/w\/wp-json\/wp\/v2\/posts"}],"about":[{"href":"https:\/\/confesionario.co\/w\/wp-json\/wp\/v2\/types\/post"}],"author":[{"embeddable":true,"href":"https:\/\/confesionario.co\/w\/wp-json\/wp\/v2\/users\/1"}],"replies":[{"embeddable":true,"href":"https:\/\/confesionario.co\/w\/wp-json\/wp\/v2\/comments?post=14415"}],"version-history":[{"count":0,"href":"https:\/\/confesionario.co\/w\/wp-json\/wp\/v2\/posts\/14415\/revisions"}],"wp:attachment":[{"href":"https:\/\/confesionario.co\/w\/wp-json\/wp\/v2\/media?parent=14415"}],"wp:term":[{"taxonomy":"category","embeddable":true,"href":"https:\/\/confesionario.co\/w\/wp-json\/wp\/v2\/categories?post=14415"},{"taxonomy":"post_tag","embeddable":true,"href":"https:\/\/confesionario.co\/w\/wp-json\/wp\/v2\/tags?post=14415"}],"curies":[{"name":"wp","href":"https:\/\/api.w.org\/{rel}","templated":true}]}}