{"id":14417,"date":"2024-11-20T21:15:29","date_gmt":"2024-11-20T21:15:29","guid":{"rendered":"https:\/\/confesionario.co\/w\/alcaldia-rechaza-hurto-de-alimentos-y-continuara-fortaleciendo-supervision-del-pae\/"},"modified":"2024-11-20T21:15:29","modified_gmt":"2024-11-20T21:15:29","slug":"alcaldia-rechaza-hurto-de-alimentos-y-continuara-fortaleciendo-supervision-del-pae","status":"publish","type":"post","link":"https:\/\/confesionario.co\/w\/alcaldia-rechaza-hurto-de-alimentos-y-continuara-fortaleciendo-supervision-del-pae\/","title":{"rendered":"Alcald\u00eda rechaza hurto de alimentos y continuar\u00e1 fortaleciendo supervisi\u00f3n del PAE"},"content":{"rendered":"<p class=\\\"MsoNormal\\\"><span style=\\\"font-size: 12.0pt; line-height: 107%; font-family: \\'Arial\\',sans-serif;\\\">La Administraci\u00f3n Municipal no permitir\u00e1 que se repitan hechos que vulneran los derechos de nuestros peque\u00f1os y afectan un programa que es clave para su desarrollo integral.<\/span><\/p>\n<p><!--more--><\/p>\n<p class=\\\"MsoNormal\\\"><span style=\\\"font-size: 12.0pt; line-height: 107%; font-family: \\'Arial\\',sans-serif;\\\">La Alcald\u00eda de Ibagu\u00e9 expresa su rechazo frente a los lamentables hechos registrados en la Instituci\u00f3n Educativa San Pedro Alejandrino, donde tres personas, incluidas dos manipuladoras de alimentos, intentaron sustraer de manera ilegal cerca de 50 kilogramos de productos destinados al Programa de Alimentaci\u00f3n Escolar, PAE.<\/span><\/p>\n<p class=\\\"MsoNormal\\\"><span style=\\\"font-size: 12.0pt; line-height: 107%; font-family: \\'Arial\\',sans-serif;\\\">Gracias a la alerta temprana de estudiantes y padres de familia, y a la inmediata intervenci\u00f3n de la Polic\u00eda Nacional, se evit\u00f3 este hurto y se pudo capturar a los responsables. Estos alimentos son esenciales para la preparaci\u00f3n de las 120 raciones diarias de almuerzo que benefician a los estudiantes de esta instituci\u00f3n educativa.<\/span><\/p>\n<p class=\\\"MsoNormal\\\"><span style=\\\"font-size: 12.0pt; line-height: 107%; font-family: \\'Arial\\',sans-serif;\\\">La secretaria de Educaci\u00f3n, Mar\u00eda Isabel Pe\u00f1a, manifest\u00f3 su descontento con estos hechos: \u201cRechazamos contundentemente que se hurten los alimentos de los ni\u00f1os del PAE. Estos hechos vulneran los derechos de nuestros peque\u00f1os y afectan un programa que es clave para su desarrollo integral\u201d.<\/span><\/p>\n<p class=\\\"MsoNormal\\\"><span style=\\\"font-size: 12.0pt; line-height: 107%; font-family: \\'Arial\\',sans-serif;\\\">Asimismo, Pe\u00f1a reiter\u00f3 el compromiso de la Administraci\u00f3n Municipal con la transparencia y el buen manejo de los recursos destinados al PAE; adem\u00e1s, manifest\u00f3 que los estudiantes de esta Instituci\u00f3n Educativa recibieron su raci\u00f3n de alimentaci\u00f3n complementaria.<\/span><\/p>\n<p class=\\\"MsoNormal\\\"><span style=\\\"font-size: 12.0pt; line-height: 107%; font-family: \\'Arial\\',sans-serif;\\\">\u201cExpresamos nuestra inconformidad y desacuerdo frente a los actos ocurridos, no vamos a permitir que ning\u00fan tipo de acto vaya en detrimento de la atenci\u00f3n a nuestros ni\u00f1os\u201d.<\/span><\/p>\n<p class=\\\"MsoNormal\\\"><span style=\\\"font-size: 12.0pt; line-height: 107%; font-family: \\'Arial\\',sans-serif;\\\">Desde la Secretar\u00eda de Educaci\u00f3n se contin\u00faan fortaleciendo las estrategias de vigilancia y supervisi\u00f3n del PAE, y se hace un llamado a la comunidad educativa a participar activamente en la protecci\u00f3n de este programa. <\/span><\/p>\n<p class=\\\"MsoNormal\\\"><span style=\\\"font-size: 12.0pt; line-height: 107%; font-family: \\'Arial\\',sans-serif;\\\">Finalmente, Pe\u00f1a a\u00f1adi\u00f3: \u201cInvitamos a todos los padres de familia y a la comunidad en general para que denuncien, para que nos ayuden a ser veedores y acompa\u00f1antes de estos procesos. Desde la Administraci\u00f3n Municipal, liderada por nuestra alcaldesa, y desde la Secretar\u00eda de Educaci\u00f3n, no permitiremos que estos hechos sigan ocurriendo\u201d.<\/span><\/p>\n<p class=\\\"MsoNormal\\\"><span style=\\\"font-size: 12.0pt; line-height: 107%; font-family: \\'Arial\\',sans-serif;\\\">La Alcald\u00eda de Ibagu\u00e9 reafirma su compromiso con la ni\u00f1ez y la calidad educativa, y seguir\u00e1 trabajando para garantizar que los programas que benefician a los estudiantes se desarrollen en un marco de transparencia, legalidad y bienestar.<\/span><\/p>\n","protected":false},"excerpt":{"rendered":"<p>La Administraci\u00f3n Municipal no permitir\u00e1 que se repitan hechos que vulneran los derechos de nuestros peque\u00f1os y afectan un programa [&hellip;]<\/p>\n","protected":false},"author":1,"featured_media":0,"comment_status":"open","ping_status":"closed","sticky":false,"template":"","format":"standard","meta":{"site-sidebar-layout":"default","site-content-layout":"","ast-site-content-layout":"default","site-content-style":"default","site-sidebar-style":"default","ast-global-header-display":"","ast-banner-title-visibility":"","ast-main-header-display":"","ast-hfb-above-header-display":"","ast-hfb-below-header-display":"","ast-hfb-mobile-header-display":"","site-post-title":"","ast-breadcrumbs-content":"","ast-featured-img":"","footer-sml-layout":"","ast-disable-related-posts":"","theme-transparent-header-meta":"","adv-header-id-meta":"","stick-header-meta":"","header-above-stick-meta":"","header-main-stick-meta":"","header-below-stick-meta":"","astra-migrate-meta-layouts":"default","ast-page-background-enabled":"default","ast-page-background-meta":{"desktop":{"background-color":"var(--ast-global-color-4)","background-image":"","background-repeat":"repeat","background-position":"center center","background-size":"auto","background-attachment":"scroll","background-type":"","background-media":"","overlay-type":"","overlay-color":"","overlay-opacity":"","overlay-gradient":""},"tablet":{"background-color":"","background-image":"","background-repeat":"repeat","background-position":"center center","background-size":"auto","background-attachment":"scroll","background-type":"","background-media":"","overlay-type":"","overlay-color":"","overlay-opacity":"","overlay-gradient":""},"mobile":{"background-color":"","background-image":"","background-repeat":"repeat","background-position":"center center","background-size":"auto","background-attachment":"scroll","background-type":"","background-media":"","overlay-type":"","overlay-color":"","overlay-opacity":"","overlay-gradient":""}},"ast-content-background-meta":{"desktop":{"background-color":"var(--ast-global-color-5)","background-image":"","background-repeat":"repeat","background-position":"center center","background-size":"auto","background-attachment":"scroll","background-type":"","background-media":"","overlay-type":"","overlay-color":"","overlay-opacity":"","overlay-gradient":""},"tablet":{"background-color":"var(--ast-global-color-5)","background-image":"","background-repeat":"repeat","background-position":"center center","background-size":"auto","background-attachment":"scroll","background-type":"","background-media":"","overlay-type":"","overlay-color":"","overlay-opacity":"","overlay-gradient":""},"mobile":{"background-color":"var(--ast-global-color-5)","background-image":"","background-repeat":"repeat","background-position":"center center","background-size":"auto","background-attachment":"scroll","background-type":"","background-media":"","overlay-type":"","overlay-color":"","overlay-opacity":"","overlay-gradient":""}},"footnotes":""},"categories":[20],"tags":[],"class_list":["post-14417","post","type-post","status-publish","format-standard","hentry","category-los-pecados"],"yoast_head":"<!-- This site is optimized with the Yoast SEO plugin v27.4 - https:\/\/yoast.com\/product\/yoast-seo-wordpress\/ -->\n<title>Alcald\u00eda rechaza hurto de alimentos y continuar\u00e1 fortaleciendo supervisi\u00f3n del PAE - El Confesionario<\/title>\n<meta name=\"robots\" content=\"index, follow, max-snippet:-1, max-image-preview:large, max-video-preview:-1\" \/>\n<link rel=\"canonical\" href=\"https:\/\/confesionario.co\/w\/alcaldia-rechaza-hurto-de-alimentos-y-continuara-fortaleciendo-supervision-del-pae\/\" \/>\n<meta property=\"og:locale\" content=\"es_ES\" \/>\n<meta property=\"og:type\" content=\"article\" \/>\n<meta property=\"og:title\" content=\"Alcald\u00eda rechaza hurto de alimentos y continuar\u00e1 fortaleciendo supervisi\u00f3n del PAE - El Confesionario\" \/>\n<meta property=\"og:description\" content=\"La Administraci\u00f3n Municipal no permitir\u00e1 que se repitan hechos que vulneran los derechos de nuestros peque\u00f1os y afectan un programa [&hellip;]\" \/>\n<meta property=\"og:url\" content=\"https:\/\/confesionario.co\/w\/alcaldia-rechaza-hurto-de-alimentos-y-continuara-fortaleciendo-supervision-del-pae\/\" \/>\n<meta property=\"og:site_name\" content=\"El Confesionario\" \/>\n<meta property=\"article:published_time\" content=\"2024-11-20T21:15:29+00:00\" \/>\n<meta name=\"author\" content=\"admin\" \/>\n<meta name=\"twitter:card\" content=\"summary_large_image\" \/>\n<meta name=\"twitter:label1\" content=\"Escrito por\" \/>\n\t<meta name=\"twitter:data1\" content=\"admin\" \/>\n\t<meta name=\"twitter:label2\" content=\"Tiempo de lectura\" \/>\n\t<meta name=\"twitter:data2\" content=\"2 minutos\" \/>\n<script type=\"application\/ld+json\" class=\"yoast-schema-graph\">{\"@context\":\"https:\\\/\\\/schema.org\",\"@graph\":[{\"@type\":\"Article\",\"@id\":\"https:\\\/\\\/confesionario.co\\\/w\\\/alcaldia-rechaza-hurto-de-alimentos-y-continuara-fortaleciendo-supervision-del-pae\\\/#article\",\"isPartOf\":{\"@id\":\"https:\\\/\\\/confesionario.co\\\/w\\\/alcaldia-rechaza-hurto-de-alimentos-y-continuara-fortaleciendo-supervision-del-pae\\\/\"},\"author\":{\"name\":\"admin\",\"@id\":\"https:\\\/\\\/confesionario.co\\\/w\\\/#\\\/schema\\\/person\\\/85e99333497749318afab96ea0cc2342\"},\"headline\":\"Alcald\u00eda rechaza hurto de alimentos y continuar\u00e1 fortaleciendo supervisi\u00f3n del PAE\",\"datePublished\":\"2024-11-20T21:15:29+00:00\",\"mainEntityOfPage\":{\"@id\":\"https:\\\/\\\/confesionario.co\\\/w\\\/alcaldia-rechaza-hurto-de-alimentos-y-continuara-fortaleciendo-supervision-del-pae\\\/\"},\"wordCount\":406,\"commentCount\":0,\"publisher\":{\"@id\":\"https:\\\/\\\/confesionario.co\\\/w\\\/#organization\"},\"articleSection\":[\"Los pecados\"],\"inLanguage\":\"es\",\"potentialAction\":[{\"@type\":\"CommentAction\",\"name\":\"Comment\",\"target\":[\"https:\\\/\\\/confesionario.co\\\/w\\\/alcaldia-rechaza-hurto-de-alimentos-y-continuara-fortaleciendo-supervision-del-pae\\\/#respond\"]}]},{\"@type\":\"WebPage\",\"@id\":\"https:\\\/\\\/confesionario.co\\\/w\\\/alcaldia-rechaza-hurto-de-alimentos-y-continuara-fortaleciendo-supervision-del-pae\\\/\",\"url\":\"https:\\\/\\\/confesionario.co\\\/w\\\/alcaldia-rechaza-hurto-de-alimentos-y-continuara-fortaleciendo-supervision-del-pae\\\/\",\"name\":\"Alcald\u00eda rechaza hurto de alimentos y continuar\u00e1 fortaleciendo supervisi\u00f3n del PAE - El Confesionario\",\"isPartOf\":{\"@id\":\"https:\\\/\\\/confesionario.co\\\/w\\\/#website\"},\"datePublished\":\"2024-11-20T21:15:29+00:00\",\"breadcrumb\":{\"@id\":\"https:\\\/\\\/confesionario.co\\\/w\\\/alcaldia-rechaza-hurto-de-alimentos-y-continuara-fortaleciendo-supervision-del-pae\\\/#breadcrumb\"},\"inLanguage\":\"es\",\"potentialAction\":[{\"@type\":\"ReadAction\",\"target\":[\"https:\\\/\\\/confesionario.co\\\/w\\\/alcaldia-rechaza-hurto-de-alimentos-y-continuara-fortaleciendo-supervision-del-pae\\\/\"]}]},{\"@type\":\"BreadcrumbList\",\"@id\":\"https:\\\/\\\/confesionario.co\\\/w\\\/alcaldia-rechaza-hurto-de-alimentos-y-continuara-fortaleciendo-supervision-del-pae\\\/#breadcrumb\",\"itemListElement\":[{\"@type\":\"ListItem\",\"position\":1,\"name\":\"Portada\",\"item\":\"https:\\\/\\\/confesionario.co\\\/w\\\/\"},{\"@type\":\"ListItem\",\"position\":2,\"name\":\"Alcald\u00eda rechaza hurto de alimentos y continuar\u00e1 fortaleciendo supervisi\u00f3n del PAE\"}]},{\"@type\":\"WebSite\",\"@id\":\"https:\\\/\\\/confesionario.co\\\/w\\\/#website\",\"url\":\"https:\\\/\\\/confesionario.co\\\/w\\\/\",\"name\":\"El Confesionario\",\"description\":\"\",\"publisher\":{\"@id\":\"https:\\\/\\\/confesionario.co\\\/w\\\/#organization\"},\"potentialAction\":[{\"@type\":\"SearchAction\",\"target\":{\"@type\":\"EntryPoint\",\"urlTemplate\":\"https:\\\/\\\/confesionario.co\\\/w\\\/?s={search_term_string}\"},\"query-input\":{\"@type\":\"PropertyValueSpecification\",\"valueRequired\":true,\"valueName\":\"search_term_string\"}}],\"inLanguage\":\"es\"},{\"@type\":\"Organization\",\"@id\":\"https:\\\/\\\/confesionario.co\\\/w\\\/#organization\",\"name\":\"El Confesionario\",\"url\":\"https:\\\/\\\/confesionario.co\\\/w\\\/\",\"logo\":{\"@type\":\"ImageObject\",\"inLanguage\":\"es\",\"@id\":\"https:\\\/\\\/confesionario.co\\\/w\\\/#\\\/schema\\\/logo\\\/image\\\/\",\"url\":\"https:\\\/\\\/confesionario.co\\\/w\\\/wp-content\\\/uploads\\\/2026\\\/02\\\/confesionario-horizontal.png\",\"contentUrl\":\"https:\\\/\\\/confesionario.co\\\/w\\\/wp-content\\\/uploads\\\/2026\\\/02\\\/confesionario-horizontal.png\",\"width\":581,\"height\":148,\"caption\":\"El Confesionario\"},\"image\":{\"@id\":\"https:\\\/\\\/confesionario.co\\\/w\\\/#\\\/schema\\\/logo\\\/image\\\/\"}},{\"@type\":\"Person\",\"@id\":\"https:\\\/\\\/confesionario.co\\\/w\\\/#\\\/schema\\\/person\\\/85e99333497749318afab96ea0cc2342\",\"name\":\"admin\",\"image\":{\"@type\":\"ImageObject\",\"inLanguage\":\"es\",\"@id\":\"https:\\\/\\\/secure.gravatar.com\\\/avatar\\\/f3358fe09cfbbfc24265a18ea411b8ee8e54296a50fb17d8acf3cffca66240d2?s=96&d=mm&r=g\",\"url\":\"https:\\\/\\\/secure.gravatar.com\\\/avatar\\\/f3358fe09cfbbfc24265a18ea411b8ee8e54296a50fb17d8acf3cffca66240d2?s=96&d=mm&r=g\",\"contentUrl\":\"https:\\\/\\\/secure.gravatar.com\\\/avatar\\\/f3358fe09cfbbfc24265a18ea411b8ee8e54296a50fb17d8acf3cffca66240d2?s=96&d=mm&r=g\",\"caption\":\"admin\"},\"sameAs\":[\"https:\\\/\\\/elconfesionario.co\\\/w\"],\"url\":\"https:\\\/\\\/confesionario.co\\\/w\\\/author\\\/osabuena\\\/\"}]}<\/script>\n<!-- \/ Yoast SEO plugin. -->","yoast_head_json":{"title":"Alcald\u00eda rechaza hurto de alimentos y continuar\u00e1 fortaleciendo supervisi\u00f3n del PAE - El Confesionario","robots":{"index":"index","follow":"follow","max-snippet":"max-snippet:-1","max-image-preview":"max-image-preview:large","max-video-preview":"max-video-preview:-1"},"canonical":"https:\/\/confesionario.co\/w\/alcaldia-rechaza-hurto-de-alimentos-y-continuara-fortaleciendo-supervision-del-pae\/","og_locale":"es_ES","og_type":"article","og_title":"Alcald\u00eda rechaza hurto de alimentos y continuar\u00e1 fortaleciendo supervisi\u00f3n del PAE - El Confesionario","og_description":"La Administraci\u00f3n Municipal no permitir\u00e1 que se repitan hechos que vulneran los derechos de nuestros peque\u00f1os y afectan un programa [&hellip;]","og_url":"https:\/\/confesionario.co\/w\/alcaldia-rechaza-hurto-de-alimentos-y-continuara-fortaleciendo-supervision-del-pae\/","og_site_name":"El Confesionario","article_published_time":"2024-11-20T21:15:29+00:00","author":"admin","twitter_card":"summary_large_image","twitter_misc":{"Escrito por":"admin","Tiempo de lectura":"2 minutos"},"schema":{"@context":"https:\/\/schema.org","@graph":[{"@type":"Article","@id":"https:\/\/confesionario.co\/w\/alcaldia-rechaza-hurto-de-alimentos-y-continuara-fortaleciendo-supervision-del-pae\/#article","isPartOf":{"@id":"https:\/\/confesionario.co\/w\/alcaldia-rechaza-hurto-de-alimentos-y-continuara-fortaleciendo-supervision-del-pae\/"},"author":{"name":"admin","@id":"https:\/\/confesionario.co\/w\/#\/schema\/person\/85e99333497749318afab96ea0cc2342"},"headline":"Alcald\u00eda rechaza hurto de alimentos y continuar\u00e1 fortaleciendo supervisi\u00f3n del PAE","datePublished":"2024-11-20T21:15:29+00:00","mainEntityOfPage":{"@id":"https:\/\/confesionario.co\/w\/alcaldia-rechaza-hurto-de-alimentos-y-continuara-fortaleciendo-supervision-del-pae\/"},"wordCount":406,"commentCount":0,"publisher":{"@id":"https:\/\/confesionario.co\/w\/#organization"},"articleSection":["Los pecados"],"inLanguage":"es","potentialAction":[{"@type":"CommentAction","name":"Comment","target":["https:\/\/confesionario.co\/w\/alcaldia-rechaza-hurto-de-alimentos-y-continuara-fortaleciendo-supervision-del-pae\/#respond"]}]},{"@type":"WebPage","@id":"https:\/\/confesionario.co\/w\/alcaldia-rechaza-hurto-de-alimentos-y-continuara-fortaleciendo-supervision-del-pae\/","url":"https:\/\/confesionario.co\/w\/alcaldia-rechaza-hurto-de-alimentos-y-continuara-fortaleciendo-supervision-del-pae\/","name":"Alcald\u00eda rechaza hurto de alimentos y continuar\u00e1 fortaleciendo supervisi\u00f3n del PAE - El Confesionario","isPartOf":{"@id":"https:\/\/confesionario.co\/w\/#website"},"datePublished":"2024-11-20T21:15:29+00:00","breadcrumb":{"@id":"https:\/\/confesionario.co\/w\/alcaldia-rechaza-hurto-de-alimentos-y-continuara-fortaleciendo-supervision-del-pae\/#breadcrumb"},"inLanguage":"es","potentialAction":[{"@type":"ReadAction","target":["https:\/\/confesionario.co\/w\/alcaldia-rechaza-hurto-de-alimentos-y-continuara-fortaleciendo-supervision-del-pae\/"]}]},{"@type":"BreadcrumbList","@id":"https:\/\/confesionario.co\/w\/alcaldia-rechaza-hurto-de-alimentos-y-continuara-fortaleciendo-supervision-del-pae\/#breadcrumb","itemListElement":[{"@type":"ListItem","position":1,"name":"Portada","item":"https:\/\/confesionario.co\/w\/"},{"@type":"ListItem","position":2,"name":"Alcald\u00eda rechaza hurto de alimentos y continuar\u00e1 fortaleciendo supervisi\u00f3n del PAE"}]},{"@type":"WebSite","@id":"https:\/\/confesionario.co\/w\/#website","url":"https:\/\/confesionario.co\/w\/","name":"El Confesionario","description":"","publisher":{"@id":"https:\/\/confesionario.co\/w\/#organization"},"potentialAction":[{"@type":"SearchAction","target":{"@type":"EntryPoint","urlTemplate":"https:\/\/confesionario.co\/w\/?s={search_term_string}"},"query-input":{"@type":"PropertyValueSpecification","valueRequired":true,"valueName":"search_term_string"}}],"inLanguage":"es"},{"@type":"Organization","@id":"https:\/\/confesionario.co\/w\/#organization","name":"El Confesionario","url":"https:\/\/confesionario.co\/w\/","logo":{"@type":"ImageObject","inLanguage":"es","@id":"https:\/\/confesionario.co\/w\/#\/schema\/logo\/image\/","url":"https:\/\/confesionario.co\/w\/wp-content\/uploads\/2026\/02\/confesionario-horizontal.png","contentUrl":"https:\/\/confesionario.co\/w\/wp-content\/uploads\/2026\/02\/confesionario-horizontal.png","width":581,"height":148,"caption":"El Confesionario"},"image":{"@id":"https:\/\/confesionario.co\/w\/#\/schema\/logo\/image\/"}},{"@type":"Person","@id":"https:\/\/confesionario.co\/w\/#\/schema\/person\/85e99333497749318afab96ea0cc2342","name":"admin","image":{"@type":"ImageObject","inLanguage":"es","@id":"https:\/\/secure.gravatar.com\/avatar\/f3358fe09cfbbfc24265a18ea411b8ee8e54296a50fb17d8acf3cffca66240d2?s=96&d=mm&r=g","url":"https:\/\/secure.gravatar.com\/avatar\/f3358fe09cfbbfc24265a18ea411b8ee8e54296a50fb17d8acf3cffca66240d2?s=96&d=mm&r=g","contentUrl":"https:\/\/secure.gravatar.com\/avatar\/f3358fe09cfbbfc24265a18ea411b8ee8e54296a50fb17d8acf3cffca66240d2?s=96&d=mm&r=g","caption":"admin"},"sameAs":["https:\/\/elconfesionario.co\/w"],"url":"https:\/\/confesionario.co\/w\/author\/osabuena\/"}]}},"jetpack_featured_media_url":"","_links":{"self":[{"href":"https:\/\/confesionario.co\/w\/wp-json\/wp\/v2\/posts\/14417","targetHints":{"allow":["GET"]}}],"collection":[{"href":"https:\/\/confesionario.co\/w\/wp-json\/wp\/v2\/posts"}],"about":[{"href":"https:\/\/confesionario.co\/w\/wp-json\/wp\/v2\/types\/post"}],"author":[{"embeddable":true,"href":"https:\/\/confesionario.co\/w\/wp-json\/wp\/v2\/users\/1"}],"replies":[{"embeddable":true,"href":"https:\/\/confesionario.co\/w\/wp-json\/wp\/v2\/comments?post=14417"}],"version-history":[{"count":0,"href":"https:\/\/confesionario.co\/w\/wp-json\/wp\/v2\/posts\/14417\/revisions"}],"wp:attachment":[{"href":"https:\/\/confesionario.co\/w\/wp-json\/wp\/v2\/media?parent=14417"}],"wp:term":[{"taxonomy":"category","embeddable":true,"href":"https:\/\/confesionario.co\/w\/wp-json\/wp\/v2\/categories?post=14417"},{"taxonomy":"post_tag","embeddable":true,"href":"https:\/\/confesionario.co\/w\/wp-json\/wp\/v2\/tags?post=14417"}],"curies":[{"name":"wp","href":"https:\/\/api.w.org\/{rel}","templated":true}]}}