{"id":14432,"date":"2024-11-22T16:50:14","date_gmt":"2024-11-22T16:50:14","guid":{"rendered":"https:\/\/confesionario.co\/w\/ultima-hora-concejo-le-dice-si-al-desarrollo-y-progreso-de-ibague-y-aprueba-por-mayorias-el-emprestito\/"},"modified":"2024-11-22T16:50:14","modified_gmt":"2024-11-22T16:50:14","slug":"ultima-hora-concejo-le-dice-si-al-desarrollo-y-progreso-de-ibague-y-aprueba-por-mayorias-el-emprestito","status":"publish","type":"post","link":"https:\/\/confesionario.co\/w\/ultima-hora-concejo-le-dice-si-al-desarrollo-y-progreso-de-ibague-y-aprueba-por-mayorias-el-emprestito\/","title":{"rendered":"\u00a1\u00daltima Hora! Concejo le dice s\u00ed al desarrollo y progreso de Ibagu\u00e9 y aprueba por mayor\u00edas el empr\u00e9stito"},"content":{"rendered":"<p class=\\\"MsoNormal\\\"><span style=\\\"font-size: 12.0pt; line-height: 107%; font-family: \\'Arial\\',sans-serif;\\\">Con 15 votos a favor y cuatro en contra, la junta directiva de la ciudad le dio luz verde a la iniciativa de la alcaldesa Johana Aranda para financiar proyectos estrat\u00e9gicos como el mejoramiento de v\u00edas, escenarios deportivos y vivienda digna para los m\u00e1s necesitados.<\/span><\/p>\n<p><!--more--><\/p>\n<p class=\\\"MsoNormal\\\"><span style=\\\"font-size: 12.0pt; line-height: 107%; font-family: \\'Arial\\',sans-serif;\\\">\u00a0<\/span>El Concejo de Ibagu\u00e9 aprob\u00f3 en segundo debate el empr\u00e9stito de $150.000 millones solicitado por la alcaldesa Johana Aranda para la puesta en marcha de proyectos estrat\u00e9gicos que le apuestan al desarrollo, progreso y competitividad de la Capital Musical.<\/p>\n<p class=\\\"MsoNormal\\\"><span style=\\\"font-size: 12.0pt; line-height: 107%; font-family: \\'Arial\\',sans-serif;\\\">Con 15 votos a favor y 4 en contra, se dio luz verde a esta inversi\u00f3n que estar\u00e1 destinada a financiar un paquete de obras que busca solucionar problemas cr\u00edticos de infraestructura y mejorar la calidad de vida de los ibaguere\u00f1os.<\/span><\/p>\n<p class=\\\"MsoNormal\\\"><span style=\\\"font-size: 12.0pt; line-height: 107%; font-family: \\'Arial\\',sans-serif;\\\">\u201cLe dijimos s\u00ed al desarrollo reflejado en un empr\u00e9stito que le va a permitir a la Administraci\u00f3n Municipal tener la oportunidad de llevarle soluciones reales a los ibaguere\u00f1os en materia de mejoramiento de viviendas, pavimentaci\u00f3n, acueducto y alcantarillado, as\u00ed como gasificaci\u00f3n y v\u00edas terciarias en al sector rural\u201d, se\u00f1al\u00f3 el concejal Camilo Acevedo, coordinador ponente del proyecto. <\/span><\/p>\n<p class=\\\"MsoNormal\\\"><span style=\\\"font-size: 12.0pt; line-height: 107%; font-family: \\'Arial\\',sans-serif;\\\">Entre las intervenciones previstas se encuentra: la construcci\u00f3n de la intersecci\u00f3n vial de la calle 94 que conectar\u00e1 La Samaria con la Ciudadela Sim\u00f3n Bol\u00edvar, la ampliaci\u00f3n de la 103 y la soluci\u00f3n vial de la 60 con Ambal\u00e1.<\/span><\/p>\n<p class=\\\"MsoNormal\\\"><span style=\\\"font-size: 12.0pt; line-height: 107%; font-family: \\'Arial\\',sans-serif;\\\">Asimismo, se destacan las obras de acueducto, alcantarillado y pavimentaci\u00f3n que ejecutar\u00e1 el IBAL con el Combo 3&#215;1, y la actualizaci\u00f3n del Centro de Gesti\u00f3n Catastral Multiprop\u00f3sito.<\/span><\/p>\n<p class=\\\"MsoNormal\\\"><span style=\\\"font-size: 12.0pt; line-height: 107%; font-family: \\'Arial\\',sans-serif;\\\">\u201cA Ibagu\u00e9 hay que verla como una gran empresa, como lo que es. Y las empresas adquieren cr\u00e9ditos y endeudamientos para poder cumplir con su funci\u00f3n. As\u00ed que hoy le dijimos s\u00ed a bajar esa tasa de desempleo que tenemos, pero sobre todo a mejorar el bienestar para todos los ibaguere\u00f1os\u201d, asegur\u00f3 la concejal Silvia Ortiz.<\/span><\/p>\n<p class=\\\"MsoNormal\\\"><span style=\\\"font-size: 12.0pt; line-height: 107%; font-family: \\'Arial\\',sans-serif;\\\">En el \u00e1mbito deportivo y social, los recursos permitir\u00e1n la recuperaci\u00f3n del polideportivo Maracan\u00e1 y la cancha Marte del estadio Manuel Murillo Toro, viviendas para las familias reubicadas del Hato de la Virgen y la instalaci\u00f3n de gas domiciliario en la zona rural.<\/span><\/p>\n<p class=\\\"MsoNormal\\\"><span style=\\\"font-size: 12.0pt; line-height: 107%; font-family: \\'Arial\\',sans-serif;\\\">\u201cComo concejal del Partido Conservador declarado en oposici\u00f3n, hoy quiero ser coherente con lo que hemos dicho desde el primer d\u00eda, que no \u00edbamos a hacer el palo en la rueda, que vamos a pensar en el desarrollo de la ciudad, por eso le hemos dado hoy un s\u00ed a este proyecto que tiene gran \u00e1mbito social\u201d, dijo el cabildante Carlos Beltr\u00e1n.<\/span><\/p>\n","protected":false},"excerpt":{"rendered":"<p>Con 15 votos a favor y cuatro en contra, la junta directiva de la ciudad le dio luz verde a [&hellip;]<\/p>\n","protected":false},"author":1,"featured_media":0,"comment_status":"open","ping_status":"closed","sticky":false,"template":"","format":"standard","meta":{"site-sidebar-layout":"default","site-content-layout":"","ast-site-content-layout":"default","site-content-style":"default","site-sidebar-style":"default","ast-global-header-display":"","ast-banner-title-visibility":"","ast-main-header-display":"","ast-hfb-above-header-display":"","ast-hfb-below-header-display":"","ast-hfb-mobile-header-display":"","site-post-title":"","ast-breadcrumbs-content":"","ast-featured-img":"","footer-sml-layout":"","ast-disable-related-posts":"","theme-transparent-header-meta":"","adv-header-id-meta":"","stick-header-meta":"","header-above-stick-meta":"","header-main-stick-meta":"","header-below-stick-meta":"","astra-migrate-meta-layouts":"default","ast-page-background-enabled":"default","ast-page-background-meta":{"desktop":{"background-color":"var(--ast-global-color-4)","background-image":"","background-repeat":"repeat","background-position":"center center","background-size":"auto","background-attachment":"scroll","background-type":"","background-media":"","overlay-type":"","overlay-color":"","overlay-opacity":"","overlay-gradient":""},"tablet":{"background-color":"","background-image":"","background-repeat":"repeat","background-position":"center center","background-size":"auto","background-attachment":"scroll","background-type":"","background-media":"","overlay-type":"","overlay-color":"","overlay-opacity":"","overlay-gradient":""},"mobile":{"background-color":"","background-image":"","background-repeat":"repeat","background-position":"center center","background-size":"auto","background-attachment":"scroll","background-type":"","background-media":"","overlay-type":"","overlay-color":"","overlay-opacity":"","overlay-gradient":""}},"ast-content-background-meta":{"desktop":{"background-color":"var(--ast-global-color-5)","background-image":"","background-repeat":"repeat","background-position":"center center","background-size":"auto","background-attachment":"scroll","background-type":"","background-media":"","overlay-type":"","overlay-color":"","overlay-opacity":"","overlay-gradient":""},"tablet":{"background-color":"var(--ast-global-color-5)","background-image":"","background-repeat":"repeat","background-position":"center center","background-size":"auto","background-attachment":"scroll","background-type":"","background-media":"","overlay-type":"","overlay-color":"","overlay-opacity":"","overlay-gradient":""},"mobile":{"background-color":"var(--ast-global-color-5)","background-image":"","background-repeat":"repeat","background-position":"center center","background-size":"auto","background-attachment":"scroll","background-type":"","background-media":"","overlay-type":"","overlay-color":"","overlay-opacity":"","overlay-gradient":""}},"footnotes":""},"categories":[19],"tags":[],"class_list":["post-14432","post","type-post","status-publish","format-standard","hentry","category-ibague"],"yoast_head":"<!-- This site is optimized with the Yoast SEO plugin v27.4 - https:\/\/yoast.com\/product\/yoast-seo-wordpress\/ -->\n<title>\u00a1\u00daltima Hora! Concejo le dice s\u00ed al desarrollo y progreso de Ibagu\u00e9 y aprueba por mayor\u00edas el empr\u00e9stito - El Confesionario<\/title>\n<meta name=\"robots\" content=\"index, follow, max-snippet:-1, max-image-preview:large, max-video-preview:-1\" \/>\n<link rel=\"canonical\" href=\"https:\/\/confesionario.co\/w\/ultima-hora-concejo-le-dice-si-al-desarrollo-y-progreso-de-ibague-y-aprueba-por-mayorias-el-emprestito\/\" \/>\n<meta property=\"og:locale\" content=\"es_ES\" \/>\n<meta property=\"og:type\" content=\"article\" \/>\n<meta property=\"og:title\" content=\"\u00a1\u00daltima Hora! Concejo le dice s\u00ed al desarrollo y progreso de Ibagu\u00e9 y aprueba por mayor\u00edas el empr\u00e9stito - El Confesionario\" \/>\n<meta property=\"og:description\" content=\"Con 15 votos a favor y cuatro en contra, la junta directiva de la ciudad le dio luz verde a [&hellip;]\" \/>\n<meta property=\"og:url\" content=\"https:\/\/confesionario.co\/w\/ultima-hora-concejo-le-dice-si-al-desarrollo-y-progreso-de-ibague-y-aprueba-por-mayorias-el-emprestito\/\" \/>\n<meta property=\"og:site_name\" content=\"El Confesionario\" \/>\n<meta property=\"article:published_time\" content=\"2024-11-22T16:50:14+00:00\" \/>\n<meta name=\"author\" content=\"admin\" \/>\n<meta name=\"twitter:card\" content=\"summary_large_image\" \/>\n<meta name=\"twitter:label1\" content=\"Escrito por\" \/>\n\t<meta name=\"twitter:data1\" content=\"admin\" \/>\n\t<meta name=\"twitter:label2\" content=\"Tiempo de lectura\" \/>\n\t<meta name=\"twitter:data2\" content=\"2 minutos\" \/>\n<script type=\"application\/ld+json\" class=\"yoast-schema-graph\">{\"@context\":\"https:\\\/\\\/schema.org\",\"@graph\":[{\"@type\":\"Article\",\"@id\":\"https:\\\/\\\/confesionario.co\\\/w\\\/ultima-hora-concejo-le-dice-si-al-desarrollo-y-progreso-de-ibague-y-aprueba-por-mayorias-el-emprestito\\\/#article\",\"isPartOf\":{\"@id\":\"https:\\\/\\\/confesionario.co\\\/w\\\/ultima-hora-concejo-le-dice-si-al-desarrollo-y-progreso-de-ibague-y-aprueba-por-mayorias-el-emprestito\\\/\"},\"author\":{\"name\":\"admin\",\"@id\":\"https:\\\/\\\/confesionario.co\\\/w\\\/#\\\/schema\\\/person\\\/85e99333497749318afab96ea0cc2342\"},\"headline\":\"\u00a1\u00daltima Hora! Concejo le dice s\u00ed al desarrollo y progreso de Ibagu\u00e9 y aprueba por mayor\u00edas el empr\u00e9stito\",\"datePublished\":\"2024-11-22T16:50:14+00:00\",\"mainEntityOfPage\":{\"@id\":\"https:\\\/\\\/confesionario.co\\\/w\\\/ultima-hora-concejo-le-dice-si-al-desarrollo-y-progreso-de-ibague-y-aprueba-por-mayorias-el-emprestito\\\/\"},\"wordCount\":456,\"commentCount\":0,\"publisher\":{\"@id\":\"https:\\\/\\\/confesionario.co\\\/w\\\/#organization\"},\"articleSection\":[\"Ibagu\u00e9\"],\"inLanguage\":\"es\",\"potentialAction\":[{\"@type\":\"CommentAction\",\"name\":\"Comment\",\"target\":[\"https:\\\/\\\/confesionario.co\\\/w\\\/ultima-hora-concejo-le-dice-si-al-desarrollo-y-progreso-de-ibague-y-aprueba-por-mayorias-el-emprestito\\\/#respond\"]}]},{\"@type\":\"WebPage\",\"@id\":\"https:\\\/\\\/confesionario.co\\\/w\\\/ultima-hora-concejo-le-dice-si-al-desarrollo-y-progreso-de-ibague-y-aprueba-por-mayorias-el-emprestito\\\/\",\"url\":\"https:\\\/\\\/confesionario.co\\\/w\\\/ultima-hora-concejo-le-dice-si-al-desarrollo-y-progreso-de-ibague-y-aprueba-por-mayorias-el-emprestito\\\/\",\"name\":\"\u00a1\u00daltima Hora! Concejo le dice s\u00ed al desarrollo y progreso de Ibagu\u00e9 y aprueba por mayor\u00edas el empr\u00e9stito - El Confesionario\",\"isPartOf\":{\"@id\":\"https:\\\/\\\/confesionario.co\\\/w\\\/#website\"},\"datePublished\":\"2024-11-22T16:50:14+00:00\",\"breadcrumb\":{\"@id\":\"https:\\\/\\\/confesionario.co\\\/w\\\/ultima-hora-concejo-le-dice-si-al-desarrollo-y-progreso-de-ibague-y-aprueba-por-mayorias-el-emprestito\\\/#breadcrumb\"},\"inLanguage\":\"es\",\"potentialAction\":[{\"@type\":\"ReadAction\",\"target\":[\"https:\\\/\\\/confesionario.co\\\/w\\\/ultima-hora-concejo-le-dice-si-al-desarrollo-y-progreso-de-ibague-y-aprueba-por-mayorias-el-emprestito\\\/\"]}]},{\"@type\":\"BreadcrumbList\",\"@id\":\"https:\\\/\\\/confesionario.co\\\/w\\\/ultima-hora-concejo-le-dice-si-al-desarrollo-y-progreso-de-ibague-y-aprueba-por-mayorias-el-emprestito\\\/#breadcrumb\",\"itemListElement\":[{\"@type\":\"ListItem\",\"position\":1,\"name\":\"Portada\",\"item\":\"https:\\\/\\\/confesionario.co\\\/w\\\/\"},{\"@type\":\"ListItem\",\"position\":2,\"name\":\"\u00a1\u00daltima Hora! Concejo le dice s\u00ed al desarrollo y progreso de Ibagu\u00e9 y aprueba por mayor\u00edas el empr\u00e9stito\"}]},{\"@type\":\"WebSite\",\"@id\":\"https:\\\/\\\/confesionario.co\\\/w\\\/#website\",\"url\":\"https:\\\/\\\/confesionario.co\\\/w\\\/\",\"name\":\"El Confesionario\",\"description\":\"\",\"publisher\":{\"@id\":\"https:\\\/\\\/confesionario.co\\\/w\\\/#organization\"},\"potentialAction\":[{\"@type\":\"SearchAction\",\"target\":{\"@type\":\"EntryPoint\",\"urlTemplate\":\"https:\\\/\\\/confesionario.co\\\/w\\\/?s={search_term_string}\"},\"query-input\":{\"@type\":\"PropertyValueSpecification\",\"valueRequired\":true,\"valueName\":\"search_term_string\"}}],\"inLanguage\":\"es\"},{\"@type\":\"Organization\",\"@id\":\"https:\\\/\\\/confesionario.co\\\/w\\\/#organization\",\"name\":\"El Confesionario\",\"url\":\"https:\\\/\\\/confesionario.co\\\/w\\\/\",\"logo\":{\"@type\":\"ImageObject\",\"inLanguage\":\"es\",\"@id\":\"https:\\\/\\\/confesionario.co\\\/w\\\/#\\\/schema\\\/logo\\\/image\\\/\",\"url\":\"https:\\\/\\\/confesionario.co\\\/w\\\/wp-content\\\/uploads\\\/2026\\\/02\\\/confesionario-horizontal.png\",\"contentUrl\":\"https:\\\/\\\/confesionario.co\\\/w\\\/wp-content\\\/uploads\\\/2026\\\/02\\\/confesionario-horizontal.png\",\"width\":581,\"height\":148,\"caption\":\"El Confesionario\"},\"image\":{\"@id\":\"https:\\\/\\\/confesionario.co\\\/w\\\/#\\\/schema\\\/logo\\\/image\\\/\"}},{\"@type\":\"Person\",\"@id\":\"https:\\\/\\\/confesionario.co\\\/w\\\/#\\\/schema\\\/person\\\/85e99333497749318afab96ea0cc2342\",\"name\":\"admin\",\"image\":{\"@type\":\"ImageObject\",\"inLanguage\":\"es\",\"@id\":\"https:\\\/\\\/secure.gravatar.com\\\/avatar\\\/f3358fe09cfbbfc24265a18ea411b8ee8e54296a50fb17d8acf3cffca66240d2?s=96&d=mm&r=g\",\"url\":\"https:\\\/\\\/secure.gravatar.com\\\/avatar\\\/f3358fe09cfbbfc24265a18ea411b8ee8e54296a50fb17d8acf3cffca66240d2?s=96&d=mm&r=g\",\"contentUrl\":\"https:\\\/\\\/secure.gravatar.com\\\/avatar\\\/f3358fe09cfbbfc24265a18ea411b8ee8e54296a50fb17d8acf3cffca66240d2?s=96&d=mm&r=g\",\"caption\":\"admin\"},\"sameAs\":[\"https:\\\/\\\/elconfesionario.co\\\/w\"],\"url\":\"https:\\\/\\\/confesionario.co\\\/w\\\/author\\\/osabuena\\\/\"}]}<\/script>\n<!-- \/ Yoast SEO plugin. -->","yoast_head_json":{"title":"\u00a1\u00daltima Hora! Concejo le dice s\u00ed al desarrollo y progreso de Ibagu\u00e9 y aprueba por mayor\u00edas el empr\u00e9stito - El Confesionario","robots":{"index":"index","follow":"follow","max-snippet":"max-snippet:-1","max-image-preview":"max-image-preview:large","max-video-preview":"max-video-preview:-1"},"canonical":"https:\/\/confesionario.co\/w\/ultima-hora-concejo-le-dice-si-al-desarrollo-y-progreso-de-ibague-y-aprueba-por-mayorias-el-emprestito\/","og_locale":"es_ES","og_type":"article","og_title":"\u00a1\u00daltima Hora! Concejo le dice s\u00ed al desarrollo y progreso de Ibagu\u00e9 y aprueba por mayor\u00edas el empr\u00e9stito - El Confesionario","og_description":"Con 15 votos a favor y cuatro en contra, la junta directiva de la ciudad le dio luz verde a [&hellip;]","og_url":"https:\/\/confesionario.co\/w\/ultima-hora-concejo-le-dice-si-al-desarrollo-y-progreso-de-ibague-y-aprueba-por-mayorias-el-emprestito\/","og_site_name":"El Confesionario","article_published_time":"2024-11-22T16:50:14+00:00","author":"admin","twitter_card":"summary_large_image","twitter_misc":{"Escrito por":"admin","Tiempo de lectura":"2 minutos"},"schema":{"@context":"https:\/\/schema.org","@graph":[{"@type":"Article","@id":"https:\/\/confesionario.co\/w\/ultima-hora-concejo-le-dice-si-al-desarrollo-y-progreso-de-ibague-y-aprueba-por-mayorias-el-emprestito\/#article","isPartOf":{"@id":"https:\/\/confesionario.co\/w\/ultima-hora-concejo-le-dice-si-al-desarrollo-y-progreso-de-ibague-y-aprueba-por-mayorias-el-emprestito\/"},"author":{"name":"admin","@id":"https:\/\/confesionario.co\/w\/#\/schema\/person\/85e99333497749318afab96ea0cc2342"},"headline":"\u00a1\u00daltima Hora! Concejo le dice s\u00ed al desarrollo y progreso de Ibagu\u00e9 y aprueba por mayor\u00edas el empr\u00e9stito","datePublished":"2024-11-22T16:50:14+00:00","mainEntityOfPage":{"@id":"https:\/\/confesionario.co\/w\/ultima-hora-concejo-le-dice-si-al-desarrollo-y-progreso-de-ibague-y-aprueba-por-mayorias-el-emprestito\/"},"wordCount":456,"commentCount":0,"publisher":{"@id":"https:\/\/confesionario.co\/w\/#organization"},"articleSection":["Ibagu\u00e9"],"inLanguage":"es","potentialAction":[{"@type":"CommentAction","name":"Comment","target":["https:\/\/confesionario.co\/w\/ultima-hora-concejo-le-dice-si-al-desarrollo-y-progreso-de-ibague-y-aprueba-por-mayorias-el-emprestito\/#respond"]}]},{"@type":"WebPage","@id":"https:\/\/confesionario.co\/w\/ultima-hora-concejo-le-dice-si-al-desarrollo-y-progreso-de-ibague-y-aprueba-por-mayorias-el-emprestito\/","url":"https:\/\/confesionario.co\/w\/ultima-hora-concejo-le-dice-si-al-desarrollo-y-progreso-de-ibague-y-aprueba-por-mayorias-el-emprestito\/","name":"\u00a1\u00daltima Hora! Concejo le dice s\u00ed al desarrollo y progreso de Ibagu\u00e9 y aprueba por mayor\u00edas el empr\u00e9stito - El Confesionario","isPartOf":{"@id":"https:\/\/confesionario.co\/w\/#website"},"datePublished":"2024-11-22T16:50:14+00:00","breadcrumb":{"@id":"https:\/\/confesionario.co\/w\/ultima-hora-concejo-le-dice-si-al-desarrollo-y-progreso-de-ibague-y-aprueba-por-mayorias-el-emprestito\/#breadcrumb"},"inLanguage":"es","potentialAction":[{"@type":"ReadAction","target":["https:\/\/confesionario.co\/w\/ultima-hora-concejo-le-dice-si-al-desarrollo-y-progreso-de-ibague-y-aprueba-por-mayorias-el-emprestito\/"]}]},{"@type":"BreadcrumbList","@id":"https:\/\/confesionario.co\/w\/ultima-hora-concejo-le-dice-si-al-desarrollo-y-progreso-de-ibague-y-aprueba-por-mayorias-el-emprestito\/#breadcrumb","itemListElement":[{"@type":"ListItem","position":1,"name":"Portada","item":"https:\/\/confesionario.co\/w\/"},{"@type":"ListItem","position":2,"name":"\u00a1\u00daltima Hora! Concejo le dice s\u00ed al desarrollo y progreso de Ibagu\u00e9 y aprueba por mayor\u00edas el empr\u00e9stito"}]},{"@type":"WebSite","@id":"https:\/\/confesionario.co\/w\/#website","url":"https:\/\/confesionario.co\/w\/","name":"El Confesionario","description":"","publisher":{"@id":"https:\/\/confesionario.co\/w\/#organization"},"potentialAction":[{"@type":"SearchAction","target":{"@type":"EntryPoint","urlTemplate":"https:\/\/confesionario.co\/w\/?s={search_term_string}"},"query-input":{"@type":"PropertyValueSpecification","valueRequired":true,"valueName":"search_term_string"}}],"inLanguage":"es"},{"@type":"Organization","@id":"https:\/\/confesionario.co\/w\/#organization","name":"El Confesionario","url":"https:\/\/confesionario.co\/w\/","logo":{"@type":"ImageObject","inLanguage":"es","@id":"https:\/\/confesionario.co\/w\/#\/schema\/logo\/image\/","url":"https:\/\/confesionario.co\/w\/wp-content\/uploads\/2026\/02\/confesionario-horizontal.png","contentUrl":"https:\/\/confesionario.co\/w\/wp-content\/uploads\/2026\/02\/confesionario-horizontal.png","width":581,"height":148,"caption":"El Confesionario"},"image":{"@id":"https:\/\/confesionario.co\/w\/#\/schema\/logo\/image\/"}},{"@type":"Person","@id":"https:\/\/confesionario.co\/w\/#\/schema\/person\/85e99333497749318afab96ea0cc2342","name":"admin","image":{"@type":"ImageObject","inLanguage":"es","@id":"https:\/\/secure.gravatar.com\/avatar\/f3358fe09cfbbfc24265a18ea411b8ee8e54296a50fb17d8acf3cffca66240d2?s=96&d=mm&r=g","url":"https:\/\/secure.gravatar.com\/avatar\/f3358fe09cfbbfc24265a18ea411b8ee8e54296a50fb17d8acf3cffca66240d2?s=96&d=mm&r=g","contentUrl":"https:\/\/secure.gravatar.com\/avatar\/f3358fe09cfbbfc24265a18ea411b8ee8e54296a50fb17d8acf3cffca66240d2?s=96&d=mm&r=g","caption":"admin"},"sameAs":["https:\/\/elconfesionario.co\/w"],"url":"https:\/\/confesionario.co\/w\/author\/osabuena\/"}]}},"jetpack_featured_media_url":"","_links":{"self":[{"href":"https:\/\/confesionario.co\/w\/wp-json\/wp\/v2\/posts\/14432","targetHints":{"allow":["GET"]}}],"collection":[{"href":"https:\/\/confesionario.co\/w\/wp-json\/wp\/v2\/posts"}],"about":[{"href":"https:\/\/confesionario.co\/w\/wp-json\/wp\/v2\/types\/post"}],"author":[{"embeddable":true,"href":"https:\/\/confesionario.co\/w\/wp-json\/wp\/v2\/users\/1"}],"replies":[{"embeddable":true,"href":"https:\/\/confesionario.co\/w\/wp-json\/wp\/v2\/comments?post=14432"}],"version-history":[{"count":0,"href":"https:\/\/confesionario.co\/w\/wp-json\/wp\/v2\/posts\/14432\/revisions"}],"wp:attachment":[{"href":"https:\/\/confesionario.co\/w\/wp-json\/wp\/v2\/media?parent=14432"}],"wp:term":[{"taxonomy":"category","embeddable":true,"href":"https:\/\/confesionario.co\/w\/wp-json\/wp\/v2\/categories?post=14432"},{"taxonomy":"post_tag","embeddable":true,"href":"https:\/\/confesionario.co\/w\/wp-json\/wp\/v2\/tags?post=14432"}],"curies":[{"name":"wp","href":"https:\/\/api.w.org\/{rel}","templated":true}]}}