{"id":14433,"date":"2024-11-22T16:54:23","date_gmt":"2024-11-22T16:54:23","guid":{"rendered":"https:\/\/confesionario.co\/w\/los-primeros-beneficiarios-del-convenio-por-el-bienestar-animal\/"},"modified":"2024-11-22T16:54:23","modified_gmt":"2024-11-22T16:54:23","slug":"los-primeros-beneficiarios-del-convenio-por-el-bienestar-animal","status":"publish","type":"post","link":"https:\/\/confesionario.co\/w\/los-primeros-beneficiarios-del-convenio-por-el-bienestar-animal\/","title":{"rendered":"Los primeros beneficiarios del convenio por el bienestar animal"},"content":{"rendered":"<p class=\\\"MsoNormal\\\"><span style=\\\"font-size: 12.0pt; line-height: 107%; font-family: \\'Arial\\',sans-serif;\\\">Los esfuerzos conjuntos entre la Gobernaci\u00f3n del Tolima y el Hospital Veterinario de la Universidad del Tolima comienzan a dar frutos, pues los primeros animales en situaci\u00f3n de vulnerabilidad ya han recibido atenci\u00f3n especializada gracias al convenio interadministrativo firmado recientemente.<\/span><\/p>\n<p><!--more--><\/p>\n<p class=\\\"MsoNormal\\\"><span style=\\\"font-size: 12.0pt; line-height: 107%; font-family: \\'Arial\\',sans-serif;\\\"><span style=\\\"mso-spacerun: yes;\\\">\u00a0<\/span>Este convenio tiene como prop\u00f3sito brindar servicios m\u00e9dico-veterinarios a animales en condici\u00f3n de calle o vulnerabilidad en el departamento. Entre los primeros casos atendidos destaca Tommy, un cachorro de aproximadamente dos meses que ingres\u00f3 al hospital por presunto maltrato en L\u00e9rida, Tolima. <\/span><\/p>\n<p class=\\\"MsoNormal\\\"><span style=\\\"font-size: 12.0pt; line-height: 107%; font-family: \\'Arial\\',sans-serif;\\\">Tommy fue evaluado por un equipo m\u00e9dico liderado por la profesional Catalina Osorio, quien explic\u00f3 los procedimientos realizados: \u201cSe le practicaron radiograf\u00edas de columna, ex\u00e1menes de sangre y una valoraci\u00f3n ortop\u00e9dica. Ahora estamos a la espera de un diagn\u00f3stico neurol\u00f3gico m\u00e1s preciso para determinar si su lesi\u00f3n de columna puede tratarse quir\u00fargicamente\u201d. <\/span><\/p>\n<p class=\\\"MsoNormal\\\"><span style=\\\"font-size: 12.0pt; line-height: 107%; font-family: \\'Arial\\',sans-serif;\\\">Mientras tanto, el peque\u00f1o paciente recibe neuroprotectores y terapias para evitar la p\u00e9rdida de masa muscular en sus extremidades traseras<\/span><\/p>\n<p class=\\\"MsoNormal\\\"><span style=\\\"font-size: 12.0pt; line-height: 107%; font-family: \\'Arial\\',sans-serif;\\\">Otros beneficiarios del convenio tambi\u00e9n han recibido atenci\u00f3n gracias a esta iniciativa:<\/span><\/p>\n<p class=\\\"MsoNormal\\\"><span style=\\\"font-size: 12.0pt; line-height: 107%; font-family: \\'Arial\\',sans-serif;\\\">\u2022<span style=\\\"mso-tab-count: 1;\\\">\u00a0\u00a0\u00a0\u00a0\u00a0\u00a0\u00a0\u00a0 <\/span>Inti, un perro procedente de Gualanday, lleg\u00f3 con una fractura causada por un accidente automovil\u00edstico. Tras una serie de radiograf\u00edas y ex\u00e1menes, se ha programado una cirug\u00eda de osteos\u00edntesis para corregir su lesi\u00f3n.<\/span><\/p>\n<p class=\\\"MsoNormal\\\"><span style=\\\"font-size: 12.0pt; line-height: 107%; font-family: \\'Arial\\',sans-serif;\\\">\u2022<span style=\\\"mso-tab-count: 1;\\\">\u00a0\u00a0\u00a0\u00a0\u00a0\u00a0\u00a0\u00a0 <\/span>Bruno, otro canino ingresado hoy, present\u00f3 cuadros convulsivos agudos, posiblemente causados por intoxicaci\u00f3n. <\/span><\/p>\n<p class=\\\"MsoNormal\\\"><span style=\\\"font-size: 12.0pt; line-height: 107%; font-family: \\'Arial\\',sans-serif;\\\">Actualmente, se encuentra estabilizado y bajo observaci\u00f3n m\u00e9dica para realizarle estudios neurol\u00f3gicos y determinar el tratamiento adecuado.<\/span><\/p>\n<p class=\\\"MsoNormal\\\"><span style=\\\"font-size: 12.0pt; line-height: 107%; font-family: \\'Arial\\',sans-serif;\\\">Compromiso con el bienestar animal.<\/span><\/p>\n<p class=\\\"MsoNormal\\\"><span style=\\\"font-size: 12.0pt; line-height: 107%; font-family: \\'Arial\\',sans-serif;\\\">Jes\u00fas Alberto Saavedra Barrios, secretario del Interior del Tolima, destac\u00f3 el impacto de esta iniciativa: \u201cEs gratificante ver c\u00f3mo el convenio comienza a cambiar la vida de estos animales. Este es solo el inicio de un trabajo articulado con el que buscamos garantizar el bienestar de todos los seres vivos en nuestro departamento\u201d.<\/span><\/p>\n<p class=\\\"MsoNormal\\\"><span style=\\\"font-size: 12.0pt; line-height: 107%; font-family: \\'Arial\\',sans-serif;\\\">Una muestra de acci\u00f3n efectiva.<\/span><\/p>\n<p class=\\\"MsoNormal\\\"><span style=\\\"font-size: 12.0pt; line-height: 107%; font-family: \\'Arial\\',sans-serif;\\\">Este convenio refleja la intenci\u00f3n de la gobernadora del Tolima, Adriana Magali Matiz, de convertir el bienestar animal en una prioridad real y tangible para la regi\u00f3n. Con estos primeros casos atendidos, se pone en marcha un modelo de atenci\u00f3n que buscar\u00e1 dar voz y cuidados a quienes m\u00e1s lo necesitan.<\/span><\/p>\n","protected":false},"excerpt":{"rendered":"<p>Los esfuerzos conjuntos entre la Gobernaci\u00f3n del Tolima y el Hospital Veterinario de la Universidad del Tolima comienzan a dar [&hellip;]<\/p>\n","protected":false},"author":1,"featured_media":0,"comment_status":"open","ping_status":"closed","sticky":false,"template":"","format":"standard","meta":{"site-sidebar-layout":"default","site-content-layout":"","ast-site-content-layout":"default","site-content-style":"default","site-sidebar-style":"default","ast-global-header-display":"","ast-banner-title-visibility":"","ast-main-header-display":"","ast-hfb-above-header-display":"","ast-hfb-below-header-display":"","ast-hfb-mobile-header-display":"","site-post-title":"","ast-breadcrumbs-content":"","ast-featured-img":"","footer-sml-layout":"","ast-disable-related-posts":"","theme-transparent-header-meta":"","adv-header-id-meta":"","stick-header-meta":"","header-above-stick-meta":"","header-main-stick-meta":"","header-below-stick-meta":"","astra-migrate-meta-layouts":"default","ast-page-background-enabled":"default","ast-page-background-meta":{"desktop":{"background-color":"var(--ast-global-color-4)","background-image":"","background-repeat":"repeat","background-position":"center center","background-size":"auto","background-attachment":"scroll","background-type":"","background-media":"","overlay-type":"","overlay-color":"","overlay-opacity":"","overlay-gradient":""},"tablet":{"background-color":"","background-image":"","background-repeat":"repeat","background-position":"center center","background-size":"auto","background-attachment":"scroll","background-type":"","background-media":"","overlay-type":"","overlay-color":"","overlay-opacity":"","overlay-gradient":""},"mobile":{"background-color":"","background-image":"","background-repeat":"repeat","background-position":"center center","background-size":"auto","background-attachment":"scroll","background-type":"","background-media":"","overlay-type":"","overlay-color":"","overlay-opacity":"","overlay-gradient":""}},"ast-content-background-meta":{"desktop":{"background-color":"var(--ast-global-color-5)","background-image":"","background-repeat":"repeat","background-position":"center center","background-size":"auto","background-attachment":"scroll","background-type":"","background-media":"","overlay-type":"","overlay-color":"","overlay-opacity":"","overlay-gradient":""},"tablet":{"background-color":"var(--ast-global-color-5)","background-image":"","background-repeat":"repeat","background-position":"center center","background-size":"auto","background-attachment":"scroll","background-type":"","background-media":"","overlay-type":"","overlay-color":"","overlay-opacity":"","overlay-gradient":""},"mobile":{"background-color":"var(--ast-global-color-5)","background-image":"","background-repeat":"repeat","background-position":"center center","background-size":"auto","background-attachment":"scroll","background-type":"","background-media":"","overlay-type":"","overlay-color":"","overlay-opacity":"","overlay-gradient":""}},"footnotes":""},"categories":[17],"tags":[],"class_list":["post-14433","post","type-post","status-publish","format-standard","hentry","category-otras-cofesiones"],"yoast_head":"<!-- This site is optimized with the Yoast SEO plugin v27.4 - https:\/\/yoast.com\/product\/yoast-seo-wordpress\/ -->\n<title>Los primeros beneficiarios del convenio por el bienestar animal - El Confesionario<\/title>\n<meta name=\"robots\" content=\"index, follow, max-snippet:-1, max-image-preview:large, max-video-preview:-1\" \/>\n<link rel=\"canonical\" href=\"https:\/\/confesionario.co\/w\/los-primeros-beneficiarios-del-convenio-por-el-bienestar-animal\/\" \/>\n<meta property=\"og:locale\" content=\"es_ES\" \/>\n<meta property=\"og:type\" content=\"article\" \/>\n<meta property=\"og:title\" content=\"Los primeros beneficiarios del convenio por el bienestar animal - El Confesionario\" \/>\n<meta property=\"og:description\" content=\"Los esfuerzos conjuntos entre la Gobernaci\u00f3n del Tolima y el Hospital Veterinario de la Universidad del Tolima comienzan a dar [&hellip;]\" \/>\n<meta property=\"og:url\" content=\"https:\/\/confesionario.co\/w\/los-primeros-beneficiarios-del-convenio-por-el-bienestar-animal\/\" \/>\n<meta property=\"og:site_name\" content=\"El Confesionario\" \/>\n<meta property=\"article:published_time\" content=\"2024-11-22T16:54:23+00:00\" \/>\n<meta name=\"author\" content=\"admin\" \/>\n<meta name=\"twitter:card\" content=\"summary_large_image\" \/>\n<meta name=\"twitter:label1\" content=\"Escrito por\" \/>\n\t<meta name=\"twitter:data1\" content=\"admin\" \/>\n\t<meta name=\"twitter:label2\" content=\"Tiempo de lectura\" \/>\n\t<meta name=\"twitter:data2\" content=\"2 minutos\" \/>\n<script type=\"application\/ld+json\" class=\"yoast-schema-graph\">{\"@context\":\"https:\\\/\\\/schema.org\",\"@graph\":[{\"@type\":\"Article\",\"@id\":\"https:\\\/\\\/confesionario.co\\\/w\\\/los-primeros-beneficiarios-del-convenio-por-el-bienestar-animal\\\/#article\",\"isPartOf\":{\"@id\":\"https:\\\/\\\/confesionario.co\\\/w\\\/los-primeros-beneficiarios-del-convenio-por-el-bienestar-animal\\\/\"},\"author\":{\"name\":\"admin\",\"@id\":\"https:\\\/\\\/confesionario.co\\\/w\\\/#\\\/schema\\\/person\\\/85e99333497749318afab96ea0cc2342\"},\"headline\":\"Los primeros beneficiarios del convenio por el bienestar animal\",\"datePublished\":\"2024-11-22T16:54:23+00:00\",\"mainEntityOfPage\":{\"@id\":\"https:\\\/\\\/confesionario.co\\\/w\\\/los-primeros-beneficiarios-del-convenio-por-el-bienestar-animal\\\/\"},\"wordCount\":390,\"commentCount\":0,\"publisher\":{\"@id\":\"https:\\\/\\\/confesionario.co\\\/w\\\/#organization\"},\"articleSection\":[\"Otras confesiones\"],\"inLanguage\":\"es\",\"potentialAction\":[{\"@type\":\"CommentAction\",\"name\":\"Comment\",\"target\":[\"https:\\\/\\\/confesionario.co\\\/w\\\/los-primeros-beneficiarios-del-convenio-por-el-bienestar-animal\\\/#respond\"]}]},{\"@type\":\"WebPage\",\"@id\":\"https:\\\/\\\/confesionario.co\\\/w\\\/los-primeros-beneficiarios-del-convenio-por-el-bienestar-animal\\\/\",\"url\":\"https:\\\/\\\/confesionario.co\\\/w\\\/los-primeros-beneficiarios-del-convenio-por-el-bienestar-animal\\\/\",\"name\":\"Los primeros beneficiarios del convenio por el bienestar animal - El Confesionario\",\"isPartOf\":{\"@id\":\"https:\\\/\\\/confesionario.co\\\/w\\\/#website\"},\"datePublished\":\"2024-11-22T16:54:23+00:00\",\"breadcrumb\":{\"@id\":\"https:\\\/\\\/confesionario.co\\\/w\\\/los-primeros-beneficiarios-del-convenio-por-el-bienestar-animal\\\/#breadcrumb\"},\"inLanguage\":\"es\",\"potentialAction\":[{\"@type\":\"ReadAction\",\"target\":[\"https:\\\/\\\/confesionario.co\\\/w\\\/los-primeros-beneficiarios-del-convenio-por-el-bienestar-animal\\\/\"]}]},{\"@type\":\"BreadcrumbList\",\"@id\":\"https:\\\/\\\/confesionario.co\\\/w\\\/los-primeros-beneficiarios-del-convenio-por-el-bienestar-animal\\\/#breadcrumb\",\"itemListElement\":[{\"@type\":\"ListItem\",\"position\":1,\"name\":\"Portada\",\"item\":\"https:\\\/\\\/confesionario.co\\\/w\\\/\"},{\"@type\":\"ListItem\",\"position\":2,\"name\":\"Los primeros beneficiarios del convenio por el bienestar animal\"}]},{\"@type\":\"WebSite\",\"@id\":\"https:\\\/\\\/confesionario.co\\\/w\\\/#website\",\"url\":\"https:\\\/\\\/confesionario.co\\\/w\\\/\",\"name\":\"El Confesionario\",\"description\":\"\",\"publisher\":{\"@id\":\"https:\\\/\\\/confesionario.co\\\/w\\\/#organization\"},\"potentialAction\":[{\"@type\":\"SearchAction\",\"target\":{\"@type\":\"EntryPoint\",\"urlTemplate\":\"https:\\\/\\\/confesionario.co\\\/w\\\/?s={search_term_string}\"},\"query-input\":{\"@type\":\"PropertyValueSpecification\",\"valueRequired\":true,\"valueName\":\"search_term_string\"}}],\"inLanguage\":\"es\"},{\"@type\":\"Organization\",\"@id\":\"https:\\\/\\\/confesionario.co\\\/w\\\/#organization\",\"name\":\"El Confesionario\",\"url\":\"https:\\\/\\\/confesionario.co\\\/w\\\/\",\"logo\":{\"@type\":\"ImageObject\",\"inLanguage\":\"es\",\"@id\":\"https:\\\/\\\/confesionario.co\\\/w\\\/#\\\/schema\\\/logo\\\/image\\\/\",\"url\":\"https:\\\/\\\/confesionario.co\\\/w\\\/wp-content\\\/uploads\\\/2026\\\/02\\\/confesionario-horizontal.png\",\"contentUrl\":\"https:\\\/\\\/confesionario.co\\\/w\\\/wp-content\\\/uploads\\\/2026\\\/02\\\/confesionario-horizontal.png\",\"width\":581,\"height\":148,\"caption\":\"El Confesionario\"},\"image\":{\"@id\":\"https:\\\/\\\/confesionario.co\\\/w\\\/#\\\/schema\\\/logo\\\/image\\\/\"}},{\"@type\":\"Person\",\"@id\":\"https:\\\/\\\/confesionario.co\\\/w\\\/#\\\/schema\\\/person\\\/85e99333497749318afab96ea0cc2342\",\"name\":\"admin\",\"image\":{\"@type\":\"ImageObject\",\"inLanguage\":\"es\",\"@id\":\"https:\\\/\\\/secure.gravatar.com\\\/avatar\\\/f3358fe09cfbbfc24265a18ea411b8ee8e54296a50fb17d8acf3cffca66240d2?s=96&d=mm&r=g\",\"url\":\"https:\\\/\\\/secure.gravatar.com\\\/avatar\\\/f3358fe09cfbbfc24265a18ea411b8ee8e54296a50fb17d8acf3cffca66240d2?s=96&d=mm&r=g\",\"contentUrl\":\"https:\\\/\\\/secure.gravatar.com\\\/avatar\\\/f3358fe09cfbbfc24265a18ea411b8ee8e54296a50fb17d8acf3cffca66240d2?s=96&d=mm&r=g\",\"caption\":\"admin\"},\"sameAs\":[\"https:\\\/\\\/elconfesionario.co\\\/w\"],\"url\":\"https:\\\/\\\/confesionario.co\\\/w\\\/author\\\/osabuena\\\/\"}]}<\/script>\n<!-- \/ Yoast SEO plugin. -->","yoast_head_json":{"title":"Los primeros beneficiarios del convenio por el bienestar animal - El Confesionario","robots":{"index":"index","follow":"follow","max-snippet":"max-snippet:-1","max-image-preview":"max-image-preview:large","max-video-preview":"max-video-preview:-1"},"canonical":"https:\/\/confesionario.co\/w\/los-primeros-beneficiarios-del-convenio-por-el-bienestar-animal\/","og_locale":"es_ES","og_type":"article","og_title":"Los primeros beneficiarios del convenio por el bienestar animal - El Confesionario","og_description":"Los esfuerzos conjuntos entre la Gobernaci\u00f3n del Tolima y el Hospital Veterinario de la Universidad del Tolima comienzan a dar [&hellip;]","og_url":"https:\/\/confesionario.co\/w\/los-primeros-beneficiarios-del-convenio-por-el-bienestar-animal\/","og_site_name":"El Confesionario","article_published_time":"2024-11-22T16:54:23+00:00","author":"admin","twitter_card":"summary_large_image","twitter_misc":{"Escrito por":"admin","Tiempo de lectura":"2 minutos"},"schema":{"@context":"https:\/\/schema.org","@graph":[{"@type":"Article","@id":"https:\/\/confesionario.co\/w\/los-primeros-beneficiarios-del-convenio-por-el-bienestar-animal\/#article","isPartOf":{"@id":"https:\/\/confesionario.co\/w\/los-primeros-beneficiarios-del-convenio-por-el-bienestar-animal\/"},"author":{"name":"admin","@id":"https:\/\/confesionario.co\/w\/#\/schema\/person\/85e99333497749318afab96ea0cc2342"},"headline":"Los primeros beneficiarios del convenio por el bienestar animal","datePublished":"2024-11-22T16:54:23+00:00","mainEntityOfPage":{"@id":"https:\/\/confesionario.co\/w\/los-primeros-beneficiarios-del-convenio-por-el-bienestar-animal\/"},"wordCount":390,"commentCount":0,"publisher":{"@id":"https:\/\/confesionario.co\/w\/#organization"},"articleSection":["Otras confesiones"],"inLanguage":"es","potentialAction":[{"@type":"CommentAction","name":"Comment","target":["https:\/\/confesionario.co\/w\/los-primeros-beneficiarios-del-convenio-por-el-bienestar-animal\/#respond"]}]},{"@type":"WebPage","@id":"https:\/\/confesionario.co\/w\/los-primeros-beneficiarios-del-convenio-por-el-bienestar-animal\/","url":"https:\/\/confesionario.co\/w\/los-primeros-beneficiarios-del-convenio-por-el-bienestar-animal\/","name":"Los primeros beneficiarios del convenio por el bienestar animal - El Confesionario","isPartOf":{"@id":"https:\/\/confesionario.co\/w\/#website"},"datePublished":"2024-11-22T16:54:23+00:00","breadcrumb":{"@id":"https:\/\/confesionario.co\/w\/los-primeros-beneficiarios-del-convenio-por-el-bienestar-animal\/#breadcrumb"},"inLanguage":"es","potentialAction":[{"@type":"ReadAction","target":["https:\/\/confesionario.co\/w\/los-primeros-beneficiarios-del-convenio-por-el-bienestar-animal\/"]}]},{"@type":"BreadcrumbList","@id":"https:\/\/confesionario.co\/w\/los-primeros-beneficiarios-del-convenio-por-el-bienestar-animal\/#breadcrumb","itemListElement":[{"@type":"ListItem","position":1,"name":"Portada","item":"https:\/\/confesionario.co\/w\/"},{"@type":"ListItem","position":2,"name":"Los primeros beneficiarios del convenio por el bienestar animal"}]},{"@type":"WebSite","@id":"https:\/\/confesionario.co\/w\/#website","url":"https:\/\/confesionario.co\/w\/","name":"El Confesionario","description":"","publisher":{"@id":"https:\/\/confesionario.co\/w\/#organization"},"potentialAction":[{"@type":"SearchAction","target":{"@type":"EntryPoint","urlTemplate":"https:\/\/confesionario.co\/w\/?s={search_term_string}"},"query-input":{"@type":"PropertyValueSpecification","valueRequired":true,"valueName":"search_term_string"}}],"inLanguage":"es"},{"@type":"Organization","@id":"https:\/\/confesionario.co\/w\/#organization","name":"El Confesionario","url":"https:\/\/confesionario.co\/w\/","logo":{"@type":"ImageObject","inLanguage":"es","@id":"https:\/\/confesionario.co\/w\/#\/schema\/logo\/image\/","url":"https:\/\/confesionario.co\/w\/wp-content\/uploads\/2026\/02\/confesionario-horizontal.png","contentUrl":"https:\/\/confesionario.co\/w\/wp-content\/uploads\/2026\/02\/confesionario-horizontal.png","width":581,"height":148,"caption":"El Confesionario"},"image":{"@id":"https:\/\/confesionario.co\/w\/#\/schema\/logo\/image\/"}},{"@type":"Person","@id":"https:\/\/confesionario.co\/w\/#\/schema\/person\/85e99333497749318afab96ea0cc2342","name":"admin","image":{"@type":"ImageObject","inLanguage":"es","@id":"https:\/\/secure.gravatar.com\/avatar\/f3358fe09cfbbfc24265a18ea411b8ee8e54296a50fb17d8acf3cffca66240d2?s=96&d=mm&r=g","url":"https:\/\/secure.gravatar.com\/avatar\/f3358fe09cfbbfc24265a18ea411b8ee8e54296a50fb17d8acf3cffca66240d2?s=96&d=mm&r=g","contentUrl":"https:\/\/secure.gravatar.com\/avatar\/f3358fe09cfbbfc24265a18ea411b8ee8e54296a50fb17d8acf3cffca66240d2?s=96&d=mm&r=g","caption":"admin"},"sameAs":["https:\/\/elconfesionario.co\/w"],"url":"https:\/\/confesionario.co\/w\/author\/osabuena\/"}]}},"jetpack_featured_media_url":"","_links":{"self":[{"href":"https:\/\/confesionario.co\/w\/wp-json\/wp\/v2\/posts\/14433","targetHints":{"allow":["GET"]}}],"collection":[{"href":"https:\/\/confesionario.co\/w\/wp-json\/wp\/v2\/posts"}],"about":[{"href":"https:\/\/confesionario.co\/w\/wp-json\/wp\/v2\/types\/post"}],"author":[{"embeddable":true,"href":"https:\/\/confesionario.co\/w\/wp-json\/wp\/v2\/users\/1"}],"replies":[{"embeddable":true,"href":"https:\/\/confesionario.co\/w\/wp-json\/wp\/v2\/comments?post=14433"}],"version-history":[{"count":0,"href":"https:\/\/confesionario.co\/w\/wp-json\/wp\/v2\/posts\/14433\/revisions"}],"wp:attachment":[{"href":"https:\/\/confesionario.co\/w\/wp-json\/wp\/v2\/media?parent=14433"}],"wp:term":[{"taxonomy":"category","embeddable":true,"href":"https:\/\/confesionario.co\/w\/wp-json\/wp\/v2\/categories?post=14433"},{"taxonomy":"post_tag","embeddable":true,"href":"https:\/\/confesionario.co\/w\/wp-json\/wp\/v2\/tags?post=14433"}],"curies":[{"name":"wp","href":"https:\/\/api.w.org\/{rel}","templated":true}]}}