{"id":14434,"date":"2024-11-22T21:15:53","date_gmt":"2024-11-22T21:15:53","guid":{"rendered":"https:\/\/confesionario.co\/w\/consejo-superior-aprobo-la-creacion-de-la-especializacion-en-evaluacion-y-gestion-de-politicas-publicas-para-la-igualdad-social\/"},"modified":"2024-11-22T21:15:53","modified_gmt":"2024-11-22T21:15:53","slug":"consejo-superior-aprobo-la-creacion-de-la-especializacion-en-evaluacion-y-gestion-de-politicas-publicas-para-la-igualdad-social","status":"publish","type":"post","link":"https:\/\/confesionario.co\/w\/consejo-superior-aprobo-la-creacion-de-la-especializacion-en-evaluacion-y-gestion-de-politicas-publicas-para-la-igualdad-social\/","title":{"rendered":"Consejo Superior de la U.T. aprob\u00f3 la creaci\u00f3n de la especializaci\u00f3n en Evaluaci\u00f3n y Gesti\u00f3n de Pol\u00edticas P\u00fablicas para la Igualdad Social"},"content":{"rendered":"<p>Este importante logro institucional fue destacado durante la sesi\u00f3n en la que se aprob\u00f3, marcando un hito en la oferta acad\u00e9mica de la Universidad.<\/p>\n<p><!--more--><\/p>\n<p>El Consejo Superior de la Universidad del Tolima ha dado luz verde a la creaci\u00f3n de un innovador programa de posgrado: la Especializaci\u00f3n en Evaluaci\u00f3n y Gesti\u00f3n de Pol\u00edticas P\u00fablicas para la Igualdad Social. Este importante logro institucional fue destacado durante la sesi\u00f3n en la que se aprob\u00f3, marcando un hito en la oferta acad\u00e9mica de la Universidad.<\/p>\n<p>El programa es fruto de una articulaci\u00f3n entre el Instituto de Educaci\u00f3n a Distancia, IDEAD, y el Centro de Estudios Regionales, CERE. Seg\u00fan el profesor \u00d3scar Giovani Parra Mu\u00f1oz, uno de los l\u00edderes de la iniciativa, este esfuerzo conjunto permiti\u00f3 desarrollar una propuesta acad\u00e9mica \u00fanica que responde a las demandas del contexto local y nacional. \u00abEs la primera especializaci\u00f3n en el pa\u00eds enfocada espec\u00edficamente en la evaluaci\u00f3n de pol\u00edticas p\u00fablicas\u00bb, destac\u00f3 el profesor Parra, subrayando la importancia de esta iniciativa para abordar las desigualdades sociales en Colombia.<\/p>\n<p>La especializaci\u00f3n se ofrecer\u00e1 inicialmente en cinco Centros de Atenci\u00f3n Tutorial: Ibagu\u00e9, Mocoa, Chaparral, Popay\u00e1n y Bogot\u00e1, con una capacidad para 30 estudiantes por sede, cont\u00f3 Ivonne Palma, profesional del equipo de Aseguramiento de la Calidad del IDEAD.<\/p>\n<p>Este nuevo programa no solo se alinea con las tendencias internacionales en la evaluaci\u00f3n de pol\u00edticas p\u00fablicas, sino que tambi\u00e9n busca fortalecer las capacidades locales en esta \u00e1rea, especialmente en territorios afectados por la violencia. Adem\u00e1s, se espera que impulse la creaci\u00f3n de una red nacional de evaluadores de pol\u00edticas p\u00fablicas, convirti\u00e9ndose en un espacio pionero de conocimiento y pr\u00e1ctica en el pa\u00eds.<\/p>\n<p>El proceso de desarrollo del programa comenz\u00f3 a finales de 2023, con la presentaci\u00f3n inicial de los documentos, y a lo largo de 2024, el equipo recibi\u00f3 observaciones y retroalimentaci\u00f3n de diferentes instancias acad\u00e9micas, como el Comit\u00e9 Central de Curr\u00edculo y el Consejo Acad\u00e9mico. Este recorrido permiti\u00f3 consolidar una propuesta s\u00f3lida que finalmente obtuvo la aprobaci\u00f3n del Consejo Superior, fortaleciendo as\u00ed la oferta acad\u00e9mica de la Universidad del Tolima.<\/p>\n<p>\u00a0<\/p>\n","protected":false},"excerpt":{"rendered":"<p>Este importante logro institucional fue destacado durante la sesi\u00f3n en la que se aprob\u00f3, marcando un hito en la oferta [&hellip;]<\/p>\n","protected":false},"author":1,"featured_media":0,"comment_status":"open","ping_status":"closed","sticky":false,"template":"","format":"standard","meta":{"site-sidebar-layout":"default","site-content-layout":"","ast-site-content-layout":"default","site-content-style":"default","site-sidebar-style":"default","ast-global-header-display":"","ast-banner-title-visibility":"","ast-main-header-display":"","ast-hfb-above-header-display":"","ast-hfb-below-header-display":"","ast-hfb-mobile-header-display":"","site-post-title":"","ast-breadcrumbs-content":"","ast-featured-img":"","footer-sml-layout":"","ast-disable-related-posts":"","theme-transparent-header-meta":"","adv-header-id-meta":"","stick-header-meta":"","header-above-stick-meta":"","header-main-stick-meta":"","header-below-stick-meta":"","astra-migrate-meta-layouts":"default","ast-page-background-enabled":"default","ast-page-background-meta":{"desktop":{"background-color":"var(--ast-global-color-4)","background-image":"","background-repeat":"repeat","background-position":"center center","background-size":"auto","background-attachment":"scroll","background-type":"","background-media":"","overlay-type":"","overlay-color":"","overlay-opacity":"","overlay-gradient":""},"tablet":{"background-color":"","background-image":"","background-repeat":"repeat","background-position":"center center","background-size":"auto","background-attachment":"scroll","background-type":"","background-media":"","overlay-type":"","overlay-color":"","overlay-opacity":"","overlay-gradient":""},"mobile":{"background-color":"","background-image":"","background-repeat":"repeat","background-position":"center center","background-size":"auto","background-attachment":"scroll","background-type":"","background-media":"","overlay-type":"","overlay-color":"","overlay-opacity":"","overlay-gradient":""}},"ast-content-background-meta":{"desktop":{"background-color":"var(--ast-global-color-5)","background-image":"","background-repeat":"repeat","background-position":"center center","background-size":"auto","background-attachment":"scroll","background-type":"","background-media":"","overlay-type":"","overlay-color":"","overlay-opacity":"","overlay-gradient":""},"tablet":{"background-color":"var(--ast-global-color-5)","background-image":"","background-repeat":"repeat","background-position":"center center","background-size":"auto","background-attachment":"scroll","background-type":"","background-media":"","overlay-type":"","overlay-color":"","overlay-opacity":"","overlay-gradient":""},"mobile":{"background-color":"var(--ast-global-color-5)","background-image":"","background-repeat":"repeat","background-position":"center center","background-size":"auto","background-attachment":"scroll","background-type":"","background-media":"","overlay-type":"","overlay-color":"","overlay-opacity":"","overlay-gradient":""}},"footnotes":""},"categories":[25],"tags":[],"class_list":["post-14434","post","type-post","status-publish","format-standard","hentry","category-universidad-del-tolima"],"yoast_head":"<!-- This site is optimized with the Yoast SEO plugin v27.4 - https:\/\/yoast.com\/product\/yoast-seo-wordpress\/ -->\n<title>Consejo Superior de la U.T. aprob\u00f3 la creaci\u00f3n de la especializaci\u00f3n en Evaluaci\u00f3n y Gesti\u00f3n de Pol\u00edticas P\u00fablicas para la Igualdad Social - El Confesionario<\/title>\n<meta name=\"robots\" content=\"index, follow, max-snippet:-1, max-image-preview:large, max-video-preview:-1\" \/>\n<link rel=\"canonical\" href=\"https:\/\/confesionario.co\/w\/consejo-superior-aprobo-la-creacion-de-la-especializacion-en-evaluacion-y-gestion-de-politicas-publicas-para-la-igualdad-social\/\" \/>\n<meta property=\"og:locale\" content=\"es_ES\" \/>\n<meta property=\"og:type\" content=\"article\" \/>\n<meta property=\"og:title\" content=\"Consejo Superior de la U.T. aprob\u00f3 la creaci\u00f3n de la especializaci\u00f3n en Evaluaci\u00f3n y Gesti\u00f3n de Pol\u00edticas P\u00fablicas para la Igualdad Social - El Confesionario\" \/>\n<meta property=\"og:description\" content=\"Este importante logro institucional fue destacado durante la sesi\u00f3n en la que se aprob\u00f3, marcando un hito en la oferta [&hellip;]\" \/>\n<meta property=\"og:url\" content=\"https:\/\/confesionario.co\/w\/consejo-superior-aprobo-la-creacion-de-la-especializacion-en-evaluacion-y-gestion-de-politicas-publicas-para-la-igualdad-social\/\" \/>\n<meta property=\"og:site_name\" content=\"El Confesionario\" \/>\n<meta property=\"article:published_time\" content=\"2024-11-22T21:15:53+00:00\" \/>\n<meta name=\"author\" content=\"admin\" \/>\n<meta name=\"twitter:card\" content=\"summary_large_image\" \/>\n<meta name=\"twitter:label1\" content=\"Escrito por\" \/>\n\t<meta name=\"twitter:data1\" content=\"admin\" \/>\n\t<meta name=\"twitter:label2\" content=\"Tiempo de lectura\" \/>\n\t<meta name=\"twitter:data2\" content=\"2 minutos\" \/>\n<script type=\"application\/ld+json\" class=\"yoast-schema-graph\">{\"@context\":\"https:\\\/\\\/schema.org\",\"@graph\":[{\"@type\":\"Article\",\"@id\":\"https:\\\/\\\/confesionario.co\\\/w\\\/consejo-superior-aprobo-la-creacion-de-la-especializacion-en-evaluacion-y-gestion-de-politicas-publicas-para-la-igualdad-social\\\/#article\",\"isPartOf\":{\"@id\":\"https:\\\/\\\/confesionario.co\\\/w\\\/consejo-superior-aprobo-la-creacion-de-la-especializacion-en-evaluacion-y-gestion-de-politicas-publicas-para-la-igualdad-social\\\/\"},\"author\":{\"name\":\"admin\",\"@id\":\"https:\\\/\\\/confesionario.co\\\/w\\\/#\\\/schema\\\/person\\\/85e99333497749318afab96ea0cc2342\"},\"headline\":\"Consejo Superior de la U.T. aprob\u00f3 la creaci\u00f3n de la especializaci\u00f3n en Evaluaci\u00f3n y Gesti\u00f3n de Pol\u00edticas P\u00fablicas para la Igualdad Social\",\"datePublished\":\"2024-11-22T21:15:53+00:00\",\"mainEntityOfPage\":{\"@id\":\"https:\\\/\\\/confesionario.co\\\/w\\\/consejo-superior-aprobo-la-creacion-de-la-especializacion-en-evaluacion-y-gestion-de-politicas-publicas-para-la-igualdad-social\\\/\"},\"wordCount\":409,\"commentCount\":0,\"publisher\":{\"@id\":\"https:\\\/\\\/confesionario.co\\\/w\\\/#organization\"},\"articleSection\":[\"Universidad del Tolima\"],\"inLanguage\":\"es\",\"potentialAction\":[{\"@type\":\"CommentAction\",\"name\":\"Comment\",\"target\":[\"https:\\\/\\\/confesionario.co\\\/w\\\/consejo-superior-aprobo-la-creacion-de-la-especializacion-en-evaluacion-y-gestion-de-politicas-publicas-para-la-igualdad-social\\\/#respond\"]}]},{\"@type\":\"WebPage\",\"@id\":\"https:\\\/\\\/confesionario.co\\\/w\\\/consejo-superior-aprobo-la-creacion-de-la-especializacion-en-evaluacion-y-gestion-de-politicas-publicas-para-la-igualdad-social\\\/\",\"url\":\"https:\\\/\\\/confesionario.co\\\/w\\\/consejo-superior-aprobo-la-creacion-de-la-especializacion-en-evaluacion-y-gestion-de-politicas-publicas-para-la-igualdad-social\\\/\",\"name\":\"Consejo Superior de la U.T. aprob\u00f3 la creaci\u00f3n de la especializaci\u00f3n en Evaluaci\u00f3n y Gesti\u00f3n de Pol\u00edticas P\u00fablicas para la Igualdad Social - El Confesionario\",\"isPartOf\":{\"@id\":\"https:\\\/\\\/confesionario.co\\\/w\\\/#website\"},\"datePublished\":\"2024-11-22T21:15:53+00:00\",\"breadcrumb\":{\"@id\":\"https:\\\/\\\/confesionario.co\\\/w\\\/consejo-superior-aprobo-la-creacion-de-la-especializacion-en-evaluacion-y-gestion-de-politicas-publicas-para-la-igualdad-social\\\/#breadcrumb\"},\"inLanguage\":\"es\",\"potentialAction\":[{\"@type\":\"ReadAction\",\"target\":[\"https:\\\/\\\/confesionario.co\\\/w\\\/consejo-superior-aprobo-la-creacion-de-la-especializacion-en-evaluacion-y-gestion-de-politicas-publicas-para-la-igualdad-social\\\/\"]}]},{\"@type\":\"BreadcrumbList\",\"@id\":\"https:\\\/\\\/confesionario.co\\\/w\\\/consejo-superior-aprobo-la-creacion-de-la-especializacion-en-evaluacion-y-gestion-de-politicas-publicas-para-la-igualdad-social\\\/#breadcrumb\",\"itemListElement\":[{\"@type\":\"ListItem\",\"position\":1,\"name\":\"Portada\",\"item\":\"https:\\\/\\\/confesionario.co\\\/w\\\/\"},{\"@type\":\"ListItem\",\"position\":2,\"name\":\"Consejo Superior de la U.T. aprob\u00f3 la creaci\u00f3n de la especializaci\u00f3n en Evaluaci\u00f3n y Gesti\u00f3n de Pol\u00edticas P\u00fablicas para la Igualdad Social\"}]},{\"@type\":\"WebSite\",\"@id\":\"https:\\\/\\\/confesionario.co\\\/w\\\/#website\",\"url\":\"https:\\\/\\\/confesionario.co\\\/w\\\/\",\"name\":\"El Confesionario\",\"description\":\"\",\"publisher\":{\"@id\":\"https:\\\/\\\/confesionario.co\\\/w\\\/#organization\"},\"potentialAction\":[{\"@type\":\"SearchAction\",\"target\":{\"@type\":\"EntryPoint\",\"urlTemplate\":\"https:\\\/\\\/confesionario.co\\\/w\\\/?s={search_term_string}\"},\"query-input\":{\"@type\":\"PropertyValueSpecification\",\"valueRequired\":true,\"valueName\":\"search_term_string\"}}],\"inLanguage\":\"es\"},{\"@type\":\"Organization\",\"@id\":\"https:\\\/\\\/confesionario.co\\\/w\\\/#organization\",\"name\":\"El Confesionario\",\"url\":\"https:\\\/\\\/confesionario.co\\\/w\\\/\",\"logo\":{\"@type\":\"ImageObject\",\"inLanguage\":\"es\",\"@id\":\"https:\\\/\\\/confesionario.co\\\/w\\\/#\\\/schema\\\/logo\\\/image\\\/\",\"url\":\"https:\\\/\\\/confesionario.co\\\/w\\\/wp-content\\\/uploads\\\/2026\\\/02\\\/confesionario-horizontal.png\",\"contentUrl\":\"https:\\\/\\\/confesionario.co\\\/w\\\/wp-content\\\/uploads\\\/2026\\\/02\\\/confesionario-horizontal.png\",\"width\":581,\"height\":148,\"caption\":\"El Confesionario\"},\"image\":{\"@id\":\"https:\\\/\\\/confesionario.co\\\/w\\\/#\\\/schema\\\/logo\\\/image\\\/\"}},{\"@type\":\"Person\",\"@id\":\"https:\\\/\\\/confesionario.co\\\/w\\\/#\\\/schema\\\/person\\\/85e99333497749318afab96ea0cc2342\",\"name\":\"admin\",\"image\":{\"@type\":\"ImageObject\",\"inLanguage\":\"es\",\"@id\":\"https:\\\/\\\/secure.gravatar.com\\\/avatar\\\/f3358fe09cfbbfc24265a18ea411b8ee8e54296a50fb17d8acf3cffca66240d2?s=96&d=mm&r=g\",\"url\":\"https:\\\/\\\/secure.gravatar.com\\\/avatar\\\/f3358fe09cfbbfc24265a18ea411b8ee8e54296a50fb17d8acf3cffca66240d2?s=96&d=mm&r=g\",\"contentUrl\":\"https:\\\/\\\/secure.gravatar.com\\\/avatar\\\/f3358fe09cfbbfc24265a18ea411b8ee8e54296a50fb17d8acf3cffca66240d2?s=96&d=mm&r=g\",\"caption\":\"admin\"},\"sameAs\":[\"https:\\\/\\\/elconfesionario.co\\\/w\"],\"url\":\"https:\\\/\\\/confesionario.co\\\/w\\\/author\\\/osabuena\\\/\"}]}<\/script>\n<!-- \/ Yoast SEO plugin. -->","yoast_head_json":{"title":"Consejo Superior de la U.T. aprob\u00f3 la creaci\u00f3n de la especializaci\u00f3n en Evaluaci\u00f3n y Gesti\u00f3n de Pol\u00edticas P\u00fablicas para la Igualdad Social - El Confesionario","robots":{"index":"index","follow":"follow","max-snippet":"max-snippet:-1","max-image-preview":"max-image-preview:large","max-video-preview":"max-video-preview:-1"},"canonical":"https:\/\/confesionario.co\/w\/consejo-superior-aprobo-la-creacion-de-la-especializacion-en-evaluacion-y-gestion-de-politicas-publicas-para-la-igualdad-social\/","og_locale":"es_ES","og_type":"article","og_title":"Consejo Superior de la U.T. aprob\u00f3 la creaci\u00f3n de la especializaci\u00f3n en Evaluaci\u00f3n y Gesti\u00f3n de Pol\u00edticas P\u00fablicas para la Igualdad Social - El Confesionario","og_description":"Este importante logro institucional fue destacado durante la sesi\u00f3n en la que se aprob\u00f3, marcando un hito en la oferta [&hellip;]","og_url":"https:\/\/confesionario.co\/w\/consejo-superior-aprobo-la-creacion-de-la-especializacion-en-evaluacion-y-gestion-de-politicas-publicas-para-la-igualdad-social\/","og_site_name":"El Confesionario","article_published_time":"2024-11-22T21:15:53+00:00","author":"admin","twitter_card":"summary_large_image","twitter_misc":{"Escrito por":"admin","Tiempo de lectura":"2 minutos"},"schema":{"@context":"https:\/\/schema.org","@graph":[{"@type":"Article","@id":"https:\/\/confesionario.co\/w\/consejo-superior-aprobo-la-creacion-de-la-especializacion-en-evaluacion-y-gestion-de-politicas-publicas-para-la-igualdad-social\/#article","isPartOf":{"@id":"https:\/\/confesionario.co\/w\/consejo-superior-aprobo-la-creacion-de-la-especializacion-en-evaluacion-y-gestion-de-politicas-publicas-para-la-igualdad-social\/"},"author":{"name":"admin","@id":"https:\/\/confesionario.co\/w\/#\/schema\/person\/85e99333497749318afab96ea0cc2342"},"headline":"Consejo Superior de la U.T. aprob\u00f3 la creaci\u00f3n de la especializaci\u00f3n en Evaluaci\u00f3n y Gesti\u00f3n de Pol\u00edticas P\u00fablicas para la Igualdad Social","datePublished":"2024-11-22T21:15:53+00:00","mainEntityOfPage":{"@id":"https:\/\/confesionario.co\/w\/consejo-superior-aprobo-la-creacion-de-la-especializacion-en-evaluacion-y-gestion-de-politicas-publicas-para-la-igualdad-social\/"},"wordCount":409,"commentCount":0,"publisher":{"@id":"https:\/\/confesionario.co\/w\/#organization"},"articleSection":["Universidad del Tolima"],"inLanguage":"es","potentialAction":[{"@type":"CommentAction","name":"Comment","target":["https:\/\/confesionario.co\/w\/consejo-superior-aprobo-la-creacion-de-la-especializacion-en-evaluacion-y-gestion-de-politicas-publicas-para-la-igualdad-social\/#respond"]}]},{"@type":"WebPage","@id":"https:\/\/confesionario.co\/w\/consejo-superior-aprobo-la-creacion-de-la-especializacion-en-evaluacion-y-gestion-de-politicas-publicas-para-la-igualdad-social\/","url":"https:\/\/confesionario.co\/w\/consejo-superior-aprobo-la-creacion-de-la-especializacion-en-evaluacion-y-gestion-de-politicas-publicas-para-la-igualdad-social\/","name":"Consejo Superior de la U.T. aprob\u00f3 la creaci\u00f3n de la especializaci\u00f3n en Evaluaci\u00f3n y Gesti\u00f3n de Pol\u00edticas P\u00fablicas para la Igualdad Social - El Confesionario","isPartOf":{"@id":"https:\/\/confesionario.co\/w\/#website"},"datePublished":"2024-11-22T21:15:53+00:00","breadcrumb":{"@id":"https:\/\/confesionario.co\/w\/consejo-superior-aprobo-la-creacion-de-la-especializacion-en-evaluacion-y-gestion-de-politicas-publicas-para-la-igualdad-social\/#breadcrumb"},"inLanguage":"es","potentialAction":[{"@type":"ReadAction","target":["https:\/\/confesionario.co\/w\/consejo-superior-aprobo-la-creacion-de-la-especializacion-en-evaluacion-y-gestion-de-politicas-publicas-para-la-igualdad-social\/"]}]},{"@type":"BreadcrumbList","@id":"https:\/\/confesionario.co\/w\/consejo-superior-aprobo-la-creacion-de-la-especializacion-en-evaluacion-y-gestion-de-politicas-publicas-para-la-igualdad-social\/#breadcrumb","itemListElement":[{"@type":"ListItem","position":1,"name":"Portada","item":"https:\/\/confesionario.co\/w\/"},{"@type":"ListItem","position":2,"name":"Consejo Superior de la U.T. aprob\u00f3 la creaci\u00f3n de la especializaci\u00f3n en Evaluaci\u00f3n y Gesti\u00f3n de Pol\u00edticas P\u00fablicas para la Igualdad Social"}]},{"@type":"WebSite","@id":"https:\/\/confesionario.co\/w\/#website","url":"https:\/\/confesionario.co\/w\/","name":"El Confesionario","description":"","publisher":{"@id":"https:\/\/confesionario.co\/w\/#organization"},"potentialAction":[{"@type":"SearchAction","target":{"@type":"EntryPoint","urlTemplate":"https:\/\/confesionario.co\/w\/?s={search_term_string}"},"query-input":{"@type":"PropertyValueSpecification","valueRequired":true,"valueName":"search_term_string"}}],"inLanguage":"es"},{"@type":"Organization","@id":"https:\/\/confesionario.co\/w\/#organization","name":"El Confesionario","url":"https:\/\/confesionario.co\/w\/","logo":{"@type":"ImageObject","inLanguage":"es","@id":"https:\/\/confesionario.co\/w\/#\/schema\/logo\/image\/","url":"https:\/\/confesionario.co\/w\/wp-content\/uploads\/2026\/02\/confesionario-horizontal.png","contentUrl":"https:\/\/confesionario.co\/w\/wp-content\/uploads\/2026\/02\/confesionario-horizontal.png","width":581,"height":148,"caption":"El Confesionario"},"image":{"@id":"https:\/\/confesionario.co\/w\/#\/schema\/logo\/image\/"}},{"@type":"Person","@id":"https:\/\/confesionario.co\/w\/#\/schema\/person\/85e99333497749318afab96ea0cc2342","name":"admin","image":{"@type":"ImageObject","inLanguage":"es","@id":"https:\/\/secure.gravatar.com\/avatar\/f3358fe09cfbbfc24265a18ea411b8ee8e54296a50fb17d8acf3cffca66240d2?s=96&d=mm&r=g","url":"https:\/\/secure.gravatar.com\/avatar\/f3358fe09cfbbfc24265a18ea411b8ee8e54296a50fb17d8acf3cffca66240d2?s=96&d=mm&r=g","contentUrl":"https:\/\/secure.gravatar.com\/avatar\/f3358fe09cfbbfc24265a18ea411b8ee8e54296a50fb17d8acf3cffca66240d2?s=96&d=mm&r=g","caption":"admin"},"sameAs":["https:\/\/elconfesionario.co\/w"],"url":"https:\/\/confesionario.co\/w\/author\/osabuena\/"}]}},"jetpack_featured_media_url":"","_links":{"self":[{"href":"https:\/\/confesionario.co\/w\/wp-json\/wp\/v2\/posts\/14434","targetHints":{"allow":["GET"]}}],"collection":[{"href":"https:\/\/confesionario.co\/w\/wp-json\/wp\/v2\/posts"}],"about":[{"href":"https:\/\/confesionario.co\/w\/wp-json\/wp\/v2\/types\/post"}],"author":[{"embeddable":true,"href":"https:\/\/confesionario.co\/w\/wp-json\/wp\/v2\/users\/1"}],"replies":[{"embeddable":true,"href":"https:\/\/confesionario.co\/w\/wp-json\/wp\/v2\/comments?post=14434"}],"version-history":[{"count":0,"href":"https:\/\/confesionario.co\/w\/wp-json\/wp\/v2\/posts\/14434\/revisions"}],"wp:attachment":[{"href":"https:\/\/confesionario.co\/w\/wp-json\/wp\/v2\/media?parent=14434"}],"wp:term":[{"taxonomy":"category","embeddable":true,"href":"https:\/\/confesionario.co\/w\/wp-json\/wp\/v2\/categories?post=14434"},{"taxonomy":"post_tag","embeddable":true,"href":"https:\/\/confesionario.co\/w\/wp-json\/wp\/v2\/tags?post=14434"}],"curies":[{"name":"wp","href":"https:\/\/api.w.org\/{rel}","templated":true}]}}