{"id":14437,"date":"2024-11-25T21:41:01","date_gmt":"2024-11-25T21:41:01","guid":{"rendered":"https:\/\/confesionario.co\/w\/fiesta-musical-en-ortega-participe-del-encuentro-departamental-de-bandas-sinfonicas\/"},"modified":"2024-11-25T21:41:01","modified_gmt":"2024-11-25T21:41:01","slug":"fiesta-musical-en-ortega-participe-del-encuentro-departamental-de-bandas-sinfonicas","status":"publish","type":"post","link":"https:\/\/confesionario.co\/w\/fiesta-musical-en-ortega-participe-del-encuentro-departamental-de-bandas-sinfonicas\/","title":{"rendered":"\u00a1Fiesta musical en Ortega! Participe del Encuentro Departamental de Bandas Sinf\u00f3nicas"},"content":{"rendered":"<p>Este evento que se desarrollar\u00e1 el 29 y 30 de noviembre, busca promover la identidad tolimense a trav\u00e9s de la m\u00fasica y ofrecer talleres de formaci\u00f3n art\u00edstica, culminando en un gran concierto de gala. Se espera la asistencia de m\u00e1s de 800 personas.<\/p>\n<p><!--more--><\/p>\n<p>La Secretar\u00eda de Cultura y Turismo de la Gobernaci\u00f3n del Tolima realizar\u00e1 el XXI Encuentro Departamental de Bandas Sinf\u00f3nicas, evento art\u00edstico que celebra y promueve la identidad tolimense a trav\u00e9s de la m\u00fasica interpretada en formato de banda sinf\u00f3nica. Este encuentro se llevar\u00e1 a cabo en Ortega el viernes 29 y s\u00e1bado 30 de noviembre, con la participaci\u00f3n de 12 municipios tolimenses invitados.<\/p>\n<p>\u201cSer\u00e1n 12 municipios del departamento del Tolima con cerca de 400 participantes y m\u00e1s de 800 personas. El c\u00e1lculo que tenemos es que mover\u00e1 la econom\u00eda del municipio de Ortega entre 800 y 1.000 millones de pesos este 29 y 30 de noviembre. Invitamos a todos los tolimenses a ir a este encuentro que se realizar\u00e1 en el municipio de Ortega\u201d, detall\u00f3 el secretario de Cultura y Turismo del Tolima, Alexander Castro.<\/p>\n<p>Esta alianza desde el Gobierno Departamental con la Alcald\u00eda de Ortega, se centra en dos aspectos fundamentales: la circulaci\u00f3n de los procesos musicales en los municipios del Tolima y el fortalecimiento de la formaci\u00f3n art\u00edstica en el contexto regional. El encuentro incluye agenda acad\u00e9mica, conciertos y verbenas.<\/p>\n<p>La programaci\u00f3n el viernes 29 de noviembre inicia a las 10:00 a.m. con el taller de ejecuci\u00f3n instrumental en el Centro de Integraci\u00f3n Ciudadana, y el taller de direcci\u00f3n en la Biblioteca P\u00fablica Municipal. A las 2:00 p.m. ser\u00e1 el taller de luter\u00eda en el Centro de Integraci\u00f3n Ciudadana, y, finalmente el gran concierto de gala \u2018El alma del Tolima en cada melod\u00eda\u2019 en el Centro de Integraci\u00f3n Ciudadana.<\/p>\n<p>Por su parte, el s\u00e1bado 30 de noviembre desde las 9:00 a.m. ser\u00e1n las verbenas tolimenses en diferentes lugares estrat\u00e9gicos de Ortega. Los municipios invitados y que participar\u00e1n son: Ortega, Alpujarra, San Antonio, Guamo, Salda\u00f1a, Rioblanco, Anzo\u00e1tegui, Melgar, Falan, Carmen de Apical\u00e1, Dolores y Alvarado.<\/p>\n<p>\u201cQueremos reconocer el trabajo que viene haciendo nuestra gobernadora en estos eventos culturales, por eso hoy le damos las gracias a Adriana Magali Matiz por escoger al municipio de Ortega para realizar el XXI Encuentro Departamental de Bandas Sinf\u00f3nicas en el municipio de Ortega. Esperamos que nos acompa\u00f1en, vamos a tener un encuentro cultural muy importante donde sinf\u00f3nicas de diferentes municipios de nuestro departamento nos van a acompa\u00f1ar\u201d, cont\u00f3 el alcalde de Ortega, Diego Matiz.<\/p>\n<p>\u00a0<\/p>\n","protected":false},"excerpt":{"rendered":"<p>Este evento que se desarrollar\u00e1 el 29 y 30 de noviembre, busca promover la identidad tolimense a trav\u00e9s de la [&hellip;]<\/p>\n","protected":false},"author":1,"featured_media":0,"comment_status":"open","ping_status":"closed","sticky":false,"template":"","format":"standard","meta":{"site-sidebar-layout":"default","site-content-layout":"","ast-site-content-layout":"default","site-content-style":"default","site-sidebar-style":"default","ast-global-header-display":"","ast-banner-title-visibility":"","ast-main-header-display":"","ast-hfb-above-header-display":"","ast-hfb-below-header-display":"","ast-hfb-mobile-header-display":"","site-post-title":"","ast-breadcrumbs-content":"","ast-featured-img":"","footer-sml-layout":"","ast-disable-related-posts":"","theme-transparent-header-meta":"","adv-header-id-meta":"","stick-header-meta":"","header-above-stick-meta":"","header-main-stick-meta":"","header-below-stick-meta":"","astra-migrate-meta-layouts":"default","ast-page-background-enabled":"default","ast-page-background-meta":{"desktop":{"background-color":"var(--ast-global-color-4)","background-image":"","background-repeat":"repeat","background-position":"center center","background-size":"auto","background-attachment":"scroll","background-type":"","background-media":"","overlay-type":"","overlay-color":"","overlay-opacity":"","overlay-gradient":""},"tablet":{"background-color":"","background-image":"","background-repeat":"repeat","background-position":"center center","background-size":"auto","background-attachment":"scroll","background-type":"","background-media":"","overlay-type":"","overlay-color":"","overlay-opacity":"","overlay-gradient":""},"mobile":{"background-color":"","background-image":"","background-repeat":"repeat","background-position":"center center","background-size":"auto","background-attachment":"scroll","background-type":"","background-media":"","overlay-type":"","overlay-color":"","overlay-opacity":"","overlay-gradient":""}},"ast-content-background-meta":{"desktop":{"background-color":"var(--ast-global-color-5)","background-image":"","background-repeat":"repeat","background-position":"center center","background-size":"auto","background-attachment":"scroll","background-type":"","background-media":"","overlay-type":"","overlay-color":"","overlay-opacity":"","overlay-gradient":""},"tablet":{"background-color":"var(--ast-global-color-5)","background-image":"","background-repeat":"repeat","background-position":"center center","background-size":"auto","background-attachment":"scroll","background-type":"","background-media":"","overlay-type":"","overlay-color":"","overlay-opacity":"","overlay-gradient":""},"mobile":{"background-color":"var(--ast-global-color-5)","background-image":"","background-repeat":"repeat","background-position":"center center","background-size":"auto","background-attachment":"scroll","background-type":"","background-media":"","overlay-type":"","overlay-color":"","overlay-opacity":"","overlay-gradient":""}},"footnotes":""},"categories":[17],"tags":[],"class_list":["post-14437","post","type-post","status-publish","format-standard","hentry","category-otras-cofesiones"],"yoast_head":"<!-- This site is optimized with the Yoast SEO plugin v27.4 - https:\/\/yoast.com\/product\/yoast-seo-wordpress\/ -->\n<title>\u00a1Fiesta musical en Ortega! Participe del Encuentro Departamental de Bandas Sinf\u00f3nicas - El Confesionario<\/title>\n<meta name=\"robots\" content=\"index, follow, max-snippet:-1, max-image-preview:large, max-video-preview:-1\" \/>\n<link rel=\"canonical\" href=\"https:\/\/confesionario.co\/w\/fiesta-musical-en-ortega-participe-del-encuentro-departamental-de-bandas-sinfonicas\/\" \/>\n<meta property=\"og:locale\" content=\"es_ES\" \/>\n<meta property=\"og:type\" content=\"article\" \/>\n<meta property=\"og:title\" content=\"\u00a1Fiesta musical en Ortega! Participe del Encuentro Departamental de Bandas Sinf\u00f3nicas - El Confesionario\" \/>\n<meta property=\"og:description\" content=\"Este evento que se desarrollar\u00e1 el 29 y 30 de noviembre, busca promover la identidad tolimense a trav\u00e9s de la [&hellip;]\" \/>\n<meta property=\"og:url\" content=\"https:\/\/confesionario.co\/w\/fiesta-musical-en-ortega-participe-del-encuentro-departamental-de-bandas-sinfonicas\/\" \/>\n<meta property=\"og:site_name\" content=\"El Confesionario\" \/>\n<meta property=\"article:published_time\" content=\"2024-11-25T21:41:01+00:00\" \/>\n<meta name=\"author\" content=\"admin\" \/>\n<meta name=\"twitter:card\" content=\"summary_large_image\" \/>\n<meta name=\"twitter:label1\" content=\"Escrito por\" \/>\n\t<meta name=\"twitter:data1\" content=\"admin\" \/>\n\t<meta name=\"twitter:label2\" content=\"Tiempo de lectura\" \/>\n\t<meta name=\"twitter:data2\" content=\"2 minutos\" \/>\n<script type=\"application\/ld+json\" class=\"yoast-schema-graph\">{\"@context\":\"https:\\\/\\\/schema.org\",\"@graph\":[{\"@type\":\"Article\",\"@id\":\"https:\\\/\\\/confesionario.co\\\/w\\\/fiesta-musical-en-ortega-participe-del-encuentro-departamental-de-bandas-sinfonicas\\\/#article\",\"isPartOf\":{\"@id\":\"https:\\\/\\\/confesionario.co\\\/w\\\/fiesta-musical-en-ortega-participe-del-encuentro-departamental-de-bandas-sinfonicas\\\/\"},\"author\":{\"name\":\"admin\",\"@id\":\"https:\\\/\\\/confesionario.co\\\/w\\\/#\\\/schema\\\/person\\\/85e99333497749318afab96ea0cc2342\"},\"headline\":\"\u00a1Fiesta musical en Ortega! Participe del Encuentro Departamental de Bandas Sinf\u00f3nicas\",\"datePublished\":\"2024-11-25T21:41:01+00:00\",\"mainEntityOfPage\":{\"@id\":\"https:\\\/\\\/confesionario.co\\\/w\\\/fiesta-musical-en-ortega-participe-del-encuentro-departamental-de-bandas-sinfonicas\\\/\"},\"wordCount\":453,\"commentCount\":0,\"publisher\":{\"@id\":\"https:\\\/\\\/confesionario.co\\\/w\\\/#organization\"},\"articleSection\":[\"Otras confesiones\"],\"inLanguage\":\"es\",\"potentialAction\":[{\"@type\":\"CommentAction\",\"name\":\"Comment\",\"target\":[\"https:\\\/\\\/confesionario.co\\\/w\\\/fiesta-musical-en-ortega-participe-del-encuentro-departamental-de-bandas-sinfonicas\\\/#respond\"]}]},{\"@type\":\"WebPage\",\"@id\":\"https:\\\/\\\/confesionario.co\\\/w\\\/fiesta-musical-en-ortega-participe-del-encuentro-departamental-de-bandas-sinfonicas\\\/\",\"url\":\"https:\\\/\\\/confesionario.co\\\/w\\\/fiesta-musical-en-ortega-participe-del-encuentro-departamental-de-bandas-sinfonicas\\\/\",\"name\":\"\u00a1Fiesta musical en Ortega! Participe del Encuentro Departamental de Bandas Sinf\u00f3nicas - El Confesionario\",\"isPartOf\":{\"@id\":\"https:\\\/\\\/confesionario.co\\\/w\\\/#website\"},\"datePublished\":\"2024-11-25T21:41:01+00:00\",\"breadcrumb\":{\"@id\":\"https:\\\/\\\/confesionario.co\\\/w\\\/fiesta-musical-en-ortega-participe-del-encuentro-departamental-de-bandas-sinfonicas\\\/#breadcrumb\"},\"inLanguage\":\"es\",\"potentialAction\":[{\"@type\":\"ReadAction\",\"target\":[\"https:\\\/\\\/confesionario.co\\\/w\\\/fiesta-musical-en-ortega-participe-del-encuentro-departamental-de-bandas-sinfonicas\\\/\"]}]},{\"@type\":\"BreadcrumbList\",\"@id\":\"https:\\\/\\\/confesionario.co\\\/w\\\/fiesta-musical-en-ortega-participe-del-encuentro-departamental-de-bandas-sinfonicas\\\/#breadcrumb\",\"itemListElement\":[{\"@type\":\"ListItem\",\"position\":1,\"name\":\"Portada\",\"item\":\"https:\\\/\\\/confesionario.co\\\/w\\\/\"},{\"@type\":\"ListItem\",\"position\":2,\"name\":\"\u00a1Fiesta musical en Ortega! Participe del Encuentro Departamental de Bandas Sinf\u00f3nicas\"}]},{\"@type\":\"WebSite\",\"@id\":\"https:\\\/\\\/confesionario.co\\\/w\\\/#website\",\"url\":\"https:\\\/\\\/confesionario.co\\\/w\\\/\",\"name\":\"El Confesionario\",\"description\":\"\",\"publisher\":{\"@id\":\"https:\\\/\\\/confesionario.co\\\/w\\\/#organization\"},\"potentialAction\":[{\"@type\":\"SearchAction\",\"target\":{\"@type\":\"EntryPoint\",\"urlTemplate\":\"https:\\\/\\\/confesionario.co\\\/w\\\/?s={search_term_string}\"},\"query-input\":{\"@type\":\"PropertyValueSpecification\",\"valueRequired\":true,\"valueName\":\"search_term_string\"}}],\"inLanguage\":\"es\"},{\"@type\":\"Organization\",\"@id\":\"https:\\\/\\\/confesionario.co\\\/w\\\/#organization\",\"name\":\"El Confesionario\",\"url\":\"https:\\\/\\\/confesionario.co\\\/w\\\/\",\"logo\":{\"@type\":\"ImageObject\",\"inLanguage\":\"es\",\"@id\":\"https:\\\/\\\/confesionario.co\\\/w\\\/#\\\/schema\\\/logo\\\/image\\\/\",\"url\":\"https:\\\/\\\/confesionario.co\\\/w\\\/wp-content\\\/uploads\\\/2026\\\/02\\\/confesionario-horizontal.png\",\"contentUrl\":\"https:\\\/\\\/confesionario.co\\\/w\\\/wp-content\\\/uploads\\\/2026\\\/02\\\/confesionario-horizontal.png\",\"width\":581,\"height\":148,\"caption\":\"El Confesionario\"},\"image\":{\"@id\":\"https:\\\/\\\/confesionario.co\\\/w\\\/#\\\/schema\\\/logo\\\/image\\\/\"}},{\"@type\":\"Person\",\"@id\":\"https:\\\/\\\/confesionario.co\\\/w\\\/#\\\/schema\\\/person\\\/85e99333497749318afab96ea0cc2342\",\"name\":\"admin\",\"image\":{\"@type\":\"ImageObject\",\"inLanguage\":\"es\",\"@id\":\"https:\\\/\\\/secure.gravatar.com\\\/avatar\\\/f3358fe09cfbbfc24265a18ea411b8ee8e54296a50fb17d8acf3cffca66240d2?s=96&d=mm&r=g\",\"url\":\"https:\\\/\\\/secure.gravatar.com\\\/avatar\\\/f3358fe09cfbbfc24265a18ea411b8ee8e54296a50fb17d8acf3cffca66240d2?s=96&d=mm&r=g\",\"contentUrl\":\"https:\\\/\\\/secure.gravatar.com\\\/avatar\\\/f3358fe09cfbbfc24265a18ea411b8ee8e54296a50fb17d8acf3cffca66240d2?s=96&d=mm&r=g\",\"caption\":\"admin\"},\"sameAs\":[\"https:\\\/\\\/elconfesionario.co\\\/w\"],\"url\":\"https:\\\/\\\/confesionario.co\\\/w\\\/author\\\/osabuena\\\/\"}]}<\/script>\n<!-- \/ Yoast SEO plugin. -->","yoast_head_json":{"title":"\u00a1Fiesta musical en Ortega! Participe del Encuentro Departamental de Bandas Sinf\u00f3nicas - El Confesionario","robots":{"index":"index","follow":"follow","max-snippet":"max-snippet:-1","max-image-preview":"max-image-preview:large","max-video-preview":"max-video-preview:-1"},"canonical":"https:\/\/confesionario.co\/w\/fiesta-musical-en-ortega-participe-del-encuentro-departamental-de-bandas-sinfonicas\/","og_locale":"es_ES","og_type":"article","og_title":"\u00a1Fiesta musical en Ortega! Participe del Encuentro Departamental de Bandas Sinf\u00f3nicas - El Confesionario","og_description":"Este evento que se desarrollar\u00e1 el 29 y 30 de noviembre, busca promover la identidad tolimense a trav\u00e9s de la [&hellip;]","og_url":"https:\/\/confesionario.co\/w\/fiesta-musical-en-ortega-participe-del-encuentro-departamental-de-bandas-sinfonicas\/","og_site_name":"El Confesionario","article_published_time":"2024-11-25T21:41:01+00:00","author":"admin","twitter_card":"summary_large_image","twitter_misc":{"Escrito por":"admin","Tiempo de lectura":"2 minutos"},"schema":{"@context":"https:\/\/schema.org","@graph":[{"@type":"Article","@id":"https:\/\/confesionario.co\/w\/fiesta-musical-en-ortega-participe-del-encuentro-departamental-de-bandas-sinfonicas\/#article","isPartOf":{"@id":"https:\/\/confesionario.co\/w\/fiesta-musical-en-ortega-participe-del-encuentro-departamental-de-bandas-sinfonicas\/"},"author":{"name":"admin","@id":"https:\/\/confesionario.co\/w\/#\/schema\/person\/85e99333497749318afab96ea0cc2342"},"headline":"\u00a1Fiesta musical en Ortega! Participe del Encuentro Departamental de Bandas Sinf\u00f3nicas","datePublished":"2024-11-25T21:41:01+00:00","mainEntityOfPage":{"@id":"https:\/\/confesionario.co\/w\/fiesta-musical-en-ortega-participe-del-encuentro-departamental-de-bandas-sinfonicas\/"},"wordCount":453,"commentCount":0,"publisher":{"@id":"https:\/\/confesionario.co\/w\/#organization"},"articleSection":["Otras confesiones"],"inLanguage":"es","potentialAction":[{"@type":"CommentAction","name":"Comment","target":["https:\/\/confesionario.co\/w\/fiesta-musical-en-ortega-participe-del-encuentro-departamental-de-bandas-sinfonicas\/#respond"]}]},{"@type":"WebPage","@id":"https:\/\/confesionario.co\/w\/fiesta-musical-en-ortega-participe-del-encuentro-departamental-de-bandas-sinfonicas\/","url":"https:\/\/confesionario.co\/w\/fiesta-musical-en-ortega-participe-del-encuentro-departamental-de-bandas-sinfonicas\/","name":"\u00a1Fiesta musical en Ortega! Participe del Encuentro Departamental de Bandas Sinf\u00f3nicas - El Confesionario","isPartOf":{"@id":"https:\/\/confesionario.co\/w\/#website"},"datePublished":"2024-11-25T21:41:01+00:00","breadcrumb":{"@id":"https:\/\/confesionario.co\/w\/fiesta-musical-en-ortega-participe-del-encuentro-departamental-de-bandas-sinfonicas\/#breadcrumb"},"inLanguage":"es","potentialAction":[{"@type":"ReadAction","target":["https:\/\/confesionario.co\/w\/fiesta-musical-en-ortega-participe-del-encuentro-departamental-de-bandas-sinfonicas\/"]}]},{"@type":"BreadcrumbList","@id":"https:\/\/confesionario.co\/w\/fiesta-musical-en-ortega-participe-del-encuentro-departamental-de-bandas-sinfonicas\/#breadcrumb","itemListElement":[{"@type":"ListItem","position":1,"name":"Portada","item":"https:\/\/confesionario.co\/w\/"},{"@type":"ListItem","position":2,"name":"\u00a1Fiesta musical en Ortega! Participe del Encuentro Departamental de Bandas Sinf\u00f3nicas"}]},{"@type":"WebSite","@id":"https:\/\/confesionario.co\/w\/#website","url":"https:\/\/confesionario.co\/w\/","name":"El Confesionario","description":"","publisher":{"@id":"https:\/\/confesionario.co\/w\/#organization"},"potentialAction":[{"@type":"SearchAction","target":{"@type":"EntryPoint","urlTemplate":"https:\/\/confesionario.co\/w\/?s={search_term_string}"},"query-input":{"@type":"PropertyValueSpecification","valueRequired":true,"valueName":"search_term_string"}}],"inLanguage":"es"},{"@type":"Organization","@id":"https:\/\/confesionario.co\/w\/#organization","name":"El Confesionario","url":"https:\/\/confesionario.co\/w\/","logo":{"@type":"ImageObject","inLanguage":"es","@id":"https:\/\/confesionario.co\/w\/#\/schema\/logo\/image\/","url":"https:\/\/confesionario.co\/w\/wp-content\/uploads\/2026\/02\/confesionario-horizontal.png","contentUrl":"https:\/\/confesionario.co\/w\/wp-content\/uploads\/2026\/02\/confesionario-horizontal.png","width":581,"height":148,"caption":"El Confesionario"},"image":{"@id":"https:\/\/confesionario.co\/w\/#\/schema\/logo\/image\/"}},{"@type":"Person","@id":"https:\/\/confesionario.co\/w\/#\/schema\/person\/85e99333497749318afab96ea0cc2342","name":"admin","image":{"@type":"ImageObject","inLanguage":"es","@id":"https:\/\/secure.gravatar.com\/avatar\/f3358fe09cfbbfc24265a18ea411b8ee8e54296a50fb17d8acf3cffca66240d2?s=96&d=mm&r=g","url":"https:\/\/secure.gravatar.com\/avatar\/f3358fe09cfbbfc24265a18ea411b8ee8e54296a50fb17d8acf3cffca66240d2?s=96&d=mm&r=g","contentUrl":"https:\/\/secure.gravatar.com\/avatar\/f3358fe09cfbbfc24265a18ea411b8ee8e54296a50fb17d8acf3cffca66240d2?s=96&d=mm&r=g","caption":"admin"},"sameAs":["https:\/\/elconfesionario.co\/w"],"url":"https:\/\/confesionario.co\/w\/author\/osabuena\/"}]}},"jetpack_featured_media_url":"","_links":{"self":[{"href":"https:\/\/confesionario.co\/w\/wp-json\/wp\/v2\/posts\/14437","targetHints":{"allow":["GET"]}}],"collection":[{"href":"https:\/\/confesionario.co\/w\/wp-json\/wp\/v2\/posts"}],"about":[{"href":"https:\/\/confesionario.co\/w\/wp-json\/wp\/v2\/types\/post"}],"author":[{"embeddable":true,"href":"https:\/\/confesionario.co\/w\/wp-json\/wp\/v2\/users\/1"}],"replies":[{"embeddable":true,"href":"https:\/\/confesionario.co\/w\/wp-json\/wp\/v2\/comments?post=14437"}],"version-history":[{"count":0,"href":"https:\/\/confesionario.co\/w\/wp-json\/wp\/v2\/posts\/14437\/revisions"}],"wp:attachment":[{"href":"https:\/\/confesionario.co\/w\/wp-json\/wp\/v2\/media?parent=14437"}],"wp:term":[{"taxonomy":"category","embeddable":true,"href":"https:\/\/confesionario.co\/w\/wp-json\/wp\/v2\/categories?post=14437"},{"taxonomy":"post_tag","embeddable":true,"href":"https:\/\/confesionario.co\/w\/wp-json\/wp\/v2\/tags?post=14437"}],"curies":[{"name":"wp","href":"https:\/\/api.w.org\/{rel}","templated":true}]}}