{"id":14441,"date":"2024-11-26T16:58:32","date_gmt":"2024-11-26T16:58:32","guid":{"rendered":"https:\/\/confesionario.co\/w\/el-tolima-se-mantiene-con-12-casos-positivos-por-fiebre-amarilla\/"},"modified":"2024-11-26T16:58:32","modified_gmt":"2024-11-26T16:58:32","slug":"el-tolima-se-mantiene-con-12-casos-positivos-por-fiebre-amarilla","status":"publish","type":"post","link":"https:\/\/confesionario.co\/w\/el-tolima-se-mantiene-con-12-casos-positivos-por-fiebre-amarilla\/","title":{"rendered":"El Tolima se mantiene con 12 casos positivos por fiebre amarilla"},"content":{"rendered":"<p class=\\\"MsoNormal\\\"><span style=\\\"font-size: 12.0pt; line-height: 107%; font-family: \\'Arial\\',sans-serif;\\\">Ayer domingo en PMU el ministro de Salud conoci\u00f3 al detalle el alcance de la vacunaci\u00f3n en los municipios con foco activo.<\/span><\/p>\n<p><!--more--><\/p>\n<p class=\\\"MsoNormal\\\"><span style=\\\"font-size: 12.0pt; line-height: 107%; font-family: \\'Arial\\',sans-serif;\\\">Las acciones lideradas y articuladas por el departamento articuladas se mantienen los 7 d\u00edas a la semana.<\/span><\/p>\n<p class=\\\"MsoNormal\\\"><span style=\\\"font-size: 12.0pt; line-height: 107%; font-family: \\'Arial\\',sans-serif;\\\">Durante el fin de semana el Tolima se mantuvo con los 12 casos confirmados por fiebre amarilla silvestre en el oriente del departamento y la intensificaci\u00f3n de la vacunaci\u00f3n se mantiene, especialmente en la zona rural de los municipios de Cunday, Villarrica, Prado y Purificaci\u00f3n, donde el foco est\u00e1 activo.<\/span><\/p>\n<p class=\\\"MsoNormal\\\"><span style=\\\"font-size: 12.0pt; line-height: 107%; font-family: \\'Arial\\',sans-serif;\\\">De acuerdo con la secretaria de salud de los tolimenses,<span style=\\\"mso-spacerun: yes;\\\">\u00a0 <\/span>Katherine Rengifo Hern\u00e1ndez, ayer domingo se realiz\u00f3 nuevamente un Puesto de Mando Unificado (PMU), con presencia del ministro de Salud y Protecci\u00f3n Social, Guillermo Alfonso Jaramillo, en el que se inform\u00f3 el estado de los pacientes que han resultado positivos a la enfermedad y el alcance que hoy logra en vacunaci\u00f3n el departamento en las zonas establecidas con foco activo y cerco epidemiol\u00f3gico.<span style=\\\"mso-spacerun: yes;\\\">\u00a0 <\/span><\/span><\/p>\n<p class=\\\"MsoNormal\\\"><span style=\\\"font-size: 12.0pt; line-height: 107%; font-family: \\'Arial\\',sans-serif;\\\">Seg\u00fan la secretaria \u201ccontinuaremos con la estrategia enfoc\u00e1ndonos a la zona rural y a algunas cabeceras municipales para garantizar la contenci\u00f3n de la enfermedad\u201d. <\/span><\/p>\n<p class=\\\"MsoNormal\\\"><span style=\\\"font-size: 12.0pt; line-height: 107%; font-family: \\'Arial\\',sans-serif;\\\">En el PMU participaron los agentes interventores de las EPS y se comprometieron a garantizar los equipos vacunadores en la zona y log\u00edstica requerida para continuar con el trabajo de vacunaci\u00f3n. <\/span><\/p>\n<p class=\\\"MsoNormal\\\"><span style=\\\"font-size: 12.0pt; line-height: 107%; font-family: \\'Arial\\',sans-serif;\\\">Se dio un parte de tranquilidad frente a la existencia de vacuna que ha sido entregada sin ning\u00fan contratiempo por la cava departamental, localizada en el Laboratorio de Salud P\u00fablica. Hoy lunes se tiene dispuesto nuevamente un punto de vacunaci\u00f3n en los bajos de la Gobernaci\u00f3n del Tolima a partir de las 8:00 a.m, e ir\u00e1<span style=\\\"mso-spacerun: yes;\\\">\u00a0 <\/span>hasta la 1:00 p.m. <\/span><\/p>\n<p class=\\\"MsoNormal\\\"><span style=\\\"font-size: 12.0pt; line-height: 107%; font-family: \\'Arial\\',sans-serif;\\\">Dosis aplicadas<\/span><\/p>\n<p class=\\\"MsoNormal\\\"><span style=\\\"font-size: 12.0pt; line-height: 107%; font-family: \\'Arial\\',sans-serif;\\\">Definidos los corredores y el cerco epidemiol\u00f3gico en el oriente del departamento (14 municipios), a la fecha se han aplicado 34.739 dosis. En los 4 municipios con foco activo (Cunday, Villarrica, Prado y Purificaci\u00f3n) y junto con Dolores, por su cercan\u00eda con el bosque Galilea, se han aplicado 11.526 dosis. <\/span><\/p>\n<p class=\\\"MsoNormal\\\"><span style=\\\"font-size: 12.0pt; line-height: 107%; font-family: \\'Arial\\',sans-serif;\\\">\u201cHoy ya se han cerrado veredas por encima del 80 % y se contin\u00faa sin pausa el trabajo<span style=\\\"mso-spacerun: yes;\\\">\u00a0 <\/span>para proteger a la poblaci\u00f3n\u201d, explic\u00f3 la secretaria. <\/span><\/p>\n<p class=\\\"MsoNormal\\\"><span style=\\\"font-size: 12.0pt; line-height: 107%; font-family: \\'Arial\\',sans-serif;\\\">\u00a0<\/span><\/p>\n<p class=\\\"MsoNormal\\\"><span style=\\\"font-size: 12.0pt; line-height: 107%; font-family: \\'Arial\\',sans-serif;\\\">En los municipios de cerco epidemiol\u00f3gico (Icononzo, Melgar, Salda\u00f1a, Guamo, Natagamia, Coyaima, Su\u00e1rez y Carmen de Apical\u00e1) se tiene una cobertura de 23.213 dosis aplicadas. <\/span><\/p>\n<p class=\\\"MsoNormal\\\"><span style=\\\"font-size: 12.0pt; line-height: 107%; font-family: \\'Arial\\',sans-serif;\\\">As\u00ed va la enfermedad<\/span><\/p>\n<p class=\\\"MsoNormal\\\"><span style=\\\"font-size: 12.0pt; line-height: 107%; font-family: \\'Arial\\',sans-serif;\\\">Hoy el Tolima reporta los mismos 12 casos confirmados. 7 de ellos en personas vivas procedentes de los municipios de Cunday (3 casos), Villarrica (2) y con un caso, Prado y Purificaci\u00f3n. Todos ellos se encuentran en sus viviendas en buen estado de salud y reciben seguimiento por parte del grupo del Sistema de Vigilancia del Tolima y de sus EPS.<\/span><\/p>\n<p class=\\\"MsoNormal\\\"><span style=\\\"font-size: 12.0pt; line-height: 107%; font-family: \\'Arial\\',sans-serif;\\\">Los casos positivos se han presentado as\u00ed: el 75 % en poblaci\u00f3n masculina y restante, es decir el 25 %, en la femenina. El grupo m\u00e1s afectado est\u00e1 en el rango entre los 40 a 59 a\u00f1os de edad.<\/span><\/p>\n<p class=\\\"MsoNormal\\\"><span style=\\\"font-size: 12.0pt; line-height: 107%; font-family: \\'Arial\\',sans-serif;\\\">Las mortalidades contin\u00faan en 5 que se han presentado as\u00ed: Villarrica (3), Prado (1) y Purificaci\u00f3n (1). 9 casos en sexo masculino y 3 en femenino, Los casos se han presentado en el rango de edad entre 40 y 44 a\u00f1os de edad.<\/span><\/p>\n<p class=\\\"MsoNormal\\\"><span style=\\\"font-size: 12.0pt; line-height: 107%; font-family: \\'Arial\\',sans-serif;\\\">La fiebre amarilla<span style=\\\"mso-spacerun: yes;\\\">\u00a0 <\/span>es una enfermedad viral transmitida por mosquitos de las especies Aedes, Sabethes y Haemagogus. Sus s\u00edntomas pueden incluir fiebre, dolores musculares, dolor de cabeza y en algunos casos severos ictericia y sangrado.<\/span><\/p>\n<p class=\\\"MsoNormal\\\"><span style=\\\"font-size: 12.0pt; line-height: 107%; font-family: \\'Arial\\',sans-serif;\\\">La principal medida preventiva es la vacunaci\u00f3n, que es segura y efectiva. Una sola dosis proporciona protecci\u00f3n de por vida. Es fundamental que todas las personas, especialmente aquellas que planean visitar zonas rurales de los municipios de Cunday, Villarrica, Purificaci\u00f3n y Prado se aseguren de estar vacunadas.<\/span><\/p>\n<p class=\\\"MsoNormal\\\"><span style=\\\"font-size: 12.0pt; line-height: 107%; font-family: \\'Arial\\',sans-serif;\\\">Se insta a la comunidad a utilizar repelentes, usar camisas de manga y pantalones largos, dormir con toldillos y adoptar medidas para evitar picaduras de mosquitos, especialmente en \u00e1reas rurales.<\/span><\/p>\n<p class=\\\"MsoNormal\\\"><span style=\\\"font-size: 12.0pt; line-height: 107%; font-family: \\'Arial\\',sans-serif;\\\">\u00a0<\/span><\/p>\n<p class=\\\"MsoNormal\\\"><span style=\\\"font-size: 12.0pt; line-height: 107%; font-family: \\'Arial\\',sans-serif;\\\">\u00a0<\/span><\/p>\n","protected":false},"excerpt":{"rendered":"<p>Ayer domingo en PMU el ministro de Salud conoci\u00f3 al detalle el alcance de la vacunaci\u00f3n en los municipios con [&hellip;]<\/p>\n","protected":false},"author":1,"featured_media":0,"comment_status":"open","ping_status":"closed","sticky":false,"template":"","format":"standard","meta":{"site-sidebar-layout":"default","site-content-layout":"","ast-site-content-layout":"default","site-content-style":"default","site-sidebar-style":"default","ast-global-header-display":"","ast-banner-title-visibility":"","ast-main-header-display":"","ast-hfb-above-header-display":"","ast-hfb-below-header-display":"","ast-hfb-mobile-header-display":"","site-post-title":"","ast-breadcrumbs-content":"","ast-featured-img":"","footer-sml-layout":"","ast-disable-related-posts":"","theme-transparent-header-meta":"","adv-header-id-meta":"","stick-header-meta":"","header-above-stick-meta":"","header-main-stick-meta":"","header-below-stick-meta":"","astra-migrate-meta-layouts":"default","ast-page-background-enabled":"default","ast-page-background-meta":{"desktop":{"background-color":"var(--ast-global-color-4)","background-image":"","background-repeat":"repeat","background-position":"center center","background-size":"auto","background-attachment":"scroll","background-type":"","background-media":"","overlay-type":"","overlay-color":"","overlay-opacity":"","overlay-gradient":""},"tablet":{"background-color":"","background-image":"","background-repeat":"repeat","background-position":"center center","background-size":"auto","background-attachment":"scroll","background-type":"","background-media":"","overlay-type":"","overlay-color":"","overlay-opacity":"","overlay-gradient":""},"mobile":{"background-color":"","background-image":"","background-repeat":"repeat","background-position":"center center","background-size":"auto","background-attachment":"scroll","background-type":"","background-media":"","overlay-type":"","overlay-color":"","overlay-opacity":"","overlay-gradient":""}},"ast-content-background-meta":{"desktop":{"background-color":"var(--ast-global-color-5)","background-image":"","background-repeat":"repeat","background-position":"center center","background-size":"auto","background-attachment":"scroll","background-type":"","background-media":"","overlay-type":"","overlay-color":"","overlay-opacity":"","overlay-gradient":""},"tablet":{"background-color":"var(--ast-global-color-5)","background-image":"","background-repeat":"repeat","background-position":"center center","background-size":"auto","background-attachment":"scroll","background-type":"","background-media":"","overlay-type":"","overlay-color":"","overlay-opacity":"","overlay-gradient":""},"mobile":{"background-color":"var(--ast-global-color-5)","background-image":"","background-repeat":"repeat","background-position":"center center","background-size":"auto","background-attachment":"scroll","background-type":"","background-media":"","overlay-type":"","overlay-color":"","overlay-opacity":"","overlay-gradient":""}},"footnotes":""},"categories":[17],"tags":[],"class_list":["post-14441","post","type-post","status-publish","format-standard","hentry","category-otras-cofesiones"],"yoast_head":"<!-- This site is optimized with the Yoast SEO plugin v27.4 - https:\/\/yoast.com\/product\/yoast-seo-wordpress\/ -->\n<title>El Tolima se mantiene con 12 casos positivos por fiebre amarilla - El Confesionario<\/title>\n<meta name=\"robots\" content=\"index, follow, max-snippet:-1, max-image-preview:large, max-video-preview:-1\" \/>\n<link rel=\"canonical\" href=\"https:\/\/confesionario.co\/w\/el-tolima-se-mantiene-con-12-casos-positivos-por-fiebre-amarilla\/\" \/>\n<meta property=\"og:locale\" content=\"es_ES\" \/>\n<meta property=\"og:type\" content=\"article\" \/>\n<meta property=\"og:title\" content=\"El Tolima se mantiene con 12 casos positivos por fiebre amarilla - El Confesionario\" \/>\n<meta property=\"og:description\" content=\"Ayer domingo en PMU el ministro de Salud conoci\u00f3 al detalle el alcance de la vacunaci\u00f3n en los municipios con [&hellip;]\" \/>\n<meta property=\"og:url\" content=\"https:\/\/confesionario.co\/w\/el-tolima-se-mantiene-con-12-casos-positivos-por-fiebre-amarilla\/\" \/>\n<meta property=\"og:site_name\" content=\"El Confesionario\" \/>\n<meta property=\"article:published_time\" content=\"2024-11-26T16:58:32+00:00\" \/>\n<meta name=\"author\" content=\"admin\" \/>\n<meta name=\"twitter:card\" content=\"summary_large_image\" \/>\n<meta name=\"twitter:label1\" content=\"Escrito por\" \/>\n\t<meta name=\"twitter:data1\" content=\"admin\" \/>\n\t<meta name=\"twitter:label2\" content=\"Tiempo de lectura\" \/>\n\t<meta name=\"twitter:data2\" content=\"3 minutos\" \/>\n<script type=\"application\/ld+json\" class=\"yoast-schema-graph\">{\"@context\":\"https:\\\/\\\/schema.org\",\"@graph\":[{\"@type\":\"Article\",\"@id\":\"https:\\\/\\\/confesionario.co\\\/w\\\/el-tolima-se-mantiene-con-12-casos-positivos-por-fiebre-amarilla\\\/#article\",\"isPartOf\":{\"@id\":\"https:\\\/\\\/confesionario.co\\\/w\\\/el-tolima-se-mantiene-con-12-casos-positivos-por-fiebre-amarilla\\\/\"},\"author\":{\"name\":\"admin\",\"@id\":\"https:\\\/\\\/confesionario.co\\\/w\\\/#\\\/schema\\\/person\\\/85e99333497749318afab96ea0cc2342\"},\"headline\":\"El Tolima se mantiene con 12 casos positivos por fiebre amarilla\",\"datePublished\":\"2024-11-26T16:58:32+00:00\",\"mainEntityOfPage\":{\"@id\":\"https:\\\/\\\/confesionario.co\\\/w\\\/el-tolima-se-mantiene-con-12-casos-positivos-por-fiebre-amarilla\\\/\"},\"wordCount\":659,\"commentCount\":0,\"publisher\":{\"@id\":\"https:\\\/\\\/confesionario.co\\\/w\\\/#organization\"},\"articleSection\":[\"Otras confesiones\"],\"inLanguage\":\"es\",\"potentialAction\":[{\"@type\":\"CommentAction\",\"name\":\"Comment\",\"target\":[\"https:\\\/\\\/confesionario.co\\\/w\\\/el-tolima-se-mantiene-con-12-casos-positivos-por-fiebre-amarilla\\\/#respond\"]}]},{\"@type\":\"WebPage\",\"@id\":\"https:\\\/\\\/confesionario.co\\\/w\\\/el-tolima-se-mantiene-con-12-casos-positivos-por-fiebre-amarilla\\\/\",\"url\":\"https:\\\/\\\/confesionario.co\\\/w\\\/el-tolima-se-mantiene-con-12-casos-positivos-por-fiebre-amarilla\\\/\",\"name\":\"El Tolima se mantiene con 12 casos positivos por fiebre amarilla - El Confesionario\",\"isPartOf\":{\"@id\":\"https:\\\/\\\/confesionario.co\\\/w\\\/#website\"},\"datePublished\":\"2024-11-26T16:58:32+00:00\",\"breadcrumb\":{\"@id\":\"https:\\\/\\\/confesionario.co\\\/w\\\/el-tolima-se-mantiene-con-12-casos-positivos-por-fiebre-amarilla\\\/#breadcrumb\"},\"inLanguage\":\"es\",\"potentialAction\":[{\"@type\":\"ReadAction\",\"target\":[\"https:\\\/\\\/confesionario.co\\\/w\\\/el-tolima-se-mantiene-con-12-casos-positivos-por-fiebre-amarilla\\\/\"]}]},{\"@type\":\"BreadcrumbList\",\"@id\":\"https:\\\/\\\/confesionario.co\\\/w\\\/el-tolima-se-mantiene-con-12-casos-positivos-por-fiebre-amarilla\\\/#breadcrumb\",\"itemListElement\":[{\"@type\":\"ListItem\",\"position\":1,\"name\":\"Portada\",\"item\":\"https:\\\/\\\/confesionario.co\\\/w\\\/\"},{\"@type\":\"ListItem\",\"position\":2,\"name\":\"El Tolima se mantiene con 12 casos positivos por fiebre amarilla\"}]},{\"@type\":\"WebSite\",\"@id\":\"https:\\\/\\\/confesionario.co\\\/w\\\/#website\",\"url\":\"https:\\\/\\\/confesionario.co\\\/w\\\/\",\"name\":\"El Confesionario\",\"description\":\"\",\"publisher\":{\"@id\":\"https:\\\/\\\/confesionario.co\\\/w\\\/#organization\"},\"potentialAction\":[{\"@type\":\"SearchAction\",\"target\":{\"@type\":\"EntryPoint\",\"urlTemplate\":\"https:\\\/\\\/confesionario.co\\\/w\\\/?s={search_term_string}\"},\"query-input\":{\"@type\":\"PropertyValueSpecification\",\"valueRequired\":true,\"valueName\":\"search_term_string\"}}],\"inLanguage\":\"es\"},{\"@type\":\"Organization\",\"@id\":\"https:\\\/\\\/confesionario.co\\\/w\\\/#organization\",\"name\":\"El Confesionario\",\"url\":\"https:\\\/\\\/confesionario.co\\\/w\\\/\",\"logo\":{\"@type\":\"ImageObject\",\"inLanguage\":\"es\",\"@id\":\"https:\\\/\\\/confesionario.co\\\/w\\\/#\\\/schema\\\/logo\\\/image\\\/\",\"url\":\"https:\\\/\\\/confesionario.co\\\/w\\\/wp-content\\\/uploads\\\/2026\\\/02\\\/confesionario-horizontal.png\",\"contentUrl\":\"https:\\\/\\\/confesionario.co\\\/w\\\/wp-content\\\/uploads\\\/2026\\\/02\\\/confesionario-horizontal.png\",\"width\":581,\"height\":148,\"caption\":\"El Confesionario\"},\"image\":{\"@id\":\"https:\\\/\\\/confesionario.co\\\/w\\\/#\\\/schema\\\/logo\\\/image\\\/\"}},{\"@type\":\"Person\",\"@id\":\"https:\\\/\\\/confesionario.co\\\/w\\\/#\\\/schema\\\/person\\\/85e99333497749318afab96ea0cc2342\",\"name\":\"admin\",\"image\":{\"@type\":\"ImageObject\",\"inLanguage\":\"es\",\"@id\":\"https:\\\/\\\/secure.gravatar.com\\\/avatar\\\/f3358fe09cfbbfc24265a18ea411b8ee8e54296a50fb17d8acf3cffca66240d2?s=96&d=mm&r=g\",\"url\":\"https:\\\/\\\/secure.gravatar.com\\\/avatar\\\/f3358fe09cfbbfc24265a18ea411b8ee8e54296a50fb17d8acf3cffca66240d2?s=96&d=mm&r=g\",\"contentUrl\":\"https:\\\/\\\/secure.gravatar.com\\\/avatar\\\/f3358fe09cfbbfc24265a18ea411b8ee8e54296a50fb17d8acf3cffca66240d2?s=96&d=mm&r=g\",\"caption\":\"admin\"},\"sameAs\":[\"https:\\\/\\\/elconfesionario.co\\\/w\"],\"url\":\"https:\\\/\\\/confesionario.co\\\/w\\\/author\\\/osabuena\\\/\"}]}<\/script>\n<!-- \/ Yoast SEO plugin. -->","yoast_head_json":{"title":"El Tolima se mantiene con 12 casos positivos por fiebre amarilla - El Confesionario","robots":{"index":"index","follow":"follow","max-snippet":"max-snippet:-1","max-image-preview":"max-image-preview:large","max-video-preview":"max-video-preview:-1"},"canonical":"https:\/\/confesionario.co\/w\/el-tolima-se-mantiene-con-12-casos-positivos-por-fiebre-amarilla\/","og_locale":"es_ES","og_type":"article","og_title":"El Tolima se mantiene con 12 casos positivos por fiebre amarilla - El Confesionario","og_description":"Ayer domingo en PMU el ministro de Salud conoci\u00f3 al detalle el alcance de la vacunaci\u00f3n en los municipios con [&hellip;]","og_url":"https:\/\/confesionario.co\/w\/el-tolima-se-mantiene-con-12-casos-positivos-por-fiebre-amarilla\/","og_site_name":"El Confesionario","article_published_time":"2024-11-26T16:58:32+00:00","author":"admin","twitter_card":"summary_large_image","twitter_misc":{"Escrito por":"admin","Tiempo de lectura":"3 minutos"},"schema":{"@context":"https:\/\/schema.org","@graph":[{"@type":"Article","@id":"https:\/\/confesionario.co\/w\/el-tolima-se-mantiene-con-12-casos-positivos-por-fiebre-amarilla\/#article","isPartOf":{"@id":"https:\/\/confesionario.co\/w\/el-tolima-se-mantiene-con-12-casos-positivos-por-fiebre-amarilla\/"},"author":{"name":"admin","@id":"https:\/\/confesionario.co\/w\/#\/schema\/person\/85e99333497749318afab96ea0cc2342"},"headline":"El Tolima se mantiene con 12 casos positivos por fiebre amarilla","datePublished":"2024-11-26T16:58:32+00:00","mainEntityOfPage":{"@id":"https:\/\/confesionario.co\/w\/el-tolima-se-mantiene-con-12-casos-positivos-por-fiebre-amarilla\/"},"wordCount":659,"commentCount":0,"publisher":{"@id":"https:\/\/confesionario.co\/w\/#organization"},"articleSection":["Otras confesiones"],"inLanguage":"es","potentialAction":[{"@type":"CommentAction","name":"Comment","target":["https:\/\/confesionario.co\/w\/el-tolima-se-mantiene-con-12-casos-positivos-por-fiebre-amarilla\/#respond"]}]},{"@type":"WebPage","@id":"https:\/\/confesionario.co\/w\/el-tolima-se-mantiene-con-12-casos-positivos-por-fiebre-amarilla\/","url":"https:\/\/confesionario.co\/w\/el-tolima-se-mantiene-con-12-casos-positivos-por-fiebre-amarilla\/","name":"El Tolima se mantiene con 12 casos positivos por fiebre amarilla - El Confesionario","isPartOf":{"@id":"https:\/\/confesionario.co\/w\/#website"},"datePublished":"2024-11-26T16:58:32+00:00","breadcrumb":{"@id":"https:\/\/confesionario.co\/w\/el-tolima-se-mantiene-con-12-casos-positivos-por-fiebre-amarilla\/#breadcrumb"},"inLanguage":"es","potentialAction":[{"@type":"ReadAction","target":["https:\/\/confesionario.co\/w\/el-tolima-se-mantiene-con-12-casos-positivos-por-fiebre-amarilla\/"]}]},{"@type":"BreadcrumbList","@id":"https:\/\/confesionario.co\/w\/el-tolima-se-mantiene-con-12-casos-positivos-por-fiebre-amarilla\/#breadcrumb","itemListElement":[{"@type":"ListItem","position":1,"name":"Portada","item":"https:\/\/confesionario.co\/w\/"},{"@type":"ListItem","position":2,"name":"El Tolima se mantiene con 12 casos positivos por fiebre amarilla"}]},{"@type":"WebSite","@id":"https:\/\/confesionario.co\/w\/#website","url":"https:\/\/confesionario.co\/w\/","name":"El Confesionario","description":"","publisher":{"@id":"https:\/\/confesionario.co\/w\/#organization"},"potentialAction":[{"@type":"SearchAction","target":{"@type":"EntryPoint","urlTemplate":"https:\/\/confesionario.co\/w\/?s={search_term_string}"},"query-input":{"@type":"PropertyValueSpecification","valueRequired":true,"valueName":"search_term_string"}}],"inLanguage":"es"},{"@type":"Organization","@id":"https:\/\/confesionario.co\/w\/#organization","name":"El Confesionario","url":"https:\/\/confesionario.co\/w\/","logo":{"@type":"ImageObject","inLanguage":"es","@id":"https:\/\/confesionario.co\/w\/#\/schema\/logo\/image\/","url":"https:\/\/confesionario.co\/w\/wp-content\/uploads\/2026\/02\/confesionario-horizontal.png","contentUrl":"https:\/\/confesionario.co\/w\/wp-content\/uploads\/2026\/02\/confesionario-horizontal.png","width":581,"height":148,"caption":"El Confesionario"},"image":{"@id":"https:\/\/confesionario.co\/w\/#\/schema\/logo\/image\/"}},{"@type":"Person","@id":"https:\/\/confesionario.co\/w\/#\/schema\/person\/85e99333497749318afab96ea0cc2342","name":"admin","image":{"@type":"ImageObject","inLanguage":"es","@id":"https:\/\/secure.gravatar.com\/avatar\/f3358fe09cfbbfc24265a18ea411b8ee8e54296a50fb17d8acf3cffca66240d2?s=96&d=mm&r=g","url":"https:\/\/secure.gravatar.com\/avatar\/f3358fe09cfbbfc24265a18ea411b8ee8e54296a50fb17d8acf3cffca66240d2?s=96&d=mm&r=g","contentUrl":"https:\/\/secure.gravatar.com\/avatar\/f3358fe09cfbbfc24265a18ea411b8ee8e54296a50fb17d8acf3cffca66240d2?s=96&d=mm&r=g","caption":"admin"},"sameAs":["https:\/\/elconfesionario.co\/w"],"url":"https:\/\/confesionario.co\/w\/author\/osabuena\/"}]}},"jetpack_featured_media_url":"","_links":{"self":[{"href":"https:\/\/confesionario.co\/w\/wp-json\/wp\/v2\/posts\/14441","targetHints":{"allow":["GET"]}}],"collection":[{"href":"https:\/\/confesionario.co\/w\/wp-json\/wp\/v2\/posts"}],"about":[{"href":"https:\/\/confesionario.co\/w\/wp-json\/wp\/v2\/types\/post"}],"author":[{"embeddable":true,"href":"https:\/\/confesionario.co\/w\/wp-json\/wp\/v2\/users\/1"}],"replies":[{"embeddable":true,"href":"https:\/\/confesionario.co\/w\/wp-json\/wp\/v2\/comments?post=14441"}],"version-history":[{"count":0,"href":"https:\/\/confesionario.co\/w\/wp-json\/wp\/v2\/posts\/14441\/revisions"}],"wp:attachment":[{"href":"https:\/\/confesionario.co\/w\/wp-json\/wp\/v2\/media?parent=14441"}],"wp:term":[{"taxonomy":"category","embeddable":true,"href":"https:\/\/confesionario.co\/w\/wp-json\/wp\/v2\/categories?post=14441"},{"taxonomy":"post_tag","embeddable":true,"href":"https:\/\/confesionario.co\/w\/wp-json\/wp\/v2\/tags?post=14441"}],"curies":[{"name":"wp","href":"https:\/\/api.w.org\/{rel}","templated":true}]}}