{"id":9945,"date":"2022-10-06T12:37:58","date_gmt":"2022-10-06T12:37:58","guid":{"rendered":"https:\/\/confesionario.co\/w\/socializan-obras-con-habitantes-de-la-vereda-santa-teresa-en-ibague\/"},"modified":"2022-10-06T12:37:58","modified_gmt":"2022-10-06T12:37:58","slug":"socializan-obras-con-habitantes-de-la-vereda-santa-teresa-en-ibague","status":"publish","type":"post","link":"https:\/\/confesionario.co\/w\/socializan-obras-con-habitantes-de-la-vereda-santa-teresa-en-ibague\/","title":{"rendered":"Socializan obras con habitantes de la vereda Santa Teresa en Ibagu\u00e9"},"content":{"rendered":"<p class=\\\"MsoNormal\\\" style=\\\"text-align: justify;\\\">\u00a0<\/p>\n<p class=\\\"MsoNormal\\\" style=\\\"text-align: justify;\\\"><span style=\\\"font-size: 12.0pt; line-height: 107%; font-family: \\'Arial\\',sans-serif;\\\">Con el fin de escuchar al sector rural y llegar con soluciones, se llev\u00f3 a cabo una jornada de \u2018Alcalde al campo\u2019 en el corregimiento Nueve.<\/span><\/p>\n<p><!--more--><\/p>\n<p class=\\\"MsoNormal\\\" style=\\\"text-align: justify;\\\"><span style=\\\"font-size: 12.0pt; line-height: 107%; font-family: \\'Arial\\',sans-serif;\\\">La construcci\u00f3n de placas huellas, modernizaci\u00f3n del alumbrado p\u00fablico, instalaci\u00f3n de un \u2018Parque Vibra\u2019, mejoramiento del sal\u00f3n comunal y de la escuela de la vereda Las Amarillas, as\u00ed como garantizar la seguridad, son algunas de las acciones que adelantar\u00e1 el Gobierno Local, en esta parte de la zona rural. <\/span><\/p>\n<p class=\\\"MsoNormal\\\" style=\\\"text-align: justify;\\\"><span style=\\\"font-size: 12.0pt; line-height: 107%; font-family: \\'Arial\\',sans-serif;\\\">Trabajar por el desarrollo del campo es una de las principales metas de la Administraci\u00f3n Municipal; por este motivo, el alcalde Andr\u00e9s Hurtado se desplaz\u00f3 con su equipo de trabajo a la vereda Santa Teresa, para dar a conocer estas labores y as\u00ed mismo, escuchar a la comunidad. <\/span><\/p>\n<p class=\\\"MsoNormal\\\" style=\\\"text-align: justify;\\\"><span style=\\\"font-size: 12.0pt; line-height: 107%; font-family: \\'Arial\\',sans-serif;\\\">\u201cNosotros tenemos el prop\u00f3sito de avanzar con la construcci\u00f3n de placas huellas, ya ustedes est\u00e1n incluidos en el plan. Vamos a intervenir 100 veredas, les vamos a entregar los recursos y ustedes mismos van a comprar los materiales\u201d, coment\u00f3 Hurtado.<\/span><\/p>\n<p class=\\\"MsoNormal\\\" style=\\\"text-align: justify;\\\"><span style=\\\"font-size: 12.0pt; line-height: 107%; font-family: \\'Arial\\',sans-serif;\\\">El mandatario local expres\u00f3 que del compromiso de los 450 metros de placas huella que se tiene con este sector, se planea este a\u00f1o adelantar la mitad. <\/span><\/p>\n<p class=\\\"MsoNormal\\\" style=\\\"text-align: justify;\\\"><span style=\\\"font-size: 12.0pt; line-height: 107%; font-family: \\'Arial\\',sans-serif;\\\">Otra de las grandes acciones es la modernizaci\u00f3n del alumbrado p\u00fablico con la instalaci\u00f3n de luz led, que se realizar\u00e1 desde El Libertador hasta el casco urbano de Santa Teresa, y tambi\u00e9n se pondr\u00e1n l\u00e1mparas en Las Amarillas. <\/span><\/p>\n<p class=\\\"MsoNormal\\\" style=\\\"text-align: justify;\\\"><b><span style=\\\"font-size: 12.0pt; line-height: 107%; font-family: \\'Arial\\',sans-serif;\\\">Seguridad y obras para los ni\u00f1os<\/span><\/b><\/p>\n<p class=\\\"MsoNormal\\\" style=\\\"text-align: justify;\\\"><span style=\\\"font-size: 12.0pt; line-height: 107%; font-family: \\'Arial\\',sans-serif;\\\">Respecto al tema de seguridad refiri\u00f3 que, \u201cen el nuevo plan que se tiene de la tercera fase de c\u00e1maras de seguridad para Ibagu\u00e9, que son 300, vamos a incorporar el sector rural. Tenemos que poner en el corredor hacia el Ca\u00f1\u00f3n del Combeima, El Totumo, San Bernardo, Chucun\u00ed, e incluir\u00edamos este sector\u201d.<\/span><\/p>\n<p class=\\\"MsoNormal\\\" style=\\\"text-align: justify;\\\"><span style=\\\"font-size: 12.0pt; line-height: 107%; font-family: \\'Arial\\',sans-serif;\\\">Asimismo, se contar\u00e1 con presencia del Ej\u00e9rcito Nacional en las veredas, especialmente en los puntos tur\u00edsticos, para garantizar la tranquilidad. <\/span><\/p>\n<p class=\\\"MsoNormal\\\" style=\\\"text-align: justify;\\\"><span style=\\\"font-size: 12.0pt; line-height: 107%; font-family: \\'Arial\\',sans-serif;\\\">Dentro de los compromisos a desarrollar tambi\u00e9n se encuentran obras para los ni\u00f1os, a quienes se les instalar\u00e1 un \u2018Parque Vibra\u2019, y se les mejorar\u00e1 la escuela de la vereda Las Amarillas, entre diferentes actividades m\u00e1s que se trabajar\u00e1n de la mano con la comunidad.<\/span><\/p>\n<p class=\\\"MsoNormal\\\" style=\\\"text-align: justify;\\\"><span style=\\\"font-size: 12.0pt; line-height: 107%; font-family: \\'Arial\\',sans-serif;\\\">Sobre la jornada se refiri\u00f3 Mar\u00eda Nidia Cort\u00e9s, integrante de la Junta de Acci\u00f3n Comunal de Santa Teresa. <\/span><\/p>\n<p class=\\\"MsoNormal\\\" style=\\\"text-align: justify;\\\"><span style=\\\"font-size: 12.0pt; line-height: 107%; font-family: \\'Arial\\',sans-serif;\\\">\u201cMe parece excelente esta reuni\u00f3n en la que nos acompa\u00f1\u00f3 el alcalde para escuchar las necesidades que tenemos en la vereda. Nos da esperanza de poder lograr arreglar las dificultades que tenemos\u201d, coment\u00f3. <\/span><\/p>\n<p class=\\\"MsoNormal\\\" style=\\\"text-align: justify;\\\"><span style=\\\"font-size: 12.0pt; line-height: 107%; font-family: \\'Arial\\',sans-serif;\\\">Igualmente, habitantes de veredas aleda\u00f1as se sumaron a la jornada, como C\u00e9sar Rivera, presidente Junta de Acci\u00f3n Comunal de La Coqueta, del corregimiento Nueve. <\/span><\/p>\n<p class=\\\"MsoNormal\\\" style=\\\"text-align: justify;\\\"><span style=\\\"font-size: 12.0pt; line-height: 107%; font-family: \\'Arial\\',sans-serif;\\\">\u201cEs muy importante que el se\u00f1or alcalde nos brinde estos espacios para poder manifestar las problem\u00e1ticas que tenemos y sea eficiente; y que cada una de las dependencias est\u00e9n en el territorio para que sean testigos de nuestras necesidades\u201d, destac\u00f3.<\/span><\/p>\n","protected":false},"excerpt":{"rendered":"<p>\u00a0 Con el fin de escuchar al sector rural y llegar con soluciones, se llev\u00f3 a cabo una jornada de [&hellip;]<\/p>\n","protected":false},"author":1,"featured_media":0,"comment_status":"open","ping_status":"open","sticky":false,"template":"","format":"standard","meta":{"site-sidebar-layout":"default","site-content-layout":"","ast-site-content-layout":"default","site-content-style":"default","site-sidebar-style":"default","ast-global-header-display":"","ast-banner-title-visibility":"","ast-main-header-display":"","ast-hfb-above-header-display":"","ast-hfb-below-header-display":"","ast-hfb-mobile-header-display":"","site-post-title":"","ast-breadcrumbs-content":"","ast-featured-img":"","footer-sml-layout":"","ast-disable-related-posts":"","theme-transparent-header-meta":"","adv-header-id-meta":"","stick-header-meta":"","header-above-stick-meta":"","header-main-stick-meta":"","header-below-stick-meta":"","astra-migrate-meta-layouts":"default","ast-page-background-enabled":"default","ast-page-background-meta":{"desktop":{"background-color":"var(--ast-global-color-4)","background-image":"","background-repeat":"repeat","background-position":"center center","background-size":"auto","background-attachment":"scroll","background-type":"","background-media":"","overlay-type":"","overlay-color":"","overlay-opacity":"","overlay-gradient":""},"tablet":{"background-color":"","background-image":"","background-repeat":"repeat","background-position":"center center","background-size":"auto","background-attachment":"scroll","background-type":"","background-media":"","overlay-type":"","overlay-color":"","overlay-opacity":"","overlay-gradient":""},"mobile":{"background-color":"","background-image":"","background-repeat":"repeat","background-position":"center center","background-size":"auto","background-attachment":"scroll","background-type":"","background-media":"","overlay-type":"","overlay-color":"","overlay-opacity":"","overlay-gradient":""}},"ast-content-background-meta":{"desktop":{"background-color":"var(--ast-global-color-5)","background-image":"","background-repeat":"repeat","background-position":"center center","background-size":"auto","background-attachment":"scroll","background-type":"","background-media":"","overlay-type":"","overlay-color":"","overlay-opacity":"","overlay-gradient":""},"tablet":{"background-color":"var(--ast-global-color-5)","background-image":"","background-repeat":"repeat","background-position":"center center","background-size":"auto","background-attachment":"scroll","background-type":"","background-media":"","overlay-type":"","overlay-color":"","overlay-opacity":"","overlay-gradient":""},"mobile":{"background-color":"var(--ast-global-color-5)","background-image":"","background-repeat":"repeat","background-position":"center center","background-size":"auto","background-attachment":"scroll","background-type":"","background-media":"","overlay-type":"","overlay-color":"","overlay-opacity":"","overlay-gradient":""}},"footnotes":""},"categories":[19],"tags":[],"class_list":["post-9945","post","type-post","status-publish","format-standard","hentry","category-ibague"],"yoast_head":"<!-- This site is optimized with the Yoast SEO plugin v27.5 - https:\/\/yoast.com\/product\/yoast-seo-wordpress\/ -->\n<title>Socializan obras con habitantes de la vereda Santa Teresa en Ibagu\u00e9 - El Confesionario<\/title>\n<meta name=\"robots\" content=\"index, follow, max-snippet:-1, max-image-preview:large, max-video-preview:-1\" \/>\n<link rel=\"canonical\" href=\"https:\/\/confesionario.co\/w\/socializan-obras-con-habitantes-de-la-vereda-santa-teresa-en-ibague\/\" \/>\n<meta property=\"og:locale\" content=\"es_ES\" \/>\n<meta property=\"og:type\" content=\"article\" \/>\n<meta property=\"og:title\" content=\"Socializan obras con habitantes de la vereda Santa Teresa en Ibagu\u00e9 - El Confesionario\" \/>\n<meta property=\"og:description\" content=\"\u00a0 Con el fin de escuchar al sector rural y llegar con soluciones, se llev\u00f3 a cabo una jornada de [&hellip;]\" \/>\n<meta property=\"og:url\" content=\"https:\/\/confesionario.co\/w\/socializan-obras-con-habitantes-de-la-vereda-santa-teresa-en-ibague\/\" \/>\n<meta property=\"og:site_name\" content=\"El Confesionario\" \/>\n<meta property=\"article:published_time\" content=\"2022-10-06T12:37:58+00:00\" \/>\n<meta name=\"author\" content=\"admin\" \/>\n<meta name=\"twitter:card\" content=\"summary_large_image\" \/>\n<meta name=\"twitter:label1\" content=\"Escrito por\" \/>\n\t<meta name=\"twitter:data1\" content=\"admin\" \/>\n\t<meta name=\"twitter:label2\" content=\"Tiempo de lectura\" \/>\n\t<meta name=\"twitter:data2\" content=\"3 minutos\" \/>\n<script type=\"application\/ld+json\" class=\"yoast-schema-graph\">{\"@context\":\"https:\\\/\\\/schema.org\",\"@graph\":[{\"@type\":\"Article\",\"@id\":\"https:\\\/\\\/confesionario.co\\\/w\\\/socializan-obras-con-habitantes-de-la-vereda-santa-teresa-en-ibague\\\/#article\",\"isPartOf\":{\"@id\":\"https:\\\/\\\/confesionario.co\\\/w\\\/socializan-obras-con-habitantes-de-la-vereda-santa-teresa-en-ibague\\\/\"},\"author\":{\"name\":\"admin\",\"@id\":\"https:\\\/\\\/confesionario.co\\\/w\\\/#\\\/schema\\\/person\\\/85e99333497749318afab96ea0cc2342\"},\"headline\":\"Socializan obras con habitantes de la vereda Santa Teresa en Ibagu\u00e9\",\"datePublished\":\"2022-10-06T12:37:58+00:00\",\"mainEntityOfPage\":{\"@id\":\"https:\\\/\\\/confesionario.co\\\/w\\\/socializan-obras-con-habitantes-de-la-vereda-santa-teresa-en-ibague\\\/\"},\"wordCount\":512,\"commentCount\":0,\"publisher\":{\"@id\":\"https:\\\/\\\/confesionario.co\\\/w\\\/#organization\"},\"articleSection\":[\"Ibagu\u00e9\"],\"inLanguage\":\"es\",\"potentialAction\":[{\"@type\":\"CommentAction\",\"name\":\"Comment\",\"target\":[\"https:\\\/\\\/confesionario.co\\\/w\\\/socializan-obras-con-habitantes-de-la-vereda-santa-teresa-en-ibague\\\/#respond\"]}]},{\"@type\":\"WebPage\",\"@id\":\"https:\\\/\\\/confesionario.co\\\/w\\\/socializan-obras-con-habitantes-de-la-vereda-santa-teresa-en-ibague\\\/\",\"url\":\"https:\\\/\\\/confesionario.co\\\/w\\\/socializan-obras-con-habitantes-de-la-vereda-santa-teresa-en-ibague\\\/\",\"name\":\"Socializan obras con habitantes de la vereda Santa Teresa en Ibagu\u00e9 - El Confesionario\",\"isPartOf\":{\"@id\":\"https:\\\/\\\/confesionario.co\\\/w\\\/#website\"},\"datePublished\":\"2022-10-06T12:37:58+00:00\",\"breadcrumb\":{\"@id\":\"https:\\\/\\\/confesionario.co\\\/w\\\/socializan-obras-con-habitantes-de-la-vereda-santa-teresa-en-ibague\\\/#breadcrumb\"},\"inLanguage\":\"es\",\"potentialAction\":[{\"@type\":\"ReadAction\",\"target\":[\"https:\\\/\\\/confesionario.co\\\/w\\\/socializan-obras-con-habitantes-de-la-vereda-santa-teresa-en-ibague\\\/\"]}]},{\"@type\":\"BreadcrumbList\",\"@id\":\"https:\\\/\\\/confesionario.co\\\/w\\\/socializan-obras-con-habitantes-de-la-vereda-santa-teresa-en-ibague\\\/#breadcrumb\",\"itemListElement\":[{\"@type\":\"ListItem\",\"position\":1,\"name\":\"Portada\",\"item\":\"https:\\\/\\\/confesionario.co\\\/w\\\/\"},{\"@type\":\"ListItem\",\"position\":2,\"name\":\"Socializan obras con habitantes de la vereda Santa Teresa en Ibagu\u00e9\"}]},{\"@type\":\"WebSite\",\"@id\":\"https:\\\/\\\/confesionario.co\\\/w\\\/#website\",\"url\":\"https:\\\/\\\/confesionario.co\\\/w\\\/\",\"name\":\"El Confesionario\",\"description\":\"\",\"publisher\":{\"@id\":\"https:\\\/\\\/confesionario.co\\\/w\\\/#organization\"},\"potentialAction\":[{\"@type\":\"SearchAction\",\"target\":{\"@type\":\"EntryPoint\",\"urlTemplate\":\"https:\\\/\\\/confesionario.co\\\/w\\\/?s={search_term_string}\"},\"query-input\":{\"@type\":\"PropertyValueSpecification\",\"valueRequired\":true,\"valueName\":\"search_term_string\"}}],\"inLanguage\":\"es\"},{\"@type\":\"Organization\",\"@id\":\"https:\\\/\\\/confesionario.co\\\/w\\\/#organization\",\"name\":\"El Confesionario\",\"url\":\"https:\\\/\\\/confesionario.co\\\/w\\\/\",\"logo\":{\"@type\":\"ImageObject\",\"inLanguage\":\"es\",\"@id\":\"https:\\\/\\\/confesionario.co\\\/w\\\/#\\\/schema\\\/logo\\\/image\\\/\",\"url\":\"https:\\\/\\\/confesionario.co\\\/w\\\/wp-content\\\/uploads\\\/2026\\\/02\\\/confesionario-horizontal.png\",\"contentUrl\":\"https:\\\/\\\/confesionario.co\\\/w\\\/wp-content\\\/uploads\\\/2026\\\/02\\\/confesionario-horizontal.png\",\"width\":581,\"height\":148,\"caption\":\"El Confesionario\"},\"image\":{\"@id\":\"https:\\\/\\\/confesionario.co\\\/w\\\/#\\\/schema\\\/logo\\\/image\\\/\"}},{\"@type\":\"Person\",\"@id\":\"https:\\\/\\\/confesionario.co\\\/w\\\/#\\\/schema\\\/person\\\/85e99333497749318afab96ea0cc2342\",\"name\":\"admin\",\"image\":{\"@type\":\"ImageObject\",\"inLanguage\":\"es\",\"@id\":\"https:\\\/\\\/secure.gravatar.com\\\/avatar\\\/f3358fe09cfbbfc24265a18ea411b8ee8e54296a50fb17d8acf3cffca66240d2?s=96&d=mm&r=g\",\"url\":\"https:\\\/\\\/secure.gravatar.com\\\/avatar\\\/f3358fe09cfbbfc24265a18ea411b8ee8e54296a50fb17d8acf3cffca66240d2?s=96&d=mm&r=g\",\"contentUrl\":\"https:\\\/\\\/secure.gravatar.com\\\/avatar\\\/f3358fe09cfbbfc24265a18ea411b8ee8e54296a50fb17d8acf3cffca66240d2?s=96&d=mm&r=g\",\"caption\":\"admin\"},\"sameAs\":[\"https:\\\/\\\/elconfesionario.co\\\/w\"],\"url\":\"https:\\\/\\\/confesionario.co\\\/w\\\/author\\\/osabuena\\\/\"}]}<\/script>\n<!-- \/ Yoast SEO plugin. -->","yoast_head_json":{"title":"Socializan obras con habitantes de la vereda Santa Teresa en Ibagu\u00e9 - El Confesionario","robots":{"index":"index","follow":"follow","max-snippet":"max-snippet:-1","max-image-preview":"max-image-preview:large","max-video-preview":"max-video-preview:-1"},"canonical":"https:\/\/confesionario.co\/w\/socializan-obras-con-habitantes-de-la-vereda-santa-teresa-en-ibague\/","og_locale":"es_ES","og_type":"article","og_title":"Socializan obras con habitantes de la vereda Santa Teresa en Ibagu\u00e9 - El Confesionario","og_description":"\u00a0 Con el fin de escuchar al sector rural y llegar con soluciones, se llev\u00f3 a cabo una jornada de [&hellip;]","og_url":"https:\/\/confesionario.co\/w\/socializan-obras-con-habitantes-de-la-vereda-santa-teresa-en-ibague\/","og_site_name":"El Confesionario","article_published_time":"2022-10-06T12:37:58+00:00","author":"admin","twitter_card":"summary_large_image","twitter_misc":{"Escrito por":"admin","Tiempo de lectura":"3 minutos"},"schema":{"@context":"https:\/\/schema.org","@graph":[{"@type":"Article","@id":"https:\/\/confesionario.co\/w\/socializan-obras-con-habitantes-de-la-vereda-santa-teresa-en-ibague\/#article","isPartOf":{"@id":"https:\/\/confesionario.co\/w\/socializan-obras-con-habitantes-de-la-vereda-santa-teresa-en-ibague\/"},"author":{"name":"admin","@id":"https:\/\/confesionario.co\/w\/#\/schema\/person\/85e99333497749318afab96ea0cc2342"},"headline":"Socializan obras con habitantes de la vereda Santa Teresa en Ibagu\u00e9","datePublished":"2022-10-06T12:37:58+00:00","mainEntityOfPage":{"@id":"https:\/\/confesionario.co\/w\/socializan-obras-con-habitantes-de-la-vereda-santa-teresa-en-ibague\/"},"wordCount":512,"commentCount":0,"publisher":{"@id":"https:\/\/confesionario.co\/w\/#organization"},"articleSection":["Ibagu\u00e9"],"inLanguage":"es","potentialAction":[{"@type":"CommentAction","name":"Comment","target":["https:\/\/confesionario.co\/w\/socializan-obras-con-habitantes-de-la-vereda-santa-teresa-en-ibague\/#respond"]}]},{"@type":"WebPage","@id":"https:\/\/confesionario.co\/w\/socializan-obras-con-habitantes-de-la-vereda-santa-teresa-en-ibague\/","url":"https:\/\/confesionario.co\/w\/socializan-obras-con-habitantes-de-la-vereda-santa-teresa-en-ibague\/","name":"Socializan obras con habitantes de la vereda Santa Teresa en Ibagu\u00e9 - El Confesionario","isPartOf":{"@id":"https:\/\/confesionario.co\/w\/#website"},"datePublished":"2022-10-06T12:37:58+00:00","breadcrumb":{"@id":"https:\/\/confesionario.co\/w\/socializan-obras-con-habitantes-de-la-vereda-santa-teresa-en-ibague\/#breadcrumb"},"inLanguage":"es","potentialAction":[{"@type":"ReadAction","target":["https:\/\/confesionario.co\/w\/socializan-obras-con-habitantes-de-la-vereda-santa-teresa-en-ibague\/"]}]},{"@type":"BreadcrumbList","@id":"https:\/\/confesionario.co\/w\/socializan-obras-con-habitantes-de-la-vereda-santa-teresa-en-ibague\/#breadcrumb","itemListElement":[{"@type":"ListItem","position":1,"name":"Portada","item":"https:\/\/confesionario.co\/w\/"},{"@type":"ListItem","position":2,"name":"Socializan obras con habitantes de la vereda Santa Teresa en Ibagu\u00e9"}]},{"@type":"WebSite","@id":"https:\/\/confesionario.co\/w\/#website","url":"https:\/\/confesionario.co\/w\/","name":"El Confesionario","description":"","publisher":{"@id":"https:\/\/confesionario.co\/w\/#organization"},"potentialAction":[{"@type":"SearchAction","target":{"@type":"EntryPoint","urlTemplate":"https:\/\/confesionario.co\/w\/?s={search_term_string}"},"query-input":{"@type":"PropertyValueSpecification","valueRequired":true,"valueName":"search_term_string"}}],"inLanguage":"es"},{"@type":"Organization","@id":"https:\/\/confesionario.co\/w\/#organization","name":"El Confesionario","url":"https:\/\/confesionario.co\/w\/","logo":{"@type":"ImageObject","inLanguage":"es","@id":"https:\/\/confesionario.co\/w\/#\/schema\/logo\/image\/","url":"https:\/\/confesionario.co\/w\/wp-content\/uploads\/2026\/02\/confesionario-horizontal.png","contentUrl":"https:\/\/confesionario.co\/w\/wp-content\/uploads\/2026\/02\/confesionario-horizontal.png","width":581,"height":148,"caption":"El Confesionario"},"image":{"@id":"https:\/\/confesionario.co\/w\/#\/schema\/logo\/image\/"}},{"@type":"Person","@id":"https:\/\/confesionario.co\/w\/#\/schema\/person\/85e99333497749318afab96ea0cc2342","name":"admin","image":{"@type":"ImageObject","inLanguage":"es","@id":"https:\/\/secure.gravatar.com\/avatar\/f3358fe09cfbbfc24265a18ea411b8ee8e54296a50fb17d8acf3cffca66240d2?s=96&d=mm&r=g","url":"https:\/\/secure.gravatar.com\/avatar\/f3358fe09cfbbfc24265a18ea411b8ee8e54296a50fb17d8acf3cffca66240d2?s=96&d=mm&r=g","contentUrl":"https:\/\/secure.gravatar.com\/avatar\/f3358fe09cfbbfc24265a18ea411b8ee8e54296a50fb17d8acf3cffca66240d2?s=96&d=mm&r=g","caption":"admin"},"sameAs":["https:\/\/elconfesionario.co\/w"],"url":"https:\/\/confesionario.co\/w\/author\/osabuena\/"}]}},"jetpack_featured_media_url":"","_links":{"self":[{"href":"https:\/\/confesionario.co\/w\/wp-json\/wp\/v2\/posts\/9945","targetHints":{"allow":["GET"]}}],"collection":[{"href":"https:\/\/confesionario.co\/w\/wp-json\/wp\/v2\/posts"}],"about":[{"href":"https:\/\/confesionario.co\/w\/wp-json\/wp\/v2\/types\/post"}],"author":[{"embeddable":true,"href":"https:\/\/confesionario.co\/w\/wp-json\/wp\/v2\/users\/1"}],"replies":[{"embeddable":true,"href":"https:\/\/confesionario.co\/w\/wp-json\/wp\/v2\/comments?post=9945"}],"version-history":[{"count":0,"href":"https:\/\/confesionario.co\/w\/wp-json\/wp\/v2\/posts\/9945\/revisions"}],"wp:attachment":[{"href":"https:\/\/confesionario.co\/w\/wp-json\/wp\/v2\/media?parent=9945"}],"wp:term":[{"taxonomy":"category","embeddable":true,"href":"https:\/\/confesionario.co\/w\/wp-json\/wp\/v2\/categories?post=9945"},{"taxonomy":"post_tag","embeddable":true,"href":"https:\/\/confesionario.co\/w\/wp-json\/wp\/v2\/tags?post=9945"}],"curies":[{"name":"wp","href":"https:\/\/api.w.org\/{rel}","templated":true}]}}