{"id":9947,"date":"2022-10-11T20:27:58","date_gmt":"2022-10-11T20:27:58","guid":{"rendered":"https:\/\/confesionario.co\/w\/ibague-en-el-top-de-las-ciudades-con-mayor-accidentalidad\/"},"modified":"2022-10-11T20:27:58","modified_gmt":"2022-10-11T20:27:58","slug":"ibague-en-el-top-de-las-ciudades-con-mayor-accidentalidad","status":"publish","type":"post","link":"https:\/\/confesionario.co\/w\/ibague-en-el-top-de-las-ciudades-con-mayor-accidentalidad\/","title":{"rendered":"Ibagu\u00e9, en el top de las ciudades con mayor accidentalidad"},"content":{"rendered":"<p class=\\\"MsoNormal\\\" style=\\\"text-align: justify;\\\"><span lang=\\\"es\\\" style=\\\"font-size: 12.0pt; line-height: 107%; font-family: \\'Arial\\',sans-serif; mso-ansi-language: #000A; mso-bidi-font-weight: bold;\\\">En lo corrido de este a\u00f1o, las cifras (lejos de disminuir) han aumentado significativamente en el departamento, generando una mayor preocupaci\u00f3n en las autoridades.<span style=\\\"mso-spacerun: yes;\\\">\u00a0\u00a0 <\/span>\u00bfTiene usted su seguro al d\u00eda?<\/span><\/p>\n<p><!--more--><\/p>\n<p class=\\\"MsoNormal\\\" style=\\\"text-align: justify;\\\"><span lang=\\\"es\\\" style=\\\"font-size: 12.0pt; line-height: 107%; font-family: \\'Arial\\',sans-serif; mso-ansi-language: #000A; mso-bidi-font-weight: bold;\\\">Una de las mayores preocupaciones que tienen las autoridades nacionales, departamentales y locales hoy en d\u00eda, es la alta accidentalidad vial que afecta a casi todas las regiones del pa\u00eds. De hecho, en Colombia, la tasa de mortalidad en siniestros viales es de 18,5 por cada cien mil habitantes, una de las m\u00e1s altas del mundo de acuerdo con cifras oficiales. <\/span><\/p>\n<p class=\\\"MsoNormal\\\" style=\\\"text-align: justify;\\\"><span lang=\\\"es\\\" style=\\\"font-size: 12.0pt; line-height: 107%; font-family: \\'Arial\\',sans-serif; mso-ansi-language: #000A; mso-bidi-font-weight: bold;\\\">No obstante, si bien en 2022 se registra, hasta el momento, una leve disminuci\u00f3n de v\u00edctimas fatales por accidentes de tr\u00e1nsito en algunos departamentos (como Risaralda, Cesar, Norte de Santander y Magdalena), en otros, los siniestros viales han incrementado dr\u00e1sticamente. <\/span><\/p>\n<p class=\\\"MsoNormal\\\" style=\\\"text-align: justify;\\\"><span lang=\\\"es\\\" style=\\\"font-size: 12.0pt; line-height: 107%; font-family: \\'Arial\\',sans-serif; mso-ansi-language: #000A; mso-bidi-font-weight: bold;\\\">En Tolima, por ejemplo, el Departamento Administrativo de Tr\u00e1nsito y Transporte registr\u00f3 un aumento del 26% de personas fallecidas en accidentes de tr\u00e1nsito durante el primer semestre de 2022 y, en el vecino departamento del Huila, esta cifra asciende a un 22% frente al mismo periodo del a\u00f1o anterior, seg\u00fan la Agencia Nacional de Seguridad Vial (ANSV). <\/span><\/p>\n<p class=\\\"MsoNormal\\\" style=\\\"text-align: justify;\\\"><span lang=\\\"es\\\" style=\\\"font-size: 12.0pt; line-height: 107%; font-family: \\'Arial\\',sans-serif; mso-ansi-language: #000A; mso-bidi-font-weight: bold;\\\">El panorama es todav\u00eda m\u00e1s preocupante si se tiene en cuenta que la ciudad cerr\u00f3 el a\u00f1o pasado en el \u201ctop 6\u201d de ciudades capitales con mayor n\u00famero de siniestros viales; una posici\u00f3n que incluso podr\u00eda superar este a\u00f1o si las cifras contin\u00faan creciendo como lo han hecho hasta ahora. <\/span><\/p>\n<p class=\\\"MsoNormal\\\" style=\\\"text-align: justify;\\\"><span lang=\\\"es\\\" style=\\\"font-size: 12.0pt; line-height: 107%; font-family: \\'Arial\\',sans-serif; mso-ansi-language: #000A; mso-bidi-font-weight: bold;\\\">Para<\/span><b style=\\\"mso-bidi-font-weight: normal;\\\"><span lang=\\\"es\\\" style=\\\"font-size: 12.0pt; line-height: 107%; font-family: \\'Arial\\',sans-serif; mso-ansi-language: #000A;\\\"> Luz Helena Velosa, gerente de sucursal de Ibagu\u00e9 y Neiva en Allianz Colombia, <\/span><\/b><span lang=\\\"es\\\" style=\\\"font-size: 12.0pt; line-height: 107%; font-family: \\'Arial\\',sans-serif; mso-ansi-language: #000A; mso-bidi-font-weight: bold;\\\">si se tiene en cuenta que la accidentalidad vial es un asunto de salud p\u00fablica, especialmente en regiones con altos \u00edndices como el suroccidente del pa\u00eds, la responsabilidad de mitigar y reducir los factores de riesgo asociados a la siniestralidad vial no es exclusiva de las autoridades gubernamentales pues, tanto el sector privado como la sociedad civil, deben aportar su \u201cgranito de arena\u201d para ayudar a proteger la vida en las calles y carreteras del pa\u00eds.<\/span><\/p>\n<p class=\\\"MsoNormal\\\" style=\\\"text-align: justify;\\\"><span lang=\\\"es\\\" style=\\\"font-size: 12.0pt; line-height: 107%; font-family: \\'Arial\\',sans-serif; mso-ansi-language: #000A; mso-bidi-font-weight: bold;\\\">\u201cEn Allianz Colombia sabemos que nuestro rol es integral, no solo al momento de acompa\u00f1ar a los asegurados por medio de un papel activo en el momento de un siniestro, sino, especialmente, como agente de prevenci\u00f3n y disminuci\u00f3n de los accidentes a trav\u00e9s de campa\u00f1as y programas que inviten a conductores, peatones y todos los actores viales a adquirir h\u00e1bitos y comportamientos m\u00e1s seguros, sabiendo que todos tenemos algo en com\u00fan: al finalizar la jornada, nos esperan en casa\u201d, afirma la ejecutiva. <span style=\\\"mso-spacerun: yes;\\\">\u00a0<\/span><\/span><\/p>\n<p class=\\\"MsoNormal\\\" style=\\\"text-align: justify;\\\"><b style=\\\"mso-bidi-font-weight: normal;\\\"><span lang=\\\"es\\\" style=\\\"font-size: 12.0pt; line-height: 107%; font-family: \\'Arial\\',sans-serif; mso-ansi-language: #000A;\\\">Acciones que contribuyen a solventar esta problem\u00e1tica: <\/span><\/b><\/p>\n<p class=\\\"MsoNormal\\\" style=\\\"text-align: justify;\\\"><span lang=\\\"es\\\" style=\\\"font-size: 12.0pt; line-height: 107%; font-family: \\'Arial\\',sans-serif; mso-ansi-language: #000A; mso-bidi-font-weight: bold;\\\">Aunque en Colombia el seguro de veh\u00edculos sigue siendo el producto m\u00e1s demandado en el mercado asegurador, todav\u00eda un poco m\u00e1s del 50% de los 15 millones de veh\u00edculos que hay aproximadamente en el pa\u00eds circulan sin un seguro (incluyendo el SOAT), de acuerdo con datos del Registro \u00danico Nacional de Tr\u00e1nsito (RUNT). <span style=\\\"mso-spacerun: yes;\\\">\u00a0<\/span><\/span><\/p>\n<p class=\\\"MsoNormal\\\" style=\\\"text-align: justify;\\\"><span lang=\\\"es\\\" style=\\\"font-size: 12.0pt; line-height: 107%; font-family: \\'Arial\\',sans-serif; mso-ansi-language: #000A; mso-bidi-font-weight: bold;\\\">\u201cEsto habla mucho de la baja penetraci\u00f3n de seguros que existe en Colombia. Por eso, una de nuestras m\u00e1ximas tareas es impulsar una cultura aseguradora en el pa\u00eds, para que m\u00e1s ciudadanos entiendan la importancia de contar con un seguro como mecanismo de resiliencia financiera, no solo a gran escala, sino en la propia econom\u00eda familiar\u201d, agrega Velosa. <\/span><\/p>\n<p class=\\\"MsoNormal\\\" style=\\\"text-align: justify;\\\"><span lang=\\\"es\\\" style=\\\"font-size: 12.0pt; line-height: 107%; font-family: \\'Arial\\',sans-serif; mso-ansi-language: #000A; mso-bidi-font-weight: bold;\\\">Entre las acciones que Allianz Colombia lleva a cabo para atenuar esta problem\u00e1tica en zonas de alta accidentalidad vial, como Ibagu\u00e9, se encuentran: <\/span><\/p>\n<p class=\\\"MsoNormal\\\" style=\\\"margin-left: 36.0pt; text-align: justify; text-indent: -18.0pt; mso-list: l0 level1 lfo1;\\\"><!-- [if !supportLists]--><span lang=\\\"es\\\" style=\\\"font-size: 12.0pt; line-height: 107%; font-family: \\'Arial\\',sans-serif; mso-fareast-font-family: Arial; mso-ansi-language: #000A; mso-bidi-font-weight: bold;\\\"><span style=\\\"mso-list: Ignore;\\\">&#8211;<span style=\\\"font: 7.0pt \\'Times New Roman\\';\\\">\u00a0\u00a0\u00a0\u00a0\u00a0\u00a0 <\/span><\/span><\/span><!--[endif]--><b><span lang=\\\"es\\\" style=\\\"font-size: 12.0pt; line-height: 107%; font-family: \\'Arial\\',sans-serif; mso-ansi-language: #000A;\\\">Beneficio econ\u00f3mico:<\/span><\/b><span lang=\\\"es\\\" style=\\\"font-size: 12.0pt; line-height: 107%; font-family: \\'Arial\\',sans-serif; mso-ansi-language: #000A; mso-bidi-font-weight: bold;\\\"> al momento de sufrir un siniestro vial, las aseguradoras se encargan de reparar o indemnizar los da\u00f1os accidentales generados tanto en los veh\u00edculos de terceros como en el auto del asegurado. De esta manera, las consecuencias o responsabilidades econ\u00f3micas se amortiguan y distribuyen, resultando as\u00ed en un beneficio individual y hasta colectivo para todos los involucrados en el incidente<\/span><\/p>\n<p class=\\\"MsoNormal\\\" style=\\\"margin-left: 36.0pt; text-align: justify; text-indent: -18.0pt; mso-list: l0 level1 lfo1;\\\"><!-- [if !supportLists]--><span lang=\\\"es\\\" style=\\\"font-size: 12.0pt; line-height: 107%; font-family: \\'Arial\\',sans-serif; mso-fareast-font-family: Arial; mso-ansi-language: #000A;\\\"><span style=\\\"mso-list: Ignore;\\\">&#8211;<span style=\\\"font: 7.0pt \\'Times New Roman\\';\\\">\u00a0\u00a0\u00a0\u00a0\u00a0\u00a0 <\/span><\/span><\/span><!--[endif]--><b style=\\\"mso-bidi-font-weight: normal;\\\"><span lang=\\\"es\\\" style=\\\"font-size: 12.0pt; line-height: 107%; font-family: \\'Arial\\',sans-serif; mso-ansi-language: #000A;\\\">Asesor\u00eda legal y agilidad en los tr\u00e1mites: <\/span><\/b><span lang=\\\"es\\\" style=\\\"font-size: 12.0pt; line-height: 107%; font-family: \\'Arial\\',sans-serif; mso-ansi-language: #000A; mso-bidi-font-weight: bold;\\\">tras un accidente de tr\u00e1nsito, los tr\u00e1mites legales suelen ser igual o incluso m\u00e1s engorrosos y apremiantes que los costos econ\u00f3micos derivados de este.<\/span> <span lang=\\\"es\\\" style=\\\"font-size: 12.0pt; line-height: 107%; font-family: \\'Arial\\',sans-serif; mso-ansi-language: #000A; mso-bidi-font-weight: bold;\\\">Por eso, compa\u00f1\u00edas como Allianz Colombia brindan asistencia y asesor\u00eda jur\u00eddica a sus asegurados, en procesos penales o civiles, para ofrecerles el mejor acompa\u00f1amiento profesional y humano en estos momentos angustiantes.<\/span><\/p>\n<p class=\\\"MsoNormal\\\" style=\\\"text-align: justify;\\\"><span lang=\\\"es\\\" style=\\\"font-size: 12.0pt; line-height: 107%; font-family: \\'Arial\\',sans-serif; mso-ansi-language: #000A; mso-bidi-font-weight: bold;\\\">\u201cAsimismo, nuestra tecnolog\u00eda permite que nuestros abogados concilien y cierren en el sitio del accidente la mayor\u00eda de los casos que requieran asistencia legal, contribuyendo a agilizar y descongestionar el tr\u00e1mite de estos procesos jur\u00eddicos\u201d, a\u00f1ade Velosa. <\/span><\/p>\n<p class=\\\"MsoNormal\\\" style=\\\"text-align: justify;\\\"><span lang=\\\"es\\\" style=\\\"font-size: 12.0pt; line-height: 107%; font-family: \\'Arial\\',sans-serif; mso-ansi-language: #000A; mso-bidi-font-weight: bold;\\\">\u00a0<\/span><\/p>\n<p class=\\\"MsoNormal\\\" style=\\\"margin-left: 36.0pt; text-align: justify; text-indent: -18.0pt; mso-list: l0 level1 lfo1;\\\"><!-- [if !supportLists]--><span lang=\\\"es\\\" style=\\\"font-size: 12.0pt; line-height: 107%; font-family: \\'Arial\\',sans-serif; mso-fareast-font-family: Arial; mso-ansi-language: #000A;\\\"><span style=\\\"mso-list: Ignore;\\\">&#8211;<span style=\\\"font: 7.0pt \\'Times New Roman\\';\\\">\u00a0\u00a0\u00a0\u00a0\u00a0\u00a0 <\/span><\/span><\/span><!--[endif]--><b style=\\\"mso-bidi-font-weight: normal;\\\"><span lang=\\\"es\\\" style=\\\"font-size: 12.0pt; line-height: 107%; font-family: \\'Arial\\',sans-serif; mso-ansi-language: #000A;\\\">Protecci\u00f3n y asistencia personal: <\/span><\/b><span lang=\\\"es\\\" style=\\\"font-size: 12.0pt; line-height: 107%; font-family: \\'Arial\\',sans-serif; mso-ansi-language: #000A; mso-bidi-font-weight: bold;\\\">preservar la vida y garantizar la integridad f\u00edsica de los involucrados en un siniestro vial es, sin duda, lo m\u00e1s importante. Por esta raz\u00f3n, las aseguradoras suelen ofrecer una indemnizaci\u00f3n a sus clientes que resulten gravemente heridos en un accidente. Igualmente, y seg\u00fan coberturas, incluyen da\u00f1os a las personas o terceros que se hayan visto afectados. <\/span><\/p>\n<p class=\\\"MsoNormal\\\" style=\\\"margin-left: 36.0pt; text-align: justify; text-indent: -18.0pt; mso-list: l0 level1 lfo1;\\\"><!-- [if !supportLists]--><span lang=\\\"es\\\" style=\\\"font-size: 12.0pt; line-height: 107%; font-family: \\'Arial\\',sans-serif; mso-fareast-font-family: Arial; mso-ansi-language: #000A; mso-bidi-font-weight: bold;\\\"><span style=\\\"mso-list: Ignore;\\\">&#8211;<span style=\\\"font: 7.0pt \\'Times New Roman\\';\\\">\u00a0\u00a0\u00a0\u00a0\u00a0\u00a0 <\/span><\/span><\/span><!--[endif]--><b style=\\\"mso-bidi-font-weight: normal;\\\"><span lang=\\\"es\\\" style=\\\"font-size: 12.0pt; line-height: 107%; font-family: \\'Arial\\',sans-serif; mso-ansi-language: #000A;\\\">Programas de prevenci\u00f3n vial: <\/span><\/b><span lang=\\\"es\\\" style=\\\"font-size: 12.0pt; line-height: 107%; font-family: \\'Arial\\',sans-serif; mso-ansi-language: #000A; mso-bidi-font-weight: bold;\\\">las compa\u00f1\u00edas aseguradoras cumplen un rol muy importante a la hora de articular esfuerzos con las autoridades gubernamentales y la poblaci\u00f3n civil para impulsar campa\u00f1as y\/o estrat\u00e9gicas de prevenci\u00f3n, que contribuyan a generar cambios positivos en los h\u00e1bitos y comportamientos de los conductores y dem\u00e1s actores viales. <\/span><\/p>\n<p class=\\\"MsoNormal\\\" style=\\\"text-align: justify;\\\"><b style=\\\"mso-bidi-font-weight: normal;\\\"><span lang=\\\"es\\\" style=\\\"font-size: 12.0pt; line-height: 107%; font-family: \\'Arial\\',sans-serif; mso-ansi-language: #000A;\\\">\u00a0<\/span><\/b><\/p>\n<p class=\\\"MsoNormal\\\" style=\\\"text-align: justify;\\\"><span lang=\\\"es\\\" style=\\\"font-size: 12.0pt; line-height: 107%; font-family: \\'Arial\\',sans-serif; mso-ansi-language: #000A; mso-bidi-font-weight: bold;\\\">En este sentido, Allianz Colombia es pionera en temas de prevenci\u00f3n vial en el pa\u00eds, gracias a su programa <\/span><b style=\\\"mso-bidi-font-weight: normal;\\\"><span lang=\\\"es\\\" style=\\\"font-size: 12.0pt; line-height: 107%; font-family: \\'Arial\\',sans-serif; mso-ansi-language: #000A;\\\">\u2018Conduce Seguro\u2019<\/span><\/b><span lang=\\\"es\\\" style=\\\"font-size: 12.0pt; line-height: 107%; font-family: \\'Arial\\',sans-serif; mso-ansi-language: #000A; mso-bidi-font-weight: bold;\\\"> que, a trav\u00e9s de equipos de \u00faltima tecnolog\u00eda, ha logrado impactar a m\u00e1s de 283 mil conductores, con el objetivo de ayudar a disminuir los accidentes en las v\u00edas y a generar conciencia acerca de esta problem\u00e1tica.<span style=\\\"mso-spacerun: yes;\\\">\u00a0 <\/span><\/span><\/p>\n<p class=\\\"MsoNormal\\\" style=\\\"text-align: justify;\\\"><span lang=\\\"es\\\" style=\\\"font-size: 12.0pt; line-height: 107%; font-family: \\'Arial\\',sans-serif; mso-ansi-language: #000A; mso-bidi-font-weight: bold;\\\">\u00a0<\/span><\/p>\n<p class=\\\"MsoNormal\\\" style=\\\"text-align: justify;\\\"><span style=\\\"font-size: 12.0pt; line-height: 107%; font-family: \\'Arial\\',sans-serif;\\\">\u00a0<\/span><\/p>\n<p class=\\\"MsoNormal\\\" style=\\\"text-align: justify;\\\"><span style=\\\"font-size: 12.0pt; line-height: 107%; font-family: \\'Arial\\',sans-serif;\\\">\u00a0<\/span><\/p>\n","protected":false},"excerpt":{"rendered":"<p>En lo corrido de este a\u00f1o, las cifras (lejos de disminuir) han aumentado significativamente en el departamento, generando una mayor [&hellip;]<\/p>\n","protected":false},"author":1,"featured_media":0,"comment_status":"open","ping_status":"open","sticky":false,"template":"","format":"standard","meta":{"site-sidebar-layout":"default","site-content-layout":"","ast-site-content-layout":"default","site-content-style":"default","site-sidebar-style":"default","ast-global-header-display":"","ast-banner-title-visibility":"","ast-main-header-display":"","ast-hfb-above-header-display":"","ast-hfb-below-header-display":"","ast-hfb-mobile-header-display":"","site-post-title":"","ast-breadcrumbs-content":"","ast-featured-img":"","footer-sml-layout":"","ast-disable-related-posts":"","theme-transparent-header-meta":"","adv-header-id-meta":"","stick-header-meta":"","header-above-stick-meta":"","header-main-stick-meta":"","header-below-stick-meta":"","astra-migrate-meta-layouts":"default","ast-page-background-enabled":"default","ast-page-background-meta":{"desktop":{"background-color":"var(--ast-global-color-4)","background-image":"","background-repeat":"repeat","background-position":"center center","background-size":"auto","background-attachment":"scroll","background-type":"","background-media":"","overlay-type":"","overlay-color":"","overlay-opacity":"","overlay-gradient":""},"tablet":{"background-color":"","background-image":"","background-repeat":"repeat","background-position":"center center","background-size":"auto","background-attachment":"scroll","background-type":"","background-media":"","overlay-type":"","overlay-color":"","overlay-opacity":"","overlay-gradient":""},"mobile":{"background-color":"","background-image":"","background-repeat":"repeat","background-position":"center center","background-size":"auto","background-attachment":"scroll","background-type":"","background-media":"","overlay-type":"","overlay-color":"","overlay-opacity":"","overlay-gradient":""}},"ast-content-background-meta":{"desktop":{"background-color":"var(--ast-global-color-5)","background-image":"","background-repeat":"repeat","background-position":"center center","background-size":"auto","background-attachment":"scroll","background-type":"","background-media":"","overlay-type":"","overlay-color":"","overlay-opacity":"","overlay-gradient":""},"tablet":{"background-color":"var(--ast-global-color-5)","background-image":"","background-repeat":"repeat","background-position":"center center","background-size":"auto","background-attachment":"scroll","background-type":"","background-media":"","overlay-type":"","overlay-color":"","overlay-opacity":"","overlay-gradient":""},"mobile":{"background-color":"var(--ast-global-color-5)","background-image":"","background-repeat":"repeat","background-position":"center center","background-size":"auto","background-attachment":"scroll","background-type":"","background-media":"","overlay-type":"","overlay-color":"","overlay-opacity":"","overlay-gradient":""}},"footnotes":""},"categories":[19],"tags":[],"class_list":["post-9947","post","type-post","status-publish","format-standard","hentry","category-ibague"],"yoast_head":"<!-- This site is optimized with the Yoast SEO plugin v27.5 - https:\/\/yoast.com\/product\/yoast-seo-wordpress\/ -->\n<title>Ibagu\u00e9, en el top de las ciudades con mayor accidentalidad - El Confesionario<\/title>\n<meta name=\"robots\" content=\"index, follow, max-snippet:-1, max-image-preview:large, max-video-preview:-1\" \/>\n<link rel=\"canonical\" href=\"https:\/\/confesionario.co\/w\/ibague-en-el-top-de-las-ciudades-con-mayor-accidentalidad\/\" \/>\n<meta property=\"og:locale\" content=\"es_ES\" \/>\n<meta property=\"og:type\" content=\"article\" \/>\n<meta property=\"og:title\" content=\"Ibagu\u00e9, en el top de las ciudades con mayor accidentalidad - El Confesionario\" \/>\n<meta property=\"og:description\" content=\"En lo corrido de este a\u00f1o, las cifras (lejos de disminuir) han aumentado significativamente en el departamento, generando una mayor [&hellip;]\" \/>\n<meta property=\"og:url\" content=\"https:\/\/confesionario.co\/w\/ibague-en-el-top-de-las-ciudades-con-mayor-accidentalidad\/\" \/>\n<meta property=\"og:site_name\" content=\"El Confesionario\" \/>\n<meta property=\"article:published_time\" content=\"2022-10-11T20:27:58+00:00\" \/>\n<meta name=\"author\" content=\"admin\" \/>\n<meta name=\"twitter:card\" content=\"summary_large_image\" \/>\n<meta name=\"twitter:label1\" content=\"Escrito por\" \/>\n\t<meta name=\"twitter:data1\" content=\"admin\" \/>\n\t<meta name=\"twitter:label2\" content=\"Tiempo de lectura\" \/>\n\t<meta name=\"twitter:data2\" content=\"5 minutos\" \/>\n<script type=\"application\/ld+json\" class=\"yoast-schema-graph\">{\"@context\":\"https:\\\/\\\/schema.org\",\"@graph\":[{\"@type\":\"Article\",\"@id\":\"https:\\\/\\\/confesionario.co\\\/w\\\/ibague-en-el-top-de-las-ciudades-con-mayor-accidentalidad\\\/#article\",\"isPartOf\":{\"@id\":\"https:\\\/\\\/confesionario.co\\\/w\\\/ibague-en-el-top-de-las-ciudades-con-mayor-accidentalidad\\\/\"},\"author\":{\"name\":\"admin\",\"@id\":\"https:\\\/\\\/confesionario.co\\\/w\\\/#\\\/schema\\\/person\\\/85e99333497749318afab96ea0cc2342\"},\"headline\":\"Ibagu\u00e9, en el top de las ciudades con mayor accidentalidad\",\"datePublished\":\"2022-10-11T20:27:58+00:00\",\"mainEntityOfPage\":{\"@id\":\"https:\\\/\\\/confesionario.co\\\/w\\\/ibague-en-el-top-de-las-ciudades-con-mayor-accidentalidad\\\/\"},\"wordCount\":974,\"commentCount\":0,\"publisher\":{\"@id\":\"https:\\\/\\\/confesionario.co\\\/w\\\/#organization\"},\"articleSection\":[\"Ibagu\u00e9\"],\"inLanguage\":\"es\",\"potentialAction\":[{\"@type\":\"CommentAction\",\"name\":\"Comment\",\"target\":[\"https:\\\/\\\/confesionario.co\\\/w\\\/ibague-en-el-top-de-las-ciudades-con-mayor-accidentalidad\\\/#respond\"]}]},{\"@type\":\"WebPage\",\"@id\":\"https:\\\/\\\/confesionario.co\\\/w\\\/ibague-en-el-top-de-las-ciudades-con-mayor-accidentalidad\\\/\",\"url\":\"https:\\\/\\\/confesionario.co\\\/w\\\/ibague-en-el-top-de-las-ciudades-con-mayor-accidentalidad\\\/\",\"name\":\"Ibagu\u00e9, en el top de las ciudades con mayor accidentalidad - El Confesionario\",\"isPartOf\":{\"@id\":\"https:\\\/\\\/confesionario.co\\\/w\\\/#website\"},\"datePublished\":\"2022-10-11T20:27:58+00:00\",\"breadcrumb\":{\"@id\":\"https:\\\/\\\/confesionario.co\\\/w\\\/ibague-en-el-top-de-las-ciudades-con-mayor-accidentalidad\\\/#breadcrumb\"},\"inLanguage\":\"es\",\"potentialAction\":[{\"@type\":\"ReadAction\",\"target\":[\"https:\\\/\\\/confesionario.co\\\/w\\\/ibague-en-el-top-de-las-ciudades-con-mayor-accidentalidad\\\/\"]}]},{\"@type\":\"BreadcrumbList\",\"@id\":\"https:\\\/\\\/confesionario.co\\\/w\\\/ibague-en-el-top-de-las-ciudades-con-mayor-accidentalidad\\\/#breadcrumb\",\"itemListElement\":[{\"@type\":\"ListItem\",\"position\":1,\"name\":\"Portada\",\"item\":\"https:\\\/\\\/confesionario.co\\\/w\\\/\"},{\"@type\":\"ListItem\",\"position\":2,\"name\":\"Ibagu\u00e9, en el top de las ciudades con mayor accidentalidad\"}]},{\"@type\":\"WebSite\",\"@id\":\"https:\\\/\\\/confesionario.co\\\/w\\\/#website\",\"url\":\"https:\\\/\\\/confesionario.co\\\/w\\\/\",\"name\":\"El Confesionario\",\"description\":\"\",\"publisher\":{\"@id\":\"https:\\\/\\\/confesionario.co\\\/w\\\/#organization\"},\"potentialAction\":[{\"@type\":\"SearchAction\",\"target\":{\"@type\":\"EntryPoint\",\"urlTemplate\":\"https:\\\/\\\/confesionario.co\\\/w\\\/?s={search_term_string}\"},\"query-input\":{\"@type\":\"PropertyValueSpecification\",\"valueRequired\":true,\"valueName\":\"search_term_string\"}}],\"inLanguage\":\"es\"},{\"@type\":\"Organization\",\"@id\":\"https:\\\/\\\/confesionario.co\\\/w\\\/#organization\",\"name\":\"El Confesionario\",\"url\":\"https:\\\/\\\/confesionario.co\\\/w\\\/\",\"logo\":{\"@type\":\"ImageObject\",\"inLanguage\":\"es\",\"@id\":\"https:\\\/\\\/confesionario.co\\\/w\\\/#\\\/schema\\\/logo\\\/image\\\/\",\"url\":\"https:\\\/\\\/confesionario.co\\\/w\\\/wp-content\\\/uploads\\\/2026\\\/02\\\/confesionario-horizontal.png\",\"contentUrl\":\"https:\\\/\\\/confesionario.co\\\/w\\\/wp-content\\\/uploads\\\/2026\\\/02\\\/confesionario-horizontal.png\",\"width\":581,\"height\":148,\"caption\":\"El Confesionario\"},\"image\":{\"@id\":\"https:\\\/\\\/confesionario.co\\\/w\\\/#\\\/schema\\\/logo\\\/image\\\/\"}},{\"@type\":\"Person\",\"@id\":\"https:\\\/\\\/confesionario.co\\\/w\\\/#\\\/schema\\\/person\\\/85e99333497749318afab96ea0cc2342\",\"name\":\"admin\",\"image\":{\"@type\":\"ImageObject\",\"inLanguage\":\"es\",\"@id\":\"https:\\\/\\\/secure.gravatar.com\\\/avatar\\\/f3358fe09cfbbfc24265a18ea411b8ee8e54296a50fb17d8acf3cffca66240d2?s=96&d=mm&r=g\",\"url\":\"https:\\\/\\\/secure.gravatar.com\\\/avatar\\\/f3358fe09cfbbfc24265a18ea411b8ee8e54296a50fb17d8acf3cffca66240d2?s=96&d=mm&r=g\",\"contentUrl\":\"https:\\\/\\\/secure.gravatar.com\\\/avatar\\\/f3358fe09cfbbfc24265a18ea411b8ee8e54296a50fb17d8acf3cffca66240d2?s=96&d=mm&r=g\",\"caption\":\"admin\"},\"sameAs\":[\"https:\\\/\\\/elconfesionario.co\\\/w\"],\"url\":\"https:\\\/\\\/confesionario.co\\\/w\\\/author\\\/osabuena\\\/\"}]}<\/script>\n<!-- \/ Yoast SEO plugin. -->","yoast_head_json":{"title":"Ibagu\u00e9, en el top de las ciudades con mayor accidentalidad - El Confesionario","robots":{"index":"index","follow":"follow","max-snippet":"max-snippet:-1","max-image-preview":"max-image-preview:large","max-video-preview":"max-video-preview:-1"},"canonical":"https:\/\/confesionario.co\/w\/ibague-en-el-top-de-las-ciudades-con-mayor-accidentalidad\/","og_locale":"es_ES","og_type":"article","og_title":"Ibagu\u00e9, en el top de las ciudades con mayor accidentalidad - El Confesionario","og_description":"En lo corrido de este a\u00f1o, las cifras (lejos de disminuir) han aumentado significativamente en el departamento, generando una mayor [&hellip;]","og_url":"https:\/\/confesionario.co\/w\/ibague-en-el-top-de-las-ciudades-con-mayor-accidentalidad\/","og_site_name":"El Confesionario","article_published_time":"2022-10-11T20:27:58+00:00","author":"admin","twitter_card":"summary_large_image","twitter_misc":{"Escrito por":"admin","Tiempo de lectura":"5 minutos"},"schema":{"@context":"https:\/\/schema.org","@graph":[{"@type":"Article","@id":"https:\/\/confesionario.co\/w\/ibague-en-el-top-de-las-ciudades-con-mayor-accidentalidad\/#article","isPartOf":{"@id":"https:\/\/confesionario.co\/w\/ibague-en-el-top-de-las-ciudades-con-mayor-accidentalidad\/"},"author":{"name":"admin","@id":"https:\/\/confesionario.co\/w\/#\/schema\/person\/85e99333497749318afab96ea0cc2342"},"headline":"Ibagu\u00e9, en el top de las ciudades con mayor accidentalidad","datePublished":"2022-10-11T20:27:58+00:00","mainEntityOfPage":{"@id":"https:\/\/confesionario.co\/w\/ibague-en-el-top-de-las-ciudades-con-mayor-accidentalidad\/"},"wordCount":974,"commentCount":0,"publisher":{"@id":"https:\/\/confesionario.co\/w\/#organization"},"articleSection":["Ibagu\u00e9"],"inLanguage":"es","potentialAction":[{"@type":"CommentAction","name":"Comment","target":["https:\/\/confesionario.co\/w\/ibague-en-el-top-de-las-ciudades-con-mayor-accidentalidad\/#respond"]}]},{"@type":"WebPage","@id":"https:\/\/confesionario.co\/w\/ibague-en-el-top-de-las-ciudades-con-mayor-accidentalidad\/","url":"https:\/\/confesionario.co\/w\/ibague-en-el-top-de-las-ciudades-con-mayor-accidentalidad\/","name":"Ibagu\u00e9, en el top de las ciudades con mayor accidentalidad - El Confesionario","isPartOf":{"@id":"https:\/\/confesionario.co\/w\/#website"},"datePublished":"2022-10-11T20:27:58+00:00","breadcrumb":{"@id":"https:\/\/confesionario.co\/w\/ibague-en-el-top-de-las-ciudades-con-mayor-accidentalidad\/#breadcrumb"},"inLanguage":"es","potentialAction":[{"@type":"ReadAction","target":["https:\/\/confesionario.co\/w\/ibague-en-el-top-de-las-ciudades-con-mayor-accidentalidad\/"]}]},{"@type":"BreadcrumbList","@id":"https:\/\/confesionario.co\/w\/ibague-en-el-top-de-las-ciudades-con-mayor-accidentalidad\/#breadcrumb","itemListElement":[{"@type":"ListItem","position":1,"name":"Portada","item":"https:\/\/confesionario.co\/w\/"},{"@type":"ListItem","position":2,"name":"Ibagu\u00e9, en el top de las ciudades con mayor accidentalidad"}]},{"@type":"WebSite","@id":"https:\/\/confesionario.co\/w\/#website","url":"https:\/\/confesionario.co\/w\/","name":"El Confesionario","description":"","publisher":{"@id":"https:\/\/confesionario.co\/w\/#organization"},"potentialAction":[{"@type":"SearchAction","target":{"@type":"EntryPoint","urlTemplate":"https:\/\/confesionario.co\/w\/?s={search_term_string}"},"query-input":{"@type":"PropertyValueSpecification","valueRequired":true,"valueName":"search_term_string"}}],"inLanguage":"es"},{"@type":"Organization","@id":"https:\/\/confesionario.co\/w\/#organization","name":"El Confesionario","url":"https:\/\/confesionario.co\/w\/","logo":{"@type":"ImageObject","inLanguage":"es","@id":"https:\/\/confesionario.co\/w\/#\/schema\/logo\/image\/","url":"https:\/\/confesionario.co\/w\/wp-content\/uploads\/2026\/02\/confesionario-horizontal.png","contentUrl":"https:\/\/confesionario.co\/w\/wp-content\/uploads\/2026\/02\/confesionario-horizontal.png","width":581,"height":148,"caption":"El Confesionario"},"image":{"@id":"https:\/\/confesionario.co\/w\/#\/schema\/logo\/image\/"}},{"@type":"Person","@id":"https:\/\/confesionario.co\/w\/#\/schema\/person\/85e99333497749318afab96ea0cc2342","name":"admin","image":{"@type":"ImageObject","inLanguage":"es","@id":"https:\/\/secure.gravatar.com\/avatar\/f3358fe09cfbbfc24265a18ea411b8ee8e54296a50fb17d8acf3cffca66240d2?s=96&d=mm&r=g","url":"https:\/\/secure.gravatar.com\/avatar\/f3358fe09cfbbfc24265a18ea411b8ee8e54296a50fb17d8acf3cffca66240d2?s=96&d=mm&r=g","contentUrl":"https:\/\/secure.gravatar.com\/avatar\/f3358fe09cfbbfc24265a18ea411b8ee8e54296a50fb17d8acf3cffca66240d2?s=96&d=mm&r=g","caption":"admin"},"sameAs":["https:\/\/elconfesionario.co\/w"],"url":"https:\/\/confesionario.co\/w\/author\/osabuena\/"}]}},"jetpack_featured_media_url":"","_links":{"self":[{"href":"https:\/\/confesionario.co\/w\/wp-json\/wp\/v2\/posts\/9947","targetHints":{"allow":["GET"]}}],"collection":[{"href":"https:\/\/confesionario.co\/w\/wp-json\/wp\/v2\/posts"}],"about":[{"href":"https:\/\/confesionario.co\/w\/wp-json\/wp\/v2\/types\/post"}],"author":[{"embeddable":true,"href":"https:\/\/confesionario.co\/w\/wp-json\/wp\/v2\/users\/1"}],"replies":[{"embeddable":true,"href":"https:\/\/confesionario.co\/w\/wp-json\/wp\/v2\/comments?post=9947"}],"version-history":[{"count":0,"href":"https:\/\/confesionario.co\/w\/wp-json\/wp\/v2\/posts\/9947\/revisions"}],"wp:attachment":[{"href":"https:\/\/confesionario.co\/w\/wp-json\/wp\/v2\/media?parent=9947"}],"wp:term":[{"taxonomy":"category","embeddable":true,"href":"https:\/\/confesionario.co\/w\/wp-json\/wp\/v2\/categories?post=9947"},{"taxonomy":"post_tag","embeddable":true,"href":"https:\/\/confesionario.co\/w\/wp-json\/wp\/v2\/tags?post=9947"}],"curies":[{"name":"wp","href":"https:\/\/api.w.org\/{rel}","templated":true}]}}