{"id":9952,"date":"2022-10-17T01:13:10","date_gmt":"2022-10-17T01:13:10","guid":{"rendered":"https:\/\/confesionario.co\/w\/in-memoriam-lo-que-no-debe-pasar\/"},"modified":"2022-10-17T01:13:10","modified_gmt":"2022-10-17T01:13:10","slug":"in-memoriam-lo-que-no-debe-pasar","status":"publish","type":"post","link":"https:\/\/confesionario.co\/w\/in-memoriam-lo-que-no-debe-pasar\/","title":{"rendered":"In memoriam &#8211; lo que no debe pasar"},"content":{"rendered":"<p class=\\\"MsoNormal\\\" style=\\\"text-align: justify;\\\"><span lang=\\\"ES-MX\\\" style=\\\"font-size: 12.0pt; line-height: 107%; font-family: \\'Arial\\',sans-serif; mso-ansi-language: ES-MX; mso-bidi-font-weight: bold;\\\">Nos sorprendi\u00f3 hace pocos d\u00edas la muerte de un buen amigo que muchos en el Tolima y el pa\u00eds conocimos: Alfonso G\u00f3mez Lugo, \u201cAlfonsito\u201d le dec\u00edamos, un hombre de buenas maneras, diplom\u00e1tico, servicial.<\/span><\/p>\n<p><!--more--><\/p>\n<p class=\\\"MsoNormal\\\" style=\\\"text-align: justify;\\\"><span lang=\\\"ES-MX\\\" style=\\\"font-size: 12.0pt; line-height: 107%; font-family: \\'Arial\\',sans-serif; mso-ansi-language: ES-MX;\\\">Estos d\u00edas he sentido una profunda tristeza, llegamos a una edad donde se vuelve recurrente asistir a los fallecimientos de amigos, conocidos o familiares, con las consecuencias emocionales que eso produce, en algunos casos devastadoras. <\/span><\/p>\n<p class=\\\"MsoNormal\\\" style=\\\"text-align: justify;\\\"><span lang=\\\"ES-MX\\\" style=\\\"font-size: 12.0pt; line-height: 107%; font-family: \\'Arial\\',sans-serif; mso-ansi-language: ES-MX;\\\">Nos sorprendi\u00f3 hace pocos d\u00edas la muerte de un buen amigo que muchos en el Tolima y el pa\u00eds conocimos: Alfonso G\u00f3mez Lugo, \u201cAlfonsito\u201d le dec\u00edamos, un hombre de buenas maneras, diplom\u00e1tico, servicial, componedor por excelencia, tolimense orgulloso, hijo del ilustre tolimense, tal vez el m\u00e1s representativo de nuestra generaci\u00f3n Alfonso G\u00f3mez M\u00e9ndez, quien recorri\u00f3 todos los poderes del Estado con sobradas cualidades y calidades, dejando en lo m\u00e1s alto el nombre de nuestro departamento, a G\u00f3mez M\u00e9ndez lo \u00fanico que le ha faltado en su hoja de vida es ser presidente, es de los pocos hombres universales y con dotes de estadista que le quedan al pa\u00eds, su originalidad, desparpajada naturaleza, excelsa capacidad intelectual y orgullo de ser tolimense, lo hacen un hombre sobre el cual a\u00fan esperamos mucho. <\/span><\/p>\n<p class=\\\"MsoNormal\\\" style=\\\"text-align: justify;\\\"><span lang=\\\"ES-MX\\\" style=\\\"font-size: 12.0pt; line-height: 107%; font-family: \\'Arial\\',sans-serif; mso-ansi-language: ES-MX;\\\">Quise escribir estas l\u00edneas para acompa\u00f1ar su dolor, para servir de b\u00e1lsamo a la herida incurable que produce la p\u00e9rdida de un hijo; lo que no debe ser, le est\u00e1 pasando a Alfonso, un hecho contranatural, absurdo e inexplicable, llego sin avisar, a todos nos sorprendi\u00f3, sin embargo, en el sepelio de \u201cAlfonsito\u201d se sinti\u00f3 y se vivi\u00f3 el cari\u00f1o, respeto y admiraci\u00f3n por Alfonso G\u00f3mez M\u00e9ndez, all\u00ed lleg\u00f3 el pa\u00eds pol\u00edtico y empresarial, personas de la talla de German Vargas, Juan Fernando Cristo, Nohem\u00ed San\u00edn, varios ministros del actual gobierno, magistrados de las cortes, periodistas como Alberto Casas y Roberto Pombo entre muchos, demuestran la importancia de un hombre nacido de las entra\u00f1as de nuestra tierra, que logr\u00f3 trascender y hoy el pa\u00eds lo quiere y respeta.<span style=\\\"mso-spacerun: yes;\\\">\u00a0 <\/span><\/span><\/p>\n<p class=\\\"MsoNormal\\\" style=\\\"text-align: justify;\\\"><span lang=\\\"ES-MX\\\" style=\\\"font-size: 12.0pt; line-height: 107%; font-family: \\'Arial\\',sans-serif; mso-ansi-language: ES-MX;\\\">Con Alfonso G\u00f3mez M\u00e9ndez, toda mi solidaridad y compa\u00f1\u00eda en este duro trance, recuperarse tomar\u00e1 tiempo, tal vez nunca lo haga, pero el cari\u00f1o y respeto demostrado hacia \u00c9l en semejante tragedia, servir\u00e1 de aliciente a su mente y coraz\u00f3n. Un hombre como Alfonso, lo necesitamos lucido y en\u00e9rgico, en medio de tanta crisis, de tanta necesidad de liderazgos y capacidad. <\/span><\/p>\n","protected":false},"excerpt":{"rendered":"<p>Nos sorprendi\u00f3 hace pocos d\u00edas la muerte de un buen amigo que muchos en el Tolima y el pa\u00eds conocimos: [&hellip;]<\/p>\n","protected":false},"author":1,"featured_media":0,"comment_status":"open","ping_status":"open","sticky":false,"template":"","format":"standard","meta":{"site-sidebar-layout":"default","site-content-layout":"","ast-site-content-layout":"default","site-content-style":"default","site-sidebar-style":"default","ast-global-header-display":"","ast-banner-title-visibility":"","ast-main-header-display":"","ast-hfb-above-header-display":"","ast-hfb-below-header-display":"","ast-hfb-mobile-header-display":"","site-post-title":"","ast-breadcrumbs-content":"","ast-featured-img":"","footer-sml-layout":"","ast-disable-related-posts":"","theme-transparent-header-meta":"","adv-header-id-meta":"","stick-header-meta":"","header-above-stick-meta":"","header-main-stick-meta":"","header-below-stick-meta":"","astra-migrate-meta-layouts":"default","ast-page-background-enabled":"default","ast-page-background-meta":{"desktop":{"background-color":"var(--ast-global-color-4)","background-image":"","background-repeat":"repeat","background-position":"center center","background-size":"auto","background-attachment":"scroll","background-type":"","background-media":"","overlay-type":"","overlay-color":"","overlay-opacity":"","overlay-gradient":""},"tablet":{"background-color":"","background-image":"","background-repeat":"repeat","background-position":"center center","background-size":"auto","background-attachment":"scroll","background-type":"","background-media":"","overlay-type":"","overlay-color":"","overlay-opacity":"","overlay-gradient":""},"mobile":{"background-color":"","background-image":"","background-repeat":"repeat","background-position":"center center","background-size":"auto","background-attachment":"scroll","background-type":"","background-media":"","overlay-type":"","overlay-color":"","overlay-opacity":"","overlay-gradient":""}},"ast-content-background-meta":{"desktop":{"background-color":"var(--ast-global-color-5)","background-image":"","background-repeat":"repeat","background-position":"center center","background-size":"auto","background-attachment":"scroll","background-type":"","background-media":"","overlay-type":"","overlay-color":"","overlay-opacity":"","overlay-gradient":""},"tablet":{"background-color":"var(--ast-global-color-5)","background-image":"","background-repeat":"repeat","background-position":"center center","background-size":"auto","background-attachment":"scroll","background-type":"","background-media":"","overlay-type":"","overlay-color":"","overlay-opacity":"","overlay-gradient":""},"mobile":{"background-color":"var(--ast-global-color-5)","background-image":"","background-repeat":"repeat","background-position":"center center","background-size":"auto","background-attachment":"scroll","background-type":"","background-media":"","overlay-type":"","overlay-color":"","overlay-opacity":"","overlay-gradient":""}},"footnotes":""},"categories":[13],"tags":[],"class_list":["post-9952","post","type-post","status-publish","format-standard","hentry","category-que-hacer-aqui"],"yoast_head":"<!-- This site is optimized with the Yoast SEO plugin v27.4 - https:\/\/yoast.com\/product\/yoast-seo-wordpress\/ -->\n<title>In memoriam - lo que no debe pasar - El Confesionario<\/title>\n<meta name=\"robots\" content=\"index, follow, max-snippet:-1, max-image-preview:large, max-video-preview:-1\" \/>\n<link rel=\"canonical\" href=\"https:\/\/confesionario.co\/w\/in-memoriam-lo-que-no-debe-pasar\/\" \/>\n<meta property=\"og:locale\" content=\"es_ES\" \/>\n<meta property=\"og:type\" content=\"article\" \/>\n<meta property=\"og:title\" content=\"In memoriam - lo que no debe pasar - El Confesionario\" \/>\n<meta property=\"og:description\" content=\"Nos sorprendi\u00f3 hace pocos d\u00edas la muerte de un buen amigo que muchos en el Tolima y el pa\u00eds conocimos: [&hellip;]\" \/>\n<meta property=\"og:url\" content=\"https:\/\/confesionario.co\/w\/in-memoriam-lo-que-no-debe-pasar\/\" \/>\n<meta property=\"og:site_name\" content=\"El Confesionario\" \/>\n<meta property=\"article:published_time\" content=\"2022-10-17T01:13:10+00:00\" \/>\n<meta name=\"author\" content=\"admin\" \/>\n<meta name=\"twitter:card\" content=\"summary_large_image\" \/>\n<meta name=\"twitter:label1\" content=\"Escrito por\" \/>\n\t<meta name=\"twitter:data1\" content=\"admin\" \/>\n\t<meta name=\"twitter:label2\" content=\"Tiempo de lectura\" \/>\n\t<meta name=\"twitter:data2\" content=\"2 minutos\" \/>\n<script type=\"application\/ld+json\" class=\"yoast-schema-graph\">{\"@context\":\"https:\\\/\\\/schema.org\",\"@graph\":[{\"@type\":\"Article\",\"@id\":\"https:\\\/\\\/confesionario.co\\\/w\\\/in-memoriam-lo-que-no-debe-pasar\\\/#article\",\"isPartOf\":{\"@id\":\"https:\\\/\\\/confesionario.co\\\/w\\\/in-memoriam-lo-que-no-debe-pasar\\\/\"},\"author\":{\"name\":\"admin\",\"@id\":\"https:\\\/\\\/confesionario.co\\\/w\\\/#\\\/schema\\\/person\\\/85e99333497749318afab96ea0cc2342\"},\"headline\":\"In memoriam &#8211; lo que no debe pasar\",\"datePublished\":\"2022-10-17T01:13:10+00:00\",\"mainEntityOfPage\":{\"@id\":\"https:\\\/\\\/confesionario.co\\\/w\\\/in-memoriam-lo-que-no-debe-pasar\\\/\"},\"wordCount\":434,\"commentCount\":0,\"publisher\":{\"@id\":\"https:\\\/\\\/confesionario.co\\\/w\\\/#organization\"},\"articleSection\":[\"Qu\u00e9 hacer aqu\u00ed\"],\"inLanguage\":\"es\",\"potentialAction\":[{\"@type\":\"CommentAction\",\"name\":\"Comment\",\"target\":[\"https:\\\/\\\/confesionario.co\\\/w\\\/in-memoriam-lo-que-no-debe-pasar\\\/#respond\"]}]},{\"@type\":\"WebPage\",\"@id\":\"https:\\\/\\\/confesionario.co\\\/w\\\/in-memoriam-lo-que-no-debe-pasar\\\/\",\"url\":\"https:\\\/\\\/confesionario.co\\\/w\\\/in-memoriam-lo-que-no-debe-pasar\\\/\",\"name\":\"In memoriam - lo que no debe pasar - El Confesionario\",\"isPartOf\":{\"@id\":\"https:\\\/\\\/confesionario.co\\\/w\\\/#website\"},\"datePublished\":\"2022-10-17T01:13:10+00:00\",\"breadcrumb\":{\"@id\":\"https:\\\/\\\/confesionario.co\\\/w\\\/in-memoriam-lo-que-no-debe-pasar\\\/#breadcrumb\"},\"inLanguage\":\"es\",\"potentialAction\":[{\"@type\":\"ReadAction\",\"target\":[\"https:\\\/\\\/confesionario.co\\\/w\\\/in-memoriam-lo-que-no-debe-pasar\\\/\"]}]},{\"@type\":\"BreadcrumbList\",\"@id\":\"https:\\\/\\\/confesionario.co\\\/w\\\/in-memoriam-lo-que-no-debe-pasar\\\/#breadcrumb\",\"itemListElement\":[{\"@type\":\"ListItem\",\"position\":1,\"name\":\"Portada\",\"item\":\"https:\\\/\\\/confesionario.co\\\/w\\\/\"},{\"@type\":\"ListItem\",\"position\":2,\"name\":\"In memoriam &#8211; lo que no debe pasar\"}]},{\"@type\":\"WebSite\",\"@id\":\"https:\\\/\\\/confesionario.co\\\/w\\\/#website\",\"url\":\"https:\\\/\\\/confesionario.co\\\/w\\\/\",\"name\":\"El Confesionario\",\"description\":\"\",\"publisher\":{\"@id\":\"https:\\\/\\\/confesionario.co\\\/w\\\/#organization\"},\"potentialAction\":[{\"@type\":\"SearchAction\",\"target\":{\"@type\":\"EntryPoint\",\"urlTemplate\":\"https:\\\/\\\/confesionario.co\\\/w\\\/?s={search_term_string}\"},\"query-input\":{\"@type\":\"PropertyValueSpecification\",\"valueRequired\":true,\"valueName\":\"search_term_string\"}}],\"inLanguage\":\"es\"},{\"@type\":\"Organization\",\"@id\":\"https:\\\/\\\/confesionario.co\\\/w\\\/#organization\",\"name\":\"El Confesionario\",\"url\":\"https:\\\/\\\/confesionario.co\\\/w\\\/\",\"logo\":{\"@type\":\"ImageObject\",\"inLanguage\":\"es\",\"@id\":\"https:\\\/\\\/confesionario.co\\\/w\\\/#\\\/schema\\\/logo\\\/image\\\/\",\"url\":\"https:\\\/\\\/confesionario.co\\\/w\\\/wp-content\\\/uploads\\\/2026\\\/02\\\/confesionario-horizontal.png\",\"contentUrl\":\"https:\\\/\\\/confesionario.co\\\/w\\\/wp-content\\\/uploads\\\/2026\\\/02\\\/confesionario-horizontal.png\",\"width\":581,\"height\":148,\"caption\":\"El Confesionario\"},\"image\":{\"@id\":\"https:\\\/\\\/confesionario.co\\\/w\\\/#\\\/schema\\\/logo\\\/image\\\/\"}},{\"@type\":\"Person\",\"@id\":\"https:\\\/\\\/confesionario.co\\\/w\\\/#\\\/schema\\\/person\\\/85e99333497749318afab96ea0cc2342\",\"name\":\"admin\",\"image\":{\"@type\":\"ImageObject\",\"inLanguage\":\"es\",\"@id\":\"https:\\\/\\\/secure.gravatar.com\\\/avatar\\\/f3358fe09cfbbfc24265a18ea411b8ee8e54296a50fb17d8acf3cffca66240d2?s=96&d=mm&r=g\",\"url\":\"https:\\\/\\\/secure.gravatar.com\\\/avatar\\\/f3358fe09cfbbfc24265a18ea411b8ee8e54296a50fb17d8acf3cffca66240d2?s=96&d=mm&r=g\",\"contentUrl\":\"https:\\\/\\\/secure.gravatar.com\\\/avatar\\\/f3358fe09cfbbfc24265a18ea411b8ee8e54296a50fb17d8acf3cffca66240d2?s=96&d=mm&r=g\",\"caption\":\"admin\"},\"sameAs\":[\"https:\\\/\\\/elconfesionario.co\\\/w\"],\"url\":\"https:\\\/\\\/confesionario.co\\\/w\\\/author\\\/osabuena\\\/\"}]}<\/script>\n<!-- \/ Yoast SEO plugin. -->","yoast_head_json":{"title":"In memoriam - lo que no debe pasar - El Confesionario","robots":{"index":"index","follow":"follow","max-snippet":"max-snippet:-1","max-image-preview":"max-image-preview:large","max-video-preview":"max-video-preview:-1"},"canonical":"https:\/\/confesionario.co\/w\/in-memoriam-lo-que-no-debe-pasar\/","og_locale":"es_ES","og_type":"article","og_title":"In memoriam - lo que no debe pasar - El Confesionario","og_description":"Nos sorprendi\u00f3 hace pocos d\u00edas la muerte de un buen amigo que muchos en el Tolima y el pa\u00eds conocimos: [&hellip;]","og_url":"https:\/\/confesionario.co\/w\/in-memoriam-lo-que-no-debe-pasar\/","og_site_name":"El Confesionario","article_published_time":"2022-10-17T01:13:10+00:00","author":"admin","twitter_card":"summary_large_image","twitter_misc":{"Escrito por":"admin","Tiempo de lectura":"2 minutos"},"schema":{"@context":"https:\/\/schema.org","@graph":[{"@type":"Article","@id":"https:\/\/confesionario.co\/w\/in-memoriam-lo-que-no-debe-pasar\/#article","isPartOf":{"@id":"https:\/\/confesionario.co\/w\/in-memoriam-lo-que-no-debe-pasar\/"},"author":{"name":"admin","@id":"https:\/\/confesionario.co\/w\/#\/schema\/person\/85e99333497749318afab96ea0cc2342"},"headline":"In memoriam &#8211; lo que no debe pasar","datePublished":"2022-10-17T01:13:10+00:00","mainEntityOfPage":{"@id":"https:\/\/confesionario.co\/w\/in-memoriam-lo-que-no-debe-pasar\/"},"wordCount":434,"commentCount":0,"publisher":{"@id":"https:\/\/confesionario.co\/w\/#organization"},"articleSection":["Qu\u00e9 hacer aqu\u00ed"],"inLanguage":"es","potentialAction":[{"@type":"CommentAction","name":"Comment","target":["https:\/\/confesionario.co\/w\/in-memoriam-lo-que-no-debe-pasar\/#respond"]}]},{"@type":"WebPage","@id":"https:\/\/confesionario.co\/w\/in-memoriam-lo-que-no-debe-pasar\/","url":"https:\/\/confesionario.co\/w\/in-memoriam-lo-que-no-debe-pasar\/","name":"In memoriam - lo que no debe pasar - El Confesionario","isPartOf":{"@id":"https:\/\/confesionario.co\/w\/#website"},"datePublished":"2022-10-17T01:13:10+00:00","breadcrumb":{"@id":"https:\/\/confesionario.co\/w\/in-memoriam-lo-que-no-debe-pasar\/#breadcrumb"},"inLanguage":"es","potentialAction":[{"@type":"ReadAction","target":["https:\/\/confesionario.co\/w\/in-memoriam-lo-que-no-debe-pasar\/"]}]},{"@type":"BreadcrumbList","@id":"https:\/\/confesionario.co\/w\/in-memoriam-lo-que-no-debe-pasar\/#breadcrumb","itemListElement":[{"@type":"ListItem","position":1,"name":"Portada","item":"https:\/\/confesionario.co\/w\/"},{"@type":"ListItem","position":2,"name":"In memoriam &#8211; lo que no debe pasar"}]},{"@type":"WebSite","@id":"https:\/\/confesionario.co\/w\/#website","url":"https:\/\/confesionario.co\/w\/","name":"El Confesionario","description":"","publisher":{"@id":"https:\/\/confesionario.co\/w\/#organization"},"potentialAction":[{"@type":"SearchAction","target":{"@type":"EntryPoint","urlTemplate":"https:\/\/confesionario.co\/w\/?s={search_term_string}"},"query-input":{"@type":"PropertyValueSpecification","valueRequired":true,"valueName":"search_term_string"}}],"inLanguage":"es"},{"@type":"Organization","@id":"https:\/\/confesionario.co\/w\/#organization","name":"El Confesionario","url":"https:\/\/confesionario.co\/w\/","logo":{"@type":"ImageObject","inLanguage":"es","@id":"https:\/\/confesionario.co\/w\/#\/schema\/logo\/image\/","url":"https:\/\/confesionario.co\/w\/wp-content\/uploads\/2026\/02\/confesionario-horizontal.png","contentUrl":"https:\/\/confesionario.co\/w\/wp-content\/uploads\/2026\/02\/confesionario-horizontal.png","width":581,"height":148,"caption":"El Confesionario"},"image":{"@id":"https:\/\/confesionario.co\/w\/#\/schema\/logo\/image\/"}},{"@type":"Person","@id":"https:\/\/confesionario.co\/w\/#\/schema\/person\/85e99333497749318afab96ea0cc2342","name":"admin","image":{"@type":"ImageObject","inLanguage":"es","@id":"https:\/\/secure.gravatar.com\/avatar\/f3358fe09cfbbfc24265a18ea411b8ee8e54296a50fb17d8acf3cffca66240d2?s=96&d=mm&r=g","url":"https:\/\/secure.gravatar.com\/avatar\/f3358fe09cfbbfc24265a18ea411b8ee8e54296a50fb17d8acf3cffca66240d2?s=96&d=mm&r=g","contentUrl":"https:\/\/secure.gravatar.com\/avatar\/f3358fe09cfbbfc24265a18ea411b8ee8e54296a50fb17d8acf3cffca66240d2?s=96&d=mm&r=g","caption":"admin"},"sameAs":["https:\/\/elconfesionario.co\/w"],"url":"https:\/\/confesionario.co\/w\/author\/osabuena\/"}]}},"jetpack_featured_media_url":"","_links":{"self":[{"href":"https:\/\/confesionario.co\/w\/wp-json\/wp\/v2\/posts\/9952","targetHints":{"allow":["GET"]}}],"collection":[{"href":"https:\/\/confesionario.co\/w\/wp-json\/wp\/v2\/posts"}],"about":[{"href":"https:\/\/confesionario.co\/w\/wp-json\/wp\/v2\/types\/post"}],"author":[{"embeddable":true,"href":"https:\/\/confesionario.co\/w\/wp-json\/wp\/v2\/users\/1"}],"replies":[{"embeddable":true,"href":"https:\/\/confesionario.co\/w\/wp-json\/wp\/v2\/comments?post=9952"}],"version-history":[{"count":0,"href":"https:\/\/confesionario.co\/w\/wp-json\/wp\/v2\/posts\/9952\/revisions"}],"wp:attachment":[{"href":"https:\/\/confesionario.co\/w\/wp-json\/wp\/v2\/media?parent=9952"}],"wp:term":[{"taxonomy":"category","embeddable":true,"href":"https:\/\/confesionario.co\/w\/wp-json\/wp\/v2\/categories?post=9952"},{"taxonomy":"post_tag","embeddable":true,"href":"https:\/\/confesionario.co\/w\/wp-json\/wp\/v2\/tags?post=9952"}],"curies":[{"name":"wp","href":"https:\/\/api.w.org\/{rel}","templated":true}]}}