{"id":9953,"date":"2022-10-17T01:17:18","date_gmt":"2022-10-17T01:17:18","guid":{"rendered":"https:\/\/confesionario.co\/w\/un-dificil-panorama\/"},"modified":"2022-10-17T01:17:18","modified_gmt":"2022-10-17T01:17:18","slug":"un-dificil-panorama","status":"publish","type":"post","link":"https:\/\/confesionario.co\/w\/un-dificil-panorama\/","title":{"rendered":"Un dif\u00edcil panorama"},"content":{"rendered":"<p class=\\\"MsoNormal\\\" style=\\\"text-align: justify; text-justify: inter-ideograph;\\\"><span lang=\\\"ES-TRAD\\\" style=\\\"font-family: \\'Arial\\',sans-serif; mso-bidi-font-weight: bold;\\\">Ibagu\u00e9, descendi\u00f3 en el \u00edndice de competitividad dos posiciones frente al a\u00f1o 2021, quedando en el puesto 11 con un puntaje de 5,58 sobre 10 puntos.<\/span><\/p>\n<p><!--more--><\/p>\n<p class=\\\"MsoNormal\\\" style=\\\"text-align: justify; text-justify: inter-ideograph;\\\"><span lang=\\\"ES-TRAD\\\" style=\\\"font-family: \\'Arial Narrow\\',sans-serif;\\\">Indudablemente, uno de los aspectos que llama la atenci\u00f3n desde la semana pasada \u2013y debe ser objeto y centro de debate permanente-, es el resultado del \u00cdndice de Competitividad por Ciudades 2022 (ICC-22), en el cual, Ibagu\u00e9, descendi\u00f3 dos posiciones frente al a\u00f1o 2021, quedando en el puesto 11 con un puntaje de 5,58 sobre 10 puntos. Un panorama bien complejo para la ciudad si leemos \u2013porque as\u00ed debe ser-, los (malos) resultados arrojados en materia econ\u00f3mica durante las \u00faltimas dos semanas.<\/span><\/p>\n<p class=\\\"MsoNormal\\\" style=\\\"text-align: justify; text-justify: inter-ideograph;\\\"><span lang=\\\"ES-TRAD\\\" style=\\\"font-family: \\'Arial Narrow\\',sans-serif;\\\">Por un lado, la ciudad continua en el segundo lugar de desempleo, seg\u00fan la medici\u00f3n entregada por el Departamento Nacional de Estad\u00edsticas \u2013DANE- al finalizar el mes de septiembre, con un porcentaje de desocupaci\u00f3n del 17,5%, solo detr\u00e1s de Quibd\u00f3 que puntea con el 24,7%, pero, por el otro lado, a esta (negativa) cifra de desempleo, se sum\u00f3 el resultado de la variaci\u00f3n en el \u00cdndice de Precios al Consumidor \u2013IPC-, tambi\u00e9n del mismo DANE, que, para el mes de septiembre, Ibagu\u00e9 se ubic\u00f3 como tercera con el nivel de precios m\u00e1s alto, contribuyendo con el 1,15%, frente a la variaci\u00f3n total nacional que, para el mismo mes de septiembre, fue del 0,93%. Sin exagerar, es toda una calamidad econ\u00f3mica y social por la que est\u00e1 atravesando el municipio y m\u00e1s preocupante a\u00fan, la aparente inacci\u00f3n de la administraci\u00f3n local, que, como lo dije la semana pasada en este mismo espacio, est\u00e1 muy preocupada por la contrataci\u00f3n de estudios y de obras, financiadas, principalmente, con d\u00e9ficit, algo que impacta negativamente el ICC-22 \u2013ya veremos por qu\u00e9-. Sorprende y preocupa, tambi\u00e9n, que al interior de la administraci\u00f3n no haya qui\u00e9n lidere un plan de choque antic\u00edclico, que permita, cuando menos, minimizar los efectos de esta preocupante realidad.<\/span><\/p>\n<p class=\\\"MsoNormal\\\" style=\\\"text-align: justify; text-justify: inter-ideograph;\\\"><span lang=\\\"ES-TRAD\\\" style=\\\"font-family: \\'Arial Narrow\\',sans-serif;\\\">Dice mucho que, en el ICC-22, el pilar en el cual hubo un mayor descenso es el relacionado con el \u201cEntrono para los Negocios\u201d, pasando del puesto 13 al 17 y el de \u201cInstituciones\u201d, que pasamos del puesto 5\u00ba al 8\u00ba, donde ambos, son pilares que, como lo son de atractivos, tambi\u00e9n de disuasorios para la inversi\u00f3n. Todo pasa por la puesta en escena local para generar un clima positivo a quienes vean en la ciudad, las condiciones para desarrollar un modelo de negocio. En el pilar de \u201cInstituciones\u201d donde peor le va a la ciudad es en materia de gesti\u00f3n de recursos \u2013mucho empr\u00e9stito, mucho ahogo del presupuesto local, para financiar lo que parece ser relevante para la actual administraci\u00f3n- y de actualizaci\u00f3n catastral, este, un problema transversal al principal hecho generador de grandes problemas \u2013la planificaci\u00f3n y el modelo de ordenamiento territorial-.<\/span><\/p>\n<p class=\\\"MsoNormal\\\" style=\\\"text-align: justify; text-justify: inter-ideograph;\\\"><span lang=\\\"ES-TRAD\\\" style=\\\"font-family: \\'Arial Narrow\\',sans-serif;\\\">Pero en cuanto al entorno para los negocios, es verdaderamente preocupante el panorama, pues en tr\u00e1mites y especializaci\u00f3n empresarial ocupamos el puesto 24 entre 32, en cuanto concentraci\u00f3n en el sector secundario (transformaci\u00f3n de la materia prima) puesto 25 de 32, la concentraci\u00f3n en el sector terciario (servicios) puesto \u00a130 de 32! Y, en cuanto a participaci\u00f3n de medianas y grandes empresas estamos en el puesto 21 de 32. Entonces, al parecer, las cifras que entreg\u00f3 la C\u00e1mara de Comercio de Ibagu\u00e9, en relaci\u00f3n a la creaci\u00f3n de nuevas empresas en Ibagu\u00e9 \u2013sobretodo en el sector secundario y terciario- tienen muy poco peso porcentual frente al total nacional, lo cual es negativo y se ve reflejado en el ICC-22. <\/span><\/p>\n<p class=\\\"MsoNormal\\\" style=\\\"text-align: justify; text-justify: inter-ideograph;\\\"><span lang=\\\"ES-TRAD\\\" style=\\\"font-family: \\'Arial Narrow\\',sans-serif;\\\">\u00a0<\/span><\/p>\n<p class=\\\"MsoNormal\\\" style=\\\"text-align: justify; text-justify: inter-ideograph;\\\"><span lang=\\\"ES-TRAD\\\" style=\\\"font-family: \\'Arial Narrow\\',sans-serif;\\\">Dejo, por \u00faltimo, esta reflexi\u00f3n: hay que pensar \u2013y ejecutar- el enfoque territorial del desarrollo. <\/span><\/p>\n<p class=\\\"MsoNormal\\\" style=\\\"text-align: justify; text-justify: inter-ideograph;\\\"><span lang=\\\"ES-TRAD\\\" style=\\\"font-family: \\'Arial Narrow\\',sans-serif;\\\">\u00a0<\/span><\/p>\n<p class=\\\"MsoNormal\\\" style=\\\"text-align: justify; text-justify: inter-ideograph;\\\"><b style=\\\"mso-bidi-font-weight: normal;\\\"><span lang=\\\"ES-TRAD\\\" style=\\\"font-family: \\'Arial Narrow\\',sans-serif;\\\">Camilo Ernesto Ossa B.<\/span><\/b><\/p>\n<p class=\\\"MsoNormal\\\" style=\\\"text-align: justify; text-justify: inter-ideograph;\\\"><span lang=\\\"ES-TRAD\\\" style=\\\"font-family: \\'Arial Narrow\\',sans-serif;\\\">@camiloossa10<\/span><\/p>\n<p class=\\\"MsoNormal\\\" style=\\\"text-align: justify; text-justify: inter-ideograph;\\\"><span lang=\\\"ES-TRAD\\\" style=\\\"font-family: \\'Arial Narrow\\',sans-serif;\\\"><span style=\\\"mso-spacerun: yes;\\\">\u00a0<\/span><\/span><\/p>\n","protected":false},"excerpt":{"rendered":"<p>Ibagu\u00e9, descendi\u00f3 en el \u00edndice de competitividad dos posiciones frente al a\u00f1o 2021, quedando en el puesto 11 con un [&hellip;]<\/p>\n","protected":false},"author":1,"featured_media":0,"comment_status":"open","ping_status":"open","sticky":false,"template":"","format":"standard","meta":{"site-sidebar-layout":"default","site-content-layout":"","ast-site-content-layout":"default","site-content-style":"default","site-sidebar-style":"default","ast-global-header-display":"","ast-banner-title-visibility":"","ast-main-header-display":"","ast-hfb-above-header-display":"","ast-hfb-below-header-display":"","ast-hfb-mobile-header-display":"","site-post-title":"","ast-breadcrumbs-content":"","ast-featured-img":"","footer-sml-layout":"","ast-disable-related-posts":"","theme-transparent-header-meta":"","adv-header-id-meta":"","stick-header-meta":"","header-above-stick-meta":"","header-main-stick-meta":"","header-below-stick-meta":"","astra-migrate-meta-layouts":"default","ast-page-background-enabled":"default","ast-page-background-meta":{"desktop":{"background-color":"var(--ast-global-color-4)","background-image":"","background-repeat":"repeat","background-position":"center center","background-size":"auto","background-attachment":"scroll","background-type":"","background-media":"","overlay-type":"","overlay-color":"","overlay-opacity":"","overlay-gradient":""},"tablet":{"background-color":"","background-image":"","background-repeat":"repeat","background-position":"center center","background-size":"auto","background-attachment":"scroll","background-type":"","background-media":"","overlay-type":"","overlay-color":"","overlay-opacity":"","overlay-gradient":""},"mobile":{"background-color":"","background-image":"","background-repeat":"repeat","background-position":"center center","background-size":"auto","background-attachment":"scroll","background-type":"","background-media":"","overlay-type":"","overlay-color":"","overlay-opacity":"","overlay-gradient":""}},"ast-content-background-meta":{"desktop":{"background-color":"var(--ast-global-color-5)","background-image":"","background-repeat":"repeat","background-position":"center center","background-size":"auto","background-attachment":"scroll","background-type":"","background-media":"","overlay-type":"","overlay-color":"","overlay-opacity":"","overlay-gradient":""},"tablet":{"background-color":"var(--ast-global-color-5)","background-image":"","background-repeat":"repeat","background-position":"center center","background-size":"auto","background-attachment":"scroll","background-type":"","background-media":"","overlay-type":"","overlay-color":"","overlay-opacity":"","overlay-gradient":""},"mobile":{"background-color":"var(--ast-global-color-5)","background-image":"","background-repeat":"repeat","background-position":"center center","background-size":"auto","background-attachment":"scroll","background-type":"","background-media":"","overlay-type":"","overlay-color":"","overlay-opacity":"","overlay-gradient":""}},"footnotes":""},"categories":[13],"tags":[],"class_list":["post-9953","post","type-post","status-publish","format-standard","hentry","category-que-hacer-aqui"],"yoast_head":"<!-- This site is optimized with the Yoast SEO plugin v27.4 - https:\/\/yoast.com\/product\/yoast-seo-wordpress\/ -->\n<title>Un dif\u00edcil panorama - El Confesionario<\/title>\n<meta name=\"robots\" content=\"index, follow, max-snippet:-1, max-image-preview:large, max-video-preview:-1\" \/>\n<link rel=\"canonical\" href=\"https:\/\/confesionario.co\/w\/un-dificil-panorama\/\" \/>\n<meta property=\"og:locale\" content=\"es_ES\" \/>\n<meta property=\"og:type\" content=\"article\" \/>\n<meta property=\"og:title\" content=\"Un dif\u00edcil panorama - El Confesionario\" \/>\n<meta property=\"og:description\" content=\"Ibagu\u00e9, descendi\u00f3 en el \u00edndice de competitividad dos posiciones frente al a\u00f1o 2021, quedando en el puesto 11 con un [&hellip;]\" \/>\n<meta property=\"og:url\" content=\"https:\/\/confesionario.co\/w\/un-dificil-panorama\/\" \/>\n<meta property=\"og:site_name\" content=\"El Confesionario\" \/>\n<meta property=\"article:published_time\" content=\"2022-10-17T01:17:18+00:00\" \/>\n<meta name=\"author\" content=\"admin\" \/>\n<meta name=\"twitter:card\" content=\"summary_large_image\" \/>\n<meta name=\"twitter:label1\" content=\"Escrito por\" \/>\n\t<meta name=\"twitter:data1\" content=\"admin\" \/>\n\t<meta name=\"twitter:label2\" content=\"Tiempo de lectura\" \/>\n\t<meta name=\"twitter:data2\" content=\"3 minutos\" \/>\n<script type=\"application\/ld+json\" class=\"yoast-schema-graph\">{\"@context\":\"https:\\\/\\\/schema.org\",\"@graph\":[{\"@type\":\"Article\",\"@id\":\"https:\\\/\\\/confesionario.co\\\/w\\\/un-dificil-panorama\\\/#article\",\"isPartOf\":{\"@id\":\"https:\\\/\\\/confesionario.co\\\/w\\\/un-dificil-panorama\\\/\"},\"author\":{\"name\":\"admin\",\"@id\":\"https:\\\/\\\/confesionario.co\\\/w\\\/#\\\/schema\\\/person\\\/85e99333497749318afab96ea0cc2342\"},\"headline\":\"Un dif\u00edcil panorama\",\"datePublished\":\"2022-10-17T01:17:18+00:00\",\"mainEntityOfPage\":{\"@id\":\"https:\\\/\\\/confesionario.co\\\/w\\\/un-dificil-panorama\\\/\"},\"wordCount\":618,\"commentCount\":0,\"publisher\":{\"@id\":\"https:\\\/\\\/confesionario.co\\\/w\\\/#organization\"},\"articleSection\":[\"Qu\u00e9 hacer aqu\u00ed\"],\"inLanguage\":\"es\",\"potentialAction\":[{\"@type\":\"CommentAction\",\"name\":\"Comment\",\"target\":[\"https:\\\/\\\/confesionario.co\\\/w\\\/un-dificil-panorama\\\/#respond\"]}]},{\"@type\":\"WebPage\",\"@id\":\"https:\\\/\\\/confesionario.co\\\/w\\\/un-dificil-panorama\\\/\",\"url\":\"https:\\\/\\\/confesionario.co\\\/w\\\/un-dificil-panorama\\\/\",\"name\":\"Un dif\u00edcil panorama - El Confesionario\",\"isPartOf\":{\"@id\":\"https:\\\/\\\/confesionario.co\\\/w\\\/#website\"},\"datePublished\":\"2022-10-17T01:17:18+00:00\",\"breadcrumb\":{\"@id\":\"https:\\\/\\\/confesionario.co\\\/w\\\/un-dificil-panorama\\\/#breadcrumb\"},\"inLanguage\":\"es\",\"potentialAction\":[{\"@type\":\"ReadAction\",\"target\":[\"https:\\\/\\\/confesionario.co\\\/w\\\/un-dificil-panorama\\\/\"]}]},{\"@type\":\"BreadcrumbList\",\"@id\":\"https:\\\/\\\/confesionario.co\\\/w\\\/un-dificil-panorama\\\/#breadcrumb\",\"itemListElement\":[{\"@type\":\"ListItem\",\"position\":1,\"name\":\"Portada\",\"item\":\"https:\\\/\\\/confesionario.co\\\/w\\\/\"},{\"@type\":\"ListItem\",\"position\":2,\"name\":\"Un dif\u00edcil panorama\"}]},{\"@type\":\"WebSite\",\"@id\":\"https:\\\/\\\/confesionario.co\\\/w\\\/#website\",\"url\":\"https:\\\/\\\/confesionario.co\\\/w\\\/\",\"name\":\"El Confesionario\",\"description\":\"\",\"publisher\":{\"@id\":\"https:\\\/\\\/confesionario.co\\\/w\\\/#organization\"},\"potentialAction\":[{\"@type\":\"SearchAction\",\"target\":{\"@type\":\"EntryPoint\",\"urlTemplate\":\"https:\\\/\\\/confesionario.co\\\/w\\\/?s={search_term_string}\"},\"query-input\":{\"@type\":\"PropertyValueSpecification\",\"valueRequired\":true,\"valueName\":\"search_term_string\"}}],\"inLanguage\":\"es\"},{\"@type\":\"Organization\",\"@id\":\"https:\\\/\\\/confesionario.co\\\/w\\\/#organization\",\"name\":\"El Confesionario\",\"url\":\"https:\\\/\\\/confesionario.co\\\/w\\\/\",\"logo\":{\"@type\":\"ImageObject\",\"inLanguage\":\"es\",\"@id\":\"https:\\\/\\\/confesionario.co\\\/w\\\/#\\\/schema\\\/logo\\\/image\\\/\",\"url\":\"https:\\\/\\\/confesionario.co\\\/w\\\/wp-content\\\/uploads\\\/2026\\\/02\\\/confesionario-horizontal.png\",\"contentUrl\":\"https:\\\/\\\/confesionario.co\\\/w\\\/wp-content\\\/uploads\\\/2026\\\/02\\\/confesionario-horizontal.png\",\"width\":581,\"height\":148,\"caption\":\"El Confesionario\"},\"image\":{\"@id\":\"https:\\\/\\\/confesionario.co\\\/w\\\/#\\\/schema\\\/logo\\\/image\\\/\"}},{\"@type\":\"Person\",\"@id\":\"https:\\\/\\\/confesionario.co\\\/w\\\/#\\\/schema\\\/person\\\/85e99333497749318afab96ea0cc2342\",\"name\":\"admin\",\"image\":{\"@type\":\"ImageObject\",\"inLanguage\":\"es\",\"@id\":\"https:\\\/\\\/secure.gravatar.com\\\/avatar\\\/f3358fe09cfbbfc24265a18ea411b8ee8e54296a50fb17d8acf3cffca66240d2?s=96&d=mm&r=g\",\"url\":\"https:\\\/\\\/secure.gravatar.com\\\/avatar\\\/f3358fe09cfbbfc24265a18ea411b8ee8e54296a50fb17d8acf3cffca66240d2?s=96&d=mm&r=g\",\"contentUrl\":\"https:\\\/\\\/secure.gravatar.com\\\/avatar\\\/f3358fe09cfbbfc24265a18ea411b8ee8e54296a50fb17d8acf3cffca66240d2?s=96&d=mm&r=g\",\"caption\":\"admin\"},\"sameAs\":[\"https:\\\/\\\/elconfesionario.co\\\/w\"],\"url\":\"https:\\\/\\\/confesionario.co\\\/w\\\/author\\\/osabuena\\\/\"}]}<\/script>\n<!-- \/ Yoast SEO plugin. -->","yoast_head_json":{"title":"Un dif\u00edcil panorama - El Confesionario","robots":{"index":"index","follow":"follow","max-snippet":"max-snippet:-1","max-image-preview":"max-image-preview:large","max-video-preview":"max-video-preview:-1"},"canonical":"https:\/\/confesionario.co\/w\/un-dificil-panorama\/","og_locale":"es_ES","og_type":"article","og_title":"Un dif\u00edcil panorama - El Confesionario","og_description":"Ibagu\u00e9, descendi\u00f3 en el \u00edndice de competitividad dos posiciones frente al a\u00f1o 2021, quedando en el puesto 11 con un [&hellip;]","og_url":"https:\/\/confesionario.co\/w\/un-dificil-panorama\/","og_site_name":"El Confesionario","article_published_time":"2022-10-17T01:17:18+00:00","author":"admin","twitter_card":"summary_large_image","twitter_misc":{"Escrito por":"admin","Tiempo de lectura":"3 minutos"},"schema":{"@context":"https:\/\/schema.org","@graph":[{"@type":"Article","@id":"https:\/\/confesionario.co\/w\/un-dificil-panorama\/#article","isPartOf":{"@id":"https:\/\/confesionario.co\/w\/un-dificil-panorama\/"},"author":{"name":"admin","@id":"https:\/\/confesionario.co\/w\/#\/schema\/person\/85e99333497749318afab96ea0cc2342"},"headline":"Un dif\u00edcil panorama","datePublished":"2022-10-17T01:17:18+00:00","mainEntityOfPage":{"@id":"https:\/\/confesionario.co\/w\/un-dificil-panorama\/"},"wordCount":618,"commentCount":0,"publisher":{"@id":"https:\/\/confesionario.co\/w\/#organization"},"articleSection":["Qu\u00e9 hacer aqu\u00ed"],"inLanguage":"es","potentialAction":[{"@type":"CommentAction","name":"Comment","target":["https:\/\/confesionario.co\/w\/un-dificil-panorama\/#respond"]}]},{"@type":"WebPage","@id":"https:\/\/confesionario.co\/w\/un-dificil-panorama\/","url":"https:\/\/confesionario.co\/w\/un-dificil-panorama\/","name":"Un dif\u00edcil panorama - El Confesionario","isPartOf":{"@id":"https:\/\/confesionario.co\/w\/#website"},"datePublished":"2022-10-17T01:17:18+00:00","breadcrumb":{"@id":"https:\/\/confesionario.co\/w\/un-dificil-panorama\/#breadcrumb"},"inLanguage":"es","potentialAction":[{"@type":"ReadAction","target":["https:\/\/confesionario.co\/w\/un-dificil-panorama\/"]}]},{"@type":"BreadcrumbList","@id":"https:\/\/confesionario.co\/w\/un-dificil-panorama\/#breadcrumb","itemListElement":[{"@type":"ListItem","position":1,"name":"Portada","item":"https:\/\/confesionario.co\/w\/"},{"@type":"ListItem","position":2,"name":"Un dif\u00edcil panorama"}]},{"@type":"WebSite","@id":"https:\/\/confesionario.co\/w\/#website","url":"https:\/\/confesionario.co\/w\/","name":"El Confesionario","description":"","publisher":{"@id":"https:\/\/confesionario.co\/w\/#organization"},"potentialAction":[{"@type":"SearchAction","target":{"@type":"EntryPoint","urlTemplate":"https:\/\/confesionario.co\/w\/?s={search_term_string}"},"query-input":{"@type":"PropertyValueSpecification","valueRequired":true,"valueName":"search_term_string"}}],"inLanguage":"es"},{"@type":"Organization","@id":"https:\/\/confesionario.co\/w\/#organization","name":"El Confesionario","url":"https:\/\/confesionario.co\/w\/","logo":{"@type":"ImageObject","inLanguage":"es","@id":"https:\/\/confesionario.co\/w\/#\/schema\/logo\/image\/","url":"https:\/\/confesionario.co\/w\/wp-content\/uploads\/2026\/02\/confesionario-horizontal.png","contentUrl":"https:\/\/confesionario.co\/w\/wp-content\/uploads\/2026\/02\/confesionario-horizontal.png","width":581,"height":148,"caption":"El Confesionario"},"image":{"@id":"https:\/\/confesionario.co\/w\/#\/schema\/logo\/image\/"}},{"@type":"Person","@id":"https:\/\/confesionario.co\/w\/#\/schema\/person\/85e99333497749318afab96ea0cc2342","name":"admin","image":{"@type":"ImageObject","inLanguage":"es","@id":"https:\/\/secure.gravatar.com\/avatar\/f3358fe09cfbbfc24265a18ea411b8ee8e54296a50fb17d8acf3cffca66240d2?s=96&d=mm&r=g","url":"https:\/\/secure.gravatar.com\/avatar\/f3358fe09cfbbfc24265a18ea411b8ee8e54296a50fb17d8acf3cffca66240d2?s=96&d=mm&r=g","contentUrl":"https:\/\/secure.gravatar.com\/avatar\/f3358fe09cfbbfc24265a18ea411b8ee8e54296a50fb17d8acf3cffca66240d2?s=96&d=mm&r=g","caption":"admin"},"sameAs":["https:\/\/elconfesionario.co\/w"],"url":"https:\/\/confesionario.co\/w\/author\/osabuena\/"}]}},"jetpack_featured_media_url":"","_links":{"self":[{"href":"https:\/\/confesionario.co\/w\/wp-json\/wp\/v2\/posts\/9953","targetHints":{"allow":["GET"]}}],"collection":[{"href":"https:\/\/confesionario.co\/w\/wp-json\/wp\/v2\/posts"}],"about":[{"href":"https:\/\/confesionario.co\/w\/wp-json\/wp\/v2\/types\/post"}],"author":[{"embeddable":true,"href":"https:\/\/confesionario.co\/w\/wp-json\/wp\/v2\/users\/1"}],"replies":[{"embeddable":true,"href":"https:\/\/confesionario.co\/w\/wp-json\/wp\/v2\/comments?post=9953"}],"version-history":[{"count":0,"href":"https:\/\/confesionario.co\/w\/wp-json\/wp\/v2\/posts\/9953\/revisions"}],"wp:attachment":[{"href":"https:\/\/confesionario.co\/w\/wp-json\/wp\/v2\/media?parent=9953"}],"wp:term":[{"taxonomy":"category","embeddable":true,"href":"https:\/\/confesionario.co\/w\/wp-json\/wp\/v2\/categories?post=9953"},{"taxonomy":"post_tag","embeddable":true,"href":"https:\/\/confesionario.co\/w\/wp-json\/wp\/v2\/tags?post=9953"}],"curies":[{"name":"wp","href":"https:\/\/api.w.org\/{rel}","templated":true}]}}