{"id":9954,"date":"2022-10-19T11:36:33","date_gmt":"2022-10-19T11:36:33","guid":{"rendered":"https:\/\/confesionario.co\/w\/los-funcionarios-de-la-alcaldia-de-ibague-ya-estan-preparando-el-descanso-de-diciembre\/"},"modified":"2022-10-19T11:36:33","modified_gmt":"2022-10-19T11:36:33","slug":"los-funcionarios-de-la-alcaldia-de-ibague-ya-estan-preparando-el-descanso-de-diciembre","status":"publish","type":"post","link":"https:\/\/confesionario.co\/w\/los-funcionarios-de-la-alcaldia-de-ibague-ya-estan-preparando-el-descanso-de-diciembre\/","title":{"rendered":"Los funcionarios de la Alcald\u00eda de Ibagu\u00e9, ya est\u00e1n preparando el descanso de diciembre"},"content":{"rendered":"<p class=\\\"MsoNormal\\\" style=\\\"text-align: justify;\\\"><span style=\\\"font-size: 12.0pt; line-height: 107%; font-family: \\'Arial\\',sans-serif;\\\">La Administraci\u00f3n Municipal habilit\u00f3 temporalmente la atenci\u00f3n a los ciudadanos los siguientes s\u00e1bados.<\/span><\/p>\n<p><!--more--><\/p>\n<p class=\\\"MsoNormal\\\" style=\\\"text-align: justify;\\\"><span style=\\\"font-size: 12.0pt; line-height: 107%; font-family: \\'Arial\\',sans-serif;\\\">Mediante el Decreto 1000-0676 la Alcald\u00eda de Ibagu\u00e9 dispuso de un horario de atenci\u00f3n los s\u00e1bados 22 y 29 de octubre, 19 y 26 de noviembre y el 3 de diciembre en horario de 7:00 de la ma\u00f1ana hasta las 3:00 de la tarde en jornada continua.<\/span><\/p>\n<p class=\\\"MsoNormal\\\" style=\\\"text-align: justify;\\\"><span style=\\\"font-size: 12.0pt; line-height: 107%; font-family: \\'Arial\\',sans-serif;\\\">\u201cTendremos este horario especial con el fin de garantizar la atenci\u00f3n a los ciudadanos, que puedan hacer sus tr\u00e1mites sin inconvenientes y compensar los d\u00edas que tendr\u00e1n nuestros funcionarios en la \u00e9poca decembrina. Cabe mencionar que algunas dependencias como las encargadas de emergencias estar\u00e1n disponibles las 24 horas los siete d\u00edas de la semana\u201d, indic\u00f3 Diana Monta\u00f1a, directora (e) de Talento Humano. <\/span><\/p>\n<p class=\\\"MsoNormal\\\" style=\\\"text-align: justify;\\\"><span style=\\\"font-size: 12.0pt; line-height: 107%; font-family: \\'Arial\\',sans-serif;\\\">Es importante recordar que durante la temporada navide\u00f1a se brindar\u00e1 servicio al p\u00fablico con total normalidad en todas las dependencias de la Administraci\u00f3n Municipal; sin embargo, algunos funcionarios tendr\u00e1n la posibilidad de alternar sus d\u00edas compensatorios para el fin de a\u00f1o.<\/span><\/p>\n<p class=\\\"MsoNormal\\\" style=\\\"text-align: justify;\\\"><span style=\\\"font-size: 12.0pt; line-height: 107%; font-family: \\'Arial\\',sans-serif;\\\">Del mismo modo, las Inspecciones Permanentes, Comisar\u00edas de Familia, Cuerpo Oficial de Bomberos y Agentes de Tr\u00e1nsito, estar\u00e1n disponibles ante cualquier solicitud o llamado de la comunidad.<\/span><\/p>\n","protected":false},"excerpt":{"rendered":"<p>La Administraci\u00f3n Municipal habilit\u00f3 temporalmente la atenci\u00f3n a los ciudadanos los siguientes s\u00e1bados.<\/p>\n","protected":false},"author":1,"featured_media":0,"comment_status":"open","ping_status":"open","sticky":false,"template":"","format":"standard","meta":{"site-sidebar-layout":"default","site-content-layout":"","ast-site-content-layout":"default","site-content-style":"default","site-sidebar-style":"default","ast-global-header-display":"","ast-banner-title-visibility":"","ast-main-header-display":"","ast-hfb-above-header-display":"","ast-hfb-below-header-display":"","ast-hfb-mobile-header-display":"","site-post-title":"","ast-breadcrumbs-content":"","ast-featured-img":"","footer-sml-layout":"","ast-disable-related-posts":"","theme-transparent-header-meta":"","adv-header-id-meta":"","stick-header-meta":"","header-above-stick-meta":"","header-main-stick-meta":"","header-below-stick-meta":"","astra-migrate-meta-layouts":"default","ast-page-background-enabled":"default","ast-page-background-meta":{"desktop":{"background-color":"var(--ast-global-color-4)","background-image":"","background-repeat":"repeat","background-position":"center center","background-size":"auto","background-attachment":"scroll","background-type":"","background-media":"","overlay-type":"","overlay-color":"","overlay-opacity":"","overlay-gradient":""},"tablet":{"background-color":"","background-image":"","background-repeat":"repeat","background-position":"center center","background-size":"auto","background-attachment":"scroll","background-type":"","background-media":"","overlay-type":"","overlay-color":"","overlay-opacity":"","overlay-gradient":""},"mobile":{"background-color":"","background-image":"","background-repeat":"repeat","background-position":"center center","background-size":"auto","background-attachment":"scroll","background-type":"","background-media":"","overlay-type":"","overlay-color":"","overlay-opacity":"","overlay-gradient":""}},"ast-content-background-meta":{"desktop":{"background-color":"var(--ast-global-color-5)","background-image":"","background-repeat":"repeat","background-position":"center center","background-size":"auto","background-attachment":"scroll","background-type":"","background-media":"","overlay-type":"","overlay-color":"","overlay-opacity":"","overlay-gradient":""},"tablet":{"background-color":"var(--ast-global-color-5)","background-image":"","background-repeat":"repeat","background-position":"center center","background-size":"auto","background-attachment":"scroll","background-type":"","background-media":"","overlay-type":"","overlay-color":"","overlay-opacity":"","overlay-gradient":""},"mobile":{"background-color":"var(--ast-global-color-5)","background-image":"","background-repeat":"repeat","background-position":"center center","background-size":"auto","background-attachment":"scroll","background-type":"","background-media":"","overlay-type":"","overlay-color":"","overlay-opacity":"","overlay-gradient":""}},"footnotes":""},"categories":[19],"tags":[],"class_list":["post-9954","post","type-post","status-publish","format-standard","hentry","category-ibague"],"yoast_head":"<!-- This site is optimized with the Yoast SEO plugin v27.4 - https:\/\/yoast.com\/product\/yoast-seo-wordpress\/ -->\n<title>Los funcionarios de la Alcald\u00eda de Ibagu\u00e9, ya est\u00e1n preparando el descanso de diciembre - El Confesionario<\/title>\n<meta name=\"robots\" content=\"index, follow, max-snippet:-1, max-image-preview:large, max-video-preview:-1\" \/>\n<link rel=\"canonical\" href=\"https:\/\/confesionario.co\/w\/los-funcionarios-de-la-alcaldia-de-ibague-ya-estan-preparando-el-descanso-de-diciembre\/\" \/>\n<meta property=\"og:locale\" content=\"es_ES\" \/>\n<meta property=\"og:type\" content=\"article\" \/>\n<meta property=\"og:title\" content=\"Los funcionarios de la Alcald\u00eda de Ibagu\u00e9, ya est\u00e1n preparando el descanso de diciembre - El Confesionario\" \/>\n<meta property=\"og:description\" content=\"La Administraci\u00f3n Municipal habilit\u00f3 temporalmente la atenci\u00f3n a los ciudadanos los siguientes s\u00e1bados.\" \/>\n<meta property=\"og:url\" content=\"https:\/\/confesionario.co\/w\/los-funcionarios-de-la-alcaldia-de-ibague-ya-estan-preparando-el-descanso-de-diciembre\/\" \/>\n<meta property=\"og:site_name\" content=\"El Confesionario\" \/>\n<meta property=\"article:published_time\" content=\"2022-10-19T11:36:33+00:00\" \/>\n<meta name=\"author\" content=\"admin\" \/>\n<meta name=\"twitter:card\" content=\"summary_large_image\" \/>\n<meta name=\"twitter:label1\" content=\"Escrito por\" \/>\n\t<meta name=\"twitter:data1\" content=\"admin\" \/>\n\t<meta name=\"twitter:label2\" content=\"Tiempo de lectura\" \/>\n\t<meta name=\"twitter:data2\" content=\"1 minuto\" \/>\n<script type=\"application\/ld+json\" class=\"yoast-schema-graph\">{\"@context\":\"https:\\\/\\\/schema.org\",\"@graph\":[{\"@type\":\"Article\",\"@id\":\"https:\\\/\\\/confesionario.co\\\/w\\\/los-funcionarios-de-la-alcaldia-de-ibague-ya-estan-preparando-el-descanso-de-diciembre\\\/#article\",\"isPartOf\":{\"@id\":\"https:\\\/\\\/confesionario.co\\\/w\\\/los-funcionarios-de-la-alcaldia-de-ibague-ya-estan-preparando-el-descanso-de-diciembre\\\/\"},\"author\":{\"name\":\"admin\",\"@id\":\"https:\\\/\\\/confesionario.co\\\/w\\\/#\\\/schema\\\/person\\\/85e99333497749318afab96ea0cc2342\"},\"headline\":\"Los funcionarios de la Alcald\u00eda de Ibagu\u00e9, ya est\u00e1n preparando el descanso de diciembre\",\"datePublished\":\"2022-10-19T11:36:33+00:00\",\"mainEntityOfPage\":{\"@id\":\"https:\\\/\\\/confesionario.co\\\/w\\\/los-funcionarios-de-la-alcaldia-de-ibague-ya-estan-preparando-el-descanso-de-diciembre\\\/\"},\"wordCount\":221,\"commentCount\":0,\"publisher\":{\"@id\":\"https:\\\/\\\/confesionario.co\\\/w\\\/#organization\"},\"articleSection\":[\"Ibagu\u00e9\"],\"inLanguage\":\"es\",\"potentialAction\":[{\"@type\":\"CommentAction\",\"name\":\"Comment\",\"target\":[\"https:\\\/\\\/confesionario.co\\\/w\\\/los-funcionarios-de-la-alcaldia-de-ibague-ya-estan-preparando-el-descanso-de-diciembre\\\/#respond\"]}]},{\"@type\":\"WebPage\",\"@id\":\"https:\\\/\\\/confesionario.co\\\/w\\\/los-funcionarios-de-la-alcaldia-de-ibague-ya-estan-preparando-el-descanso-de-diciembre\\\/\",\"url\":\"https:\\\/\\\/confesionario.co\\\/w\\\/los-funcionarios-de-la-alcaldia-de-ibague-ya-estan-preparando-el-descanso-de-diciembre\\\/\",\"name\":\"Los funcionarios de la Alcald\u00eda de Ibagu\u00e9, ya est\u00e1n preparando el descanso de diciembre - El Confesionario\",\"isPartOf\":{\"@id\":\"https:\\\/\\\/confesionario.co\\\/w\\\/#website\"},\"datePublished\":\"2022-10-19T11:36:33+00:00\",\"breadcrumb\":{\"@id\":\"https:\\\/\\\/confesionario.co\\\/w\\\/los-funcionarios-de-la-alcaldia-de-ibague-ya-estan-preparando-el-descanso-de-diciembre\\\/#breadcrumb\"},\"inLanguage\":\"es\",\"potentialAction\":[{\"@type\":\"ReadAction\",\"target\":[\"https:\\\/\\\/confesionario.co\\\/w\\\/los-funcionarios-de-la-alcaldia-de-ibague-ya-estan-preparando-el-descanso-de-diciembre\\\/\"]}]},{\"@type\":\"BreadcrumbList\",\"@id\":\"https:\\\/\\\/confesionario.co\\\/w\\\/los-funcionarios-de-la-alcaldia-de-ibague-ya-estan-preparando-el-descanso-de-diciembre\\\/#breadcrumb\",\"itemListElement\":[{\"@type\":\"ListItem\",\"position\":1,\"name\":\"Portada\",\"item\":\"https:\\\/\\\/confesionario.co\\\/w\\\/\"},{\"@type\":\"ListItem\",\"position\":2,\"name\":\"Los funcionarios de la Alcald\u00eda de Ibagu\u00e9, ya est\u00e1n preparando el descanso de diciembre\"}]},{\"@type\":\"WebSite\",\"@id\":\"https:\\\/\\\/confesionario.co\\\/w\\\/#website\",\"url\":\"https:\\\/\\\/confesionario.co\\\/w\\\/\",\"name\":\"El Confesionario\",\"description\":\"\",\"publisher\":{\"@id\":\"https:\\\/\\\/confesionario.co\\\/w\\\/#organization\"},\"potentialAction\":[{\"@type\":\"SearchAction\",\"target\":{\"@type\":\"EntryPoint\",\"urlTemplate\":\"https:\\\/\\\/confesionario.co\\\/w\\\/?s={search_term_string}\"},\"query-input\":{\"@type\":\"PropertyValueSpecification\",\"valueRequired\":true,\"valueName\":\"search_term_string\"}}],\"inLanguage\":\"es\"},{\"@type\":\"Organization\",\"@id\":\"https:\\\/\\\/confesionario.co\\\/w\\\/#organization\",\"name\":\"El Confesionario\",\"url\":\"https:\\\/\\\/confesionario.co\\\/w\\\/\",\"logo\":{\"@type\":\"ImageObject\",\"inLanguage\":\"es\",\"@id\":\"https:\\\/\\\/confesionario.co\\\/w\\\/#\\\/schema\\\/logo\\\/image\\\/\",\"url\":\"https:\\\/\\\/confesionario.co\\\/w\\\/wp-content\\\/uploads\\\/2026\\\/02\\\/confesionario-horizontal.png\",\"contentUrl\":\"https:\\\/\\\/confesionario.co\\\/w\\\/wp-content\\\/uploads\\\/2026\\\/02\\\/confesionario-horizontal.png\",\"width\":581,\"height\":148,\"caption\":\"El Confesionario\"},\"image\":{\"@id\":\"https:\\\/\\\/confesionario.co\\\/w\\\/#\\\/schema\\\/logo\\\/image\\\/\"}},{\"@type\":\"Person\",\"@id\":\"https:\\\/\\\/confesionario.co\\\/w\\\/#\\\/schema\\\/person\\\/85e99333497749318afab96ea0cc2342\",\"name\":\"admin\",\"image\":{\"@type\":\"ImageObject\",\"inLanguage\":\"es\",\"@id\":\"https:\\\/\\\/secure.gravatar.com\\\/avatar\\\/f3358fe09cfbbfc24265a18ea411b8ee8e54296a50fb17d8acf3cffca66240d2?s=96&d=mm&r=g\",\"url\":\"https:\\\/\\\/secure.gravatar.com\\\/avatar\\\/f3358fe09cfbbfc24265a18ea411b8ee8e54296a50fb17d8acf3cffca66240d2?s=96&d=mm&r=g\",\"contentUrl\":\"https:\\\/\\\/secure.gravatar.com\\\/avatar\\\/f3358fe09cfbbfc24265a18ea411b8ee8e54296a50fb17d8acf3cffca66240d2?s=96&d=mm&r=g\",\"caption\":\"admin\"},\"sameAs\":[\"https:\\\/\\\/elconfesionario.co\\\/w\"],\"url\":\"https:\\\/\\\/confesionario.co\\\/w\\\/author\\\/osabuena\\\/\"}]}<\/script>\n<!-- \/ Yoast SEO plugin. -->","yoast_head_json":{"title":"Los funcionarios de la Alcald\u00eda de Ibagu\u00e9, ya est\u00e1n preparando el descanso de diciembre - El Confesionario","robots":{"index":"index","follow":"follow","max-snippet":"max-snippet:-1","max-image-preview":"max-image-preview:large","max-video-preview":"max-video-preview:-1"},"canonical":"https:\/\/confesionario.co\/w\/los-funcionarios-de-la-alcaldia-de-ibague-ya-estan-preparando-el-descanso-de-diciembre\/","og_locale":"es_ES","og_type":"article","og_title":"Los funcionarios de la Alcald\u00eda de Ibagu\u00e9, ya est\u00e1n preparando el descanso de diciembre - El Confesionario","og_description":"La Administraci\u00f3n Municipal habilit\u00f3 temporalmente la atenci\u00f3n a los ciudadanos los siguientes s\u00e1bados.","og_url":"https:\/\/confesionario.co\/w\/los-funcionarios-de-la-alcaldia-de-ibague-ya-estan-preparando-el-descanso-de-diciembre\/","og_site_name":"El Confesionario","article_published_time":"2022-10-19T11:36:33+00:00","author":"admin","twitter_card":"summary_large_image","twitter_misc":{"Escrito por":"admin","Tiempo de lectura":"1 minuto"},"schema":{"@context":"https:\/\/schema.org","@graph":[{"@type":"Article","@id":"https:\/\/confesionario.co\/w\/los-funcionarios-de-la-alcaldia-de-ibague-ya-estan-preparando-el-descanso-de-diciembre\/#article","isPartOf":{"@id":"https:\/\/confesionario.co\/w\/los-funcionarios-de-la-alcaldia-de-ibague-ya-estan-preparando-el-descanso-de-diciembre\/"},"author":{"name":"admin","@id":"https:\/\/confesionario.co\/w\/#\/schema\/person\/85e99333497749318afab96ea0cc2342"},"headline":"Los funcionarios de la Alcald\u00eda de Ibagu\u00e9, ya est\u00e1n preparando el descanso de diciembre","datePublished":"2022-10-19T11:36:33+00:00","mainEntityOfPage":{"@id":"https:\/\/confesionario.co\/w\/los-funcionarios-de-la-alcaldia-de-ibague-ya-estan-preparando-el-descanso-de-diciembre\/"},"wordCount":221,"commentCount":0,"publisher":{"@id":"https:\/\/confesionario.co\/w\/#organization"},"articleSection":["Ibagu\u00e9"],"inLanguage":"es","potentialAction":[{"@type":"CommentAction","name":"Comment","target":["https:\/\/confesionario.co\/w\/los-funcionarios-de-la-alcaldia-de-ibague-ya-estan-preparando-el-descanso-de-diciembre\/#respond"]}]},{"@type":"WebPage","@id":"https:\/\/confesionario.co\/w\/los-funcionarios-de-la-alcaldia-de-ibague-ya-estan-preparando-el-descanso-de-diciembre\/","url":"https:\/\/confesionario.co\/w\/los-funcionarios-de-la-alcaldia-de-ibague-ya-estan-preparando-el-descanso-de-diciembre\/","name":"Los funcionarios de la Alcald\u00eda de Ibagu\u00e9, ya est\u00e1n preparando el descanso de diciembre - El Confesionario","isPartOf":{"@id":"https:\/\/confesionario.co\/w\/#website"},"datePublished":"2022-10-19T11:36:33+00:00","breadcrumb":{"@id":"https:\/\/confesionario.co\/w\/los-funcionarios-de-la-alcaldia-de-ibague-ya-estan-preparando-el-descanso-de-diciembre\/#breadcrumb"},"inLanguage":"es","potentialAction":[{"@type":"ReadAction","target":["https:\/\/confesionario.co\/w\/los-funcionarios-de-la-alcaldia-de-ibague-ya-estan-preparando-el-descanso-de-diciembre\/"]}]},{"@type":"BreadcrumbList","@id":"https:\/\/confesionario.co\/w\/los-funcionarios-de-la-alcaldia-de-ibague-ya-estan-preparando-el-descanso-de-diciembre\/#breadcrumb","itemListElement":[{"@type":"ListItem","position":1,"name":"Portada","item":"https:\/\/confesionario.co\/w\/"},{"@type":"ListItem","position":2,"name":"Los funcionarios de la Alcald\u00eda de Ibagu\u00e9, ya est\u00e1n preparando el descanso de diciembre"}]},{"@type":"WebSite","@id":"https:\/\/confesionario.co\/w\/#website","url":"https:\/\/confesionario.co\/w\/","name":"El Confesionario","description":"","publisher":{"@id":"https:\/\/confesionario.co\/w\/#organization"},"potentialAction":[{"@type":"SearchAction","target":{"@type":"EntryPoint","urlTemplate":"https:\/\/confesionario.co\/w\/?s={search_term_string}"},"query-input":{"@type":"PropertyValueSpecification","valueRequired":true,"valueName":"search_term_string"}}],"inLanguage":"es"},{"@type":"Organization","@id":"https:\/\/confesionario.co\/w\/#organization","name":"El Confesionario","url":"https:\/\/confesionario.co\/w\/","logo":{"@type":"ImageObject","inLanguage":"es","@id":"https:\/\/confesionario.co\/w\/#\/schema\/logo\/image\/","url":"https:\/\/confesionario.co\/w\/wp-content\/uploads\/2026\/02\/confesionario-horizontal.png","contentUrl":"https:\/\/confesionario.co\/w\/wp-content\/uploads\/2026\/02\/confesionario-horizontal.png","width":581,"height":148,"caption":"El Confesionario"},"image":{"@id":"https:\/\/confesionario.co\/w\/#\/schema\/logo\/image\/"}},{"@type":"Person","@id":"https:\/\/confesionario.co\/w\/#\/schema\/person\/85e99333497749318afab96ea0cc2342","name":"admin","image":{"@type":"ImageObject","inLanguage":"es","@id":"https:\/\/secure.gravatar.com\/avatar\/f3358fe09cfbbfc24265a18ea411b8ee8e54296a50fb17d8acf3cffca66240d2?s=96&d=mm&r=g","url":"https:\/\/secure.gravatar.com\/avatar\/f3358fe09cfbbfc24265a18ea411b8ee8e54296a50fb17d8acf3cffca66240d2?s=96&d=mm&r=g","contentUrl":"https:\/\/secure.gravatar.com\/avatar\/f3358fe09cfbbfc24265a18ea411b8ee8e54296a50fb17d8acf3cffca66240d2?s=96&d=mm&r=g","caption":"admin"},"sameAs":["https:\/\/elconfesionario.co\/w"],"url":"https:\/\/confesionario.co\/w\/author\/osabuena\/"}]}},"jetpack_featured_media_url":"","_links":{"self":[{"href":"https:\/\/confesionario.co\/w\/wp-json\/wp\/v2\/posts\/9954","targetHints":{"allow":["GET"]}}],"collection":[{"href":"https:\/\/confesionario.co\/w\/wp-json\/wp\/v2\/posts"}],"about":[{"href":"https:\/\/confesionario.co\/w\/wp-json\/wp\/v2\/types\/post"}],"author":[{"embeddable":true,"href":"https:\/\/confesionario.co\/w\/wp-json\/wp\/v2\/users\/1"}],"replies":[{"embeddable":true,"href":"https:\/\/confesionario.co\/w\/wp-json\/wp\/v2\/comments?post=9954"}],"version-history":[{"count":0,"href":"https:\/\/confesionario.co\/w\/wp-json\/wp\/v2\/posts\/9954\/revisions"}],"wp:attachment":[{"href":"https:\/\/confesionario.co\/w\/wp-json\/wp\/v2\/media?parent=9954"}],"wp:term":[{"taxonomy":"category","embeddable":true,"href":"https:\/\/confesionario.co\/w\/wp-json\/wp\/v2\/categories?post=9954"},{"taxonomy":"post_tag","embeddable":true,"href":"https:\/\/confesionario.co\/w\/wp-json\/wp\/v2\/tags?post=9954"}],"curies":[{"name":"wp","href":"https:\/\/api.w.org\/{rel}","templated":true}]}}