{"id":9957,"date":"2022-10-19T12:01:10","date_gmt":"2022-10-19T12:01:10","guid":{"rendered":"https:\/\/confesionario.co\/w\/desarticularon-una-banda-delincuencial-dedicada-a-comercializar-estupefacientes-en-ibague\/"},"modified":"2022-10-19T12:01:10","modified_gmt":"2022-10-19T12:01:10","slug":"desarticularon-una-banda-delincuencial-dedicada-a-comercializar-estupefacientes-en-ibague","status":"publish","type":"post","link":"https:\/\/confesionario.co\/w\/desarticularon-una-banda-delincuencial-dedicada-a-comercializar-estupefacientes-en-ibague\/","title":{"rendered":"Desarticularon una banda delincuencial dedicada a comercializar estupefacientes en Ibagu\u00e9"},"content":{"rendered":"<p class=\\\"MsoNormal\\\" style=\\\"text-align: justify;\\\"><span style=\\\"font-size: 12.0pt; line-height: 107%; font-family: \\'Arial\\',sans-serif;\\\">Luego de varios meses de investigaci\u00f3n fueron capturadas siete personas que estaban envenenando la juventud de la ciudad con la venta de alucin\u00f3genos.<\/span><\/p>\n<p><!--more--><\/p>\n<p class=\\\"MsoNormal\\\" style=\\\"text-align: justify;\\\"><span style=\\\"font-size: 12.0pt; line-height: 107%; font-family: \\'Arial\\',sans-serif;\\\">En un trabajo adelantado por la Alcald\u00eda de Ibagu\u00e9 y la Polic\u00eda Metropolitana, en articulaci\u00f3n con la Fiscal\u00eda General de la Naci\u00f3n, en las \u00faltimas horas se logr\u00f3 la desarticulaci\u00f3n del grupo delincuencial organizado conocido como \u2018Los Caciques\u2019.<\/span><\/p>\n<p class=\\\"MsoNormal\\\" style=\\\"text-align: justify;\\\"><span style=\\\"font-size: 12.0pt; line-height: 107%; font-family: \\'Arial\\',sans-serif;\\\">La mencionada estructura presuntamente se dedicada a la comercializaci\u00f3n de sustancias estupefacientes en menores cantidades especialmente en la comuna 11 de Ibagu\u00e9.<\/span><\/p>\n<p class=\\\"MsoNormal\\\" style=\\\"text-align: justify;\\\"><span style=\\\"font-size: 12.0pt; line-height: 107%; font-family: \\'Arial\\',sans-serif;\\\">\\\u00bbDurante el proceso investigativo se realizaron t\u00e9cnicas periciales especializadas como interceptaci\u00f3n de comunicaciones, utilizaci\u00f3n de un agente encubierto, vigilancia y seguimiento, al igual que otros elementos de<span style=\\\"mso-spacerun: yes;\\\">\u00a0 <\/span>prueba que hicieron posible la individualizaci\u00f3n, identificaci\u00f3n y judicializaci\u00f3n de siete presuntos integrantes de este grupo, pero tambi\u00e9n una notificaci\u00f3n en la Permanente Central a una persona que ya estaba detenida\\\u00bb, puntualiz\u00f3 el coronel Carlos Germ\u00e1n Oviedo, comandante de la Metib.<\/span><\/p>\n<p class=\\\"MsoNormal\\\" style=\\\"text-align: justify;\\\"><span style=\\\"font-size: 12.0pt; line-height: 107%; font-family: \\'Arial\\',sans-serif;\\\">Esta organizaci\u00f3n ahora responde por los delitos de concierto para delinquir, tr\u00e1fico, fabricaci\u00f3n o porte de estupefacientes.<\/span><\/p>\n<p class=\\\"MsoNormal\\\" style=\\\"text-align: justify;\\\"><span style=\\\"font-size: 12.0pt; line-height: 107%; font-family: \\'Arial\\',sans-serif;\\\">Las capturas de estos individuos se ejecutaron a trav\u00e9s de dos diligencias de allanamiento y registro en el barrio Las Vegas y la vereda San Sim\u00f3n sector Los T\u00faneles, pero tambi\u00e9n en v\u00eda p\u00fablica de los barrios La Macarena parte alta, El Bosque parte alta, Jard\u00edn y La Estaci\u00f3n.<\/span><\/p>\n<p class=\\\"MsoNormal\\\" style=\\\"text-align: justify;\\\"><span style=\\\"font-size: 12.0pt; line-height: 107%; font-family: \\'Arial\\',sans-serif;\\\">El \u2018modus operandi\u2019 de esta estructura consist\u00eda en la comercializaci\u00f3n de sustancias estupefacientes en menores cantidades, principalmente en el barrio El Bosque, los alrededores del cementerio San Bonifacio y en cercan\u00edas de dos instituciones educativas de la comuna 11 de Ibagu\u00e9.<\/span><\/p>\n<p class=\\\"MsoNormal\\\" style=\\\"text-align: justify;\\\"><span style=\\\"font-size: 12.0pt; line-height: 107%; font-family: \\'Arial\\',sans-serif;\\\">Los integrantes de este grupo cuentan con m\u00e1s de 28 anotaciones judiciales por los delitos de concierto para delinquir, tr\u00e1fico, fabricaci\u00f3n o porte de estupefacientes, hurto calificado, estafa y lesiones personales.<\/span><\/p>\n<p class=\\\"MsoNormal\\\" style=\\\"text-align: justify;\\\"><span style=\\\"font-size: 12.0pt; line-height: 107%; font-family: \\'Arial\\',sans-serif;\\\">En lo que va corrido del a\u00f1o se han realizado 97 diligencias de allanamiento y registro, desarticulado 14 estructuras criminales y se han capturado 235 personas por el delito de tr\u00e1fico de estupefacientes.<\/span><\/p>\n<p class=\\\"MsoNormal\\\" style=\\\"text-align: justify;\\\"><span style=\\\"font-size: 12.0pt; line-height: 107%; font-family: \\'Arial\\',sans-serif;\\\">\\\u00bbSe viene avanzando en devolverle la seguridad a los ibaguere\u00f1os. El se\u00f1or alcalde nos recomend\u00f3 especialmente la lucha contra el tr\u00e1fico de estupefacientes; por eso hoy entregamos una noticia positiva con la desarticulaci\u00f3n de la banda \u2018Los Caciques\u2019. dedicada a esta actividad ilegal\\\u00bb, se\u00f1al\u00f3 Milton Restrepo, secretario de Gobierno.<\/span><\/p>\n<p class=\\\"MsoNormal\\\" style=\\\"text-align: justify;\\\"><span style=\\\"font-size: 12.0pt; line-height: 107%; font-family: \\'Arial\\',sans-serif;\\\">Desde la Alcald\u00eda de Ibagu\u00e9 y la Polic\u00eda Nacional se invita a la comunidad a denunciar la presencia de microtraficantes a trav\u00e9s de la l\u00ednea 167 Antidrogas o al 123, garantizando su absoluta reserva.<\/span><\/p>\n","protected":false},"excerpt":{"rendered":"<p>Luego de varios meses de investigaci\u00f3n fueron capturadas siete personas que estaban envenenando la juventud de la ciudad con la [&hellip;]<\/p>\n","protected":false},"author":1,"featured_media":0,"comment_status":"open","ping_status":"open","sticky":false,"template":"","format":"standard","meta":{"site-sidebar-layout":"default","site-content-layout":"","ast-site-content-layout":"default","site-content-style":"default","site-sidebar-style":"default","ast-global-header-display":"","ast-banner-title-visibility":"","ast-main-header-display":"","ast-hfb-above-header-display":"","ast-hfb-below-header-display":"","ast-hfb-mobile-header-display":"","site-post-title":"","ast-breadcrumbs-content":"","ast-featured-img":"","footer-sml-layout":"","ast-disable-related-posts":"","theme-transparent-header-meta":"","adv-header-id-meta":"","stick-header-meta":"","header-above-stick-meta":"","header-main-stick-meta":"","header-below-stick-meta":"","astra-migrate-meta-layouts":"default","ast-page-background-enabled":"default","ast-page-background-meta":{"desktop":{"background-color":"var(--ast-global-color-4)","background-image":"","background-repeat":"repeat","background-position":"center center","background-size":"auto","background-attachment":"scroll","background-type":"","background-media":"","overlay-type":"","overlay-color":"","overlay-opacity":"","overlay-gradient":""},"tablet":{"background-color":"","background-image":"","background-repeat":"repeat","background-position":"center center","background-size":"auto","background-attachment":"scroll","background-type":"","background-media":"","overlay-type":"","overlay-color":"","overlay-opacity":"","overlay-gradient":""},"mobile":{"background-color":"","background-image":"","background-repeat":"repeat","background-position":"center center","background-size":"auto","background-attachment":"scroll","background-type":"","background-media":"","overlay-type":"","overlay-color":"","overlay-opacity":"","overlay-gradient":""}},"ast-content-background-meta":{"desktop":{"background-color":"var(--ast-global-color-5)","background-image":"","background-repeat":"repeat","background-position":"center center","background-size":"auto","background-attachment":"scroll","background-type":"","background-media":"","overlay-type":"","overlay-color":"","overlay-opacity":"","overlay-gradient":""},"tablet":{"background-color":"var(--ast-global-color-5)","background-image":"","background-repeat":"repeat","background-position":"center center","background-size":"auto","background-attachment":"scroll","background-type":"","background-media":"","overlay-type":"","overlay-color":"","overlay-opacity":"","overlay-gradient":""},"mobile":{"background-color":"var(--ast-global-color-5)","background-image":"","background-repeat":"repeat","background-position":"center center","background-size":"auto","background-attachment":"scroll","background-type":"","background-media":"","overlay-type":"","overlay-color":"","overlay-opacity":"","overlay-gradient":""}},"footnotes":""},"categories":[20],"tags":[],"class_list":["post-9957","post","type-post","status-publish","format-standard","hentry","category-los-pecados"],"yoast_head":"<!-- This site is optimized with the Yoast SEO plugin v27.4 - https:\/\/yoast.com\/product\/yoast-seo-wordpress\/ -->\n<title>Desarticularon una banda delincuencial dedicada a comercializar estupefacientes en Ibagu\u00e9 - El Confesionario<\/title>\n<meta name=\"robots\" content=\"index, follow, max-snippet:-1, max-image-preview:large, max-video-preview:-1\" \/>\n<link rel=\"canonical\" href=\"https:\/\/confesionario.co\/w\/desarticularon-una-banda-delincuencial-dedicada-a-comercializar-estupefacientes-en-ibague\/\" \/>\n<meta property=\"og:locale\" content=\"es_ES\" \/>\n<meta property=\"og:type\" content=\"article\" \/>\n<meta property=\"og:title\" content=\"Desarticularon una banda delincuencial dedicada a comercializar estupefacientes en Ibagu\u00e9 - El Confesionario\" \/>\n<meta property=\"og:description\" content=\"Luego de varios meses de investigaci\u00f3n fueron capturadas siete personas que estaban envenenando la juventud de la ciudad con la [&hellip;]\" \/>\n<meta property=\"og:url\" content=\"https:\/\/confesionario.co\/w\/desarticularon-una-banda-delincuencial-dedicada-a-comercializar-estupefacientes-en-ibague\/\" \/>\n<meta property=\"og:site_name\" content=\"El Confesionario\" \/>\n<meta property=\"article:published_time\" content=\"2022-10-19T12:01:10+00:00\" \/>\n<meta name=\"author\" content=\"admin\" \/>\n<meta name=\"twitter:card\" content=\"summary_large_image\" \/>\n<meta name=\"twitter:label1\" content=\"Escrito por\" \/>\n\t<meta name=\"twitter:data1\" content=\"admin\" \/>\n\t<meta name=\"twitter:label2\" content=\"Tiempo de lectura\" \/>\n\t<meta name=\"twitter:data2\" content=\"2 minutos\" \/>\n<script type=\"application\/ld+json\" class=\"yoast-schema-graph\">{\"@context\":\"https:\\\/\\\/schema.org\",\"@graph\":[{\"@type\":\"Article\",\"@id\":\"https:\\\/\\\/confesionario.co\\\/w\\\/desarticularon-una-banda-delincuencial-dedicada-a-comercializar-estupefacientes-en-ibague\\\/#article\",\"isPartOf\":{\"@id\":\"https:\\\/\\\/confesionario.co\\\/w\\\/desarticularon-una-banda-delincuencial-dedicada-a-comercializar-estupefacientes-en-ibague\\\/\"},\"author\":{\"name\":\"admin\",\"@id\":\"https:\\\/\\\/confesionario.co\\\/w\\\/#\\\/schema\\\/person\\\/85e99333497749318afab96ea0cc2342\"},\"headline\":\"Desarticularon una banda delincuencial dedicada a comercializar estupefacientes en Ibagu\u00e9\",\"datePublished\":\"2022-10-19T12:01:10+00:00\",\"mainEntityOfPage\":{\"@id\":\"https:\\\/\\\/confesionario.co\\\/w\\\/desarticularon-una-banda-delincuencial-dedicada-a-comercializar-estupefacientes-en-ibague\\\/\"},\"wordCount\":453,\"commentCount\":0,\"publisher\":{\"@id\":\"https:\\\/\\\/confesionario.co\\\/w\\\/#organization\"},\"articleSection\":[\"Los pecados\"],\"inLanguage\":\"es\",\"potentialAction\":[{\"@type\":\"CommentAction\",\"name\":\"Comment\",\"target\":[\"https:\\\/\\\/confesionario.co\\\/w\\\/desarticularon-una-banda-delincuencial-dedicada-a-comercializar-estupefacientes-en-ibague\\\/#respond\"]}]},{\"@type\":\"WebPage\",\"@id\":\"https:\\\/\\\/confesionario.co\\\/w\\\/desarticularon-una-banda-delincuencial-dedicada-a-comercializar-estupefacientes-en-ibague\\\/\",\"url\":\"https:\\\/\\\/confesionario.co\\\/w\\\/desarticularon-una-banda-delincuencial-dedicada-a-comercializar-estupefacientes-en-ibague\\\/\",\"name\":\"Desarticularon una banda delincuencial dedicada a comercializar estupefacientes en Ibagu\u00e9 - El Confesionario\",\"isPartOf\":{\"@id\":\"https:\\\/\\\/confesionario.co\\\/w\\\/#website\"},\"datePublished\":\"2022-10-19T12:01:10+00:00\",\"breadcrumb\":{\"@id\":\"https:\\\/\\\/confesionario.co\\\/w\\\/desarticularon-una-banda-delincuencial-dedicada-a-comercializar-estupefacientes-en-ibague\\\/#breadcrumb\"},\"inLanguage\":\"es\",\"potentialAction\":[{\"@type\":\"ReadAction\",\"target\":[\"https:\\\/\\\/confesionario.co\\\/w\\\/desarticularon-una-banda-delincuencial-dedicada-a-comercializar-estupefacientes-en-ibague\\\/\"]}]},{\"@type\":\"BreadcrumbList\",\"@id\":\"https:\\\/\\\/confesionario.co\\\/w\\\/desarticularon-una-banda-delincuencial-dedicada-a-comercializar-estupefacientes-en-ibague\\\/#breadcrumb\",\"itemListElement\":[{\"@type\":\"ListItem\",\"position\":1,\"name\":\"Portada\",\"item\":\"https:\\\/\\\/confesionario.co\\\/w\\\/\"},{\"@type\":\"ListItem\",\"position\":2,\"name\":\"Desarticularon una banda delincuencial dedicada a comercializar estupefacientes en Ibagu\u00e9\"}]},{\"@type\":\"WebSite\",\"@id\":\"https:\\\/\\\/confesionario.co\\\/w\\\/#website\",\"url\":\"https:\\\/\\\/confesionario.co\\\/w\\\/\",\"name\":\"El Confesionario\",\"description\":\"\",\"publisher\":{\"@id\":\"https:\\\/\\\/confesionario.co\\\/w\\\/#organization\"},\"potentialAction\":[{\"@type\":\"SearchAction\",\"target\":{\"@type\":\"EntryPoint\",\"urlTemplate\":\"https:\\\/\\\/confesionario.co\\\/w\\\/?s={search_term_string}\"},\"query-input\":{\"@type\":\"PropertyValueSpecification\",\"valueRequired\":true,\"valueName\":\"search_term_string\"}}],\"inLanguage\":\"es\"},{\"@type\":\"Organization\",\"@id\":\"https:\\\/\\\/confesionario.co\\\/w\\\/#organization\",\"name\":\"El Confesionario\",\"url\":\"https:\\\/\\\/confesionario.co\\\/w\\\/\",\"logo\":{\"@type\":\"ImageObject\",\"inLanguage\":\"es\",\"@id\":\"https:\\\/\\\/confesionario.co\\\/w\\\/#\\\/schema\\\/logo\\\/image\\\/\",\"url\":\"https:\\\/\\\/confesionario.co\\\/w\\\/wp-content\\\/uploads\\\/2026\\\/02\\\/confesionario-horizontal.png\",\"contentUrl\":\"https:\\\/\\\/confesionario.co\\\/w\\\/wp-content\\\/uploads\\\/2026\\\/02\\\/confesionario-horizontal.png\",\"width\":581,\"height\":148,\"caption\":\"El Confesionario\"},\"image\":{\"@id\":\"https:\\\/\\\/confesionario.co\\\/w\\\/#\\\/schema\\\/logo\\\/image\\\/\"}},{\"@type\":\"Person\",\"@id\":\"https:\\\/\\\/confesionario.co\\\/w\\\/#\\\/schema\\\/person\\\/85e99333497749318afab96ea0cc2342\",\"name\":\"admin\",\"image\":{\"@type\":\"ImageObject\",\"inLanguage\":\"es\",\"@id\":\"https:\\\/\\\/secure.gravatar.com\\\/avatar\\\/f3358fe09cfbbfc24265a18ea411b8ee8e54296a50fb17d8acf3cffca66240d2?s=96&d=mm&r=g\",\"url\":\"https:\\\/\\\/secure.gravatar.com\\\/avatar\\\/f3358fe09cfbbfc24265a18ea411b8ee8e54296a50fb17d8acf3cffca66240d2?s=96&d=mm&r=g\",\"contentUrl\":\"https:\\\/\\\/secure.gravatar.com\\\/avatar\\\/f3358fe09cfbbfc24265a18ea411b8ee8e54296a50fb17d8acf3cffca66240d2?s=96&d=mm&r=g\",\"caption\":\"admin\"},\"sameAs\":[\"https:\\\/\\\/elconfesionario.co\\\/w\"],\"url\":\"https:\\\/\\\/confesionario.co\\\/w\\\/author\\\/osabuena\\\/\"}]}<\/script>\n<!-- \/ Yoast SEO plugin. -->","yoast_head_json":{"title":"Desarticularon una banda delincuencial dedicada a comercializar estupefacientes en Ibagu\u00e9 - El Confesionario","robots":{"index":"index","follow":"follow","max-snippet":"max-snippet:-1","max-image-preview":"max-image-preview:large","max-video-preview":"max-video-preview:-1"},"canonical":"https:\/\/confesionario.co\/w\/desarticularon-una-banda-delincuencial-dedicada-a-comercializar-estupefacientes-en-ibague\/","og_locale":"es_ES","og_type":"article","og_title":"Desarticularon una banda delincuencial dedicada a comercializar estupefacientes en Ibagu\u00e9 - El Confesionario","og_description":"Luego de varios meses de investigaci\u00f3n fueron capturadas siete personas que estaban envenenando la juventud de la ciudad con la [&hellip;]","og_url":"https:\/\/confesionario.co\/w\/desarticularon-una-banda-delincuencial-dedicada-a-comercializar-estupefacientes-en-ibague\/","og_site_name":"El Confesionario","article_published_time":"2022-10-19T12:01:10+00:00","author":"admin","twitter_card":"summary_large_image","twitter_misc":{"Escrito por":"admin","Tiempo de lectura":"2 minutos"},"schema":{"@context":"https:\/\/schema.org","@graph":[{"@type":"Article","@id":"https:\/\/confesionario.co\/w\/desarticularon-una-banda-delincuencial-dedicada-a-comercializar-estupefacientes-en-ibague\/#article","isPartOf":{"@id":"https:\/\/confesionario.co\/w\/desarticularon-una-banda-delincuencial-dedicada-a-comercializar-estupefacientes-en-ibague\/"},"author":{"name":"admin","@id":"https:\/\/confesionario.co\/w\/#\/schema\/person\/85e99333497749318afab96ea0cc2342"},"headline":"Desarticularon una banda delincuencial dedicada a comercializar estupefacientes en Ibagu\u00e9","datePublished":"2022-10-19T12:01:10+00:00","mainEntityOfPage":{"@id":"https:\/\/confesionario.co\/w\/desarticularon-una-banda-delincuencial-dedicada-a-comercializar-estupefacientes-en-ibague\/"},"wordCount":453,"commentCount":0,"publisher":{"@id":"https:\/\/confesionario.co\/w\/#organization"},"articleSection":["Los pecados"],"inLanguage":"es","potentialAction":[{"@type":"CommentAction","name":"Comment","target":["https:\/\/confesionario.co\/w\/desarticularon-una-banda-delincuencial-dedicada-a-comercializar-estupefacientes-en-ibague\/#respond"]}]},{"@type":"WebPage","@id":"https:\/\/confesionario.co\/w\/desarticularon-una-banda-delincuencial-dedicada-a-comercializar-estupefacientes-en-ibague\/","url":"https:\/\/confesionario.co\/w\/desarticularon-una-banda-delincuencial-dedicada-a-comercializar-estupefacientes-en-ibague\/","name":"Desarticularon una banda delincuencial dedicada a comercializar estupefacientes en Ibagu\u00e9 - El Confesionario","isPartOf":{"@id":"https:\/\/confesionario.co\/w\/#website"},"datePublished":"2022-10-19T12:01:10+00:00","breadcrumb":{"@id":"https:\/\/confesionario.co\/w\/desarticularon-una-banda-delincuencial-dedicada-a-comercializar-estupefacientes-en-ibague\/#breadcrumb"},"inLanguage":"es","potentialAction":[{"@type":"ReadAction","target":["https:\/\/confesionario.co\/w\/desarticularon-una-banda-delincuencial-dedicada-a-comercializar-estupefacientes-en-ibague\/"]}]},{"@type":"BreadcrumbList","@id":"https:\/\/confesionario.co\/w\/desarticularon-una-banda-delincuencial-dedicada-a-comercializar-estupefacientes-en-ibague\/#breadcrumb","itemListElement":[{"@type":"ListItem","position":1,"name":"Portada","item":"https:\/\/confesionario.co\/w\/"},{"@type":"ListItem","position":2,"name":"Desarticularon una banda delincuencial dedicada a comercializar estupefacientes en Ibagu\u00e9"}]},{"@type":"WebSite","@id":"https:\/\/confesionario.co\/w\/#website","url":"https:\/\/confesionario.co\/w\/","name":"El Confesionario","description":"","publisher":{"@id":"https:\/\/confesionario.co\/w\/#organization"},"potentialAction":[{"@type":"SearchAction","target":{"@type":"EntryPoint","urlTemplate":"https:\/\/confesionario.co\/w\/?s={search_term_string}"},"query-input":{"@type":"PropertyValueSpecification","valueRequired":true,"valueName":"search_term_string"}}],"inLanguage":"es"},{"@type":"Organization","@id":"https:\/\/confesionario.co\/w\/#organization","name":"El Confesionario","url":"https:\/\/confesionario.co\/w\/","logo":{"@type":"ImageObject","inLanguage":"es","@id":"https:\/\/confesionario.co\/w\/#\/schema\/logo\/image\/","url":"https:\/\/confesionario.co\/w\/wp-content\/uploads\/2026\/02\/confesionario-horizontal.png","contentUrl":"https:\/\/confesionario.co\/w\/wp-content\/uploads\/2026\/02\/confesionario-horizontal.png","width":581,"height":148,"caption":"El Confesionario"},"image":{"@id":"https:\/\/confesionario.co\/w\/#\/schema\/logo\/image\/"}},{"@type":"Person","@id":"https:\/\/confesionario.co\/w\/#\/schema\/person\/85e99333497749318afab96ea0cc2342","name":"admin","image":{"@type":"ImageObject","inLanguage":"es","@id":"https:\/\/secure.gravatar.com\/avatar\/f3358fe09cfbbfc24265a18ea411b8ee8e54296a50fb17d8acf3cffca66240d2?s=96&d=mm&r=g","url":"https:\/\/secure.gravatar.com\/avatar\/f3358fe09cfbbfc24265a18ea411b8ee8e54296a50fb17d8acf3cffca66240d2?s=96&d=mm&r=g","contentUrl":"https:\/\/secure.gravatar.com\/avatar\/f3358fe09cfbbfc24265a18ea411b8ee8e54296a50fb17d8acf3cffca66240d2?s=96&d=mm&r=g","caption":"admin"},"sameAs":["https:\/\/elconfesionario.co\/w"],"url":"https:\/\/confesionario.co\/w\/author\/osabuena\/"}]}},"jetpack_featured_media_url":"","_links":{"self":[{"href":"https:\/\/confesionario.co\/w\/wp-json\/wp\/v2\/posts\/9957","targetHints":{"allow":["GET"]}}],"collection":[{"href":"https:\/\/confesionario.co\/w\/wp-json\/wp\/v2\/posts"}],"about":[{"href":"https:\/\/confesionario.co\/w\/wp-json\/wp\/v2\/types\/post"}],"author":[{"embeddable":true,"href":"https:\/\/confesionario.co\/w\/wp-json\/wp\/v2\/users\/1"}],"replies":[{"embeddable":true,"href":"https:\/\/confesionario.co\/w\/wp-json\/wp\/v2\/comments?post=9957"}],"version-history":[{"count":0,"href":"https:\/\/confesionario.co\/w\/wp-json\/wp\/v2\/posts\/9957\/revisions"}],"wp:attachment":[{"href":"https:\/\/confesionario.co\/w\/wp-json\/wp\/v2\/media?parent=9957"}],"wp:term":[{"taxonomy":"category","embeddable":true,"href":"https:\/\/confesionario.co\/w\/wp-json\/wp\/v2\/categories?post=9957"},{"taxonomy":"post_tag","embeddable":true,"href":"https:\/\/confesionario.co\/w\/wp-json\/wp\/v2\/tags?post=9957"}],"curies":[{"name":"wp","href":"https:\/\/api.w.org\/{rel}","templated":true}]}}