{"id":9960,"date":"2022-10-23T13:39:58","date_gmt":"2022-10-23T13:39:58","guid":{"rendered":"https:\/\/confesionario.co\/w\/gestion-de-proyectos-de-regalias-del-tolima-es-catalogada-como-historica\/"},"modified":"2022-10-23T13:39:58","modified_gmt":"2022-10-23T13:39:58","slug":"gestion-de-proyectos-de-regalias-del-tolima-es-catalogada-como-historica","status":"publish","type":"post","link":"https:\/\/confesionario.co\/w\/gestion-de-proyectos-de-regalias-del-tolima-es-catalogada-como-historica\/","title":{"rendered":"Gesti\u00f3n de Proyectos de Regal\u00edas del Tolima es catalogada como \u201chist\u00f3rica\u201d"},"content":{"rendered":"<p class=\\\"MsoNormal\\\" style=\\\"text-align: justify;\\\"><span style=\\\"font-size: 12.0pt; line-height: 107%; font-family: \\'Arial\\',sans-serif;\\\">Seg\u00fan los resultados arrojados por el Departamento Nacional de Planeaci\u00f3n a trav\u00e9s del Sistema General de Regal\u00edas el Tolima subi\u00f3 de nivel de gesti\u00f3n de regal\u00edas.<\/span><\/p>\n<p><!--more--><\/p>\n<p class=\\\"MsoNormal\\\" style=\\\"text-align: justify;\\\"><span style=\\\"font-size: 12.0pt; line-height: 107%; font-family: \\'Arial\\',sans-serif;\\\">Por primera vez el Tolima se ubica en el nivel alto de la medici\u00f3n de desempe\u00f1o Gesti\u00f3n de Proyectos de Regal\u00edas para el segundo trimestre de 2022, compartiendo posici\u00f3n con departamentos como Antioquia, Cundinamarca y Valle del Cauca.<\/span><\/p>\n<p class=\\\"MsoNormal\\\" style=\\\"text-align: justify;\\\"><span style=\\\"font-size: 12.0pt; line-height: 107%; font-family: \\'Arial\\',sans-serif;\\\">Seg\u00fan los resultados arrojados por el Departamento Nacional de Planeaci\u00f3n a trav\u00e9s del Sistema General de Regal\u00edas el Tolima subi\u00f3 de nivel, de medio a alto, por el aumento en los indicadores de cumplimiento en el cronograma, costo y tiempo de los proyectos presentados.<\/span><\/p>\n<p class=\\\"MsoNormal\\\" style=\\\"text-align: justify;\\\"><span style=\\\"font-size: 12.0pt; line-height: 107%; font-family: \\'Arial\\',sans-serif;\\\">\u201cCon orgullo y satisfacci\u00f3n podemos anunciar que el Tolima por primera vez se encuentra en categor\u00eda alta en el \u00cdndice de Gesti\u00f3n de Proyectos de Regal\u00edas.<span style=\\\"mso-spacerun: yes;\\\">\u00a0 <\/span>Esto obedece al buen comportamiento, presentaci\u00f3n y aprobaci\u00f3n de proyectos financiados por el Sistema General de Regal\u00edas\u201d, asegur\u00f3 Juan Pablo Garc\u00eda Poveda, secretario de Planeaci\u00f3n y TIC del Tolima.<\/span><\/p>\n<p class=\\\"MsoNormal\\\" style=\\\"text-align: justify;\\\"><span style=\\\"font-size: 12.0pt; line-height: 107%; font-family: \\'Arial\\',sans-serif;\\\">Esta posici\u00f3n de privilegio le servir\u00e1 al a la regi\u00f3n para continuar siendo ejecutora y aprobar proyectos de forma directa con cargo a los recursos de asignaciones directas, locales y el 60% regional, a partir del 2023.<\/span><\/p>\n","protected":false},"excerpt":{"rendered":"<p>Seg\u00fan los resultados arrojados por el Departamento Nacional de Planeaci\u00f3n a trav\u00e9s del Sistema General de Regal\u00edas el Tolima subi\u00f3 [&hellip;]<\/p>\n","protected":false},"author":1,"featured_media":0,"comment_status":"open","ping_status":"open","sticky":false,"template":"","format":"standard","meta":{"site-sidebar-layout":"default","site-content-layout":"","ast-site-content-layout":"default","site-content-style":"default","site-sidebar-style":"default","ast-global-header-display":"","ast-banner-title-visibility":"","ast-main-header-display":"","ast-hfb-above-header-display":"","ast-hfb-below-header-display":"","ast-hfb-mobile-header-display":"","site-post-title":"","ast-breadcrumbs-content":"","ast-featured-img":"","footer-sml-layout":"","ast-disable-related-posts":"","theme-transparent-header-meta":"","adv-header-id-meta":"","stick-header-meta":"","header-above-stick-meta":"","header-main-stick-meta":"","header-below-stick-meta":"","astra-migrate-meta-layouts":"default","ast-page-background-enabled":"default","ast-page-background-meta":{"desktop":{"background-color":"var(--ast-global-color-4)","background-image":"","background-repeat":"repeat","background-position":"center center","background-size":"auto","background-attachment":"scroll","background-type":"","background-media":"","overlay-type":"","overlay-color":"","overlay-opacity":"","overlay-gradient":""},"tablet":{"background-color":"","background-image":"","background-repeat":"repeat","background-position":"center center","background-size":"auto","background-attachment":"scroll","background-type":"","background-media":"","overlay-type":"","overlay-color":"","overlay-opacity":"","overlay-gradient":""},"mobile":{"background-color":"","background-image":"","background-repeat":"repeat","background-position":"center center","background-size":"auto","background-attachment":"scroll","background-type":"","background-media":"","overlay-type":"","overlay-color":"","overlay-opacity":"","overlay-gradient":""}},"ast-content-background-meta":{"desktop":{"background-color":"var(--ast-global-color-5)","background-image":"","background-repeat":"repeat","background-position":"center center","background-size":"auto","background-attachment":"scroll","background-type":"","background-media":"","overlay-type":"","overlay-color":"","overlay-opacity":"","overlay-gradient":""},"tablet":{"background-color":"var(--ast-global-color-5)","background-image":"","background-repeat":"repeat","background-position":"center center","background-size":"auto","background-attachment":"scroll","background-type":"","background-media":"","overlay-type":"","overlay-color":"","overlay-opacity":"","overlay-gradient":""},"mobile":{"background-color":"var(--ast-global-color-5)","background-image":"","background-repeat":"repeat","background-position":"center center","background-size":"auto","background-attachment":"scroll","background-type":"","background-media":"","overlay-type":"","overlay-color":"","overlay-opacity":"","overlay-gradient":""}},"footnotes":""},"categories":[17],"tags":[],"class_list":["post-9960","post","type-post","status-publish","format-standard","hentry","category-otras-cofesiones"],"yoast_head":"<!-- This site is optimized with the Yoast SEO plugin v27.4 - https:\/\/yoast.com\/product\/yoast-seo-wordpress\/ -->\n<title>Gesti\u00f3n de Proyectos de Regal\u00edas del Tolima es catalogada como \u201chist\u00f3rica\u201d - El Confesionario<\/title>\n<meta name=\"robots\" content=\"index, follow, max-snippet:-1, max-image-preview:large, max-video-preview:-1\" \/>\n<link rel=\"canonical\" href=\"https:\/\/confesionario.co\/w\/gestion-de-proyectos-de-regalias-del-tolima-es-catalogada-como-historica\/\" \/>\n<meta property=\"og:locale\" content=\"es_ES\" \/>\n<meta property=\"og:type\" content=\"article\" \/>\n<meta property=\"og:title\" content=\"Gesti\u00f3n de Proyectos de Regal\u00edas del Tolima es catalogada como \u201chist\u00f3rica\u201d - El Confesionario\" \/>\n<meta property=\"og:description\" content=\"Seg\u00fan los resultados arrojados por el Departamento Nacional de Planeaci\u00f3n a trav\u00e9s del Sistema General de Regal\u00edas el Tolima subi\u00f3 [&hellip;]\" \/>\n<meta property=\"og:url\" content=\"https:\/\/confesionario.co\/w\/gestion-de-proyectos-de-regalias-del-tolima-es-catalogada-como-historica\/\" \/>\n<meta property=\"og:site_name\" content=\"El Confesionario\" \/>\n<meta property=\"article:published_time\" content=\"2022-10-23T13:39:58+00:00\" \/>\n<meta name=\"author\" content=\"admin\" \/>\n<meta name=\"twitter:card\" content=\"summary_large_image\" \/>\n<meta name=\"twitter:label1\" content=\"Escrito por\" \/>\n\t<meta name=\"twitter:data1\" content=\"admin\" \/>\n\t<meta name=\"twitter:label2\" content=\"Tiempo de lectura\" \/>\n\t<meta name=\"twitter:data2\" content=\"1 minuto\" \/>\n<script type=\"application\/ld+json\" class=\"yoast-schema-graph\">{\"@context\":\"https:\\\/\\\/schema.org\",\"@graph\":[{\"@type\":\"Article\",\"@id\":\"https:\\\/\\\/confesionario.co\\\/w\\\/gestion-de-proyectos-de-regalias-del-tolima-es-catalogada-como-historica\\\/#article\",\"isPartOf\":{\"@id\":\"https:\\\/\\\/confesionario.co\\\/w\\\/gestion-de-proyectos-de-regalias-del-tolima-es-catalogada-como-historica\\\/\"},\"author\":{\"name\":\"admin\",\"@id\":\"https:\\\/\\\/confesionario.co\\\/w\\\/#\\\/schema\\\/person\\\/85e99333497749318afab96ea0cc2342\"},\"headline\":\"Gesti\u00f3n de Proyectos de Regal\u00edas del Tolima es catalogada como \u201chist\u00f3rica\u201d\",\"datePublished\":\"2022-10-23T13:39:58+00:00\",\"mainEntityOfPage\":{\"@id\":\"https:\\\/\\\/confesionario.co\\\/w\\\/gestion-de-proyectos-de-regalias-del-tolima-es-catalogada-como-historica\\\/\"},\"wordCount\":237,\"commentCount\":0,\"publisher\":{\"@id\":\"https:\\\/\\\/confesionario.co\\\/w\\\/#organization\"},\"articleSection\":[\"Otras confesiones\"],\"inLanguage\":\"es\",\"potentialAction\":[{\"@type\":\"CommentAction\",\"name\":\"Comment\",\"target\":[\"https:\\\/\\\/confesionario.co\\\/w\\\/gestion-de-proyectos-de-regalias-del-tolima-es-catalogada-como-historica\\\/#respond\"]}]},{\"@type\":\"WebPage\",\"@id\":\"https:\\\/\\\/confesionario.co\\\/w\\\/gestion-de-proyectos-de-regalias-del-tolima-es-catalogada-como-historica\\\/\",\"url\":\"https:\\\/\\\/confesionario.co\\\/w\\\/gestion-de-proyectos-de-regalias-del-tolima-es-catalogada-como-historica\\\/\",\"name\":\"Gesti\u00f3n de Proyectos de Regal\u00edas del Tolima es catalogada como \u201chist\u00f3rica\u201d - El Confesionario\",\"isPartOf\":{\"@id\":\"https:\\\/\\\/confesionario.co\\\/w\\\/#website\"},\"datePublished\":\"2022-10-23T13:39:58+00:00\",\"breadcrumb\":{\"@id\":\"https:\\\/\\\/confesionario.co\\\/w\\\/gestion-de-proyectos-de-regalias-del-tolima-es-catalogada-como-historica\\\/#breadcrumb\"},\"inLanguage\":\"es\",\"potentialAction\":[{\"@type\":\"ReadAction\",\"target\":[\"https:\\\/\\\/confesionario.co\\\/w\\\/gestion-de-proyectos-de-regalias-del-tolima-es-catalogada-como-historica\\\/\"]}]},{\"@type\":\"BreadcrumbList\",\"@id\":\"https:\\\/\\\/confesionario.co\\\/w\\\/gestion-de-proyectos-de-regalias-del-tolima-es-catalogada-como-historica\\\/#breadcrumb\",\"itemListElement\":[{\"@type\":\"ListItem\",\"position\":1,\"name\":\"Portada\",\"item\":\"https:\\\/\\\/confesionario.co\\\/w\\\/\"},{\"@type\":\"ListItem\",\"position\":2,\"name\":\"Gesti\u00f3n de Proyectos de Regal\u00edas del Tolima es catalogada como \u201chist\u00f3rica\u201d\"}]},{\"@type\":\"WebSite\",\"@id\":\"https:\\\/\\\/confesionario.co\\\/w\\\/#website\",\"url\":\"https:\\\/\\\/confesionario.co\\\/w\\\/\",\"name\":\"El Confesionario\",\"description\":\"\",\"publisher\":{\"@id\":\"https:\\\/\\\/confesionario.co\\\/w\\\/#organization\"},\"potentialAction\":[{\"@type\":\"SearchAction\",\"target\":{\"@type\":\"EntryPoint\",\"urlTemplate\":\"https:\\\/\\\/confesionario.co\\\/w\\\/?s={search_term_string}\"},\"query-input\":{\"@type\":\"PropertyValueSpecification\",\"valueRequired\":true,\"valueName\":\"search_term_string\"}}],\"inLanguage\":\"es\"},{\"@type\":\"Organization\",\"@id\":\"https:\\\/\\\/confesionario.co\\\/w\\\/#organization\",\"name\":\"El Confesionario\",\"url\":\"https:\\\/\\\/confesionario.co\\\/w\\\/\",\"logo\":{\"@type\":\"ImageObject\",\"inLanguage\":\"es\",\"@id\":\"https:\\\/\\\/confesionario.co\\\/w\\\/#\\\/schema\\\/logo\\\/image\\\/\",\"url\":\"https:\\\/\\\/confesionario.co\\\/w\\\/wp-content\\\/uploads\\\/2026\\\/02\\\/confesionario-horizontal.png\",\"contentUrl\":\"https:\\\/\\\/confesionario.co\\\/w\\\/wp-content\\\/uploads\\\/2026\\\/02\\\/confesionario-horizontal.png\",\"width\":581,\"height\":148,\"caption\":\"El Confesionario\"},\"image\":{\"@id\":\"https:\\\/\\\/confesionario.co\\\/w\\\/#\\\/schema\\\/logo\\\/image\\\/\"}},{\"@type\":\"Person\",\"@id\":\"https:\\\/\\\/confesionario.co\\\/w\\\/#\\\/schema\\\/person\\\/85e99333497749318afab96ea0cc2342\",\"name\":\"admin\",\"image\":{\"@type\":\"ImageObject\",\"inLanguage\":\"es\",\"@id\":\"https:\\\/\\\/secure.gravatar.com\\\/avatar\\\/f3358fe09cfbbfc24265a18ea411b8ee8e54296a50fb17d8acf3cffca66240d2?s=96&d=mm&r=g\",\"url\":\"https:\\\/\\\/secure.gravatar.com\\\/avatar\\\/f3358fe09cfbbfc24265a18ea411b8ee8e54296a50fb17d8acf3cffca66240d2?s=96&d=mm&r=g\",\"contentUrl\":\"https:\\\/\\\/secure.gravatar.com\\\/avatar\\\/f3358fe09cfbbfc24265a18ea411b8ee8e54296a50fb17d8acf3cffca66240d2?s=96&d=mm&r=g\",\"caption\":\"admin\"},\"sameAs\":[\"https:\\\/\\\/elconfesionario.co\\\/w\"],\"url\":\"https:\\\/\\\/confesionario.co\\\/w\\\/author\\\/osabuena\\\/\"}]}<\/script>\n<!-- \/ Yoast SEO plugin. -->","yoast_head_json":{"title":"Gesti\u00f3n de Proyectos de Regal\u00edas del Tolima es catalogada como \u201chist\u00f3rica\u201d - El Confesionario","robots":{"index":"index","follow":"follow","max-snippet":"max-snippet:-1","max-image-preview":"max-image-preview:large","max-video-preview":"max-video-preview:-1"},"canonical":"https:\/\/confesionario.co\/w\/gestion-de-proyectos-de-regalias-del-tolima-es-catalogada-como-historica\/","og_locale":"es_ES","og_type":"article","og_title":"Gesti\u00f3n de Proyectos de Regal\u00edas del Tolima es catalogada como \u201chist\u00f3rica\u201d - El Confesionario","og_description":"Seg\u00fan los resultados arrojados por el Departamento Nacional de Planeaci\u00f3n a trav\u00e9s del Sistema General de Regal\u00edas el Tolima subi\u00f3 [&hellip;]","og_url":"https:\/\/confesionario.co\/w\/gestion-de-proyectos-de-regalias-del-tolima-es-catalogada-como-historica\/","og_site_name":"El Confesionario","article_published_time":"2022-10-23T13:39:58+00:00","author":"admin","twitter_card":"summary_large_image","twitter_misc":{"Escrito por":"admin","Tiempo de lectura":"1 minuto"},"schema":{"@context":"https:\/\/schema.org","@graph":[{"@type":"Article","@id":"https:\/\/confesionario.co\/w\/gestion-de-proyectos-de-regalias-del-tolima-es-catalogada-como-historica\/#article","isPartOf":{"@id":"https:\/\/confesionario.co\/w\/gestion-de-proyectos-de-regalias-del-tolima-es-catalogada-como-historica\/"},"author":{"name":"admin","@id":"https:\/\/confesionario.co\/w\/#\/schema\/person\/85e99333497749318afab96ea0cc2342"},"headline":"Gesti\u00f3n de Proyectos de Regal\u00edas del Tolima es catalogada como \u201chist\u00f3rica\u201d","datePublished":"2022-10-23T13:39:58+00:00","mainEntityOfPage":{"@id":"https:\/\/confesionario.co\/w\/gestion-de-proyectos-de-regalias-del-tolima-es-catalogada-como-historica\/"},"wordCount":237,"commentCount":0,"publisher":{"@id":"https:\/\/confesionario.co\/w\/#organization"},"articleSection":["Otras confesiones"],"inLanguage":"es","potentialAction":[{"@type":"CommentAction","name":"Comment","target":["https:\/\/confesionario.co\/w\/gestion-de-proyectos-de-regalias-del-tolima-es-catalogada-como-historica\/#respond"]}]},{"@type":"WebPage","@id":"https:\/\/confesionario.co\/w\/gestion-de-proyectos-de-regalias-del-tolima-es-catalogada-como-historica\/","url":"https:\/\/confesionario.co\/w\/gestion-de-proyectos-de-regalias-del-tolima-es-catalogada-como-historica\/","name":"Gesti\u00f3n de Proyectos de Regal\u00edas del Tolima es catalogada como \u201chist\u00f3rica\u201d - El Confesionario","isPartOf":{"@id":"https:\/\/confesionario.co\/w\/#website"},"datePublished":"2022-10-23T13:39:58+00:00","breadcrumb":{"@id":"https:\/\/confesionario.co\/w\/gestion-de-proyectos-de-regalias-del-tolima-es-catalogada-como-historica\/#breadcrumb"},"inLanguage":"es","potentialAction":[{"@type":"ReadAction","target":["https:\/\/confesionario.co\/w\/gestion-de-proyectos-de-regalias-del-tolima-es-catalogada-como-historica\/"]}]},{"@type":"BreadcrumbList","@id":"https:\/\/confesionario.co\/w\/gestion-de-proyectos-de-regalias-del-tolima-es-catalogada-como-historica\/#breadcrumb","itemListElement":[{"@type":"ListItem","position":1,"name":"Portada","item":"https:\/\/confesionario.co\/w\/"},{"@type":"ListItem","position":2,"name":"Gesti\u00f3n de Proyectos de Regal\u00edas del Tolima es catalogada como \u201chist\u00f3rica\u201d"}]},{"@type":"WebSite","@id":"https:\/\/confesionario.co\/w\/#website","url":"https:\/\/confesionario.co\/w\/","name":"El Confesionario","description":"","publisher":{"@id":"https:\/\/confesionario.co\/w\/#organization"},"potentialAction":[{"@type":"SearchAction","target":{"@type":"EntryPoint","urlTemplate":"https:\/\/confesionario.co\/w\/?s={search_term_string}"},"query-input":{"@type":"PropertyValueSpecification","valueRequired":true,"valueName":"search_term_string"}}],"inLanguage":"es"},{"@type":"Organization","@id":"https:\/\/confesionario.co\/w\/#organization","name":"El Confesionario","url":"https:\/\/confesionario.co\/w\/","logo":{"@type":"ImageObject","inLanguage":"es","@id":"https:\/\/confesionario.co\/w\/#\/schema\/logo\/image\/","url":"https:\/\/confesionario.co\/w\/wp-content\/uploads\/2026\/02\/confesionario-horizontal.png","contentUrl":"https:\/\/confesionario.co\/w\/wp-content\/uploads\/2026\/02\/confesionario-horizontal.png","width":581,"height":148,"caption":"El Confesionario"},"image":{"@id":"https:\/\/confesionario.co\/w\/#\/schema\/logo\/image\/"}},{"@type":"Person","@id":"https:\/\/confesionario.co\/w\/#\/schema\/person\/85e99333497749318afab96ea0cc2342","name":"admin","image":{"@type":"ImageObject","inLanguage":"es","@id":"https:\/\/secure.gravatar.com\/avatar\/f3358fe09cfbbfc24265a18ea411b8ee8e54296a50fb17d8acf3cffca66240d2?s=96&d=mm&r=g","url":"https:\/\/secure.gravatar.com\/avatar\/f3358fe09cfbbfc24265a18ea411b8ee8e54296a50fb17d8acf3cffca66240d2?s=96&d=mm&r=g","contentUrl":"https:\/\/secure.gravatar.com\/avatar\/f3358fe09cfbbfc24265a18ea411b8ee8e54296a50fb17d8acf3cffca66240d2?s=96&d=mm&r=g","caption":"admin"},"sameAs":["https:\/\/elconfesionario.co\/w"],"url":"https:\/\/confesionario.co\/w\/author\/osabuena\/"}]}},"jetpack_featured_media_url":"","_links":{"self":[{"href":"https:\/\/confesionario.co\/w\/wp-json\/wp\/v2\/posts\/9960","targetHints":{"allow":["GET"]}}],"collection":[{"href":"https:\/\/confesionario.co\/w\/wp-json\/wp\/v2\/posts"}],"about":[{"href":"https:\/\/confesionario.co\/w\/wp-json\/wp\/v2\/types\/post"}],"author":[{"embeddable":true,"href":"https:\/\/confesionario.co\/w\/wp-json\/wp\/v2\/users\/1"}],"replies":[{"embeddable":true,"href":"https:\/\/confesionario.co\/w\/wp-json\/wp\/v2\/comments?post=9960"}],"version-history":[{"count":0,"href":"https:\/\/confesionario.co\/w\/wp-json\/wp\/v2\/posts\/9960\/revisions"}],"wp:attachment":[{"href":"https:\/\/confesionario.co\/w\/wp-json\/wp\/v2\/media?parent=9960"}],"wp:term":[{"taxonomy":"category","embeddable":true,"href":"https:\/\/confesionario.co\/w\/wp-json\/wp\/v2\/categories?post=9960"},{"taxonomy":"post_tag","embeddable":true,"href":"https:\/\/confesionario.co\/w\/wp-json\/wp\/v2\/tags?post=9960"}],"curies":[{"name":"wp","href":"https:\/\/api.w.org\/{rel}","templated":true}]}}