{"id":9965,"date":"2022-10-24T17:53:05","date_gmt":"2022-10-24T17:53:05","guid":{"rendered":"https:\/\/confesionario.co\/w\/sigue-vigente-la-convocatoria-para-100-veredas-que-seran-beneficiadas-con-placas-huellas\/"},"modified":"2022-10-24T17:53:05","modified_gmt":"2022-10-24T17:53:05","slug":"sigue-vigente-la-convocatoria-para-100-veredas-que-seran-beneficiadas-con-placas-huellas","status":"publish","type":"post","link":"https:\/\/confesionario.co\/w\/sigue-vigente-la-convocatoria-para-100-veredas-que-seran-beneficiadas-con-placas-huellas\/","title":{"rendered":"Sigue vigente la convocatoria para 100 veredas que ser\u00e1n beneficiadas con placas huellas"},"content":{"rendered":"<p class=\\\"MsoNormal\\\" style=\\\"text-align: justify;\\\"><span style=\\\"font-size: 12.0pt; line-height: 107%; font-family: \\'Arial\\',sans-serif;\\\">Las veredas que quieran postularse deben enviar solicitud ante la Oficina de Radicaci\u00f3n de la Alcald\u00eda de Ibagu\u00e9.<\/span><\/p>\n<p><!--more--><\/p>\n<p class=\\\"MsoNormal\\\" style=\\\"text-align: justify;\\\"><span style=\\\"font-size: 12.0pt; line-height: 107%; font-family: \\'Arial\\',sans-serif;\\\">Como meta del Plan de Desarrollo del gobierno \u2018Ibagu\u00e9 Vibra\u2019, cerca de 100 veredas ser\u00e1n beneficiadas con la construcci\u00f3n de placas huellas.<\/span><\/p>\n<p class=\\\"MsoNormal\\\" style=\\\"text-align: justify;\\\"><span style=\\\"font-size: 12.0pt; line-height: 107%; font-family: \\'Arial\\',sans-serif;\\\">Para lo anterior, ser\u00e1n invertidos $4.400 millones que ser\u00e1n distribuidos en gran parte de la zona rural de la Ciudad Musical, para garantizar movilidad a nuestros campesinos. <\/span><\/p>\n<p class=\\\"MsoNormal\\\" style=\\\"text-align: justify;\\\"><span style=\\\"font-size: 12.0pt; line-height: 107%; font-family: \\'Arial\\',sans-serif;\\\">Al respecto, Soledad Orozco, secretaria de Agricultura y Desarrollo Rural, record\u00f3: \u201cReiteramos a nuestros presidentes de Juntas de Acci\u00f3n Comunal de la zona rural la convocatoria que se encuentra abierta precisamente para participar en la construcci\u00f3n en sus veredas\u201d, dijo. <\/span><\/p>\n<p class=\\\"MsoNormal\\\" style=\\\"text-align: justify;\\\"><b><span style=\\\"font-size: 12.0pt; line-height: 107%; font-family: \\'Arial\\',sans-serif;\\\">A continuaci\u00f3n, los requisitos para realizar la solicitud: <\/span><\/b><\/p>\n<p class=\\\"MsoNormal\\\" style=\\\"text-align: justify;\\\"><span style=\\\"font-size: 12.0pt; line-height: 107%; font-family: \\'Arial\\',sans-serif;\\\">1. La Junta de Acci\u00f3n Comunal debe tener resoluci\u00f3n de reconocimiento actual.<\/span><\/p>\n<p class=\\\"MsoNormal\\\" style=\\\"text-align: justify;\\\"><span style=\\\"font-size: 12.0pt; line-height: 107%; font-family: \\'Arial\\',sans-serif;\\\">2. Certificaci\u00f3n de vigencia de la Junta.<\/span><\/p>\n<p class=\\\"MsoNormal\\\" style=\\\"text-align: justify;\\\"><span style=\\\"font-size: 12.0pt; line-height: 107%; font-family: \\'Arial\\',sans-serif;\\\">3. Registro \u00danico Tributario actualizado.<\/span><\/p>\n<p class=\\\"MsoNormal\\\" style=\\\"text-align: justify;\\\"><span style=\\\"font-size: 12.0pt; line-height: 107%; font-family: \\'Arial\\',sans-serif;\\\">4. Inscripci\u00f3n en el portal SECOP II <\/span><\/p>\n<p class=\\\"MsoNormal\\\" style=\\\"text-align: justify;\\\"><span style=\\\"font-size: 12.0pt; line-height: 107%; font-family: \\'Arial\\',sans-serif;\\\">5. Registro \u00danico Comunal del Ministerio del Interior-<\/span><\/p>\n<p class=\\\"MsoNormal\\\" style=\\\"text-align: justify;\\\"><span style=\\\"font-size: 12.0pt; line-height: 107%; font-family: \\'Arial\\',sans-serif;\\\">6. Presidente: fotocopia de su documento de identificaci\u00f3n, antecedentes disciplinarios y fiscales, RUT.<\/span><\/p>\n<p class=\\\"MsoNormal\\\" style=\\\"text-align: justify;\\\"><span style=\\\"font-size: 12.0pt; line-height: 107%; font-family: \\'Arial\\',sans-serif;\\\">\u201cEstos documentos se adjuntan a una solicitud para participar en la convocatoria. Con esto iniciaremos el proceso de identificaci\u00f3n de los tramos que tienen solicitud; asimismo, la elaboraci\u00f3n del convenio que dar\u00e1 lugar finalmente a este proceso amplio de poder llegar a mitigar varios puntos cr\u00edticos que genera dificultad en nuestra zona rural\u201d, agreg\u00f3 la funcionaria. <\/span><\/p>\n<p class=\\\"MsoNormal\\\" style=\\\"text-align: justify;\\\"><span style=\\\"font-size: 12.0pt; line-height: 107%; font-family: \\'Arial\\',sans-serif;\\\">Finalmente, se estableci\u00f3 que la recepci\u00f3n de los documentos y la respectiva solicitud escrita a la Secretar\u00eda de Agricultura y Desarrollo Rural es en la Oficina de Radicaci\u00f3n de la Alcald\u00eda de Ibagu\u00e9.<\/span><\/p>\n","protected":false},"excerpt":{"rendered":"<p>Las veredas que quieran postularse deben enviar solicitud ante la Oficina de Radicaci\u00f3n de la Alcald\u00eda de Ibagu\u00e9.<\/p>\n","protected":false},"author":1,"featured_media":0,"comment_status":"open","ping_status":"open","sticky":false,"template":"","format":"standard","meta":{"site-sidebar-layout":"default","site-content-layout":"","ast-site-content-layout":"default","site-content-style":"default","site-sidebar-style":"default","ast-global-header-display":"","ast-banner-title-visibility":"","ast-main-header-display":"","ast-hfb-above-header-display":"","ast-hfb-below-header-display":"","ast-hfb-mobile-header-display":"","site-post-title":"","ast-breadcrumbs-content":"","ast-featured-img":"","footer-sml-layout":"","ast-disable-related-posts":"","theme-transparent-header-meta":"","adv-header-id-meta":"","stick-header-meta":"","header-above-stick-meta":"","header-main-stick-meta":"","header-below-stick-meta":"","astra-migrate-meta-layouts":"default","ast-page-background-enabled":"default","ast-page-background-meta":{"desktop":{"background-color":"var(--ast-global-color-4)","background-image":"","background-repeat":"repeat","background-position":"center center","background-size":"auto","background-attachment":"scroll","background-type":"","background-media":"","overlay-type":"","overlay-color":"","overlay-opacity":"","overlay-gradient":""},"tablet":{"background-color":"","background-image":"","background-repeat":"repeat","background-position":"center center","background-size":"auto","background-attachment":"scroll","background-type":"","background-media":"","overlay-type":"","overlay-color":"","overlay-opacity":"","overlay-gradient":""},"mobile":{"background-color":"","background-image":"","background-repeat":"repeat","background-position":"center center","background-size":"auto","background-attachment":"scroll","background-type":"","background-media":"","overlay-type":"","overlay-color":"","overlay-opacity":"","overlay-gradient":""}},"ast-content-background-meta":{"desktop":{"background-color":"var(--ast-global-color-5)","background-image":"","background-repeat":"repeat","background-position":"center center","background-size":"auto","background-attachment":"scroll","background-type":"","background-media":"","overlay-type":"","overlay-color":"","overlay-opacity":"","overlay-gradient":""},"tablet":{"background-color":"var(--ast-global-color-5)","background-image":"","background-repeat":"repeat","background-position":"center center","background-size":"auto","background-attachment":"scroll","background-type":"","background-media":"","overlay-type":"","overlay-color":"","overlay-opacity":"","overlay-gradient":""},"mobile":{"background-color":"var(--ast-global-color-5)","background-image":"","background-repeat":"repeat","background-position":"center center","background-size":"auto","background-attachment":"scroll","background-type":"","background-media":"","overlay-type":"","overlay-color":"","overlay-opacity":"","overlay-gradient":""}},"footnotes":""},"categories":[19],"tags":[],"class_list":["post-9965","post","type-post","status-publish","format-standard","hentry","category-ibague"],"yoast_head":"<!-- This site is optimized with the Yoast SEO plugin v27.4 - https:\/\/yoast.com\/product\/yoast-seo-wordpress\/ -->\n<title>Sigue vigente la convocatoria para 100 veredas que ser\u00e1n beneficiadas con placas huellas - El Confesionario<\/title>\n<meta name=\"robots\" content=\"index, follow, max-snippet:-1, max-image-preview:large, max-video-preview:-1\" \/>\n<link rel=\"canonical\" href=\"https:\/\/confesionario.co\/w\/sigue-vigente-la-convocatoria-para-100-veredas-que-seran-beneficiadas-con-placas-huellas\/\" \/>\n<meta property=\"og:locale\" content=\"es_ES\" \/>\n<meta property=\"og:type\" content=\"article\" \/>\n<meta property=\"og:title\" content=\"Sigue vigente la convocatoria para 100 veredas que ser\u00e1n beneficiadas con placas huellas - El Confesionario\" \/>\n<meta property=\"og:description\" content=\"Las veredas que quieran postularse deben enviar solicitud ante la Oficina de Radicaci\u00f3n de la Alcald\u00eda de Ibagu\u00e9.\" \/>\n<meta property=\"og:url\" content=\"https:\/\/confesionario.co\/w\/sigue-vigente-la-convocatoria-para-100-veredas-que-seran-beneficiadas-con-placas-huellas\/\" \/>\n<meta property=\"og:site_name\" content=\"El Confesionario\" \/>\n<meta property=\"article:published_time\" content=\"2022-10-24T17:53:05+00:00\" \/>\n<meta name=\"author\" content=\"admin\" \/>\n<meta name=\"twitter:card\" content=\"summary_large_image\" \/>\n<meta name=\"twitter:label1\" content=\"Escrito por\" \/>\n\t<meta name=\"twitter:data1\" content=\"admin\" \/>\n\t<meta name=\"twitter:label2\" content=\"Tiempo de lectura\" \/>\n\t<meta name=\"twitter:data2\" content=\"1 minuto\" \/>\n<script type=\"application\/ld+json\" class=\"yoast-schema-graph\">{\"@context\":\"https:\\\/\\\/schema.org\",\"@graph\":[{\"@type\":\"Article\",\"@id\":\"https:\\\/\\\/confesionario.co\\\/w\\\/sigue-vigente-la-convocatoria-para-100-veredas-que-seran-beneficiadas-con-placas-huellas\\\/#article\",\"isPartOf\":{\"@id\":\"https:\\\/\\\/confesionario.co\\\/w\\\/sigue-vigente-la-convocatoria-para-100-veredas-que-seran-beneficiadas-con-placas-huellas\\\/\"},\"author\":{\"name\":\"admin\",\"@id\":\"https:\\\/\\\/confesionario.co\\\/w\\\/#\\\/schema\\\/person\\\/85e99333497749318afab96ea0cc2342\"},\"headline\":\"Sigue vigente la convocatoria para 100 veredas que ser\u00e1n beneficiadas con placas huellas\",\"datePublished\":\"2022-10-24T17:53:05+00:00\",\"mainEntityOfPage\":{\"@id\":\"https:\\\/\\\/confesionario.co\\\/w\\\/sigue-vigente-la-convocatoria-para-100-veredas-que-seran-beneficiadas-con-placas-huellas\\\/\"},\"wordCount\":282,\"commentCount\":0,\"publisher\":{\"@id\":\"https:\\\/\\\/confesionario.co\\\/w\\\/#organization\"},\"articleSection\":[\"Ibagu\u00e9\"],\"inLanguage\":\"es\",\"potentialAction\":[{\"@type\":\"CommentAction\",\"name\":\"Comment\",\"target\":[\"https:\\\/\\\/confesionario.co\\\/w\\\/sigue-vigente-la-convocatoria-para-100-veredas-que-seran-beneficiadas-con-placas-huellas\\\/#respond\"]}]},{\"@type\":\"WebPage\",\"@id\":\"https:\\\/\\\/confesionario.co\\\/w\\\/sigue-vigente-la-convocatoria-para-100-veredas-que-seran-beneficiadas-con-placas-huellas\\\/\",\"url\":\"https:\\\/\\\/confesionario.co\\\/w\\\/sigue-vigente-la-convocatoria-para-100-veredas-que-seran-beneficiadas-con-placas-huellas\\\/\",\"name\":\"Sigue vigente la convocatoria para 100 veredas que ser\u00e1n beneficiadas con placas huellas - El Confesionario\",\"isPartOf\":{\"@id\":\"https:\\\/\\\/confesionario.co\\\/w\\\/#website\"},\"datePublished\":\"2022-10-24T17:53:05+00:00\",\"breadcrumb\":{\"@id\":\"https:\\\/\\\/confesionario.co\\\/w\\\/sigue-vigente-la-convocatoria-para-100-veredas-que-seran-beneficiadas-con-placas-huellas\\\/#breadcrumb\"},\"inLanguage\":\"es\",\"potentialAction\":[{\"@type\":\"ReadAction\",\"target\":[\"https:\\\/\\\/confesionario.co\\\/w\\\/sigue-vigente-la-convocatoria-para-100-veredas-que-seran-beneficiadas-con-placas-huellas\\\/\"]}]},{\"@type\":\"BreadcrumbList\",\"@id\":\"https:\\\/\\\/confesionario.co\\\/w\\\/sigue-vigente-la-convocatoria-para-100-veredas-que-seran-beneficiadas-con-placas-huellas\\\/#breadcrumb\",\"itemListElement\":[{\"@type\":\"ListItem\",\"position\":1,\"name\":\"Portada\",\"item\":\"https:\\\/\\\/confesionario.co\\\/w\\\/\"},{\"@type\":\"ListItem\",\"position\":2,\"name\":\"Sigue vigente la convocatoria para 100 veredas que ser\u00e1n beneficiadas con placas huellas\"}]},{\"@type\":\"WebSite\",\"@id\":\"https:\\\/\\\/confesionario.co\\\/w\\\/#website\",\"url\":\"https:\\\/\\\/confesionario.co\\\/w\\\/\",\"name\":\"El Confesionario\",\"description\":\"\",\"publisher\":{\"@id\":\"https:\\\/\\\/confesionario.co\\\/w\\\/#organization\"},\"potentialAction\":[{\"@type\":\"SearchAction\",\"target\":{\"@type\":\"EntryPoint\",\"urlTemplate\":\"https:\\\/\\\/confesionario.co\\\/w\\\/?s={search_term_string}\"},\"query-input\":{\"@type\":\"PropertyValueSpecification\",\"valueRequired\":true,\"valueName\":\"search_term_string\"}}],\"inLanguage\":\"es\"},{\"@type\":\"Organization\",\"@id\":\"https:\\\/\\\/confesionario.co\\\/w\\\/#organization\",\"name\":\"El Confesionario\",\"url\":\"https:\\\/\\\/confesionario.co\\\/w\\\/\",\"logo\":{\"@type\":\"ImageObject\",\"inLanguage\":\"es\",\"@id\":\"https:\\\/\\\/confesionario.co\\\/w\\\/#\\\/schema\\\/logo\\\/image\\\/\",\"url\":\"https:\\\/\\\/confesionario.co\\\/w\\\/wp-content\\\/uploads\\\/2026\\\/02\\\/confesionario-horizontal.png\",\"contentUrl\":\"https:\\\/\\\/confesionario.co\\\/w\\\/wp-content\\\/uploads\\\/2026\\\/02\\\/confesionario-horizontal.png\",\"width\":581,\"height\":148,\"caption\":\"El Confesionario\"},\"image\":{\"@id\":\"https:\\\/\\\/confesionario.co\\\/w\\\/#\\\/schema\\\/logo\\\/image\\\/\"}},{\"@type\":\"Person\",\"@id\":\"https:\\\/\\\/confesionario.co\\\/w\\\/#\\\/schema\\\/person\\\/85e99333497749318afab96ea0cc2342\",\"name\":\"admin\",\"image\":{\"@type\":\"ImageObject\",\"inLanguage\":\"es\",\"@id\":\"https:\\\/\\\/secure.gravatar.com\\\/avatar\\\/f3358fe09cfbbfc24265a18ea411b8ee8e54296a50fb17d8acf3cffca66240d2?s=96&d=mm&r=g\",\"url\":\"https:\\\/\\\/secure.gravatar.com\\\/avatar\\\/f3358fe09cfbbfc24265a18ea411b8ee8e54296a50fb17d8acf3cffca66240d2?s=96&d=mm&r=g\",\"contentUrl\":\"https:\\\/\\\/secure.gravatar.com\\\/avatar\\\/f3358fe09cfbbfc24265a18ea411b8ee8e54296a50fb17d8acf3cffca66240d2?s=96&d=mm&r=g\",\"caption\":\"admin\"},\"sameAs\":[\"https:\\\/\\\/elconfesionario.co\\\/w\"],\"url\":\"https:\\\/\\\/confesionario.co\\\/w\\\/author\\\/osabuena\\\/\"}]}<\/script>\n<!-- \/ Yoast SEO plugin. -->","yoast_head_json":{"title":"Sigue vigente la convocatoria para 100 veredas que ser\u00e1n beneficiadas con placas huellas - El Confesionario","robots":{"index":"index","follow":"follow","max-snippet":"max-snippet:-1","max-image-preview":"max-image-preview:large","max-video-preview":"max-video-preview:-1"},"canonical":"https:\/\/confesionario.co\/w\/sigue-vigente-la-convocatoria-para-100-veredas-que-seran-beneficiadas-con-placas-huellas\/","og_locale":"es_ES","og_type":"article","og_title":"Sigue vigente la convocatoria para 100 veredas que ser\u00e1n beneficiadas con placas huellas - El Confesionario","og_description":"Las veredas que quieran postularse deben enviar solicitud ante la Oficina de Radicaci\u00f3n de la Alcald\u00eda de Ibagu\u00e9.","og_url":"https:\/\/confesionario.co\/w\/sigue-vigente-la-convocatoria-para-100-veredas-que-seran-beneficiadas-con-placas-huellas\/","og_site_name":"El Confesionario","article_published_time":"2022-10-24T17:53:05+00:00","author":"admin","twitter_card":"summary_large_image","twitter_misc":{"Escrito por":"admin","Tiempo de lectura":"1 minuto"},"schema":{"@context":"https:\/\/schema.org","@graph":[{"@type":"Article","@id":"https:\/\/confesionario.co\/w\/sigue-vigente-la-convocatoria-para-100-veredas-que-seran-beneficiadas-con-placas-huellas\/#article","isPartOf":{"@id":"https:\/\/confesionario.co\/w\/sigue-vigente-la-convocatoria-para-100-veredas-que-seran-beneficiadas-con-placas-huellas\/"},"author":{"name":"admin","@id":"https:\/\/confesionario.co\/w\/#\/schema\/person\/85e99333497749318afab96ea0cc2342"},"headline":"Sigue vigente la convocatoria para 100 veredas que ser\u00e1n beneficiadas con placas huellas","datePublished":"2022-10-24T17:53:05+00:00","mainEntityOfPage":{"@id":"https:\/\/confesionario.co\/w\/sigue-vigente-la-convocatoria-para-100-veredas-que-seran-beneficiadas-con-placas-huellas\/"},"wordCount":282,"commentCount":0,"publisher":{"@id":"https:\/\/confesionario.co\/w\/#organization"},"articleSection":["Ibagu\u00e9"],"inLanguage":"es","potentialAction":[{"@type":"CommentAction","name":"Comment","target":["https:\/\/confesionario.co\/w\/sigue-vigente-la-convocatoria-para-100-veredas-que-seran-beneficiadas-con-placas-huellas\/#respond"]}]},{"@type":"WebPage","@id":"https:\/\/confesionario.co\/w\/sigue-vigente-la-convocatoria-para-100-veredas-que-seran-beneficiadas-con-placas-huellas\/","url":"https:\/\/confesionario.co\/w\/sigue-vigente-la-convocatoria-para-100-veredas-que-seran-beneficiadas-con-placas-huellas\/","name":"Sigue vigente la convocatoria para 100 veredas que ser\u00e1n beneficiadas con placas huellas - El Confesionario","isPartOf":{"@id":"https:\/\/confesionario.co\/w\/#website"},"datePublished":"2022-10-24T17:53:05+00:00","breadcrumb":{"@id":"https:\/\/confesionario.co\/w\/sigue-vigente-la-convocatoria-para-100-veredas-que-seran-beneficiadas-con-placas-huellas\/#breadcrumb"},"inLanguage":"es","potentialAction":[{"@type":"ReadAction","target":["https:\/\/confesionario.co\/w\/sigue-vigente-la-convocatoria-para-100-veredas-que-seran-beneficiadas-con-placas-huellas\/"]}]},{"@type":"BreadcrumbList","@id":"https:\/\/confesionario.co\/w\/sigue-vigente-la-convocatoria-para-100-veredas-que-seran-beneficiadas-con-placas-huellas\/#breadcrumb","itemListElement":[{"@type":"ListItem","position":1,"name":"Portada","item":"https:\/\/confesionario.co\/w\/"},{"@type":"ListItem","position":2,"name":"Sigue vigente la convocatoria para 100 veredas que ser\u00e1n beneficiadas con placas huellas"}]},{"@type":"WebSite","@id":"https:\/\/confesionario.co\/w\/#website","url":"https:\/\/confesionario.co\/w\/","name":"El Confesionario","description":"","publisher":{"@id":"https:\/\/confesionario.co\/w\/#organization"},"potentialAction":[{"@type":"SearchAction","target":{"@type":"EntryPoint","urlTemplate":"https:\/\/confesionario.co\/w\/?s={search_term_string}"},"query-input":{"@type":"PropertyValueSpecification","valueRequired":true,"valueName":"search_term_string"}}],"inLanguage":"es"},{"@type":"Organization","@id":"https:\/\/confesionario.co\/w\/#organization","name":"El Confesionario","url":"https:\/\/confesionario.co\/w\/","logo":{"@type":"ImageObject","inLanguage":"es","@id":"https:\/\/confesionario.co\/w\/#\/schema\/logo\/image\/","url":"https:\/\/confesionario.co\/w\/wp-content\/uploads\/2026\/02\/confesionario-horizontal.png","contentUrl":"https:\/\/confesionario.co\/w\/wp-content\/uploads\/2026\/02\/confesionario-horizontal.png","width":581,"height":148,"caption":"El Confesionario"},"image":{"@id":"https:\/\/confesionario.co\/w\/#\/schema\/logo\/image\/"}},{"@type":"Person","@id":"https:\/\/confesionario.co\/w\/#\/schema\/person\/85e99333497749318afab96ea0cc2342","name":"admin","image":{"@type":"ImageObject","inLanguage":"es","@id":"https:\/\/secure.gravatar.com\/avatar\/f3358fe09cfbbfc24265a18ea411b8ee8e54296a50fb17d8acf3cffca66240d2?s=96&d=mm&r=g","url":"https:\/\/secure.gravatar.com\/avatar\/f3358fe09cfbbfc24265a18ea411b8ee8e54296a50fb17d8acf3cffca66240d2?s=96&d=mm&r=g","contentUrl":"https:\/\/secure.gravatar.com\/avatar\/f3358fe09cfbbfc24265a18ea411b8ee8e54296a50fb17d8acf3cffca66240d2?s=96&d=mm&r=g","caption":"admin"},"sameAs":["https:\/\/elconfesionario.co\/w"],"url":"https:\/\/confesionario.co\/w\/author\/osabuena\/"}]}},"jetpack_featured_media_url":"","_links":{"self":[{"href":"https:\/\/confesionario.co\/w\/wp-json\/wp\/v2\/posts\/9965","targetHints":{"allow":["GET"]}}],"collection":[{"href":"https:\/\/confesionario.co\/w\/wp-json\/wp\/v2\/posts"}],"about":[{"href":"https:\/\/confesionario.co\/w\/wp-json\/wp\/v2\/types\/post"}],"author":[{"embeddable":true,"href":"https:\/\/confesionario.co\/w\/wp-json\/wp\/v2\/users\/1"}],"replies":[{"embeddable":true,"href":"https:\/\/confesionario.co\/w\/wp-json\/wp\/v2\/comments?post=9965"}],"version-history":[{"count":0,"href":"https:\/\/confesionario.co\/w\/wp-json\/wp\/v2\/posts\/9965\/revisions"}],"wp:attachment":[{"href":"https:\/\/confesionario.co\/w\/wp-json\/wp\/v2\/media?parent=9965"}],"wp:term":[{"taxonomy":"category","embeddable":true,"href":"https:\/\/confesionario.co\/w\/wp-json\/wp\/v2\/categories?post=9965"},{"taxonomy":"post_tag","embeddable":true,"href":"https:\/\/confesionario.co\/w\/wp-json\/wp\/v2\/tags?post=9965"}],"curies":[{"name":"wp","href":"https:\/\/api.w.org\/{rel}","templated":true}]}}