{"id":9966,"date":"2022-10-24T18:01:40","date_gmt":"2022-10-24T18:01:40","guid":{"rendered":"https:\/\/confesionario.co\/w\/personas-con-discapacidad-del-tolima-podran-obtener-cedula-digital-sin-costo\/"},"modified":"2022-10-24T18:01:40","modified_gmt":"2022-10-24T18:01:40","slug":"personas-con-discapacidad-del-tolima-podran-obtener-cedula-digital-sin-costo","status":"publish","type":"post","link":"https:\/\/confesionario.co\/w\/personas-con-discapacidad-del-tolima-podran-obtener-cedula-digital-sin-costo\/","title":{"rendered":"Personas con discapacidad del Tolima podr\u00e1n obtener c\u00e9dula digital sin costo"},"content":{"rendered":"<p class=\\\"MsoNormal\\\" style=\\\"text-align: justify;\\\"><span style=\\\"font-size: 12.0pt; line-height: 107%; font-family: \\'Arial\\',sans-serif;\\\">Por iniciativa del gobernador Ricardo Orozco, la Registradur\u00eda adelantar\u00e1 en el Tolima una jornada masiva de expedici\u00f3n de documentos para la poblaci\u00f3n con discapacidad.<\/span><\/p>\n<p><!--more--><\/p>\n<p class=\\\"MsoNormal\\\" style=\\\"text-align: justify;\\\"><span style=\\\"font-size: 12.0pt; line-height: 107%; font-family: \\'Arial\\',sans-serif;\\\">Tolima ser\u00eda el primer departamento de Colombia donde la Registradur\u00eda Nacional del Estado Civil adelante una jornada masiva de tr\u00e1mite de c\u00e9dula digital para esta poblaci\u00f3n, inform\u00f3 el gobernador Ricardo Orozco Valero.<\/span><\/p>\n<p class=\\\"MsoNormal\\\" style=\\\"text-align: justify;\\\"><span style=\\\"font-size: 12.0pt; line-height: 107%; font-family: \\'Arial\\',sans-serif;\\\">La nueva versi\u00f3n de la c\u00e9dula tiene un valor de $55.750, pero la idea del mandatario, que ya le fue planteada al registrador nacional Alexander Vega, es que los ciudadanos que pertenezcan a este grupo poblacional obtengan sin ning\u00fan costo el documento de identidad.<\/span><\/p>\n<p class=\\\"MsoNormal\\\" style=\\\"text-align: justify;\\\"><span style=\\\"font-size: 12.0pt; line-height: 107%; font-family: \\'Arial\\',sans-serif;\\\">\u201cNos contactamos con la Registradur\u00eda a nivel nacional y creo que seremos el departamento piloto en hacer una jornada masiva con unas 3.400 personas en condici\u00f3n de discapacidad para sacarles no solo la c\u00e9dula digital sino su tarjeta de identidad o su registro civil\u201d, dijo el mandatario seccional.<\/span><\/p>\n<p class=\\\"MsoNormal\\\" style=\\\"text-align: justify;\\\"><span style=\\\"font-size: 12.0pt; line-height: 107%; font-family: \\'Arial\\',sans-serif;\\\">El gobernador Orozco Valero asegur\u00f3 que aunque no se ha definido cu\u00e1l de las dos entidades asumir\u00eda la financiaci\u00f3n de la iniciativa, se trata de una propuesta que ya cuenta con el apoyo del registrador Vega para llevarla a cabo en fecha por determinar.<\/span><\/p>\n<p class=\\\"MsoNormal\\\" style=\\\"text-align: justify;\\\"><span style=\\\"font-size: 12.0pt; line-height: 107%; font-family: \\'Arial\\',sans-serif;\\\">\u201cS\u00e9 que el registrador se entusiasm\u00f3 con la idea y creo que vamos a ser pioneros en que las personas en condici\u00f3n de discapacidad obtengan un elemento b\u00e1sico tan importante como es la c\u00e9dula digital, que se puede tener de manera f\u00edsica y en el celular\u201d, coment\u00f3.<\/span><\/p>\n<p class=\\\"MsoNormal\\\" style=\\\"text-align: justify;\\\"><span style=\\\"font-size: 12.0pt; line-height: 107%; font-family: \\'Arial\\',sans-serif;\\\">Entre los beneficios del documento, el mandatario seccional record\u00f3 que es v\u00e1lido para el ingreso sin pasaportes a todos los pa\u00edses miembros de la Comunidad Andina, es decir, Argentina, Brasil, Paraguay, Uruguay, Bolivia, Chile, Ecuador y Per\u00fa.<\/span><\/p>\n","protected":false},"excerpt":{"rendered":"<p>Por iniciativa del gobernador Ricardo Orozco, la Registradur\u00eda adelantar\u00e1 en el Tolima una jornada masiva de expedici\u00f3n de documentos para [&hellip;]<\/p>\n","protected":false},"author":1,"featured_media":0,"comment_status":"open","ping_status":"open","sticky":false,"template":"","format":"standard","meta":{"site-sidebar-layout":"default","site-content-layout":"","ast-site-content-layout":"default","site-content-style":"default","site-sidebar-style":"default","ast-global-header-display":"","ast-banner-title-visibility":"","ast-main-header-display":"","ast-hfb-above-header-display":"","ast-hfb-below-header-display":"","ast-hfb-mobile-header-display":"","site-post-title":"","ast-breadcrumbs-content":"","ast-featured-img":"","footer-sml-layout":"","ast-disable-related-posts":"","theme-transparent-header-meta":"","adv-header-id-meta":"","stick-header-meta":"","header-above-stick-meta":"","header-main-stick-meta":"","header-below-stick-meta":"","astra-migrate-meta-layouts":"default","ast-page-background-enabled":"default","ast-page-background-meta":{"desktop":{"background-color":"var(--ast-global-color-4)","background-image":"","background-repeat":"repeat","background-position":"center center","background-size":"auto","background-attachment":"scroll","background-type":"","background-media":"","overlay-type":"","overlay-color":"","overlay-opacity":"","overlay-gradient":""},"tablet":{"background-color":"","background-image":"","background-repeat":"repeat","background-position":"center center","background-size":"auto","background-attachment":"scroll","background-type":"","background-media":"","overlay-type":"","overlay-color":"","overlay-opacity":"","overlay-gradient":""},"mobile":{"background-color":"","background-image":"","background-repeat":"repeat","background-position":"center center","background-size":"auto","background-attachment":"scroll","background-type":"","background-media":"","overlay-type":"","overlay-color":"","overlay-opacity":"","overlay-gradient":""}},"ast-content-background-meta":{"desktop":{"background-color":"var(--ast-global-color-5)","background-image":"","background-repeat":"repeat","background-position":"center center","background-size":"auto","background-attachment":"scroll","background-type":"","background-media":"","overlay-type":"","overlay-color":"","overlay-opacity":"","overlay-gradient":""},"tablet":{"background-color":"var(--ast-global-color-5)","background-image":"","background-repeat":"repeat","background-position":"center center","background-size":"auto","background-attachment":"scroll","background-type":"","background-media":"","overlay-type":"","overlay-color":"","overlay-opacity":"","overlay-gradient":""},"mobile":{"background-color":"var(--ast-global-color-5)","background-image":"","background-repeat":"repeat","background-position":"center center","background-size":"auto","background-attachment":"scroll","background-type":"","background-media":"","overlay-type":"","overlay-color":"","overlay-opacity":"","overlay-gradient":""}},"footnotes":""},"categories":[17],"tags":[],"class_list":["post-9966","post","type-post","status-publish","format-standard","hentry","category-otras-cofesiones"],"yoast_head":"<!-- This site is optimized with the Yoast SEO plugin v27.4 - https:\/\/yoast.com\/product\/yoast-seo-wordpress\/ -->\n<title>Personas con discapacidad del Tolima podr\u00e1n obtener c\u00e9dula digital sin costo - El Confesionario<\/title>\n<meta name=\"robots\" content=\"index, follow, max-snippet:-1, max-image-preview:large, max-video-preview:-1\" \/>\n<link rel=\"canonical\" href=\"https:\/\/confesionario.co\/w\/personas-con-discapacidad-del-tolima-podran-obtener-cedula-digital-sin-costo\/\" \/>\n<meta property=\"og:locale\" content=\"es_ES\" \/>\n<meta property=\"og:type\" content=\"article\" \/>\n<meta property=\"og:title\" content=\"Personas con discapacidad del Tolima podr\u00e1n obtener c\u00e9dula digital sin costo - El Confesionario\" \/>\n<meta property=\"og:description\" content=\"Por iniciativa del gobernador Ricardo Orozco, la Registradur\u00eda adelantar\u00e1 en el Tolima una jornada masiva de expedici\u00f3n de documentos para [&hellip;]\" \/>\n<meta property=\"og:url\" content=\"https:\/\/confesionario.co\/w\/personas-con-discapacidad-del-tolima-podran-obtener-cedula-digital-sin-costo\/\" \/>\n<meta property=\"og:site_name\" content=\"El Confesionario\" \/>\n<meta property=\"article:published_time\" content=\"2022-10-24T18:01:40+00:00\" \/>\n<meta name=\"author\" content=\"admin\" \/>\n<meta name=\"twitter:card\" content=\"summary_large_image\" \/>\n<meta name=\"twitter:label1\" content=\"Escrito por\" \/>\n\t<meta name=\"twitter:data1\" content=\"admin\" \/>\n\t<meta name=\"twitter:label2\" content=\"Tiempo de lectura\" \/>\n\t<meta name=\"twitter:data2\" content=\"1 minuto\" \/>\n<script type=\"application\/ld+json\" class=\"yoast-schema-graph\">{\"@context\":\"https:\\\/\\\/schema.org\",\"@graph\":[{\"@type\":\"Article\",\"@id\":\"https:\\\/\\\/confesionario.co\\\/w\\\/personas-con-discapacidad-del-tolima-podran-obtener-cedula-digital-sin-costo\\\/#article\",\"isPartOf\":{\"@id\":\"https:\\\/\\\/confesionario.co\\\/w\\\/personas-con-discapacidad-del-tolima-podran-obtener-cedula-digital-sin-costo\\\/\"},\"author\":{\"name\":\"admin\",\"@id\":\"https:\\\/\\\/confesionario.co\\\/w\\\/#\\\/schema\\\/person\\\/85e99333497749318afab96ea0cc2342\"},\"headline\":\"Personas con discapacidad del Tolima podr\u00e1n obtener c\u00e9dula digital sin costo\",\"datePublished\":\"2022-10-24T18:01:40+00:00\",\"mainEntityOfPage\":{\"@id\":\"https:\\\/\\\/confesionario.co\\\/w\\\/personas-con-discapacidad-del-tolima-podran-obtener-cedula-digital-sin-costo\\\/\"},\"wordCount\":310,\"commentCount\":0,\"publisher\":{\"@id\":\"https:\\\/\\\/confesionario.co\\\/w\\\/#organization\"},\"articleSection\":[\"Otras confesiones\"],\"inLanguage\":\"es\",\"potentialAction\":[{\"@type\":\"CommentAction\",\"name\":\"Comment\",\"target\":[\"https:\\\/\\\/confesionario.co\\\/w\\\/personas-con-discapacidad-del-tolima-podran-obtener-cedula-digital-sin-costo\\\/#respond\"]}]},{\"@type\":\"WebPage\",\"@id\":\"https:\\\/\\\/confesionario.co\\\/w\\\/personas-con-discapacidad-del-tolima-podran-obtener-cedula-digital-sin-costo\\\/\",\"url\":\"https:\\\/\\\/confesionario.co\\\/w\\\/personas-con-discapacidad-del-tolima-podran-obtener-cedula-digital-sin-costo\\\/\",\"name\":\"Personas con discapacidad del Tolima podr\u00e1n obtener c\u00e9dula digital sin costo - El Confesionario\",\"isPartOf\":{\"@id\":\"https:\\\/\\\/confesionario.co\\\/w\\\/#website\"},\"datePublished\":\"2022-10-24T18:01:40+00:00\",\"breadcrumb\":{\"@id\":\"https:\\\/\\\/confesionario.co\\\/w\\\/personas-con-discapacidad-del-tolima-podran-obtener-cedula-digital-sin-costo\\\/#breadcrumb\"},\"inLanguage\":\"es\",\"potentialAction\":[{\"@type\":\"ReadAction\",\"target\":[\"https:\\\/\\\/confesionario.co\\\/w\\\/personas-con-discapacidad-del-tolima-podran-obtener-cedula-digital-sin-costo\\\/\"]}]},{\"@type\":\"BreadcrumbList\",\"@id\":\"https:\\\/\\\/confesionario.co\\\/w\\\/personas-con-discapacidad-del-tolima-podran-obtener-cedula-digital-sin-costo\\\/#breadcrumb\",\"itemListElement\":[{\"@type\":\"ListItem\",\"position\":1,\"name\":\"Portada\",\"item\":\"https:\\\/\\\/confesionario.co\\\/w\\\/\"},{\"@type\":\"ListItem\",\"position\":2,\"name\":\"Personas con discapacidad del Tolima podr\u00e1n obtener c\u00e9dula digital sin costo\"}]},{\"@type\":\"WebSite\",\"@id\":\"https:\\\/\\\/confesionario.co\\\/w\\\/#website\",\"url\":\"https:\\\/\\\/confesionario.co\\\/w\\\/\",\"name\":\"El Confesionario\",\"description\":\"\",\"publisher\":{\"@id\":\"https:\\\/\\\/confesionario.co\\\/w\\\/#organization\"},\"potentialAction\":[{\"@type\":\"SearchAction\",\"target\":{\"@type\":\"EntryPoint\",\"urlTemplate\":\"https:\\\/\\\/confesionario.co\\\/w\\\/?s={search_term_string}\"},\"query-input\":{\"@type\":\"PropertyValueSpecification\",\"valueRequired\":true,\"valueName\":\"search_term_string\"}}],\"inLanguage\":\"es\"},{\"@type\":\"Organization\",\"@id\":\"https:\\\/\\\/confesionario.co\\\/w\\\/#organization\",\"name\":\"El Confesionario\",\"url\":\"https:\\\/\\\/confesionario.co\\\/w\\\/\",\"logo\":{\"@type\":\"ImageObject\",\"inLanguage\":\"es\",\"@id\":\"https:\\\/\\\/confesionario.co\\\/w\\\/#\\\/schema\\\/logo\\\/image\\\/\",\"url\":\"https:\\\/\\\/confesionario.co\\\/w\\\/wp-content\\\/uploads\\\/2026\\\/02\\\/confesionario-horizontal.png\",\"contentUrl\":\"https:\\\/\\\/confesionario.co\\\/w\\\/wp-content\\\/uploads\\\/2026\\\/02\\\/confesionario-horizontal.png\",\"width\":581,\"height\":148,\"caption\":\"El Confesionario\"},\"image\":{\"@id\":\"https:\\\/\\\/confesionario.co\\\/w\\\/#\\\/schema\\\/logo\\\/image\\\/\"}},{\"@type\":\"Person\",\"@id\":\"https:\\\/\\\/confesionario.co\\\/w\\\/#\\\/schema\\\/person\\\/85e99333497749318afab96ea0cc2342\",\"name\":\"admin\",\"image\":{\"@type\":\"ImageObject\",\"inLanguage\":\"es\",\"@id\":\"https:\\\/\\\/secure.gravatar.com\\\/avatar\\\/f3358fe09cfbbfc24265a18ea411b8ee8e54296a50fb17d8acf3cffca66240d2?s=96&d=mm&r=g\",\"url\":\"https:\\\/\\\/secure.gravatar.com\\\/avatar\\\/f3358fe09cfbbfc24265a18ea411b8ee8e54296a50fb17d8acf3cffca66240d2?s=96&d=mm&r=g\",\"contentUrl\":\"https:\\\/\\\/secure.gravatar.com\\\/avatar\\\/f3358fe09cfbbfc24265a18ea411b8ee8e54296a50fb17d8acf3cffca66240d2?s=96&d=mm&r=g\",\"caption\":\"admin\"},\"sameAs\":[\"https:\\\/\\\/elconfesionario.co\\\/w\"],\"url\":\"https:\\\/\\\/confesionario.co\\\/w\\\/author\\\/osabuena\\\/\"}]}<\/script>\n<!-- \/ Yoast SEO plugin. -->","yoast_head_json":{"title":"Personas con discapacidad del Tolima podr\u00e1n obtener c\u00e9dula digital sin costo - El Confesionario","robots":{"index":"index","follow":"follow","max-snippet":"max-snippet:-1","max-image-preview":"max-image-preview:large","max-video-preview":"max-video-preview:-1"},"canonical":"https:\/\/confesionario.co\/w\/personas-con-discapacidad-del-tolima-podran-obtener-cedula-digital-sin-costo\/","og_locale":"es_ES","og_type":"article","og_title":"Personas con discapacidad del Tolima podr\u00e1n obtener c\u00e9dula digital sin costo - El Confesionario","og_description":"Por iniciativa del gobernador Ricardo Orozco, la Registradur\u00eda adelantar\u00e1 en el Tolima una jornada masiva de expedici\u00f3n de documentos para [&hellip;]","og_url":"https:\/\/confesionario.co\/w\/personas-con-discapacidad-del-tolima-podran-obtener-cedula-digital-sin-costo\/","og_site_name":"El Confesionario","article_published_time":"2022-10-24T18:01:40+00:00","author":"admin","twitter_card":"summary_large_image","twitter_misc":{"Escrito por":"admin","Tiempo de lectura":"1 minuto"},"schema":{"@context":"https:\/\/schema.org","@graph":[{"@type":"Article","@id":"https:\/\/confesionario.co\/w\/personas-con-discapacidad-del-tolima-podran-obtener-cedula-digital-sin-costo\/#article","isPartOf":{"@id":"https:\/\/confesionario.co\/w\/personas-con-discapacidad-del-tolima-podran-obtener-cedula-digital-sin-costo\/"},"author":{"name":"admin","@id":"https:\/\/confesionario.co\/w\/#\/schema\/person\/85e99333497749318afab96ea0cc2342"},"headline":"Personas con discapacidad del Tolima podr\u00e1n obtener c\u00e9dula digital sin costo","datePublished":"2022-10-24T18:01:40+00:00","mainEntityOfPage":{"@id":"https:\/\/confesionario.co\/w\/personas-con-discapacidad-del-tolima-podran-obtener-cedula-digital-sin-costo\/"},"wordCount":310,"commentCount":0,"publisher":{"@id":"https:\/\/confesionario.co\/w\/#organization"},"articleSection":["Otras confesiones"],"inLanguage":"es","potentialAction":[{"@type":"CommentAction","name":"Comment","target":["https:\/\/confesionario.co\/w\/personas-con-discapacidad-del-tolima-podran-obtener-cedula-digital-sin-costo\/#respond"]}]},{"@type":"WebPage","@id":"https:\/\/confesionario.co\/w\/personas-con-discapacidad-del-tolima-podran-obtener-cedula-digital-sin-costo\/","url":"https:\/\/confesionario.co\/w\/personas-con-discapacidad-del-tolima-podran-obtener-cedula-digital-sin-costo\/","name":"Personas con discapacidad del Tolima podr\u00e1n obtener c\u00e9dula digital sin costo - El Confesionario","isPartOf":{"@id":"https:\/\/confesionario.co\/w\/#website"},"datePublished":"2022-10-24T18:01:40+00:00","breadcrumb":{"@id":"https:\/\/confesionario.co\/w\/personas-con-discapacidad-del-tolima-podran-obtener-cedula-digital-sin-costo\/#breadcrumb"},"inLanguage":"es","potentialAction":[{"@type":"ReadAction","target":["https:\/\/confesionario.co\/w\/personas-con-discapacidad-del-tolima-podran-obtener-cedula-digital-sin-costo\/"]}]},{"@type":"BreadcrumbList","@id":"https:\/\/confesionario.co\/w\/personas-con-discapacidad-del-tolima-podran-obtener-cedula-digital-sin-costo\/#breadcrumb","itemListElement":[{"@type":"ListItem","position":1,"name":"Portada","item":"https:\/\/confesionario.co\/w\/"},{"@type":"ListItem","position":2,"name":"Personas con discapacidad del Tolima podr\u00e1n obtener c\u00e9dula digital sin costo"}]},{"@type":"WebSite","@id":"https:\/\/confesionario.co\/w\/#website","url":"https:\/\/confesionario.co\/w\/","name":"El Confesionario","description":"","publisher":{"@id":"https:\/\/confesionario.co\/w\/#organization"},"potentialAction":[{"@type":"SearchAction","target":{"@type":"EntryPoint","urlTemplate":"https:\/\/confesionario.co\/w\/?s={search_term_string}"},"query-input":{"@type":"PropertyValueSpecification","valueRequired":true,"valueName":"search_term_string"}}],"inLanguage":"es"},{"@type":"Organization","@id":"https:\/\/confesionario.co\/w\/#organization","name":"El Confesionario","url":"https:\/\/confesionario.co\/w\/","logo":{"@type":"ImageObject","inLanguage":"es","@id":"https:\/\/confesionario.co\/w\/#\/schema\/logo\/image\/","url":"https:\/\/confesionario.co\/w\/wp-content\/uploads\/2026\/02\/confesionario-horizontal.png","contentUrl":"https:\/\/confesionario.co\/w\/wp-content\/uploads\/2026\/02\/confesionario-horizontal.png","width":581,"height":148,"caption":"El Confesionario"},"image":{"@id":"https:\/\/confesionario.co\/w\/#\/schema\/logo\/image\/"}},{"@type":"Person","@id":"https:\/\/confesionario.co\/w\/#\/schema\/person\/85e99333497749318afab96ea0cc2342","name":"admin","image":{"@type":"ImageObject","inLanguage":"es","@id":"https:\/\/secure.gravatar.com\/avatar\/f3358fe09cfbbfc24265a18ea411b8ee8e54296a50fb17d8acf3cffca66240d2?s=96&d=mm&r=g","url":"https:\/\/secure.gravatar.com\/avatar\/f3358fe09cfbbfc24265a18ea411b8ee8e54296a50fb17d8acf3cffca66240d2?s=96&d=mm&r=g","contentUrl":"https:\/\/secure.gravatar.com\/avatar\/f3358fe09cfbbfc24265a18ea411b8ee8e54296a50fb17d8acf3cffca66240d2?s=96&d=mm&r=g","caption":"admin"},"sameAs":["https:\/\/elconfesionario.co\/w"],"url":"https:\/\/confesionario.co\/w\/author\/osabuena\/"}]}},"jetpack_featured_media_url":"","_links":{"self":[{"href":"https:\/\/confesionario.co\/w\/wp-json\/wp\/v2\/posts\/9966","targetHints":{"allow":["GET"]}}],"collection":[{"href":"https:\/\/confesionario.co\/w\/wp-json\/wp\/v2\/posts"}],"about":[{"href":"https:\/\/confesionario.co\/w\/wp-json\/wp\/v2\/types\/post"}],"author":[{"embeddable":true,"href":"https:\/\/confesionario.co\/w\/wp-json\/wp\/v2\/users\/1"}],"replies":[{"embeddable":true,"href":"https:\/\/confesionario.co\/w\/wp-json\/wp\/v2\/comments?post=9966"}],"version-history":[{"count":0,"href":"https:\/\/confesionario.co\/w\/wp-json\/wp\/v2\/posts\/9966\/revisions"}],"wp:attachment":[{"href":"https:\/\/confesionario.co\/w\/wp-json\/wp\/v2\/media?parent=9966"}],"wp:term":[{"taxonomy":"category","embeddable":true,"href":"https:\/\/confesionario.co\/w\/wp-json\/wp\/v2\/categories?post=9966"},{"taxonomy":"post_tag","embeddable":true,"href":"https:\/\/confesionario.co\/w\/wp-json\/wp\/v2\/tags?post=9966"}],"curies":[{"name":"wp","href":"https:\/\/api.w.org\/{rel}","templated":true}]}}