{"id":9968,"date":"2022-10-26T01:58:00","date_gmt":"2022-10-26T01:58:00","guid":{"rendered":"https:\/\/confesionario.co\/w\/ponen-al-servicio-en-honda-38-camaras-de-seguridad-con-el-apoyo-de-la-gobernacion\/"},"modified":"2022-10-26T01:58:00","modified_gmt":"2022-10-26T01:58:00","slug":"ponen-al-servicio-en-honda-38-camaras-de-seguridad-con-el-apoyo-de-la-gobernacion","status":"publish","type":"post","link":"https:\/\/confesionario.co\/w\/ponen-al-servicio-en-honda-38-camaras-de-seguridad-con-el-apoyo-de-la-gobernacion\/","title":{"rendered":"Ponen al servicio en Honda 38 c\u00e1maras de seguridad con el apoyo de la Gobernaci\u00f3n"},"content":{"rendered":"<p class=\\\"MsoNormal\\\" style=\\\"text-align: justify;\\\"><span style=\\\"font-size: 12.0pt; line-height: 107%; font-family: \\'Arial\\',sans-serif;\\\">El proyecto, que est\u00e1 en ejecuci\u00f3n, incluye 26 c\u00e1maras con movimientos de 360 grados, y 12 con reconocimiento de placas vehiculares.<\/span><\/p>\n<p><!--more--><\/p>\n<p class=\\\"MsoNormal\\\" style=\\\"text-align: justify;\\\"><span style=\\\"font-size: 12.0pt; line-height: 107%; font-family: \\'Arial\\',sans-serif;\\\">Ya se encuentran en instalaci\u00f3n 38 c\u00e1maras de seguridad que entregar\u00e1 la Gobernaci\u00f3n del Tolima a Honda, y que tienen una inversi\u00f3n cercana a los tres mil millones de pesos por parte del gobierno \u201cEl Tolima nos Une\u201d.<\/span><\/p>\n<p class=\\\"MsoNormal\\\" style=\\\"text-align: justify;\\\"><span style=\\\"font-size: 12.0pt; line-height: 107%; font-family: \\'Arial\\',sans-serif;\\\">De acuerdo con el secretario de Interior del Departamento, Javier Triana Parra, son 26 c\u00e1maras PTZ con movimientos 360 grados y 12 c\u00e1maras LPR, que sirven para hacer un reconocimiento de placas vehiculares.<\/span><\/p>\n<p class=\\\"MsoNormal\\\" style=\\\"text-align: justify;\\\"><span style=\\\"font-size: 12.0pt; line-height: 107%; font-family: \\'Arial\\',sans-serif;\\\">\u201cEstamos cumpliendo un compromiso de nuestro gobernador Ricardo Orozco con los hondanos. Dentro de la pol\u00edtica de seguridad del Tolima, adem\u00e1s viene incluido el mantenimiento por dos a\u00f1os para estos equipos de \u00faltima tecnolog\u00eda\u201d, detall\u00f3.<\/span><\/p>\n<p class=\\\"MsoNormal\\\" style=\\\"text-align: justify;\\\"><span style=\\\"font-size: 12.0pt; line-height: 107%; font-family: \\'Arial\\',sans-serif;\\\">Despu\u00e9s de un estudio previo en este municipio del norte tolimense, se concluy\u00f3 que las 38 c\u00e1maras de seguridad se ubicar\u00e1n en sitios estrat\u00e9gicos de esta localidad, con puntos de vigilancia que estar\u00e1n monitoreados las 24 horas y los siete d\u00edas de la semana por parte de uniformados de la Polic\u00eda Nacional.<\/span><\/p>\n<p class=\\\"MsoNormal\\\" style=\\\"text-align: justify;\\\"><span style=\\\"font-size: 12.0pt; line-height: 107%; font-family: \\'Arial\\',sans-serif;\\\">Este proyecto que se realiz\u00f3 en articulaci\u00f3n con la Alcald\u00eda de Honda, beneficiar\u00e1 a los habitantes y visitantes del municipio, y permitir\u00e1 reforzar el trabajo por las autoridades en la lucha contra la delincuencia.<\/span><\/p>\n<p class=\\\"MsoNormal\\\" style=\\\"text-align: justify;\\\"><span style=\\\"font-size: 12.0pt; line-height: 107%; font-family: \\'Arial\\',sans-serif;\\\">\u201cEste proyecto que tenemos con la Gobernaci\u00f3n del Tolima, le contribuir\u00e1 satisfactoriamente a la seguridad, y, sobre todo, a la tranquilidad de los hondanos y visitantes\u201d, dijo el alcalde, Richar Cardozo Contreras.<\/span><\/p>\n","protected":false},"excerpt":{"rendered":"<p>El proyecto, que est\u00e1 en ejecuci\u00f3n, incluye 26 c\u00e1maras con movimientos de 360 grados, y 12 con reconocimiento de placas [&hellip;]<\/p>\n","protected":false},"author":1,"featured_media":0,"comment_status":"open","ping_status":"open","sticky":false,"template":"","format":"standard","meta":{"site-sidebar-layout":"default","site-content-layout":"","ast-site-content-layout":"default","site-content-style":"default","site-sidebar-style":"default","ast-global-header-display":"","ast-banner-title-visibility":"","ast-main-header-display":"","ast-hfb-above-header-display":"","ast-hfb-below-header-display":"","ast-hfb-mobile-header-display":"","site-post-title":"","ast-breadcrumbs-content":"","ast-featured-img":"","footer-sml-layout":"","ast-disable-related-posts":"","theme-transparent-header-meta":"","adv-header-id-meta":"","stick-header-meta":"","header-above-stick-meta":"","header-main-stick-meta":"","header-below-stick-meta":"","astra-migrate-meta-layouts":"default","ast-page-background-enabled":"default","ast-page-background-meta":{"desktop":{"background-color":"var(--ast-global-color-4)","background-image":"","background-repeat":"repeat","background-position":"center center","background-size":"auto","background-attachment":"scroll","background-type":"","background-media":"","overlay-type":"","overlay-color":"","overlay-opacity":"","overlay-gradient":""},"tablet":{"background-color":"","background-image":"","background-repeat":"repeat","background-position":"center center","background-size":"auto","background-attachment":"scroll","background-type":"","background-media":"","overlay-type":"","overlay-color":"","overlay-opacity":"","overlay-gradient":""},"mobile":{"background-color":"","background-image":"","background-repeat":"repeat","background-position":"center center","background-size":"auto","background-attachment":"scroll","background-type":"","background-media":"","overlay-type":"","overlay-color":"","overlay-opacity":"","overlay-gradient":""}},"ast-content-background-meta":{"desktop":{"background-color":"var(--ast-global-color-5)","background-image":"","background-repeat":"repeat","background-position":"center center","background-size":"auto","background-attachment":"scroll","background-type":"","background-media":"","overlay-type":"","overlay-color":"","overlay-opacity":"","overlay-gradient":""},"tablet":{"background-color":"var(--ast-global-color-5)","background-image":"","background-repeat":"repeat","background-position":"center center","background-size":"auto","background-attachment":"scroll","background-type":"","background-media":"","overlay-type":"","overlay-color":"","overlay-opacity":"","overlay-gradient":""},"mobile":{"background-color":"var(--ast-global-color-5)","background-image":"","background-repeat":"repeat","background-position":"center center","background-size":"auto","background-attachment":"scroll","background-type":"","background-media":"","overlay-type":"","overlay-color":"","overlay-opacity":"","overlay-gradient":""}},"footnotes":""},"categories":[17],"tags":[],"class_list":["post-9968","post","type-post","status-publish","format-standard","hentry","category-otras-cofesiones"],"yoast_head":"<!-- This site is optimized with the Yoast SEO plugin v27.4 - https:\/\/yoast.com\/product\/yoast-seo-wordpress\/ -->\n<title>Ponen al servicio en Honda 38 c\u00e1maras de seguridad con el apoyo de la Gobernaci\u00f3n - El Confesionario<\/title>\n<meta name=\"robots\" content=\"index, follow, max-snippet:-1, max-image-preview:large, max-video-preview:-1\" \/>\n<link rel=\"canonical\" href=\"https:\/\/confesionario.co\/w\/ponen-al-servicio-en-honda-38-camaras-de-seguridad-con-el-apoyo-de-la-gobernacion\/\" \/>\n<meta property=\"og:locale\" content=\"es_ES\" \/>\n<meta property=\"og:type\" content=\"article\" \/>\n<meta property=\"og:title\" content=\"Ponen al servicio en Honda 38 c\u00e1maras de seguridad con el apoyo de la Gobernaci\u00f3n - El Confesionario\" \/>\n<meta property=\"og:description\" content=\"El proyecto, que est\u00e1 en ejecuci\u00f3n, incluye 26 c\u00e1maras con movimientos de 360 grados, y 12 con reconocimiento de placas [&hellip;]\" \/>\n<meta property=\"og:url\" content=\"https:\/\/confesionario.co\/w\/ponen-al-servicio-en-honda-38-camaras-de-seguridad-con-el-apoyo-de-la-gobernacion\/\" \/>\n<meta property=\"og:site_name\" content=\"El Confesionario\" \/>\n<meta property=\"article:published_time\" content=\"2022-10-26T01:58:00+00:00\" \/>\n<meta name=\"author\" content=\"admin\" \/>\n<meta name=\"twitter:card\" content=\"summary_large_image\" \/>\n<meta name=\"twitter:label1\" content=\"Escrito por\" \/>\n\t<meta name=\"twitter:data1\" content=\"admin\" \/>\n\t<meta name=\"twitter:label2\" content=\"Tiempo de lectura\" \/>\n\t<meta name=\"twitter:data2\" content=\"1 minuto\" \/>\n<script type=\"application\/ld+json\" class=\"yoast-schema-graph\">{\"@context\":\"https:\\\/\\\/schema.org\",\"@graph\":[{\"@type\":\"Article\",\"@id\":\"https:\\\/\\\/confesionario.co\\\/w\\\/ponen-al-servicio-en-honda-38-camaras-de-seguridad-con-el-apoyo-de-la-gobernacion\\\/#article\",\"isPartOf\":{\"@id\":\"https:\\\/\\\/confesionario.co\\\/w\\\/ponen-al-servicio-en-honda-38-camaras-de-seguridad-con-el-apoyo-de-la-gobernacion\\\/\"},\"author\":{\"name\":\"admin\",\"@id\":\"https:\\\/\\\/confesionario.co\\\/w\\\/#\\\/schema\\\/person\\\/85e99333497749318afab96ea0cc2342\"},\"headline\":\"Ponen al servicio en Honda 38 c\u00e1maras de seguridad con el apoyo de la Gobernaci\u00f3n\",\"datePublished\":\"2022-10-26T01:58:00+00:00\",\"mainEntityOfPage\":{\"@id\":\"https:\\\/\\\/confesionario.co\\\/w\\\/ponen-al-servicio-en-honda-38-camaras-de-seguridad-con-el-apoyo-de-la-gobernacion\\\/\"},\"wordCount\":274,\"commentCount\":0,\"publisher\":{\"@id\":\"https:\\\/\\\/confesionario.co\\\/w\\\/#organization\"},\"articleSection\":[\"Otras confesiones\"],\"inLanguage\":\"es\",\"potentialAction\":[{\"@type\":\"CommentAction\",\"name\":\"Comment\",\"target\":[\"https:\\\/\\\/confesionario.co\\\/w\\\/ponen-al-servicio-en-honda-38-camaras-de-seguridad-con-el-apoyo-de-la-gobernacion\\\/#respond\"]}]},{\"@type\":\"WebPage\",\"@id\":\"https:\\\/\\\/confesionario.co\\\/w\\\/ponen-al-servicio-en-honda-38-camaras-de-seguridad-con-el-apoyo-de-la-gobernacion\\\/\",\"url\":\"https:\\\/\\\/confesionario.co\\\/w\\\/ponen-al-servicio-en-honda-38-camaras-de-seguridad-con-el-apoyo-de-la-gobernacion\\\/\",\"name\":\"Ponen al servicio en Honda 38 c\u00e1maras de seguridad con el apoyo de la Gobernaci\u00f3n - El Confesionario\",\"isPartOf\":{\"@id\":\"https:\\\/\\\/confesionario.co\\\/w\\\/#website\"},\"datePublished\":\"2022-10-26T01:58:00+00:00\",\"breadcrumb\":{\"@id\":\"https:\\\/\\\/confesionario.co\\\/w\\\/ponen-al-servicio-en-honda-38-camaras-de-seguridad-con-el-apoyo-de-la-gobernacion\\\/#breadcrumb\"},\"inLanguage\":\"es\",\"potentialAction\":[{\"@type\":\"ReadAction\",\"target\":[\"https:\\\/\\\/confesionario.co\\\/w\\\/ponen-al-servicio-en-honda-38-camaras-de-seguridad-con-el-apoyo-de-la-gobernacion\\\/\"]}]},{\"@type\":\"BreadcrumbList\",\"@id\":\"https:\\\/\\\/confesionario.co\\\/w\\\/ponen-al-servicio-en-honda-38-camaras-de-seguridad-con-el-apoyo-de-la-gobernacion\\\/#breadcrumb\",\"itemListElement\":[{\"@type\":\"ListItem\",\"position\":1,\"name\":\"Portada\",\"item\":\"https:\\\/\\\/confesionario.co\\\/w\\\/\"},{\"@type\":\"ListItem\",\"position\":2,\"name\":\"Ponen al servicio en Honda 38 c\u00e1maras de seguridad con el apoyo de la Gobernaci\u00f3n\"}]},{\"@type\":\"WebSite\",\"@id\":\"https:\\\/\\\/confesionario.co\\\/w\\\/#website\",\"url\":\"https:\\\/\\\/confesionario.co\\\/w\\\/\",\"name\":\"El Confesionario\",\"description\":\"\",\"publisher\":{\"@id\":\"https:\\\/\\\/confesionario.co\\\/w\\\/#organization\"},\"potentialAction\":[{\"@type\":\"SearchAction\",\"target\":{\"@type\":\"EntryPoint\",\"urlTemplate\":\"https:\\\/\\\/confesionario.co\\\/w\\\/?s={search_term_string}\"},\"query-input\":{\"@type\":\"PropertyValueSpecification\",\"valueRequired\":true,\"valueName\":\"search_term_string\"}}],\"inLanguage\":\"es\"},{\"@type\":\"Organization\",\"@id\":\"https:\\\/\\\/confesionario.co\\\/w\\\/#organization\",\"name\":\"El Confesionario\",\"url\":\"https:\\\/\\\/confesionario.co\\\/w\\\/\",\"logo\":{\"@type\":\"ImageObject\",\"inLanguage\":\"es\",\"@id\":\"https:\\\/\\\/confesionario.co\\\/w\\\/#\\\/schema\\\/logo\\\/image\\\/\",\"url\":\"https:\\\/\\\/confesionario.co\\\/w\\\/wp-content\\\/uploads\\\/2026\\\/02\\\/confesionario-horizontal.png\",\"contentUrl\":\"https:\\\/\\\/confesionario.co\\\/w\\\/wp-content\\\/uploads\\\/2026\\\/02\\\/confesionario-horizontal.png\",\"width\":581,\"height\":148,\"caption\":\"El Confesionario\"},\"image\":{\"@id\":\"https:\\\/\\\/confesionario.co\\\/w\\\/#\\\/schema\\\/logo\\\/image\\\/\"}},{\"@type\":\"Person\",\"@id\":\"https:\\\/\\\/confesionario.co\\\/w\\\/#\\\/schema\\\/person\\\/85e99333497749318afab96ea0cc2342\",\"name\":\"admin\",\"image\":{\"@type\":\"ImageObject\",\"inLanguage\":\"es\",\"@id\":\"https:\\\/\\\/secure.gravatar.com\\\/avatar\\\/f3358fe09cfbbfc24265a18ea411b8ee8e54296a50fb17d8acf3cffca66240d2?s=96&d=mm&r=g\",\"url\":\"https:\\\/\\\/secure.gravatar.com\\\/avatar\\\/f3358fe09cfbbfc24265a18ea411b8ee8e54296a50fb17d8acf3cffca66240d2?s=96&d=mm&r=g\",\"contentUrl\":\"https:\\\/\\\/secure.gravatar.com\\\/avatar\\\/f3358fe09cfbbfc24265a18ea411b8ee8e54296a50fb17d8acf3cffca66240d2?s=96&d=mm&r=g\",\"caption\":\"admin\"},\"sameAs\":[\"https:\\\/\\\/elconfesionario.co\\\/w\"],\"url\":\"https:\\\/\\\/confesionario.co\\\/w\\\/author\\\/osabuena\\\/\"}]}<\/script>\n<!-- \/ Yoast SEO plugin. -->","yoast_head_json":{"title":"Ponen al servicio en Honda 38 c\u00e1maras de seguridad con el apoyo de la Gobernaci\u00f3n - El Confesionario","robots":{"index":"index","follow":"follow","max-snippet":"max-snippet:-1","max-image-preview":"max-image-preview:large","max-video-preview":"max-video-preview:-1"},"canonical":"https:\/\/confesionario.co\/w\/ponen-al-servicio-en-honda-38-camaras-de-seguridad-con-el-apoyo-de-la-gobernacion\/","og_locale":"es_ES","og_type":"article","og_title":"Ponen al servicio en Honda 38 c\u00e1maras de seguridad con el apoyo de la Gobernaci\u00f3n - El Confesionario","og_description":"El proyecto, que est\u00e1 en ejecuci\u00f3n, incluye 26 c\u00e1maras con movimientos de 360 grados, y 12 con reconocimiento de placas [&hellip;]","og_url":"https:\/\/confesionario.co\/w\/ponen-al-servicio-en-honda-38-camaras-de-seguridad-con-el-apoyo-de-la-gobernacion\/","og_site_name":"El Confesionario","article_published_time":"2022-10-26T01:58:00+00:00","author":"admin","twitter_card":"summary_large_image","twitter_misc":{"Escrito por":"admin","Tiempo de lectura":"1 minuto"},"schema":{"@context":"https:\/\/schema.org","@graph":[{"@type":"Article","@id":"https:\/\/confesionario.co\/w\/ponen-al-servicio-en-honda-38-camaras-de-seguridad-con-el-apoyo-de-la-gobernacion\/#article","isPartOf":{"@id":"https:\/\/confesionario.co\/w\/ponen-al-servicio-en-honda-38-camaras-de-seguridad-con-el-apoyo-de-la-gobernacion\/"},"author":{"name":"admin","@id":"https:\/\/confesionario.co\/w\/#\/schema\/person\/85e99333497749318afab96ea0cc2342"},"headline":"Ponen al servicio en Honda 38 c\u00e1maras de seguridad con el apoyo de la Gobernaci\u00f3n","datePublished":"2022-10-26T01:58:00+00:00","mainEntityOfPage":{"@id":"https:\/\/confesionario.co\/w\/ponen-al-servicio-en-honda-38-camaras-de-seguridad-con-el-apoyo-de-la-gobernacion\/"},"wordCount":274,"commentCount":0,"publisher":{"@id":"https:\/\/confesionario.co\/w\/#organization"},"articleSection":["Otras confesiones"],"inLanguage":"es","potentialAction":[{"@type":"CommentAction","name":"Comment","target":["https:\/\/confesionario.co\/w\/ponen-al-servicio-en-honda-38-camaras-de-seguridad-con-el-apoyo-de-la-gobernacion\/#respond"]}]},{"@type":"WebPage","@id":"https:\/\/confesionario.co\/w\/ponen-al-servicio-en-honda-38-camaras-de-seguridad-con-el-apoyo-de-la-gobernacion\/","url":"https:\/\/confesionario.co\/w\/ponen-al-servicio-en-honda-38-camaras-de-seguridad-con-el-apoyo-de-la-gobernacion\/","name":"Ponen al servicio en Honda 38 c\u00e1maras de seguridad con el apoyo de la Gobernaci\u00f3n - El Confesionario","isPartOf":{"@id":"https:\/\/confesionario.co\/w\/#website"},"datePublished":"2022-10-26T01:58:00+00:00","breadcrumb":{"@id":"https:\/\/confesionario.co\/w\/ponen-al-servicio-en-honda-38-camaras-de-seguridad-con-el-apoyo-de-la-gobernacion\/#breadcrumb"},"inLanguage":"es","potentialAction":[{"@type":"ReadAction","target":["https:\/\/confesionario.co\/w\/ponen-al-servicio-en-honda-38-camaras-de-seguridad-con-el-apoyo-de-la-gobernacion\/"]}]},{"@type":"BreadcrumbList","@id":"https:\/\/confesionario.co\/w\/ponen-al-servicio-en-honda-38-camaras-de-seguridad-con-el-apoyo-de-la-gobernacion\/#breadcrumb","itemListElement":[{"@type":"ListItem","position":1,"name":"Portada","item":"https:\/\/confesionario.co\/w\/"},{"@type":"ListItem","position":2,"name":"Ponen al servicio en Honda 38 c\u00e1maras de seguridad con el apoyo de la Gobernaci\u00f3n"}]},{"@type":"WebSite","@id":"https:\/\/confesionario.co\/w\/#website","url":"https:\/\/confesionario.co\/w\/","name":"El Confesionario","description":"","publisher":{"@id":"https:\/\/confesionario.co\/w\/#organization"},"potentialAction":[{"@type":"SearchAction","target":{"@type":"EntryPoint","urlTemplate":"https:\/\/confesionario.co\/w\/?s={search_term_string}"},"query-input":{"@type":"PropertyValueSpecification","valueRequired":true,"valueName":"search_term_string"}}],"inLanguage":"es"},{"@type":"Organization","@id":"https:\/\/confesionario.co\/w\/#organization","name":"El Confesionario","url":"https:\/\/confesionario.co\/w\/","logo":{"@type":"ImageObject","inLanguage":"es","@id":"https:\/\/confesionario.co\/w\/#\/schema\/logo\/image\/","url":"https:\/\/confesionario.co\/w\/wp-content\/uploads\/2026\/02\/confesionario-horizontal.png","contentUrl":"https:\/\/confesionario.co\/w\/wp-content\/uploads\/2026\/02\/confesionario-horizontal.png","width":581,"height":148,"caption":"El Confesionario"},"image":{"@id":"https:\/\/confesionario.co\/w\/#\/schema\/logo\/image\/"}},{"@type":"Person","@id":"https:\/\/confesionario.co\/w\/#\/schema\/person\/85e99333497749318afab96ea0cc2342","name":"admin","image":{"@type":"ImageObject","inLanguage":"es","@id":"https:\/\/secure.gravatar.com\/avatar\/f3358fe09cfbbfc24265a18ea411b8ee8e54296a50fb17d8acf3cffca66240d2?s=96&d=mm&r=g","url":"https:\/\/secure.gravatar.com\/avatar\/f3358fe09cfbbfc24265a18ea411b8ee8e54296a50fb17d8acf3cffca66240d2?s=96&d=mm&r=g","contentUrl":"https:\/\/secure.gravatar.com\/avatar\/f3358fe09cfbbfc24265a18ea411b8ee8e54296a50fb17d8acf3cffca66240d2?s=96&d=mm&r=g","caption":"admin"},"sameAs":["https:\/\/elconfesionario.co\/w"],"url":"https:\/\/confesionario.co\/w\/author\/osabuena\/"}]}},"jetpack_featured_media_url":"","_links":{"self":[{"href":"https:\/\/confesionario.co\/w\/wp-json\/wp\/v2\/posts\/9968","targetHints":{"allow":["GET"]}}],"collection":[{"href":"https:\/\/confesionario.co\/w\/wp-json\/wp\/v2\/posts"}],"about":[{"href":"https:\/\/confesionario.co\/w\/wp-json\/wp\/v2\/types\/post"}],"author":[{"embeddable":true,"href":"https:\/\/confesionario.co\/w\/wp-json\/wp\/v2\/users\/1"}],"replies":[{"embeddable":true,"href":"https:\/\/confesionario.co\/w\/wp-json\/wp\/v2\/comments?post=9968"}],"version-history":[{"count":0,"href":"https:\/\/confesionario.co\/w\/wp-json\/wp\/v2\/posts\/9968\/revisions"}],"wp:attachment":[{"href":"https:\/\/confesionario.co\/w\/wp-json\/wp\/v2\/media?parent=9968"}],"wp:term":[{"taxonomy":"category","embeddable":true,"href":"https:\/\/confesionario.co\/w\/wp-json\/wp\/v2\/categories?post=9968"},{"taxonomy":"post_tag","embeddable":true,"href":"https:\/\/confesionario.co\/w\/wp-json\/wp\/v2\/tags?post=9968"}],"curies":[{"name":"wp","href":"https:\/\/api.w.org\/{rel}","templated":true}]}}