{"id":9972,"date":"2022-10-30T02:32:17","date_gmt":"2022-10-30T02:32:17","guid":{"rendered":"https:\/\/confesionario.co\/w\/orozco-conmemoro-en-casabianca-el-dia-nacional-de-la-memoria-y-la-solidaridad-con-las-victimas\/"},"modified":"2022-10-30T02:32:17","modified_gmt":"2022-10-30T02:32:17","slug":"orozco-conmemoro-en-casabianca-el-dia-nacional-de-la-memoria-y-la-solidaridad-con-las-victimas","status":"publish","type":"post","link":"https:\/\/confesionario.co\/w\/orozco-conmemoro-en-casabianca-el-dia-nacional-de-la-memoria-y-la-solidaridad-con-las-victimas\/","title":{"rendered":"Orozco conmemor\u00f3 en Casabianca el D\u00eda Nacional de la Memoria y la Solidaridad con las V\u00edctimas"},"content":{"rendered":"<p class=\\\"MsoNormal\\\" style=\\\"text-align: justify;\\\"><span style=\\\"font-size: 12.0pt; line-height: 107%; font-family: \\'Arial\\',sans-serif;\\\">Con la presencia de los integrantes de la Mesa Departamental de V\u00edctimas y la comunidad, se devel\u00f3 la escultura \u2018Metamorfosis de la Paz\u2019 del maestro Enrique Salda\u00f1a.<\/span><\/p>\n<p><!--more--><\/p>\n<p class=\\\"MsoNormal\\\" style=\\\"text-align: justify;\\\"><span style=\\\"font-size: 12.0pt; line-height: 107%; font-family: \\'Arial\\',sans-serif;\\\">El gobernador del Tolima, Ricardo Orozco Valero, conmemor\u00f3 en Casabianca el D\u00eda Nacional de la Memoria y la Solidaridad con las V\u00edctimas, acto que estuvo acompa\u00f1ado por la comunidad y los integrantes de la Mesa Departamental de V\u00edctimas.<\/span><\/p>\n<p class=\\\"MsoNormal\\\" style=\\\"text-align: justify;\\\"><span style=\\\"font-size: 12.0pt; line-height: 107%; font-family: \\'Arial\\',sans-serif;\\\">All\u00ed, en el parque principal de este municipio ubicado al norte del Tolima, se devel\u00f3 la escultura \u2018Metamorfosis de la Paz\u2019, una obra art\u00edstica que fue realizada por el maestro Enrique Salda\u00f1a.<\/span><\/p>\n<p class=\\\"MsoNormal\\\" style=\\\"text-align: justify;\\\"><span style=\\\"font-size: 12.0pt; line-height: 107%; font-family: \\'Arial\\',sans-serif;\\\">Este trabajo expresa a trav\u00e9s de su cuerpo en proceso de metamorfosis a una mujer generadora de vida, en sus fases de capullo a oruga y finalizando en la manifestaci\u00f3n de un cuerpo alado, como una representaci\u00f3n que hace referencia a los estados evolutivos que conlleva un esperanzador proceso de paz.<\/span><\/p>\n<p class=\\\"MsoNormal\\\" style=\\\"text-align: justify;\\\"><span style=\\\"font-size: 12.0pt; line-height: 107%; font-family: \\'Arial\\',sans-serif;\\\">\\\u00bbEl ejercicio m\u00e1s importante es que podamos llegar de manera real y efectiva no solo del conflicto armado sino de todos los hechos victimizantes. A trav\u00e9s del Estado, la institucionalidad y los \u00f3rganos que los representan como las mesas de v\u00edctimas, debemos propender por avanzar y no reiterar el mismo discurso de v\u00edctima. Debemos superar esa etapa y avanzar a sectores mucho m\u00e1s propositivos\\\u00bb, dijo Orozco Valero.<\/span><\/p>\n<p class=\\\"MsoNormal\\\" style=\\\"text-align: justify;\\\"><span style=\\\"font-size: 12.0pt; line-height: 107%; font-family: \\'Arial\\',sans-serif;\\\">El mandatario de los tolimenses record\u00f3 la importancia que tiene el gobierno departamental de trabajar con esta poblaci\u00f3n, generando espacios que puedan mejorar sus calidades de vida, entre ellos algunos que ya se adelantan como becas de educaci\u00f3n superior, intercambios de experiencias, estructuraci\u00f3n y apoyos en proyectos productivos, entre otros.<\/span><\/p>\n<p class=\\\"MsoNormal\\\" style=\\\"text-align: justify;\\\"><span style=\\\"font-size: 12.0pt; line-height: 107%; font-family: \\'Arial\\',sans-serif;\\\">Por su parte, el secretario de Interior del Tolima, Javier Triana Parra, detall\u00f3 que con estas acciones se destaca la resiliencia que han tenido las v\u00edctimas en el Tolima, reconociendo su aporte en la construcci\u00f3n de paz. <\/span><\/p>\n<p class=\\\"MsoNormal\\\" style=\\\"text-align: justify;\\\"><span style=\\\"font-size: 12.0pt; line-height: 107%; font-family: \\'Arial\\',sans-serif;\\\">\u201cExaltamos y conmemoramos el D\u00eda de las V\u00edctimas, en esta lucha constante de todas ellas a lo largo y ancho del Tolima, hoy desde el municipio de Casabianca y en la develaci\u00f3n de esta importante escultura \u2018Metamorfosis de la Paz\\&#8217;\u201d, dijo el funcionario.<\/span><\/p>\n<p class=\\\"MsoNormal\\\" style=\\\"text-align: justify;\\\"><span style=\\\"font-size: 12.0pt; line-height: 107%; font-family: \\'Arial\\',sans-serif;\\\">En este acto conmemorativo se envi\u00f3 un mensaje de no violencia y se promovieron el respeto, la vida y la empat\u00eda.<\/span><\/p>\n<p class=\\\"MsoNormal\\\" style=\\\"text-align: justify;\\\"><span style=\\\"font-size: 12.0pt; line-height: 107%; font-family: \\'Arial\\',sans-serif;\\\">\u201cEs muy grato para nosotros los que hemos sufrido la violencia tener que presentar un balance de lo que hemos logrado con el gobierno, en el que nos hemos ido integrando las 212 mil v\u00edctimas que tenemos identificadas en el Tolima\u201d, agreg\u00f3 Gentil Sol\u00f3rzano, representante de la Mesa Departamental de V\u00edctimas.<\/span><\/p>\n","protected":false},"excerpt":{"rendered":"<p>Con la presencia de los integrantes de la Mesa Departamental de V\u00edctimas y la comunidad, se devel\u00f3 la escultura \u2018Metamorfosis [&hellip;]<\/p>\n","protected":false},"author":1,"featured_media":0,"comment_status":"open","ping_status":"open","sticky":false,"template":"","format":"standard","meta":{"site-sidebar-layout":"default","site-content-layout":"","ast-site-content-layout":"default","site-content-style":"default","site-sidebar-style":"default","ast-global-header-display":"","ast-banner-title-visibility":"","ast-main-header-display":"","ast-hfb-above-header-display":"","ast-hfb-below-header-display":"","ast-hfb-mobile-header-display":"","site-post-title":"","ast-breadcrumbs-content":"","ast-featured-img":"","footer-sml-layout":"","ast-disable-related-posts":"","theme-transparent-header-meta":"","adv-header-id-meta":"","stick-header-meta":"","header-above-stick-meta":"","header-main-stick-meta":"","header-below-stick-meta":"","astra-migrate-meta-layouts":"default","ast-page-background-enabled":"default","ast-page-background-meta":{"desktop":{"background-color":"var(--ast-global-color-4)","background-image":"","background-repeat":"repeat","background-position":"center center","background-size":"auto","background-attachment":"scroll","background-type":"","background-media":"","overlay-type":"","overlay-color":"","overlay-opacity":"","overlay-gradient":""},"tablet":{"background-color":"","background-image":"","background-repeat":"repeat","background-position":"center center","background-size":"auto","background-attachment":"scroll","background-type":"","background-media":"","overlay-type":"","overlay-color":"","overlay-opacity":"","overlay-gradient":""},"mobile":{"background-color":"","background-image":"","background-repeat":"repeat","background-position":"center center","background-size":"auto","background-attachment":"scroll","background-type":"","background-media":"","overlay-type":"","overlay-color":"","overlay-opacity":"","overlay-gradient":""}},"ast-content-background-meta":{"desktop":{"background-color":"var(--ast-global-color-5)","background-image":"","background-repeat":"repeat","background-position":"center center","background-size":"auto","background-attachment":"scroll","background-type":"","background-media":"","overlay-type":"","overlay-color":"","overlay-opacity":"","overlay-gradient":""},"tablet":{"background-color":"var(--ast-global-color-5)","background-image":"","background-repeat":"repeat","background-position":"center center","background-size":"auto","background-attachment":"scroll","background-type":"","background-media":"","overlay-type":"","overlay-color":"","overlay-opacity":"","overlay-gradient":""},"mobile":{"background-color":"var(--ast-global-color-5)","background-image":"","background-repeat":"repeat","background-position":"center center","background-size":"auto","background-attachment":"scroll","background-type":"","background-media":"","overlay-type":"","overlay-color":"","overlay-opacity":"","overlay-gradient":""}},"footnotes":""},"categories":[17],"tags":[],"class_list":["post-9972","post","type-post","status-publish","format-standard","hentry","category-otras-cofesiones"],"yoast_head":"<!-- This site is optimized with the Yoast SEO plugin v27.4 - https:\/\/yoast.com\/product\/yoast-seo-wordpress\/ -->\n<title>Orozco conmemor\u00f3 en Casabianca el D\u00eda Nacional de la Memoria y la Solidaridad con las V\u00edctimas - El Confesionario<\/title>\n<meta name=\"robots\" content=\"index, follow, max-snippet:-1, max-image-preview:large, max-video-preview:-1\" \/>\n<link rel=\"canonical\" href=\"https:\/\/confesionario.co\/w\/orozco-conmemoro-en-casabianca-el-dia-nacional-de-la-memoria-y-la-solidaridad-con-las-victimas\/\" \/>\n<meta property=\"og:locale\" content=\"es_ES\" \/>\n<meta property=\"og:type\" content=\"article\" \/>\n<meta property=\"og:title\" content=\"Orozco conmemor\u00f3 en Casabianca el D\u00eda Nacional de la Memoria y la Solidaridad con las V\u00edctimas - El Confesionario\" \/>\n<meta property=\"og:description\" content=\"Con la presencia de los integrantes de la Mesa Departamental de V\u00edctimas y la comunidad, se devel\u00f3 la escultura \u2018Metamorfosis [&hellip;]\" \/>\n<meta property=\"og:url\" content=\"https:\/\/confesionario.co\/w\/orozco-conmemoro-en-casabianca-el-dia-nacional-de-la-memoria-y-la-solidaridad-con-las-victimas\/\" \/>\n<meta property=\"og:site_name\" content=\"El Confesionario\" \/>\n<meta property=\"article:published_time\" content=\"2022-10-30T02:32:17+00:00\" \/>\n<meta name=\"author\" content=\"admin\" \/>\n<meta name=\"twitter:card\" content=\"summary_large_image\" \/>\n<meta name=\"twitter:label1\" content=\"Escrito por\" \/>\n\t<meta name=\"twitter:data1\" content=\"admin\" \/>\n\t<meta name=\"twitter:label2\" content=\"Tiempo de lectura\" \/>\n\t<meta name=\"twitter:data2\" content=\"2 minutos\" \/>\n<script type=\"application\/ld+json\" class=\"yoast-schema-graph\">{\"@context\":\"https:\\\/\\\/schema.org\",\"@graph\":[{\"@type\":\"Article\",\"@id\":\"https:\\\/\\\/confesionario.co\\\/w\\\/orozco-conmemoro-en-casabianca-el-dia-nacional-de-la-memoria-y-la-solidaridad-con-las-victimas\\\/#article\",\"isPartOf\":{\"@id\":\"https:\\\/\\\/confesionario.co\\\/w\\\/orozco-conmemoro-en-casabianca-el-dia-nacional-de-la-memoria-y-la-solidaridad-con-las-victimas\\\/\"},\"author\":{\"name\":\"admin\",\"@id\":\"https:\\\/\\\/confesionario.co\\\/w\\\/#\\\/schema\\\/person\\\/85e99333497749318afab96ea0cc2342\"},\"headline\":\"Orozco conmemor\u00f3 en Casabianca el D\u00eda Nacional de la Memoria y la Solidaridad con las V\u00edctimas\",\"datePublished\":\"2022-10-30T02:32:17+00:00\",\"mainEntityOfPage\":{\"@id\":\"https:\\\/\\\/confesionario.co\\\/w\\\/orozco-conmemoro-en-casabianca-el-dia-nacional-de-la-memoria-y-la-solidaridad-con-las-victimas\\\/\"},\"wordCount\":462,\"commentCount\":0,\"publisher\":{\"@id\":\"https:\\\/\\\/confesionario.co\\\/w\\\/#organization\"},\"articleSection\":[\"Otras confesiones\"],\"inLanguage\":\"es\",\"potentialAction\":[{\"@type\":\"CommentAction\",\"name\":\"Comment\",\"target\":[\"https:\\\/\\\/confesionario.co\\\/w\\\/orozco-conmemoro-en-casabianca-el-dia-nacional-de-la-memoria-y-la-solidaridad-con-las-victimas\\\/#respond\"]}]},{\"@type\":\"WebPage\",\"@id\":\"https:\\\/\\\/confesionario.co\\\/w\\\/orozco-conmemoro-en-casabianca-el-dia-nacional-de-la-memoria-y-la-solidaridad-con-las-victimas\\\/\",\"url\":\"https:\\\/\\\/confesionario.co\\\/w\\\/orozco-conmemoro-en-casabianca-el-dia-nacional-de-la-memoria-y-la-solidaridad-con-las-victimas\\\/\",\"name\":\"Orozco conmemor\u00f3 en Casabianca el D\u00eda Nacional de la Memoria y la Solidaridad con las V\u00edctimas - El Confesionario\",\"isPartOf\":{\"@id\":\"https:\\\/\\\/confesionario.co\\\/w\\\/#website\"},\"datePublished\":\"2022-10-30T02:32:17+00:00\",\"breadcrumb\":{\"@id\":\"https:\\\/\\\/confesionario.co\\\/w\\\/orozco-conmemoro-en-casabianca-el-dia-nacional-de-la-memoria-y-la-solidaridad-con-las-victimas\\\/#breadcrumb\"},\"inLanguage\":\"es\",\"potentialAction\":[{\"@type\":\"ReadAction\",\"target\":[\"https:\\\/\\\/confesionario.co\\\/w\\\/orozco-conmemoro-en-casabianca-el-dia-nacional-de-la-memoria-y-la-solidaridad-con-las-victimas\\\/\"]}]},{\"@type\":\"BreadcrumbList\",\"@id\":\"https:\\\/\\\/confesionario.co\\\/w\\\/orozco-conmemoro-en-casabianca-el-dia-nacional-de-la-memoria-y-la-solidaridad-con-las-victimas\\\/#breadcrumb\",\"itemListElement\":[{\"@type\":\"ListItem\",\"position\":1,\"name\":\"Portada\",\"item\":\"https:\\\/\\\/confesionario.co\\\/w\\\/\"},{\"@type\":\"ListItem\",\"position\":2,\"name\":\"Orozco conmemor\u00f3 en Casabianca el D\u00eda Nacional de la Memoria y la Solidaridad con las V\u00edctimas\"}]},{\"@type\":\"WebSite\",\"@id\":\"https:\\\/\\\/confesionario.co\\\/w\\\/#website\",\"url\":\"https:\\\/\\\/confesionario.co\\\/w\\\/\",\"name\":\"El Confesionario\",\"description\":\"\",\"publisher\":{\"@id\":\"https:\\\/\\\/confesionario.co\\\/w\\\/#organization\"},\"potentialAction\":[{\"@type\":\"SearchAction\",\"target\":{\"@type\":\"EntryPoint\",\"urlTemplate\":\"https:\\\/\\\/confesionario.co\\\/w\\\/?s={search_term_string}\"},\"query-input\":{\"@type\":\"PropertyValueSpecification\",\"valueRequired\":true,\"valueName\":\"search_term_string\"}}],\"inLanguage\":\"es\"},{\"@type\":\"Organization\",\"@id\":\"https:\\\/\\\/confesionario.co\\\/w\\\/#organization\",\"name\":\"El Confesionario\",\"url\":\"https:\\\/\\\/confesionario.co\\\/w\\\/\",\"logo\":{\"@type\":\"ImageObject\",\"inLanguage\":\"es\",\"@id\":\"https:\\\/\\\/confesionario.co\\\/w\\\/#\\\/schema\\\/logo\\\/image\\\/\",\"url\":\"https:\\\/\\\/confesionario.co\\\/w\\\/wp-content\\\/uploads\\\/2026\\\/02\\\/confesionario-horizontal.png\",\"contentUrl\":\"https:\\\/\\\/confesionario.co\\\/w\\\/wp-content\\\/uploads\\\/2026\\\/02\\\/confesionario-horizontal.png\",\"width\":581,\"height\":148,\"caption\":\"El Confesionario\"},\"image\":{\"@id\":\"https:\\\/\\\/confesionario.co\\\/w\\\/#\\\/schema\\\/logo\\\/image\\\/\"}},{\"@type\":\"Person\",\"@id\":\"https:\\\/\\\/confesionario.co\\\/w\\\/#\\\/schema\\\/person\\\/85e99333497749318afab96ea0cc2342\",\"name\":\"admin\",\"image\":{\"@type\":\"ImageObject\",\"inLanguage\":\"es\",\"@id\":\"https:\\\/\\\/secure.gravatar.com\\\/avatar\\\/f3358fe09cfbbfc24265a18ea411b8ee8e54296a50fb17d8acf3cffca66240d2?s=96&d=mm&r=g\",\"url\":\"https:\\\/\\\/secure.gravatar.com\\\/avatar\\\/f3358fe09cfbbfc24265a18ea411b8ee8e54296a50fb17d8acf3cffca66240d2?s=96&d=mm&r=g\",\"contentUrl\":\"https:\\\/\\\/secure.gravatar.com\\\/avatar\\\/f3358fe09cfbbfc24265a18ea411b8ee8e54296a50fb17d8acf3cffca66240d2?s=96&d=mm&r=g\",\"caption\":\"admin\"},\"sameAs\":[\"https:\\\/\\\/elconfesionario.co\\\/w\"],\"url\":\"https:\\\/\\\/confesionario.co\\\/w\\\/author\\\/osabuena\\\/\"}]}<\/script>\n<!-- \/ Yoast SEO plugin. -->","yoast_head_json":{"title":"Orozco conmemor\u00f3 en Casabianca el D\u00eda Nacional de la Memoria y la Solidaridad con las V\u00edctimas - El Confesionario","robots":{"index":"index","follow":"follow","max-snippet":"max-snippet:-1","max-image-preview":"max-image-preview:large","max-video-preview":"max-video-preview:-1"},"canonical":"https:\/\/confesionario.co\/w\/orozco-conmemoro-en-casabianca-el-dia-nacional-de-la-memoria-y-la-solidaridad-con-las-victimas\/","og_locale":"es_ES","og_type":"article","og_title":"Orozco conmemor\u00f3 en Casabianca el D\u00eda Nacional de la Memoria y la Solidaridad con las V\u00edctimas - El Confesionario","og_description":"Con la presencia de los integrantes de la Mesa Departamental de V\u00edctimas y la comunidad, se devel\u00f3 la escultura \u2018Metamorfosis [&hellip;]","og_url":"https:\/\/confesionario.co\/w\/orozco-conmemoro-en-casabianca-el-dia-nacional-de-la-memoria-y-la-solidaridad-con-las-victimas\/","og_site_name":"El Confesionario","article_published_time":"2022-10-30T02:32:17+00:00","author":"admin","twitter_card":"summary_large_image","twitter_misc":{"Escrito por":"admin","Tiempo de lectura":"2 minutos"},"schema":{"@context":"https:\/\/schema.org","@graph":[{"@type":"Article","@id":"https:\/\/confesionario.co\/w\/orozco-conmemoro-en-casabianca-el-dia-nacional-de-la-memoria-y-la-solidaridad-con-las-victimas\/#article","isPartOf":{"@id":"https:\/\/confesionario.co\/w\/orozco-conmemoro-en-casabianca-el-dia-nacional-de-la-memoria-y-la-solidaridad-con-las-victimas\/"},"author":{"name":"admin","@id":"https:\/\/confesionario.co\/w\/#\/schema\/person\/85e99333497749318afab96ea0cc2342"},"headline":"Orozco conmemor\u00f3 en Casabianca el D\u00eda Nacional de la Memoria y la Solidaridad con las V\u00edctimas","datePublished":"2022-10-30T02:32:17+00:00","mainEntityOfPage":{"@id":"https:\/\/confesionario.co\/w\/orozco-conmemoro-en-casabianca-el-dia-nacional-de-la-memoria-y-la-solidaridad-con-las-victimas\/"},"wordCount":462,"commentCount":0,"publisher":{"@id":"https:\/\/confesionario.co\/w\/#organization"},"articleSection":["Otras confesiones"],"inLanguage":"es","potentialAction":[{"@type":"CommentAction","name":"Comment","target":["https:\/\/confesionario.co\/w\/orozco-conmemoro-en-casabianca-el-dia-nacional-de-la-memoria-y-la-solidaridad-con-las-victimas\/#respond"]}]},{"@type":"WebPage","@id":"https:\/\/confesionario.co\/w\/orozco-conmemoro-en-casabianca-el-dia-nacional-de-la-memoria-y-la-solidaridad-con-las-victimas\/","url":"https:\/\/confesionario.co\/w\/orozco-conmemoro-en-casabianca-el-dia-nacional-de-la-memoria-y-la-solidaridad-con-las-victimas\/","name":"Orozco conmemor\u00f3 en Casabianca el D\u00eda Nacional de la Memoria y la Solidaridad con las V\u00edctimas - El Confesionario","isPartOf":{"@id":"https:\/\/confesionario.co\/w\/#website"},"datePublished":"2022-10-30T02:32:17+00:00","breadcrumb":{"@id":"https:\/\/confesionario.co\/w\/orozco-conmemoro-en-casabianca-el-dia-nacional-de-la-memoria-y-la-solidaridad-con-las-victimas\/#breadcrumb"},"inLanguage":"es","potentialAction":[{"@type":"ReadAction","target":["https:\/\/confesionario.co\/w\/orozco-conmemoro-en-casabianca-el-dia-nacional-de-la-memoria-y-la-solidaridad-con-las-victimas\/"]}]},{"@type":"BreadcrumbList","@id":"https:\/\/confesionario.co\/w\/orozco-conmemoro-en-casabianca-el-dia-nacional-de-la-memoria-y-la-solidaridad-con-las-victimas\/#breadcrumb","itemListElement":[{"@type":"ListItem","position":1,"name":"Portada","item":"https:\/\/confesionario.co\/w\/"},{"@type":"ListItem","position":2,"name":"Orozco conmemor\u00f3 en Casabianca el D\u00eda Nacional de la Memoria y la Solidaridad con las V\u00edctimas"}]},{"@type":"WebSite","@id":"https:\/\/confesionario.co\/w\/#website","url":"https:\/\/confesionario.co\/w\/","name":"El Confesionario","description":"","publisher":{"@id":"https:\/\/confesionario.co\/w\/#organization"},"potentialAction":[{"@type":"SearchAction","target":{"@type":"EntryPoint","urlTemplate":"https:\/\/confesionario.co\/w\/?s={search_term_string}"},"query-input":{"@type":"PropertyValueSpecification","valueRequired":true,"valueName":"search_term_string"}}],"inLanguage":"es"},{"@type":"Organization","@id":"https:\/\/confesionario.co\/w\/#organization","name":"El Confesionario","url":"https:\/\/confesionario.co\/w\/","logo":{"@type":"ImageObject","inLanguage":"es","@id":"https:\/\/confesionario.co\/w\/#\/schema\/logo\/image\/","url":"https:\/\/confesionario.co\/w\/wp-content\/uploads\/2026\/02\/confesionario-horizontal.png","contentUrl":"https:\/\/confesionario.co\/w\/wp-content\/uploads\/2026\/02\/confesionario-horizontal.png","width":581,"height":148,"caption":"El Confesionario"},"image":{"@id":"https:\/\/confesionario.co\/w\/#\/schema\/logo\/image\/"}},{"@type":"Person","@id":"https:\/\/confesionario.co\/w\/#\/schema\/person\/85e99333497749318afab96ea0cc2342","name":"admin","image":{"@type":"ImageObject","inLanguage":"es","@id":"https:\/\/secure.gravatar.com\/avatar\/f3358fe09cfbbfc24265a18ea411b8ee8e54296a50fb17d8acf3cffca66240d2?s=96&d=mm&r=g","url":"https:\/\/secure.gravatar.com\/avatar\/f3358fe09cfbbfc24265a18ea411b8ee8e54296a50fb17d8acf3cffca66240d2?s=96&d=mm&r=g","contentUrl":"https:\/\/secure.gravatar.com\/avatar\/f3358fe09cfbbfc24265a18ea411b8ee8e54296a50fb17d8acf3cffca66240d2?s=96&d=mm&r=g","caption":"admin"},"sameAs":["https:\/\/elconfesionario.co\/w"],"url":"https:\/\/confesionario.co\/w\/author\/osabuena\/"}]}},"jetpack_featured_media_url":"","_links":{"self":[{"href":"https:\/\/confesionario.co\/w\/wp-json\/wp\/v2\/posts\/9972","targetHints":{"allow":["GET"]}}],"collection":[{"href":"https:\/\/confesionario.co\/w\/wp-json\/wp\/v2\/posts"}],"about":[{"href":"https:\/\/confesionario.co\/w\/wp-json\/wp\/v2\/types\/post"}],"author":[{"embeddable":true,"href":"https:\/\/confesionario.co\/w\/wp-json\/wp\/v2\/users\/1"}],"replies":[{"embeddable":true,"href":"https:\/\/confesionario.co\/w\/wp-json\/wp\/v2\/comments?post=9972"}],"version-history":[{"count":0,"href":"https:\/\/confesionario.co\/w\/wp-json\/wp\/v2\/posts\/9972\/revisions"}],"wp:attachment":[{"href":"https:\/\/confesionario.co\/w\/wp-json\/wp\/v2\/media?parent=9972"}],"wp:term":[{"taxonomy":"category","embeddable":true,"href":"https:\/\/confesionario.co\/w\/wp-json\/wp\/v2\/categories?post=9972"},{"taxonomy":"post_tag","embeddable":true,"href":"https:\/\/confesionario.co\/w\/wp-json\/wp\/v2\/tags?post=9972"}],"curies":[{"name":"wp","href":"https:\/\/api.w.org\/{rel}","templated":true}]}}